{"id":6544,"date":"2026-04-27T15:34:37","date_gmt":"2026-04-27T15:34:37","guid":{"rendered":"https:\/\/swopify.com\/blog\/ipad-pro-nebo-ipad-air-ktery-tablet-apple-byste-si-meli-vybrat\/"},"modified":"2026-04-30T06:07:27","modified_gmt":"2026-04-30T06:07:27","slug":"ipad-pro-nebo-ipad-air-ktery-tablet-apple-byste-si-meli-vybrat","status":"publish","type":"post","link":"https:\/\/swopify.com\/blog\/cs\/ipad-pro-nebo-ipad-air-ktery-tablet-apple-byste-si-meli-vybrat\/","title":{"rendered":"iPad Pro nebo iPad Air? Kter\u00fd tablet Apple byste si m\u011bli vybrat?"},"content":{"rendered":"\t\t<div data-elementor-type=\"wp-post\" data-elementor-id=\"6544\" class=\"elementor elementor-6544 elementor-6452\" data-elementor-post-type=\"post\">\n\t\t\t\t<div class=\"elementor-element elementor-element-a068712 e-con-full latest-post-section elementor-hidden-desktop e-flex e-con e-parent\" data-id=\"a068712\" data-element_type=\"container\" data-settings=\"{&quot;background_background&quot;:&quot;classic&quot;}\">\n\t\t\t\t<div class=\"elementor-element elementor-element-96432e9 elementor-widget-tablet__width-inherit elementor-hidden-desktop elementor-widget elementor-widget-image\" data-id=\"96432e9\" data-element_type=\"widget\" data-widget_type=\"image.default\">\n\t\t\t\t\t\t\t\t\t\t\t\t\t\t\t<img fetchpriority=\"high\" decoding=\"async\" width=\"720\" height=\"526\" src=\"https:\/\/swopify.com\/blog\/wp-content\/uploads\/2026\/04\/ipad-pro-vs-ipad-air.jpg\" class=\"attachment-full size-full wp-image-6545\" alt=\"ipad pro vs ipad air\" srcset=\"https:\/\/swopify.com\/blog\/wp-content\/uploads\/2026\/04\/ipad-pro-vs-ipad-air.jpg 720w, https:\/\/swopify.com\/blog\/wp-content\/uploads\/2026\/04\/ipad-pro-vs-ipad-air-300x219.jpg 300w\" sizes=\"(max-width: 720px) 100vw, 720px\" \/>\t\t\t\t\t\t\t\t\t\t\t\t\t\t\t<\/div>\n\t\t<div class=\"elementor-element elementor-element-6bb8681 e-con-full e-flex e-con e-child\" data-id=\"6bb8681\" data-element_type=\"container\">\n\t\t\t\t<div class=\"elementor-element elementor-element-1b46a36 elementor-widget elementor-widget-theme-post-title elementor-page-title elementor-widget-heading\" data-id=\"1b46a36\" data-element_type=\"widget\" data-widget_type=\"theme-post-title.default\">\n\t\t\t\t\t<h2 class=\"elementor-heading-title elementor-size-default\">iPad Pro nebo iPad Air? Kter\u00fd tablet Apple byste si m\u011bli vybrat?<\/h2>\t\t\t\t<\/div>\n\t\t\t\t<div class=\"elementor-element elementor-element-fe62531 elementor-widget elementor-widget-theme-post-excerpt\" data-id=\"fe62531\" data-element_type=\"widget\" data-widget_type=\"theme-post-excerpt.default\">\n\t\t\t\t\tJak\u00fd model zvolit?\t\t\t\t<\/div>\n\t\t<div class=\"elementor-element elementor-element-22aeab8 e-con-full e-flex e-con e-child\" data-id=\"22aeab8\" data-element_type=\"container\">\n\t\t<div class=\"elementor-element elementor-element-25da75f e-con-full custom-author-box e-flex e-con e-child\" data-id=\"25da75f\" data-element_type=\"container\" data-settings=\"{&quot;background_background&quot;:&quot;classic&quot;}\">\n\t\t<div class=\"elementor-element elementor-element-5354aaa e-con-full e-flex e-con e-child\" data-id=\"5354aaa\" data-element_type=\"container\">\n\t\t\t\t<div class=\"elementor-element elementor-element-d5efa74 elementor-widget elementor-widget-image\" data-id=\"d5efa74\" data-element_type=\"widget\" data-widget_type=\"image.default\">\n\t\t\t\t\t\t\t\t\t\t\t\t\t\t\t<img decoding=\"async\" src=\"https:\/\/secure.gravatar.com\/avatar\/1bd8afa4c1d6b4939151f7e8748c2d999db5bdeacaabc395e986297505ee7b4d?s=96&#038;d=mm&#038;r=g\" title=\"\" alt=\"\" loading=\"lazy\" \/>\t\t\t\t\t\t\t\t\t\t\t\t\t\t\t<\/div>\n\t\t\t\t<\/div>\n\t\t<div class=\"elementor-element elementor-element-6e94afd e-con-full e-flex e-con e-child\" data-id=\"6e94afd\" data-element_type=\"container\">\n\t\t\t\t<div class=\"elementor-element elementor-element-c0edeef elementor-widget elementor-widget-text-editor\" data-id=\"c0edeef\" data-element_type=\"widget\" data-widget_type=\"text-editor.default\">\n\t\t\t\t\t\t\t\t\tBartek Zebrowski\t\t\t\t\t\t\t\t<\/div>\n\t\t\t\t<\/div>\n\t\t\t\t<\/div>\n\t\t<div class=\"elementor-element elementor-element-cf6608d e-con-full custom-post-date-box e-flex e-con e-child\" data-id=\"cf6608d\" data-element_type=\"container\" data-settings=\"{&quot;background_background&quot;:&quot;classic&quot;}\">\n\t\t<div class=\"elementor-element elementor-element-fc7af8a e-con-full e-flex e-con e-child\" data-id=\"fc7af8a\" data-element_type=\"container\" data-settings=\"{&quot;background_background&quot;:&quot;classic&quot;}\">\n\t\t\t\t<div class=\"elementor-element elementor-element-8e22557 elementor-widget elementor-widget-image\" data-id=\"8e22557\" data-element_type=\"widget\" data-widget_type=\"image.default\">\n\t\t\t\t\t\t\t\t\t\t\t\t\t\t\t<img decoding=\"async\" width=\"24\" height=\"24\" src=\"https:\/\/swopify.com\/blog\/wp-content\/uploads\/2025\/07\/calendar_month.svg\" class=\"attachment-large size-large wp-image-5163\" alt=\"\" \/>\t\t\t\t\t\t\t\t\t\t\t\t\t\t\t<\/div>\n\t\t\t\t<\/div>\n\t\t<div class=\"elementor-element elementor-element-576c4a4 e-con-full e-flex e-con e-child\" data-id=\"576c4a4\" data-element_type=\"container\">\n\t\t\t\t<div class=\"elementor-element elementor-element-f3d4b85 elementor-widget elementor-widget-text-editor\" data-id=\"f3d4b85\" data-element_type=\"widget\" data-widget_type=\"text-editor.default\">\n\t\t\t\t\t\t\t\t\t<p>P\u0159id\u00e1no:<\/p>\t\t\t\t\t\t\t\t<\/div>\n\t\t\t\t<div class=\"elementor-element elementor-element-4248fdc elementor-widget elementor-widget-text-editor\" data-id=\"4248fdc\" data-element_type=\"widget\" data-widget_type=\"text-editor.default\">\n\t\t\t\t\t\t\t\t\t27 dubna 2026\t\t\t\t\t\t\t\t<\/div>\n\t\t\t\t<\/div>\n\t\t\t\t<\/div>\n\t\t\t\t<\/div>\n\t\t\t\t<\/div>\n\t\t\t\t<\/div>\n\t\t<div class=\"elementor-element elementor-element-734dc151 elementor-hidden-tablet elementor-hidden-mobile e-flex e-con-boxed e-con e-parent\" data-id=\"734dc151\" data-element_type=\"container\" data-settings=\"{&quot;background_background&quot;:&quot;classic&quot;}\">\n\t\t\t\t\t<div class=\"e-con-inner\">\n\t\t<div class=\"elementor-element elementor-element-652d8125 e-con-full latest-post-section e-flex e-con e-child\" data-id=\"652d8125\" data-element_type=\"container\" data-settings=\"{&quot;background_background&quot;:&quot;classic&quot;}\">\n\t\t<div class=\"elementor-element elementor-element-4977ddce e-con-full e-flex e-con e-child\" data-id=\"4977ddce\" data-element_type=\"container\">\n\t\t\t\t<div class=\"elementor-element elementor-element-4f318805 elementor-widget elementor-widget-theme-post-excerpt\" data-id=\"4f318805\" data-element_type=\"widget\" data-widget_type=\"theme-post-excerpt.default\">\n\t\t\t\t\tJak\u00fd model zvolit?\t\t\t\t<\/div>\n\t\t<div class=\"elementor-element elementor-element-2a9a308b e-con-full e-flex e-con e-child\" data-id=\"2a9a308b\" data-element_type=\"container\">\n\t\t<div class=\"elementor-element elementor-element-63a72ec2 e-con-full custom-author-box e-flex e-con e-child\" data-id=\"63a72ec2\" data-element_type=\"container\" data-settings=\"{&quot;background_background&quot;:&quot;classic&quot;}\">\n\t\t\t\t<div class=\"elementor-element elementor-element-520b9db elementor-widget elementor-widget-image\" data-id=\"520b9db\" data-element_type=\"widget\" data-widget_type=\"image.default\">\n\t\t\t\t\t\t\t\t\t\t\t\t\t\t\t<img decoding=\"async\" width=\"527\" height=\"661\" src=\"https:\/\/swopify.com\/blog\/wp-content\/uploads\/2025\/08\/bartek-2.png\" class=\"attachment-large size-large wp-image-5164\" alt=\"\" srcset=\"https:\/\/swopify.com\/blog\/wp-content\/uploads\/2025\/08\/bartek-2.png 527w, https:\/\/swopify.com\/blog\/wp-content\/uploads\/2025\/08\/bartek-2-239x300.png 239w\" sizes=\"(max-width: 527px) 100vw, 527px\" \/>\t\t\t\t\t\t\t\t\t\t\t\t\t\t\t<\/div>\n\t\t<div class=\"elementor-element elementor-element-45febd2e e-con-full e-flex e-con e-child\" data-id=\"45febd2e\" data-element_type=\"container\">\n\t\t\t\t<div class=\"elementor-element elementor-element-6a94c6b0 elementor-widget elementor-widget-text-editor\" data-id=\"6a94c6b0\" data-element_type=\"widget\" data-widget_type=\"text-editor.default\">\n\t\t\t\t\t\t\t\t\tBartek Zebrowski\t\t\t\t\t\t\t\t<\/div>\n\t\t\t\t<\/div>\n\t\t\t\t<\/div>\n\t\t<div class=\"elementor-element elementor-element-4dd10440 e-con-full custom-post-date-box e-flex e-con e-child\" data-id=\"4dd10440\" data-element_type=\"container\" data-settings=\"{&quot;background_background&quot;:&quot;classic&quot;}\">\n\t\t<div class=\"elementor-element elementor-element-2d72c32 e-con-full e-flex e-con e-child\" data-id=\"2d72c32\" data-element_type=\"container\" data-settings=\"{&quot;background_background&quot;:&quot;classic&quot;}\">\n\t\t\t\t<div class=\"elementor-element elementor-element-7390850b elementor-widget elementor-widget-image\" data-id=\"7390850b\" data-element_type=\"widget\" data-widget_type=\"image.default\">\n\t\t\t\t\t\t\t\t\t\t\t\t\t\t\t<img decoding=\"async\" width=\"24\" height=\"24\" src=\"https:\/\/swopify.com\/blog\/wp-content\/uploads\/2025\/07\/calendar_month.svg\" class=\"attachment-large size-large wp-image-5163\" alt=\"\" \/>\t\t\t\t\t\t\t\t\t\t\t\t\t\t\t<\/div>\n\t\t\t\t<\/div>\n\t\t<div class=\"elementor-element elementor-element-6e99fe5 e-con-full e-flex e-con e-child\" data-id=\"6e99fe5\" data-element_type=\"container\">\n\t\t\t\t<div class=\"elementor-element elementor-element-5e913b93 elementor-widget elementor-widget-text-editor\" data-id=\"5e913b93\" data-element_type=\"widget\" data-widget_type=\"text-editor.default\">\n\t\t\t\t\t\t\t\t\t<p>P\u0159id\u00e1no:<\/p>\t\t\t\t\t\t\t\t<\/div>\n\t\t\t\t<div class=\"elementor-element elementor-element-6a6d6747 elementor-widget elementor-widget-text-editor\" data-id=\"6a6d6747\" data-element_type=\"widget\" data-widget_type=\"text-editor.default\">\n\t\t\t\t\t\t\t\t\t27 dubna 2026\t\t\t\t\t\t\t\t<\/div>\n\t\t\t\t<\/div>\n\t\t\t\t<\/div>\n\t\t\t\t<\/div>\n\t\t\t\t<\/div>\n\t\t\t\t<\/div>\n\t\t\t\t\t<\/div>\n\t\t\t\t<\/div>\n\t\t<div class=\"elementor-element elementor-element-52080da e-flex e-con-boxed e-con e-parent\" data-id=\"52080da\" data-element_type=\"container\">\n\t\t\t\t\t<div class=\"e-con-inner\">\n\t\t\t\t<div class=\"elementor-element elementor-element-afb8e18 elementor-widget__width-initial elementor-widget-mobile__width-inherit elementor-widget elementor-widget-text-editor\" data-id=\"afb8e18\" data-element_type=\"widget\" data-widget_type=\"text-editor.default\">\n\t\t\t\t\t\t\t\t\tiPad Air nebo iPad Pro? <strong><span style=\"color: #9a23fb;\">Je to jedno z nej\u010dast\u011bj\u0161\u00edch dilemat t\u011bch, kte\u0159\u00ed se cht\u011bj\u00ed zapojit do ekosyst\u00e9mu Apple a koupit si tablet na dlouh\u00e1 l\u00e9ta dop\u0159edu.<\/span><\/strong>. Oba modely vypadaj\u00ed podobn\u011b, podporuj\u00ed Apple Pencil a nab\u00edzej\u00ed vysok\u00fd v\u00fdkon, ale v praxi jsou ur\u010deny pro trochu jin\u00e9 u\u017eivatele. Jeden bude l\u00e9pe fungovat p\u0159i studiu a ka\u017edodenn\u00edm pou\u017e\u00edv\u00e1n\u00ed, druh\u00fd naplno uk\u00e1\u017ee sv\u016fj potenci\u00e1l p\u0159i kreativn\u00ed pr\u00e1ci a n\u00e1ro\u010dn\u00fdch \u00fakolech.    <strong><span style=\"color: #9a23fb;\">Pod\u00edvejme se, v \u010dem se iPad Air li\u0161\u00ed od modelu Pro a kter\u00fd model se vyplat\u00ed koupit.<\/span><\/strong>\t\t\t\t\t\t\t\t<\/div>\n\t\t\t\t<div class=\"elementor-element elementor-element-7413e1f elementor-absolute elementor-widget elementor-widget-image\" data-id=\"7413e1f\" data-element_type=\"widget\" data-settings=\"{&quot;_position&quot;:&quot;absolute&quot;}\" data-widget_type=\"image.default\">\n\t\t\t\t\t\t\t\t\t\t\t\t\t\t\t<img loading=\"lazy\" decoding=\"async\" width=\"210\" height=\"210\" src=\"https:\/\/swopify.com\/blog\/wp-content\/uploads\/2025\/07\/Vector-1.svg\" class=\"attachment-large size-large wp-image-5165\" alt=\"\" \/>\t\t\t\t\t\t\t\t\t\t\t\t\t\t\t<\/div>\n\t\t\t\t\t<\/div>\n\t\t\t\t<\/div>\n\t\t<div class=\"elementor-element elementor-element-0b30c63 e-flex e-con-boxed e-con e-parent\" data-id=\"0b30c63\" data-element_type=\"container\" id=\"spis-tresci\" data-settings=\"{&quot;background_background&quot;:&quot;classic&quot;}\">\n\t\t\t\t\t<div class=\"e-con-inner\">\n\t\t<div class=\"elementor-element elementor-element-e36fba8 e-con-full e-flex e-con e-child\" data-id=\"e36fba8\" data-element_type=\"container\">\n\t\t<div class=\"elementor-element elementor-element-893e05c e-con-full e-flex e-con e-child\" data-id=\"893e05c\" data-element_type=\"container\" data-settings=\"{&quot;background_background&quot;:&quot;classic&quot;}\">\n\t\t\t\t<div class=\"elementor-element elementor-element-8dfa69c elementor-widget__width-initial elementor-widget elementor-widget-heading\" data-id=\"8dfa69c\" data-element_type=\"widget\" data-widget_type=\"heading.default\">\n\t\t\t\t\t<h2 class=\"elementor-heading-title elementor-size-default\">Jak\u00fd je rozd\u00edl mezi iPadem Air a iPadem Pro?<\/h2>\t\t\t\t<\/div>\n\t\t\t\t<div class=\"elementor-element elementor-element-eda451f elementor-widget elementor-widget-text-editor\" data-id=\"eda451f\" data-element_type=\"widget\" data-widget_type=\"text-editor.default\">\n\t\t\t\t\t\t\t\t\t<p>Ne\u017e se pust\u00edme do podrobn\u00e9ho srovn\u00e1n\u00ed, pod\u00edvejte se na hlavn\u00ed rozd\u00edly mezi <a href=\"https:\/\/swopify.com\/pl-pl\/ipad-seria-air\">\u0159adou iPad Air<\/a> a <a href=\"https:\/\/swopify.com\/pl-pl\/ipad-seria-pro\">\u0159adou iPad Pro<\/a>.<\/p>\t\t\t\t\t\t\t\t<\/div>\n\t\t\t\t<div class=\"elementor-element elementor-element-f9d9d72 elementor-widget elementor-widget-text-editor\" data-id=\"f9d9d72\" data-element_type=\"widget\" data-widget_type=\"text-editor.default\">\n\t\t\t\t\t\t\t\t\t<table><caption>Porovn\u00e1n\u00ed iPad Air vs iPad Pro<\/caption>\n<thead>\n<tr>\n<th>Funkce<\/th>\n<th>iPad Air (M2 \/ M3)<\/th>\n<th>iPad Pro (M2 \/ M4)<\/th>\n<\/tr>\n<\/thead>\n<tbody>\n<tr>\n<td>Pro koho<\/td>\n<td>Studenti, pr\u00e1ce, ka\u017edodenn\u00ed pou\u017eit\u00ed<\/td>\n<td>Profesion\u00e1lov\u00e9, kreativci, n\u00e1ro\u010dn\u00ed u\u017eivatel\u00e9<\/td>\n<\/tr>\n<tr>\n<td>Velikosti<\/td>\n<td>11&#8243;, 13&#8243;<\/td>\n<td>11&#8243;, 12.9&#8243;, 13&#8243;<\/td>\n<\/tr>\n<tr>\n<td>Obrazovka<\/td>\n<td>Liquid Retina LCD, 60 Hz<\/td>\n<td>ProMotion 120 Hz, mini-LED \/ OLED<\/td>\n<\/tr>\n<tr>\n<td>Procesor<\/td>\n<td><strong>M2:<\/strong> 8j\u00e1drov\u00fd CPU \/ 10j\u00e1drov\u00fd GPU | <strong>M3:<\/strong> 8j\u00e1drov\u00fd CPU \/ 9j\u00e1drov\u00fd GPU<\/td>\n<td><strong>M2:<\/strong> 8j\u00e1drov\u00fd CPU \/ 10j\u00e1drov\u00fd GPU | <strong>M4:<\/strong> 9\/10j\u00e1drov\u00fd CPU \/ 10j\u00e1drov\u00fd GPU<\/td>\n<\/tr>\n<tr>\n<td>RAM<\/td>\n<td>8 GB<\/td>\n<td>8 GB \/ 16 GB<\/td>\n<\/tr>\n<tr>\n<td>ID obli\u010deje<\/td>\n<td>Ne<\/td>\n<td>Ano<\/td>\n<\/tr>\n<tr>\n<td>Touch ID<\/td>\n<td>Ano<\/td>\n<td>Ne<\/td>\n<\/tr>\n<tr>\n<td>Reproduktory<\/td>\n<td>Stereo<\/td>\n<td>4 reproduktory<\/td>\n<\/tr>\n<tr>\n<td>Apple Pencil<\/td>\n<td>Ano<\/td>\n<td>Ano<\/td>\n<\/tr>\n<tr>\n<td>Baterie<\/td>\n<td>a\u017e 10 h<\/td>\n<td>a\u017e 10 h<\/td>\n<\/tr>\n<\/tbody>\n<\/table>\t\t\t\t\t\t\t\t<\/div>\n\t\t<div class=\"elementor-element elementor-element-4294595 e-grid e-con-full e-con e-child\" data-id=\"4294595\" data-element_type=\"container\">\n\t\t\t\t<div class=\"elementor-element elementor-element-2ffd07c elementor-widget elementor-widget-image\" data-id=\"2ffd07c\" data-element_type=\"widget\" data-widget_type=\"image.default\">\n\t\t\t\t\t\t\t\t\t\t\t\t<figure class=\"wp-caption\">\n\t\t\t\t\t\t\t\t\t\t\t<a href=\"https:\/\/swopify.com\/pl-pl\/ipad-pro-4-8128gb-wifi-11quot-2022-gwiezdna-szarosc-3967\">\n\t\t\t\t\t\t\t<img decoding=\"async\" src=\"https:\/\/swopify.com\/publicTmp\/pictures\/300x\/3b6441\/c6w279g9n0q0s1v7d590z0y8y400y6n8.webp\" title=\"\" alt=\"iPad Pro 4 8\/128GB WiFi 11&quot; (2022) Gwiezdna Szaro\u015b\u0107\" loading=\"lazy\" \/>\t\t\t\t\t\t\t\t<\/a>\n\t\t\t\t\t\t\t\t\t\t\t<figcaption class=\"widget-image-caption wp-caption-text\">iPad Pro 4 8\/128GB WiFi 11\" (2022) Star Grey<\/figcaption>\n\t\t\t\t\t\t\t\t\t\t<\/figure>\n\t\t\t\t\t\t\t\t\t<\/div>\n\t\t\t\t<\/div>\n\t\t\t\t<div class=\"elementor-element elementor-element-4c28981 elementor-widget elementor-widget-heading\" data-id=\"4c28981\" data-element_type=\"widget\" data-widget_type=\"heading.default\">\n\t\t\t\t\t<h2 class=\"elementor-heading-title elementor-size-default\">Design a rozm\u011bry iPadu Air a Pro - kter\u00fd model je pohodln\u011bj\u0161\u00ed?<\/h2>\t\t\t\t<\/div>\n\t\t\t\t<div class=\"elementor-element elementor-element-1c040e4 elementor-widget elementor-widget-text-editor\" data-id=\"1c040e4\" data-element_type=\"widget\" data-widget_type=\"text-editor.default\">\n\t\t\t\t\t\t\t\t\t<table><thead><tr><th>Funkce<\/th><th>iPad Air<\/th><th>iPad Pro<\/th><\/tr><\/thead><tbody><tr><td>Velikosti<\/td><td><strong>M2:<\/strong> 11&#8243;, 13&#8243; | <strong>M3:<\/strong> 11&#8243;, 13&#8243;<\/td><td><strong>M2:<\/strong> 11&#8243;, 12,9&#8243; | <strong>M4:<\/strong> 11&#8243;, 13&#8243;<\/td><\/tr><tr><td>Tlou\u0161\u0165ka<\/td><td><strong>M2\/M3:<\/strong> 6,1 mm<\/td><td><strong>M2:<\/strong> 6,4 \/ 6,9 mm | <strong>M4:<\/strong> 5,3 \/ 5,1 mm<\/td><\/tr><tr><td>Hmotnost<\/td><td><strong>M2\/M3<\/strong>: od 462 g<\/td><td><strong>M2:<\/strong> od 466 g | <strong>M4:<\/strong> od 444 g<\/td><\/tr><tr><td>Biometrick\u00e9 \u00fadaje<\/td><td>Dotykov\u00e9 ID<\/td><td>ID obli\u010deje<\/td><\/tr><\/tbody><\/table><p>Ob\u011b \u0159ady jsou tenk\u00e9 a velmi dob\u0159e zpracovan\u00e9, ale <strong>iPad Pro M4 je v sou\u010dasnosti nejten\u010d\u00ed produkt spole\u010dnosti Apple<\/strong>. P\u0159i ka\u017edodenn\u00edm pou\u017e\u00edv\u00e1n\u00ed tak\u00e9 poc\u00edt\u00edte v\u00fdhodu Face ID &#8211; zejm\u00e9na p\u0159i pr\u00e1ci u stolu nebo s kl\u00e1vesnic\u00ed. <\/p><p> <\/p><p><strong>Air je i nad\u00e1le velmi pohodln\u00fd a p\u0159enosn\u00fd<\/strong>, zejm\u00e9na pro studenty a lidi, kte\u0159\u00ed \u010dasto nos\u00ed tablet v ta\u0161ce.<\/p>\t\t\t\t\t\t\t\t<\/div>\n\t\t\t\t<div class=\"elementor-element elementor-element-39a64bb elementor-align-center elementor-widget elementor-widget-button\" data-id=\"39a64bb\" data-element_type=\"widget\" data-widget_type=\"button.default\">\n\t\t\t\t\t\t\t\t\t\t<a class=\"elementor-button elementor-button-link elementor-size-sm\" href=\"https:\/\/swopify.com\/blog\/ipad-pro-m4-vs-ipad-pro-m2-porownanie-tabletow-apple\/\">\n\t\t\t\t\t\t<span class=\"elementor-button-content-wrapper\">\n\t\t\t\t\t\t\t\t\t<span class=\"elementor-button-text\">iPad Pro M4 vs iPad Pro M2<\/span>\n\t\t\t\t\t<\/span>\n\t\t\t\t\t<\/a>\n\t\t\t\t\t\t\t\t<\/div>\n\t\t\t\t<div class=\"elementor-element elementor-element-ff00ea5 elementor-widget elementor-widget-heading\" data-id=\"ff00ea5\" data-element_type=\"widget\" data-widget_type=\"heading.default\">\n\t\t\t\t\t<h2 class=\"elementor-heading-title elementor-size-default\">Displej - nejv\u011bt\u0161\u00ed v\u00fdhoda iPadu Pro<\/h2>\t\t\t\t<\/div>\n\t\t\t\t<div class=\"elementor-element elementor-element-5d99fc2 elementor-widget elementor-widget-text-editor\" data-id=\"5d99fc2\" data-element_type=\"widget\" data-widget_type=\"text-editor.default\">\n\t\t\t\t\t\t\t\t\t<table><thead><tr><th>Funkce<\/th><th>iPad Air<\/th><th>iPad Pro<\/th><\/tr><\/thead><tbody><tr><td>Typ panelu<\/td><td><strong>M2\/M3:<\/strong> Liquid Retina LCD<\/td><td><strong>M2:<\/strong> Liquid Retina \/ mini-LED (12,9&#8243;) | <strong>M4:<\/strong> OLED<\/td><\/tr><tr><td>Obnovovac\u00ed frekvence<\/td><td>60 Hz<\/td><td>120 Hz ProMotion<\/td><\/tr><tr><td>Jas SDR<\/td><td><strong>M2\/M3<\/strong>: 500 nit\u016f<\/td><td><strong>M2:<\/strong> 600 nit\u016f | <strong>M4:<\/strong> 1000 nit\u016f<\/td><\/tr><tr><td>Kontrast<\/td><td>Standard LCD<\/td><td>V\u00fdrazn\u011b vy\u0161\u0161\u00ed<\/td><\/tr><tr><td>True Tone<\/td><td>Ano<\/td><td>Ano<\/td><\/tr><\/tbody><\/table><p>O v\u00fdb\u011bru nej\u010dast\u011bji rozhoduje obrazovka. <strong>S modelem Air z\u00edsk\u00e1te velmi dobr\u00fd LCD panel<\/strong>, kter\u00fd posta\u010d\u00ed na studium, filmy i internet.<\/p><p> <\/p><p><strong>Model Pro nab\u00edz\u00ed 120 Hz, co\u017e znamen\u00e1 plynulej\u0161\u00ed posouv\u00e1n\u00ed<\/strong>, lep\u0161\u00ed animace a p\u0159irozen\u011bj\u0161\u00ed pr\u00e1ci s tu\u017ekou Apple Pencil. U model\u016f M4 m\u00e1 obrazovka OLED tak\u00e9 hlub\u0161\u00ed \u010dernou a vy\u0161\u0161\u00ed kontrast. <\/p>\t\t\t\t\t\t\t\t<\/div>\n\t\t\t\t<div class=\"elementor-element elementor-element-c692c67 elementor-widget elementor-widget-heading\" data-id=\"c692c67\" data-element_type=\"widget\" data-widget_type=\"heading.default\">\n\t\t\t\t\t<h2 class=\"elementor-heading-title elementor-size-default\">Procesor a v\u00fdkon - M2, M3 nebo M4?<\/h2>\t\t\t\t<\/div>\n\t\t\t\t<div class=\"elementor-element elementor-element-8befbbe elementor-widget elementor-widget-text-editor\" data-id=\"8befbbe\" data-element_type=\"widget\" data-widget_type=\"text-editor.default\">\n\t\t\t\t\t\t\t\t\t<table><thead><tr><th>Funkce<\/th><th>iPad Air<\/th><th>iPad Pro<\/th><\/tr><\/thead><tbody><tr><td>Chip<\/td><td><strong>M2 \/ M3<\/strong><\/td><td><strong>M2 \/ M4<\/strong><\/td><\/tr><tr><td>CPU<\/td><td><strong>M2:<\/strong> 8j\u00e1drov\u00fd | <strong>M3:<\/strong> 8j\u00e1drov\u00fd<\/td><td><strong>M2:<\/strong> 8j\u00e1drov\u00fd | <strong>M4:<\/strong> 9 nebo 10j\u00e1drov\u00fd<\/td><\/tr><tr><td>GPU<\/td><td><strong>M2:<\/strong> 10j\u00e1drov\u00fd | <strong>M3:<\/strong> 9j\u00e1drov\u00fd<\/td><td><strong>M2:<\/strong> 10j\u00e1drov\u00fd | <strong>M4:<\/strong> 10j\u00e1drov\u00fd<\/td><\/tr><tr><td>Ray Tracing<\/td><td><strong>M3:<\/strong> Ano<\/td><td><strong>M4:<\/strong> Ano<\/td><\/tr><tr><td>Neuronov\u00fd motor<\/td><td>Nov\u011bj\u0161\u00ed na M3<\/td><td>Nejv\u00fdkonn\u011bj\u0161\u00ed v M4<\/td><\/tr><\/tbody><\/table><p><strong>I M2 je st\u00e1le velmi rychl\u00fd \u010dip,<\/strong> kter\u00fd v klidu zvl\u00e1dne multitasking, hran\u00ed her i kancel\u00e1\u0159skou pr\u00e1ci.<\/p><p> <\/p><p>M3 nab\u00edz\u00ed lep\u0161\u00ed energetickou \u00fa\u010dinnost a modern\u011bj\u0161\u00ed grafiku. M4 je ji\u017e na profesion\u00e1ln\u00ed \u00farovni &#8211; zejm\u00e9na pro st\u0159ih videa, kreativn\u00ed pr\u00e1ci a pokro\u010dil\u00e9 aplikace. <\/p>\t\t\t\t\t\t\t\t<\/div>\n\t\t<div class=\"elementor-element elementor-element-89ba2a2 e-con-full e-flex e-con e-child\" data-id=\"89ba2a2\" data-element_type=\"container\">\n\t\t<div class=\"elementor-element elementor-element-01d0990 e-grid e-con-full e-con e-child\" data-id=\"01d0990\" data-element_type=\"container\">\n\t\t\t\t<div class=\"elementor-element elementor-element-01618f4 elementor-widget elementor-widget-image\" data-id=\"01618f4\" data-element_type=\"widget\" data-widget_type=\"image.default\">\n\t\t\t\t\t\t\t\t\t\t\t\t<figure class=\"wp-caption\">\n\t\t\t\t\t\t\t\t\t\t\t<a href=\"https:\/\/swopify.com\/pl-pl\/ipad-air-5-64gb-wifi-109quot-2022-rozowy-3720\">\n\t\t\t\t\t\t\t<img decoding=\"async\" src=\"https:\/\/swopify.com\/publicTmp\/pictures\/300x\/1a2d7c\/x5n4h0r8r0f0j1g7n5n0v0e7b3c3u9k6.webp\" title=\"\" alt=\"iPad Air 5 64GB WiFi 10.9&quot; (2022) R\u00f3\u017cowy\" loading=\"lazy\" \/>\t\t\t\t\t\t\t\t<\/a>\n\t\t\t\t\t\t\t\t\t\t\t<figcaption class=\"widget-image-caption wp-caption-text\">iPad Air 5 64GB WiFi 10,9\" (2022) R\u016f\u017eov\u00e1<\/figcaption>\n\t\t\t\t\t\t\t\t\t\t<\/figure>\n\t\t\t\t\t\t\t\t\t<\/div>\n\t\t\t\t<div class=\"elementor-element elementor-element-1fd061c elementor-widget elementor-widget-image\" data-id=\"1fd061c\" data-element_type=\"widget\" data-widget_type=\"image.default\">\n\t\t\t\t\t\t\t\t\t\t\t\t<figure class=\"wp-caption\">\n\t\t\t\t\t\t\t\t\t\t\t<a href=\"https:\/\/swopify.com\/pl-pl\/ipad-pro-3-8128gb-wifi-11quot-2021-gwiezdna-szarosc-3948\">\n\t\t\t\t\t\t\t<img decoding=\"async\" src=\"https:\/\/swopify.com\/publicTmp\/pictures\/300x\/ac13c5\/m6d7n72780w0m1b7l52060r8i3h6b9p3.webp\" title=\"\" alt=\"iPad Pro 3 8\/128GB WiFi 11&quot; (2021) Gwiezdna Szaro\u015b\u0107\" loading=\"lazy\" \/>\t\t\t\t\t\t\t\t<\/a>\n\t\t\t\t\t\t\t\t\t\t\t<figcaption class=\"widget-image-caption wp-caption-text\">iPad Pro 3 8\/128GB WiFi 11\" (2021) Star Grey<\/figcaption>\n\t\t\t\t\t\t\t\t\t\t<\/figure>\n\t\t\t\t\t\t\t\t\t<\/div>\n\t\t\t\t<\/div>\n\t\t\t\t<\/div>\n\t\t\t\t<div class=\"elementor-element elementor-element-64807d8 elementor-widget elementor-widget-heading\" data-id=\"64807d8\" data-element_type=\"widget\" data-widget_type=\"heading.default\">\n\t\t\t\t\t<h2 class=\"elementor-heading-title elementor-size-default\">iPad Air vs iPad Pro - RAM a intern\u00ed pam\u011b\u0165  <\/h2>\t\t\t\t<\/div>\n\t\t\t\t<div class=\"elementor-element elementor-element-9086849 elementor-widget elementor-widget-text-editor\" data-id=\"9086849\" data-element_type=\"widget\" data-widget_type=\"text-editor.default\">\n\t\t\t\t\t\t\t\t\t<table><thead><tr><th>Funkce<\/th><th>iPad Air<\/th><th>iPad Pro<\/th><\/tr><\/thead><tbody><tr><td>RAM<\/td><td><strong>M2\/M3:<\/strong> 8 GB<\/td><td><strong>M2:<\/strong> 8 \/ 16 GB | <strong>M4:<\/strong> 8 \/ 16 GB<\/td><\/tr><tr><td>Zav\u00e1d\u011bc\u00ed \u00falo\u017ei\u0161t\u011b<\/td><td>128 GB<\/td><td>128 GB \/ 256 GB<\/td><\/tr><tr><td>Maxim\u00e1ln\u00ed pam\u011b\u0165<\/td><td>1 TB<\/td><td>2 TB<\/td><\/tr><\/tbody><\/table><p>Pro ka\u017edodenn\u00ed pou\u017e\u00edv\u00e1n\u00ed <strong>je 8 GB pam\u011bti RAM Airu v klidu dosta\u010duj\u00edc\u00ed<\/strong>.<\/p><p> <\/p><p>Pokud v\u0161ak pracujete s velk\u00fdmi soubory, st\u0159\u00edh\u00e1te video nebo pou\u017e\u00edv\u00e1te v\u00edce aplikac\u00ed najednou, <strong>budou lep\u0161\u00ed volbou modely Pro s 16 GB RAM<\/strong>.<\/p>\t\t\t\t\t\t\t\t<\/div>\n\t\t\t\t<div class=\"elementor-element elementor-element-cc0e084 elementor-align-center elementor-widget elementor-widget-button\" data-id=\"cc0e084\" data-element_type=\"widget\" data-widget_type=\"button.default\">\n\t\t\t\t\t\t\t\t\t\t<a class=\"elementor-button elementor-button-link elementor-size-sm\" href=\"https:\/\/swopify.com\/blog\/ipad-czy-ipad-air-ktory-tablet-apple-wybrac\/\">\n\t\t\t\t\t\t<span class=\"elementor-button-content-wrapper\">\n\t\t\t\t\t\t\t\t\t<span class=\"elementor-button-text\">iPad nebo iPad Air?<\/span>\n\t\t\t\t\t<\/span>\n\t\t\t\t\t<\/a>\n\t\t\t\t\t\t\t\t<\/div>\n\t\t\t\t<div class=\"elementor-element elementor-element-8d07e1a elementor-widget elementor-widget-heading\" data-id=\"8d07e1a\" data-element_type=\"widget\" data-widget_type=\"heading.default\">\n\t\t\t\t\t<h2 class=\"elementor-heading-title elementor-size-default\">Kamery a videohovory na iPadu Air a Pro<\/h2>\t\t\t\t<\/div>\n\t\t\t\t<div class=\"elementor-element elementor-element-3627ff5 elementor-widget elementor-widget-text-editor\" data-id=\"3627ff5\" data-element_type=\"widget\" data-widget_type=\"text-editor.default\">\n\t\t\t\t\t\t\t\t\t<table><thead><tr><th>Funkce<\/th><th>iPad Air<\/th><th>iPad Pro<\/th><\/tr><\/thead><tbody><tr><td>Zadn\u00ed kamera<\/td><td>12 MP<\/td><td>12 MP<\/td><\/tr><tr><td>P\u0159edn\u00ed kamera<\/td><td>12 MP St\u0159edov\u00e1 sc\u00e9na<\/td><td>12 MP st\u0159edov\u00e1 sc\u00e9na<\/td><\/tr><tr><td>LiDAR<\/td><td>Ne<\/td><td><strong>M2:<\/strong> Ano<\/td><\/tr><tr><td>3D skenov\u00e1n\u00ed<\/td><td>Ne<\/td><td>Ano<\/td><\/tr><\/tbody><\/table><p>U online konverzac\u00ed si oba modely vedou velmi dob\u0159e. <strong>P\u0159edn\u00ed kamera s rozli\u0161en\u00edm 12 MP a funkc\u00ed Center Stage v\u00e1s automaticky udr\u017e\u00ed v z\u00e1b\u011bru b\u011bhem videokonferenc\u00ed<\/strong>.<\/p><p> <\/p><p>Pro nab\u00edz\u00ed dal\u0161\u00ed mo\u017enosti pro v\u00fdvoj\u00e1\u0159e a profesion\u00e1ly &#8211; nap\u0159. skener LiDAR ve star\u0161\u00edch generac\u00edch.<\/p>\t\t\t\t\t\t\t\t<\/div>\n\t\t\t\t<div class=\"elementor-element elementor-element-05495ce elementor-widget elementor-widget-heading\" data-id=\"05495ce\" data-element_type=\"widget\" data-widget_type=\"heading.default\">\n\t\t\t\t\t<h2 class=\"elementor-heading-title elementor-size-default\">Baterie a nab\u00edjen\u00ed - vydr\u017e\u00ed iPad Pro d\u00e9le ne\u017e Air?<\/h2>\t\t\t\t<\/div>\n\t\t\t\t<div class=\"elementor-element elementor-element-f046f9e elementor-widget elementor-widget-text-editor\" data-id=\"f046f9e\" data-element_type=\"widget\" data-widget_type=\"text-editor.default\">\n\t\t\t\t\t\t\t\t\t<table><thead><tr><th>Funkce<\/th><th>iPad Air<\/th><th>iPad Pro<\/th><\/tr><\/thead><tbody><tr><td>Provozn\u00ed doba Wi-Fi<\/td><td>a\u017e 10 h<\/td><td>a\u017e 10 h<\/td><\/tr><tr><td>Nab\u00edjen\u00ed<\/td><td>USB-C<\/td><td>USB-C \/ Thunderbolt (u vybran\u00fdch model\u016f Pro)<\/td><\/tr><tr><td>Mobiln\u00ed pr\u00e1ce<\/td><td>Ano<\/td><td>Ano<\/td><\/tr><\/tbody><\/table><p>Z hlediska baterie jsou na tom oba modely podobn\u011b. <strong>Jeden den v pr\u00e1ci, na univerzit\u011b nebo na cest\u00e1ch by nem\u011bl b\u00fdt probl\u00e9m<\/strong>.<\/p><p> <\/p><p>\u0158ada Pro v\u00e1m poskytne v\u00fdhodu d\u00edky rychlej\u0161\u00edm port\u016fm a lep\u0161\u00ed spolupr\u00e1ci s extern\u00edm p\u0159\u00edslu\u0161enstv\u00edm.<\/p>\t\t\t\t\t\t\t\t<\/div>\n\t\t\t\t<div class=\"elementor-element elementor-element-30f545d elementor-align-center elementor-widget elementor-widget-button\" data-id=\"30f545d\" data-element_type=\"widget\" data-widget_type=\"button.default\">\n\t\t\t\t\t\t\t\t\t\t<a class=\"elementor-button elementor-button-link elementor-size-sm\" href=\"https:\/\/swopify.com\/blog\/ipad-9-czy-10-generacji-ktory-tablet-apple-wybrac\/\">\n\t\t\t\t\t\t<span class=\"elementor-button-content-wrapper\">\n\t\t\t\t\t\t\t\t\t<span class=\"elementor-button-text\">iPad 9. nebo 10. generace?  <\/span>\n\t\t\t\t\t<\/span>\n\t\t\t\t\t<\/a>\n\t\t\t\t\t\t\t\t<\/div>\n\t\t\t\t<div class=\"elementor-element elementor-element-e111a73 elementor-widget elementor-widget-heading\" data-id=\"e111a73\" data-element_type=\"widget\" data-widget_type=\"heading.default\">\n\t\t\t\t\t<h2 class=\"elementor-heading-title elementor-size-default\">Apple Pencil a kl\u00e1vesnice<\/h2>\t\t\t\t<\/div>\n\t\t\t\t<div class=\"elementor-element elementor-element-99db6a3 elementor-widget elementor-widget-text-editor\" data-id=\"99db6a3\" data-element_type=\"widget\" data-widget_type=\"text-editor.default\">\n\t\t\t\t\t\t\t\t\t<table><thead><tr><th>Funkce<\/th><th>iPad Air<\/th><th>iPad Pro<\/th><\/tr><\/thead><tbody><tr><td>Apple Pencil<\/td><td>Ano<\/td><td>Ano<\/td><\/tr><tr><td>Magick\u00e1 kl\u00e1vesnice<\/td><td>Ano<\/td><td>Ano<\/td><\/tr><tr><td>Kreslen\u00ed<\/td><td>Velmi dob\u0159e<\/td><td>Nejlep\u0161\u00ed<\/td><\/tr><tr><td>Psan\u00ed<\/td><td>Velmi dobr\u00e9<\/td><td>Velmi dob\u0159e<\/td><\/tr><\/tbody><\/table><p>Pokud si d\u011bl\u00e1te pozn\u00e1mky, studujete nebo pracujete na cest\u00e1ch &#8211; oba modely jsou velmi dobrou volbou.<\/p><p> <\/p><p>Pro profesion\u00e1ln\u00ed kreslen\u00ed <strong>nab\u00edz\u00ed<\/strong> model <strong>Pro se 120Hz obrazovkou p\u0159irozen\u011bj\u0161\u00ed pocit<\/strong> a men\u0161\u00ed zpo\u017ed\u011bn\u00ed.<\/p>\t\t\t\t\t\t\t\t<\/div>\n\t\t<div class=\"elementor-element elementor-element-d0c2a7d e-grid e-con-full e-con e-child\" data-id=\"d0c2a7d\" data-element_type=\"container\">\n\t\t\t\t<div class=\"elementor-element elementor-element-131d876 elementor-widget elementor-widget-image\" data-id=\"131d876\" data-element_type=\"widget\" data-widget_type=\"image.default\">\n\t\t\t\t\t\t\t\t\t\t\t\t<figure class=\"wp-caption\">\n\t\t\t\t\t\t\t\t\t\t\t<a href=\"https:\/\/swopify.com\/pl-pl\/ipad-air-5-64gb-wifi-109quot-2022-ksiezycowa-poswiata-3721\">\n\t\t\t\t\t\t\t<img decoding=\"async\" src=\"https:\/\/swopify.com\/publicTmp\/pictures\/300x\/2d457e\/n5p4t630h070w1l715t0d0n7m3s4f1a6.webp\" title=\"\" alt=\"iPad Air 5 64GB WiFi 10.9&quot; (2022) Ksi\u0119\u017cycowa Po\u015bwiata\" loading=\"lazy\" \/>\t\t\t\t\t\t\t\t<\/a>\n\t\t\t\t\t\t\t\t\t\t\t<figcaption class=\"widget-image-caption wp-caption-text\">iPad Air 5 64GB WiFi 10,9\" (2022) Moonlight<\/figcaption>\n\t\t\t\t\t\t\t\t\t\t<\/figure>\n\t\t\t\t\t\t\t\t\t<\/div>\n\t\t\t\t<div class=\"elementor-element elementor-element-2c63431 elementor-widget elementor-widget-image\" data-id=\"2c63431\" data-element_type=\"widget\" data-widget_type=\"image.default\">\n\t\t\t\t\t\t\t\t\t\t\t\t<figure class=\"wp-caption\">\n\t\t\t\t\t\t\t\t\t\t\t<a href=\"https:\/\/swopify.com\/pl-pl\/ipad-air-5-64gb-wifi-109quot-2022-gwiezdna-szarosc-3722\">\n\t\t\t\t\t\t\t<img decoding=\"async\" src=\"https:\/\/swopify.com\/publicTmp\/pictures\/300x\/0e1f18\/n2d5s9q0g050o1s7w5o0c0b7a3f493r6.webp\" title=\"\" alt=\"iPad Air 5 64GB WiFi 10.9&quot; (2022) Gwiezdna Szaro\u015b\u0107\" loading=\"lazy\" \/>\t\t\t\t\t\t\t\t<\/a>\n\t\t\t\t\t\t\t\t\t\t\t<figcaption class=\"widget-image-caption wp-caption-text\">iPad Air 5 64GB WiFi 10,9\" (2022) Star Grey<\/figcaption>\n\t\t\t\t\t\t\t\t\t\t<\/figure>\n\t\t\t\t\t\t\t\t\t<\/div>\n\t\t\t\t<\/div>\n\t\t\t\t<div class=\"elementor-element elementor-element-d1120a1 elementor-widget elementor-widget-heading\" data-id=\"d1120a1\" data-element_type=\"widget\" data-widget_type=\"heading.default\">\n\t\t\t\t\t<h2 class=\"elementor-heading-title elementor-size-default\">Co si vybrat - iPad Pro nebo iPad Air?\n<\/h2>\t\t\t\t<\/div>\n\t\t\t\t<div class=\"elementor-element elementor-element-d90f265 elementor-widget elementor-widget-text-editor\" data-id=\"d90f265\" data-element_type=\"widget\" data-widget_type=\"text-editor.default\">\n\t\t\t\t\t\t\t\t\t<p><strong>\u0158adu Air si vyberte, pokud:<\/strong><\/p><ul><li>hled\u00e1te nejlep\u0161\u00ed pom\u011br ceny a kvality<\/li><li>studujete nebo pracujete v kancel\u00e1\u0159i<\/li><li>d\u011bl\u00e1te si pozn\u00e1mky<\/li><li>sledujete filmy a pou\u017e\u00edv\u00e1te internet<\/li><li>nepot\u0159ebujete 120 Hz<\/li><\/ul><p> <\/p><p><strong>\u0158adu Pro si vyberte, pokud:<\/strong><\/p><ul><li>pracujete kreativn\u011b<\/li><li>upravujete video<\/li><li>profesion\u00e1ln\u011b kresl\u00edte<\/li><li>Chcete nejlep\u0161\u00ed obrazovku Apple<\/li><li>pou\u017e\u00edv\u00e1te tablet mnoho hodin denn\u011b<\/li><\/ul>\t\t\t\t\t\t\t\t<\/div>\n\t\t\t\t<div class=\"elementor-element elementor-element-ac501c5 elementor-widget elementor-widget-heading\" data-id=\"ac501c5\" data-element_type=\"widget\" data-widget_type=\"heading.default\">\n\t\t\t\t\t<h2 class=\"elementor-heading-title elementor-size-default\">Nakupuj levn\u011bji a chyt\u0159eji - pro\u010d vsadit na repasovan\u00fd iPad?<\/h2>\t\t\t\t<\/div>\n\t\t\t\t<div class=\"elementor-element elementor-element-22fcedf elementor-widget elementor-widget-text-editor\" data-id=\"22fcedf\" data-element_type=\"widget\" data-widget_type=\"text-editor.default\">\n\t\t\t\t\t\t\t\t\t<p>Koup\u011b nov\u00e9ho tabletu Apple p\u0159edstavuje zna\u010dn\u00fd v\u00fddaj, a proto se st\u00e1le v\u00edce lid\u00ed rozhoduje pro <a href=\"https:\/\/swopify.com\/pl-pl\/tablety-apple\">repasovan\u00e9 iPady<\/a>. Je to rozumn\u00e1 volba pro ty, kte\u0159\u00ed si cht\u011bj\u00ed u\u017e\u00edvat kvality spole\u010dnosti Apple, ale necht\u011bj\u00ed platit plnou cenu za za\u0159\u00edzen\u00ed ihned po vybalen\u00ed z krabice. V praxi to znamen\u00e1, \u017ee za rozpo\u010det nov\u00e9ho iPadu Air si \u010dasto m\u016f\u017eete koupit v\u00fdkonn\u011bj\u0161\u00ed model Pro, nap\u0159\u00edklad <a href=\"https:\/\/swopify.com\/pl-pl\/ipad-pro-2022-seria-m2\">iPad Pro M2<\/a> s lep\u0161\u00ed obrazovkou, Face ID nebo v\u011bt\u0161\u00ed pam\u011bt\u00ed.  <\/p><p> <\/p><p><strong>P\u0159i n\u00e1kupu u spole\u010dnosti SWOPiFY z\u00edsk\u00e1te nejen ni\u017e\u0161\u00ed cenu, ale tak\u00e9 klid po n\u00e1kupu<\/strong>. To je d\u016fle\u017eit\u00e9 zejm\u00e9na u pr\u00e9miov\u00e9 elektroniky. <\/p><p> <\/p><p><strong>V\u00fdhody n\u00e1kupu u spole\u010dnosti SWOPiFY:<\/strong><\/p><ul><li>spot\u0159ebi\u010de po odborn\u00e9 technick\u00e9 kontrole<\/li><li>z\u00e1ruka a podpora po n\u00e1kupu<\/li><li>jasn\u00fd vizu\u00e1ln\u00ed a technick\u00fd stav v\u00fdrobku<\/li><li>atraktivn\u011bj\u0161\u00ed cena ne\u017e u nov\u00e9ho vybaven\u00ed<\/li><li>bezpe\u010dn\u00fd n\u00e1kup od ov\u011b\u0159en\u00e9ho prodejce<\/li><li>ekologick\u00e1 volba v souladu s konceptem men\u0161\u00edho mno\u017estv\u00ed odpadu.<\/li><\/ul><p> <\/p><p>Pokud chcete z\u00edskat nejlep\u0161\u00ed pom\u011br ceny a v\u00fdkonu, je repasovan\u00fd iPad od spole\u010dnosti SWOPiFY \u010dasto rozumn\u011bj\u0161\u00ed volbou ne\u017e nov\u00fd model ni\u017e\u0161\u00ed t\u0159\u00eddy. <strong>To znamen\u00e1, \u017ee si m\u016f\u017eete koupit lep\u0161\u00ed hardware, zaplatit m\u00e9n\u011b a u\u017e\u00edvat si za\u0159\u00edzen\u00ed po mnoho let<\/strong>.<\/p>\t\t\t\t\t\t\t\t<\/div>\n\t\t<div class=\"elementor-element elementor-element-75b87af e-con-full e-flex e-con e-child\" data-id=\"75b87af\" data-element_type=\"container\">\n\t\t<div class=\"elementor-element elementor-element-a85155f e-grid e-con-full e-con e-child\" data-id=\"a85155f\" data-element_type=\"container\">\n\t\t\t\t<div class=\"elementor-element elementor-element-06f7cfb elementor-widget elementor-widget-image\" data-id=\"06f7cfb\" data-element_type=\"widget\" data-widget_type=\"image.default\">\n\t\t\t\t\t\t\t\t\t\t\t\t<figure class=\"wp-caption\">\n\t\t\t\t\t\t\t\t\t\t\t<a href=\"https:\/\/swopify.com\/pl-pl\/ipad-air-5-256gb-wifi-109quot-2022-gwiezdna-szarosc-3727\">\n\t\t\t\t\t\t\t<img decoding=\"async\" src=\"https:\/\/swopify.com\/publicTmp\/pictures\/300x\/3d8195\/z5m7l619v0w031x7q5h0w0n7o3l5n2z4.webp\" title=\"\" alt=\"iPad Air 5 256GB WiFi 10.9&quot; (2022) Gwiezdna Szaro\u015b\u0107\" loading=\"lazy\" \/>\t\t\t\t\t\t\t\t<\/a>\n\t\t\t\t\t\t\t\t\t\t\t<figcaption class=\"widget-image-caption wp-caption-text\">iPad Air 5 256GB WiFi 10,9\" (2022) Star Grey<\/figcaption>\n\t\t\t\t\t\t\t\t\t\t<\/figure>\n\t\t\t\t\t\t\t\t\t<\/div>\n\t\t\t\t<div class=\"elementor-element elementor-element-7569122 elementor-widget elementor-widget-image\" data-id=\"7569122\" data-element_type=\"widget\" data-widget_type=\"image.default\">\n\t\t\t\t\t\t\t\t\t\t\t\t<figure class=\"wp-caption\">\n\t\t\t\t\t\t\t\t\t\t\t<a href=\"https:\/\/swopify.com\/pl-pl\/ipad-air-5-256gb-wifi-109quot-2022-fioletowy-3724\">\n\t\t\t\t\t\t\t<img decoding=\"async\" src=\"https:\/\/swopify.com\/publicTmp\/pictures\/300x\/72e698\/p8z447k4m080o1d7c5x0x0l79334y5h9.webp\" title=\"\" alt=\"iPad Air 5 256GB WiFi 10.9&quot; (2022) Fioletowy\" loading=\"lazy\" \/>\t\t\t\t\t\t\t\t<\/a>\n\t\t\t\t\t\t\t\t\t\t\t<figcaption class=\"widget-image-caption wp-caption-text\">iPad Air 5 256GB WiFi 10,9\" (2022) Fialov\u00fd<\/figcaption>\n\t\t\t\t\t\t\t\t\t\t<\/figure>\n\t\t\t\t\t\t\t\t\t<\/div>\n\t\t\t\t<\/div>\n\t\t\t\t<\/div>\n\t\t\t\t<\/div>\n\t\t<div class=\"elementor-element elementor-element-18cd69d e-con-full e-flex e-con e-child\" data-id=\"18cd69d\" data-element_type=\"container\" data-settings=\"{&quot;background_background&quot;:&quot;classic&quot;}\">\n\t\t\t\t<div class=\"elementor-element elementor-element-f50921e elementor-widget__width-initial elementor-widget elementor-widget-heading\" data-id=\"f50921e\" data-element_type=\"widget\" data-widget_type=\"heading.default\">\n\t\t\t\t\t<h2 class=\"elementor-heading-title elementor-size-default\">\u010casto kladen\u00e9 ot\u00e1zky<\/h2>\t\t\t\t<\/div>\n\t\t\t\t<div class=\"elementor-element elementor-element-fe1af02 elementor-widget elementor-widget-n-accordion\" data-id=\"fe1af02\" data-element_type=\"widget\" data-settings=\"{&quot;n_accordion_animation_duration&quot;:{&quot;unit&quot;:&quot;ms&quot;,&quot;size&quot;:500,&quot;sizes&quot;:[]},&quot;default_state&quot;:&quot;expanded&quot;,&quot;max_items_expended&quot;:&quot;one&quot;}\" data-widget_type=\"nested-accordion.default\">\n\t\t\t\t\t\t\t<div class=\"e-n-accordion\" aria-label=\"Accordion. Open links with Enter or Space, close with Escape, and navigate with Arrow Keys\">\n\t\t\t\t\t\t<details id=\"e-n-accordion-item-2660\" class=\"e-n-accordion-item\" open>\n\t\t\t\t<summary class=\"e-n-accordion-item-title\" data-accordion-index=\"1\" tabindex=\"0\" aria-expanded=\"true\" aria-controls=\"e-n-accordion-item-2660\" >\n\t\t\t\t\t<span class='e-n-accordion-item-title-header'><div class=\"e-n-accordion-item-title-text\"> Sta\u010d\u00ed iPad Air na studium? <\/div><\/span>\n\t\t\t\t\t\t\t<span class='e-n-accordion-item-title-icon'>\n\t\t\t<span class='e-opened' ><svg xmlns=\"http:\/\/www.w3.org\/2000\/svg\" width=\"12\" height=\"8\" viewBox=\"0 0 12 8\" fill=\"none\"><path d=\"M6 0.000391054L12 6.00039L10.6 7.40039L6 2.80039L1.4 7.40039L-1.22392e-07 6.00039L6 0.000391054Z\" fill=\"#292D33\"><\/path><\/svg><\/span>\n\t\t\t<span class='e-closed'><svg xmlns=\"http:\/\/www.w3.org\/2000\/svg\" width=\"12\" height=\"8\" viewBox=\"0 0 12 8\" fill=\"none\"><path d=\"M6 7.4L0 1.4L1.4 0L6 4.6L10.6 0L12 1.4L6 7.4Z\" fill=\"#292D33\"><\/path><\/svg><\/span>\n\t\t<\/span>\n\n\t\t\t\t\t\t<\/summary>\n\t\t\t\t<div role=\"region\" aria-labelledby=\"e-n-accordion-item-2660\" class=\"elementor-element elementor-element-b87f5c7 e-con-full e-flex e-con e-child\" data-id=\"b87f5c7\" data-element_type=\"container\">\n\t\t\t\t<div class=\"elementor-element elementor-element-51be02f elementor-widget elementor-widget-text-editor\" data-id=\"51be02f\" data-element_type=\"widget\" data-widget_type=\"text-editor.default\">\n\t\t\t\t\t\t\t\t\t<p>Ano. Pozn\u00e1mky, PDF, Teams, Zoom, v\u00fdzkum a dokumenty funguj\u00ed bez probl\u00e9m\u016f. <\/p>\t\t\t\t\t\t\t\t<\/div>\n\t\t\t\t<\/div>\n\t\t\t\t\t<\/details>\n\t\t\t\t\t\t<details id=\"e-n-accordion-item-2661\" class=\"e-n-accordion-item\" >\n\t\t\t\t<summary class=\"e-n-accordion-item-title\" data-accordion-index=\"2\" tabindex=\"-1\" aria-expanded=\"false\" aria-controls=\"e-n-accordion-item-2661\" >\n\t\t\t\t\t<span class='e-n-accordion-item-title-header'><div class=\"e-n-accordion-item-title-text\"> Vyplat\u00ed se p\u0159iplatit si za iPad Pro? <\/div><\/span>\n\t\t\t\t\t\t\t<span class='e-n-accordion-item-title-icon'>\n\t\t\t<span class='e-opened' ><svg xmlns=\"http:\/\/www.w3.org\/2000\/svg\" width=\"12\" height=\"8\" viewBox=\"0 0 12 8\" fill=\"none\"><path d=\"M6 0.000391054L12 6.00039L10.6 7.40039L6 2.80039L1.4 7.40039L-1.22392e-07 6.00039L6 0.000391054Z\" fill=\"#292D33\"><\/path><\/svg><\/span>\n\t\t\t<span class='e-closed'><svg xmlns=\"http:\/\/www.w3.org\/2000\/svg\" width=\"12\" height=\"8\" viewBox=\"0 0 12 8\" fill=\"none\"><path d=\"M6 7.4L0 1.4L1.4 0L6 4.6L10.6 0L12 1.4L6 7.4Z\" fill=\"#292D33\"><\/path><\/svg><\/span>\n\t\t<\/span>\n\n\t\t\t\t\t\t<\/summary>\n\t\t\t\t<div role=\"region\" aria-labelledby=\"e-n-accordion-item-2661\" class=\"elementor-element elementor-element-78c7be3 e-con-full e-flex e-con e-child\" data-id=\"78c7be3\" data-element_type=\"container\">\n\t\t\t\t<div class=\"elementor-element elementor-element-eaddd67 elementor-widget elementor-widget-text-editor\" data-id=\"eaddd67\" data-element_type=\"widget\" data-widget_type=\"text-editor.default\">\n\t\t\t\t\t\t\t\t\t<p>Ano, pokud chce\u0161 120Hz obrazovku, Face ID a \u0161pi\u010dkov\u00fd v\u00fdkon.<\/p>\t\t\t\t\t\t\t\t<\/div>\n\t\t\t\t<\/div>\n\t\t\t\t\t<\/details>\n\t\t\t\t\t\t<details id=\"e-n-accordion-item-2662\" class=\"e-n-accordion-item\" >\n\t\t\t\t<summary class=\"e-n-accordion-item-title\" data-accordion-index=\"3\" tabindex=\"-1\" aria-expanded=\"false\" aria-controls=\"e-n-accordion-item-2662\" >\n\t\t\t\t\t<span class='e-n-accordion-item-title-header'><div class=\"e-n-accordion-item-title-text\"> Jak\u00fd je nejv\u011bt\u0161\u00ed rozd\u00edl mezi iPadem Air a Pro? <\/div><\/span>\n\t\t\t\t\t\t\t<span class='e-n-accordion-item-title-icon'>\n\t\t\t<span class='e-opened' ><svg xmlns=\"http:\/\/www.w3.org\/2000\/svg\" width=\"12\" height=\"8\" viewBox=\"0 0 12 8\" fill=\"none\"><path d=\"M6 0.000391054L12 6.00039L10.6 7.40039L6 2.80039L1.4 7.40039L-1.22392e-07 6.00039L6 0.000391054Z\" fill=\"#292D33\"><\/path><\/svg><\/span>\n\t\t\t<span class='e-closed'><svg xmlns=\"http:\/\/www.w3.org\/2000\/svg\" width=\"12\" height=\"8\" viewBox=\"0 0 12 8\" fill=\"none\"><path d=\"M6 7.4L0 1.4L1.4 0L6 4.6L10.6 0L12 1.4L6 7.4Z\" fill=\"#292D33\"><\/path><\/svg><\/span>\n\t\t<\/span>\n\n\t\t\t\t\t\t<\/summary>\n\t\t\t\t<div role=\"region\" aria-labelledby=\"e-n-accordion-item-2662\" class=\"elementor-element elementor-element-bc80998 e-flex e-con-boxed e-con e-child\" data-id=\"bc80998\" data-element_type=\"container\">\n\t\t\t\t\t<div class=\"e-con-inner\">\n\t\t\t\t<div class=\"elementor-element elementor-element-c33a885 elementor-widget elementor-widget-text-editor\" data-id=\"c33a885\" data-element_type=\"widget\" data-widget_type=\"text-editor.default\">\n\t\t\t\t\t\t\t\t\t<p>Nejv\u011bt\u0161\u00ed rozd\u00edly jsou v obrazovce, reproduktorech, Face ID a profesion\u00e1ln\u00edch funkc\u00edch.<\/p>\t\t\t\t\t\t\t\t<\/div>\n\t\t\t\t\t<\/div>\n\t\t\t\t<\/div>\n\t\t\t\t\t<\/details>\n\t\t\t\t\t\t<details id=\"e-n-accordion-item-2663\" class=\"e-n-accordion-item\" >\n\t\t\t\t<summary class=\"e-n-accordion-item-title\" data-accordion-index=\"4\" tabindex=\"-1\" aria-expanded=\"false\" aria-controls=\"e-n-accordion-item-2663\" >\n\t\t\t\t\t<span class='e-n-accordion-item-title-header'><div class=\"e-n-accordion-item-title-text\"> M\u00e1 repasovan\u00fd iPad Pro smysl? <\/div><\/span>\n\t\t\t\t\t\t\t<span class='e-n-accordion-item-title-icon'>\n\t\t\t<span class='e-opened' ><svg xmlns=\"http:\/\/www.w3.org\/2000\/svg\" width=\"12\" height=\"8\" viewBox=\"0 0 12 8\" fill=\"none\"><path d=\"M6 0.000391054L12 6.00039L10.6 7.40039L6 2.80039L1.4 7.40039L-1.22392e-07 6.00039L6 0.000391054Z\" fill=\"#292D33\"><\/path><\/svg><\/span>\n\t\t\t<span class='e-closed'><svg xmlns=\"http:\/\/www.w3.org\/2000\/svg\" width=\"12\" height=\"8\" viewBox=\"0 0 12 8\" fill=\"none\"><path d=\"M6 7.4L0 1.4L1.4 0L6 4.6L10.6 0L12 1.4L6 7.4Z\" fill=\"#292D33\"><\/path><\/svg><\/span>\n\t\t<\/span>\n\n\t\t\t\t\t\t<\/summary>\n\t\t\t\t<div role=\"region\" aria-labelledby=\"e-n-accordion-item-2663\" class=\"elementor-element elementor-element-c7b7a98 e-con-full e-flex e-con e-child\" data-id=\"c7b7a98\" data-element_type=\"container\">\n\t\t\t\t<div class=\"elementor-element elementor-element-7f3160e elementor-widget elementor-widget-text-editor\" data-id=\"7f3160e\" data-element_type=\"widget\" data-widget_type=\"text-editor.default\">\n\t\t\t\t\t\t\t\t\t<p data-start=\"5861\" data-end=\"6046\">Ano, zejm\u00e9na pokud chcete pr\u00e9miov\u00fd model s rozpo\u010dtem bl\u00edzk\u00fdm nov\u00e9mu iPadu Air.<\/p>\t\t\t\t\t\t\t\t<\/div>\n\t\t\t\t<\/div>\n\t\t\t\t\t<\/details>\n\t\t\t\t\t<\/div>\n\t\t\t\t\t<script type=\"application\/ld+json\">{\"@context\":\"https:\\\/\\\/schema.org\",\"@type\":\"FAQPage\",\"mainEntity\":[{\"@type\":\"Question\",\"name\":\"Sta\\u010d\\u00ed iPad Air na studium?\",\"acceptedAnswer\":{\"@type\":\"Answer\",\"text\":\"Ano. Pozn\\u00e1mky, PDF, Teams, Zoom, v\\u00fdzkum a dokumenty funguj\\u00ed bez probl\\u00e9m\\u016f.\"}},{\"@type\":\"Question\",\"name\":\"Vyplat\\u00ed se p\\u0159iplatit si za iPad Pro?\",\"acceptedAnswer\":{\"@type\":\"Answer\",\"text\":\"Ano, pokud chce\\u0161 120Hz obrazovku, Face ID a \\u0161pi\\u010dkov\\u00fd v\\u00fdkon.\"}},{\"@type\":\"Question\",\"name\":\"Jak\\u00fd je nejv\\u011bt\\u0161\\u00ed rozd\\u00edl mezi iPadem Air a Pro?\",\"acceptedAnswer\":{\"@type\":\"Answer\",\"text\":\"Nejv\\u011bt\\u0161\\u00ed rozd\\u00edly jsou v obrazovce, reproduktorech, Face ID a profesion\\u00e1ln\\u00edch funkc\\u00edch.\"}},{\"@type\":\"Question\",\"name\":\"M\\u00e1 repasovan\\u00fd iPad Pro smysl?\",\"acceptedAnswer\":{\"@type\":\"Answer\",\"text\":\"Ano, zejm\\u00e9na pokud chcete pr\\u00e9miov\\u00fd model s rozpo\\u010dtem bl\\u00edzk\\u00fdm nov\\u00e9mu iPadu Air.\"}}]}<\/script>\n\t\t\t\t\t\t\t<\/div>\n\t\t\t\t<\/div>\n\t\t<div class=\"elementor-element elementor-element-3ced5f1 e-con-full elementor-hidden-tablet elementor-hidden-mobile e-flex e-con e-child\" data-id=\"3ced5f1\" data-element_type=\"container\" data-settings=\"{&quot;background_background&quot;:&quot;classic&quot;}\">\n\t\t<div class=\"elementor-element elementor-element-3771c2c e-con-full e-flex e-con e-child\" data-id=\"3771c2c\" data-element_type=\"container\">\n\t\t\t\t<div class=\"elementor-element elementor-element-1abce59 elementor-absolute elementor-widget elementor-widget-image\" data-id=\"1abce59\" data-element_type=\"widget\" data-settings=\"{&quot;_position&quot;:&quot;absolute&quot;}\" data-widget_type=\"image.default\">\n\t\t\t\t\t\t\t\t\t\t\t\t\t\t\t<img loading=\"lazy\" decoding=\"async\" width=\"196\" height=\"143\" src=\"https:\/\/swopify.com\/blog\/wp-content\/uploads\/2025\/07\/Vector-6.svg\" class=\"attachment-large size-large wp-image-5166\" alt=\"\" \/>\t\t\t\t\t\t\t\t\t\t\t\t\t\t\t<\/div>\n\t\t\t\t<div class=\"elementor-element elementor-element-3adc862 elementor-absolute elementor-widget elementor-widget-image\" data-id=\"3adc862\" data-element_type=\"widget\" data-settings=\"{&quot;_position&quot;:&quot;absolute&quot;}\" data-widget_type=\"image.default\">\n\t\t\t\t\t\t\t\t\t\t\t\t\t\t\t<img loading=\"lazy\" decoding=\"async\" width=\"196\" height=\"143\" src=\"https:\/\/swopify.com\/blog\/wp-content\/uploads\/2025\/07\/Vector-6.svg\" class=\"attachment-large size-large wp-image-5166\" alt=\"\" \/>\t\t\t\t\t\t\t\t\t\t\t\t\t\t\t<\/div>\n\t\t\t\t<div class=\"elementor-element elementor-element-7ffb0e8 elementor-absolute elementor-widget elementor-widget-image\" data-id=\"7ffb0e8\" data-element_type=\"widget\" data-settings=\"{&quot;_position&quot;:&quot;absolute&quot;}\" data-widget_type=\"image.default\">\n\t\t\t\t\t\t\t\t\t\t\t\t\t\t\t<img loading=\"lazy\" decoding=\"async\" width=\"53\" height=\"50\" src=\"https:\/\/swopify.com\/blog\/wp-content\/uploads\/2025\/07\/Vector-7.svg\" class=\"attachment-large size-large wp-image-5167\" alt=\"\" \/>\t\t\t\t\t\t\t\t\t\t\t\t\t\t\t<\/div>\n\t\t\t\t<div class=\"elementor-element elementor-element-f0dc3a5 elementor-widget elementor-widget-image\" data-id=\"f0dc3a5\" data-element_type=\"widget\" data-widget_type=\"image.default\">\n\t\t\t\t\t\t\t\t\t\t\t\t\t\t\t<img loading=\"lazy\" decoding=\"async\" width=\"685\" height=\"676\" src=\"https:\/\/swopify.com\/blog\/wp-content\/uploads\/2025\/08\/bartek_zdj.jpg\" class=\"attachment-large size-large wp-image-5168\" alt=\"\" srcset=\"https:\/\/swopify.com\/blog\/wp-content\/uploads\/2025\/08\/bartek_zdj.jpg 685w, https:\/\/swopify.com\/blog\/wp-content\/uploads\/2025\/08\/bartek_zdj-300x296.jpg 300w\" sizes=\"(max-width: 685px) 100vw, 685px\" \/>\t\t\t\t\t\t\t\t\t\t\t\t\t\t\t<\/div>\n\t\t\t\t<\/div>\n\t\t<div class=\"elementor-element elementor-element-c7fa709 e-con-full e-flex e-con e-child\" data-id=\"c7fa709\" data-element_type=\"container\">\n\t\t<div class=\"elementor-element elementor-element-7fd3302 e-con-full e-flex e-con e-child\" data-id=\"7fd3302\" data-element_type=\"container\">\n\t\t\t\t<div class=\"elementor-element elementor-element-9a3f2b5 elementor-widget elementor-widget-text-editor\" data-id=\"9a3f2b5\" data-element_type=\"widget\" data-widget_type=\"text-editor.default\">\n\t\t\t\t\t\t\t\t\t<p>O AUTOROVI:<\/p>\t\t\t\t\t\t\t\t<\/div>\n\t\t\t\t<div class=\"elementor-element elementor-element-e6c5546 elementor-widget elementor-widget-text-editor\" data-id=\"e6c5546\" data-element_type=\"widget\" data-widget_type=\"text-editor.default\">\n\t\t\t\t\t\t\t\t\tBartek Zebrowski\t\t\t\t\t\t\t\t<\/div>\n\t\t\t\t<div class=\"elementor-element elementor-element-0f28a07 elementor-widget elementor-widget-text-editor\" data-id=\"0f28a07\" data-element_type=\"widget\" data-widget_type=\"text-editor.default\">\n\t\t\t\t\t\t\t\t\t<p>Jsem nad\u0161enec do repasovan\u00e9 elektroniky &#8211; ukazuji, \u017ee m\u016f\u017eete m\u00edt skv\u011bl\u00e9 vybaven\u00ed, ani\u017e byste p\u0159epl\u00e1celi a p\u0159id\u00e1vali dal\u0161\u00ed elektroodpad. Na blogu sd\u00edl\u00edm sv\u00e9 znalosti a zku\u0161enosti, abych inspiroval k chyt\u0159ej\u0161\u00edmu a informovan\u011bj\u0161\u00edmu v\u00fdb\u011bru technologi\u00ed. <\/p>\t\t\t\t\t\t\t\t<\/div>\n\t\t\t\t<\/div>\n\t\t\t\t<\/div>\n\t\t\t\t<\/div>\n\t\t<div class=\"elementor-element elementor-element-aaf9d0f e-con-full elementor-hidden-desktop e-flex e-con e-child\" data-id=\"aaf9d0f\" data-element_type=\"container\" data-settings=\"{&quot;background_background&quot;:&quot;classic&quot;}\">\n\t\t<div class=\"elementor-element elementor-element-a92490e e-con-full e-flex e-con e-child\" data-id=\"a92490e\" data-element_type=\"container\">\n\t\t\t\t<div class=\"elementor-element elementor-element-9ccff93 elementor-absolute elementor-widget elementor-widget-image\" data-id=\"9ccff93\" data-element_type=\"widget\" data-settings=\"{&quot;_position&quot;:&quot;absolute&quot;}\" data-widget_type=\"image.default\">\n\t\t\t\t\t\t\t\t\t\t\t\t\t\t\t<img loading=\"lazy\" decoding=\"async\" width=\"196\" height=\"143\" src=\"https:\/\/swopify.com\/blog\/wp-content\/uploads\/2025\/07\/Vector-6.svg\" class=\"attachment-large size-large wp-image-5166\" alt=\"\" \/>\t\t\t\t\t\t\t\t\t\t\t\t\t\t\t<\/div>\n\t\t\t\t<div class=\"elementor-element elementor-element-4f6644f elementor-absolute elementor-widget elementor-widget-image\" data-id=\"4f6644f\" data-element_type=\"widget\" data-settings=\"{&quot;_position&quot;:&quot;absolute&quot;}\" data-widget_type=\"image.default\">\n\t\t\t\t\t\t\t\t\t\t\t\t\t\t\t<img loading=\"lazy\" decoding=\"async\" width=\"196\" height=\"143\" src=\"https:\/\/swopify.com\/blog\/wp-content\/uploads\/2025\/07\/Vector-6.svg\" class=\"attachment-large size-large wp-image-5166\" alt=\"\" \/>\t\t\t\t\t\t\t\t\t\t\t\t\t\t\t<\/div>\n\t\t\t\t<div class=\"elementor-element elementor-element-9545908 elementor-absolute elementor-widget elementor-widget-image\" data-id=\"9545908\" data-element_type=\"widget\" data-settings=\"{&quot;_position&quot;:&quot;absolute&quot;}\" data-widget_type=\"image.default\">\n\t\t\t\t\t\t\t\t\t\t\t\t\t\t\t<img loading=\"lazy\" decoding=\"async\" width=\"53\" height=\"50\" src=\"https:\/\/swopify.com\/blog\/wp-content\/uploads\/2025\/07\/Vector-7.svg\" class=\"attachment-large size-large wp-image-5167\" alt=\"\" \/>\t\t\t\t\t\t\t\t\t\t\t\t\t\t\t<\/div>\n\t\t\t\t<div class=\"elementor-element elementor-element-40a2eb3 elementor-widget elementor-widget-image\" data-id=\"40a2eb3\" data-element_type=\"widget\" data-widget_type=\"image.default\">\n\t\t\t\t\t\t\t\t\t\t\t\t\t\t\t<img decoding=\"async\" src=\"https:\/\/secure.gravatar.com\/avatar\/1bd8afa4c1d6b4939151f7e8748c2d999db5bdeacaabc395e986297505ee7b4d?s=96&#038;d=mm&#038;r=g\" title=\"\" alt=\"\" loading=\"lazy\" \/>\t\t\t\t\t\t\t\t\t\t\t\t\t\t\t<\/div>\n\t\t\t\t<\/div>\n\t\t<div class=\"elementor-element elementor-element-d8018c1 e-con-full e-flex e-con e-child\" data-id=\"d8018c1\" data-element_type=\"container\">\n\t\t<div class=\"elementor-element elementor-element-4a0487a e-con-full e-flex e-con e-child\" data-id=\"4a0487a\" data-element_type=\"container\">\n\t\t\t\t<div class=\"elementor-element elementor-element-bd13085 elementor-widget elementor-widget-text-editor\" data-id=\"bd13085\" data-element_type=\"widget\" data-widget_type=\"text-editor.default\">\n\t\t\t\t\t\t\t\t\t<p>O AUTOROVI:<\/p>\t\t\t\t\t\t\t\t<\/div>\n\t\t\t\t<div class=\"elementor-element elementor-element-a8f264b elementor-widget elementor-widget-text-editor\" data-id=\"a8f264b\" data-element_type=\"widget\" data-widget_type=\"text-editor.default\">\n\t\t\t\t\t\t\t\t\tBartek Zebrowski\t\t\t\t\t\t\t\t<\/div>\n\t\t\t\t<div class=\"elementor-element elementor-element-cd82148 elementor-widget elementor-widget-text-editor\" data-id=\"cd82148\" data-element_type=\"widget\" data-widget_type=\"text-editor.default\">\n\t\t\t\t\t\t\t\t\t<p>Jsem nad\u0161enec do repasovan\u00e9 elektroniky &#8211; ukazuji, \u017ee m\u016f\u017eete m\u00edt skv\u011bl\u00e9 vybaven\u00ed, ani\u017e byste p\u0159epl\u00e1celi a p\u0159id\u00e1vali dal\u0161\u00ed elektroodpad. Na blogu sd\u00edl\u00edm sv\u00e9 znalosti a zku\u0161enosti, abych inspiroval k chyt\u0159ej\u0161\u00edmu a informovan\u011bj\u0161\u00edmu v\u00fdb\u011bru technologi\u00ed. <\/p>\t\t\t\t\t\t\t\t<\/div>\n\t\t\t\t<\/div>\n\t\t\t\t<\/div>\n\t\t\t\t<\/div>\n\t\t\t\t<\/div>\n\t\t<div class=\"elementor-element elementor-element-50dccb7 e-con-full e-flex e-con e-child\" data-id=\"50dccb7\" data-element_type=\"container\" data-settings=\"{&quot;sticky&quot;:&quot;top&quot;,&quot;sticky_offset&quot;:150,&quot;sticky_parent&quot;:&quot;yes&quot;,&quot;sticky_on&quot;:[&quot;desktop&quot;],&quot;sticky_effects_offset&quot;:0,&quot;sticky_anchor_link_offset&quot;:0}\">\n\t\t<div class=\"elementor-element elementor-element-225abc7 e-con-full e-flex e-con e-child\" data-id=\"225abc7\" data-element_type=\"container\" data-settings=\"{&quot;background_background&quot;:&quot;classic&quot;}\">\n\t\t\t\t<div class=\"elementor-element elementor-element-fd93494 elementor-absolute elementor-widget elementor-widget-image\" data-id=\"fd93494\" data-element_type=\"widget\" data-settings=\"{&quot;_position&quot;:&quot;absolute&quot;}\" data-widget_type=\"image.default\">\n\t\t\t\t\t\t\t\t\t\t\t\t\t\t\t<img loading=\"lazy\" decoding=\"async\" width=\"257\" height=\"226\" src=\"https:\/\/swopify.com\/blog\/wp-content\/uploads\/2025\/07\/Vector-2.svg\" class=\"attachment-large size-large wp-image-5170\" alt=\"\" \/>\t\t\t\t\t\t\t\t\t\t\t\t\t\t\t<\/div>\n\t\t\t\t<div class=\"elementor-element elementor-element-8b1898e elementor-absolute elementor-widget elementor-widget-image\" data-id=\"8b1898e\" data-element_type=\"widget\" data-settings=\"{&quot;_position&quot;:&quot;absolute&quot;}\" data-widget_type=\"image.default\">\n\t\t\t\t\t\t\t\t\t\t\t\t\t\t\t<img loading=\"lazy\" decoding=\"async\" width=\"258\" height=\"195\" src=\"https:\/\/swopify.com\/blog\/wp-content\/uploads\/2025\/07\/Vector-3.svg\" class=\"attachment-large size-large wp-image-5171\" alt=\"\" \/>\t\t\t\t\t\t\t\t\t\t\t\t\t\t\t<\/div>\n\t\t\t\t<div class=\"elementor-element elementor-element-92ef408 custom-table-of-content elementor-widget elementor-widget-table-of-contents\" data-id=\"92ef408\" data-element_type=\"widget\" data-settings=\"{&quot;headings_by_tags&quot;:[&quot;h2&quot;],&quot;exclude_headings_by_selector&quot;:&quot;.latest-post-section&quot;,&quot;marker_view&quot;:&quot;bullets&quot;,&quot;icon&quot;:{&quot;value&quot;:&quot;&quot;,&quot;library&quot;:&quot;&quot;},&quot;no_headings_message&quot;:&quot;No headings were found on this page.&quot;,&quot;hierarchical_view&quot;:&quot;yes&quot;,&quot;min_height&quot;:{&quot;unit&quot;:&quot;px&quot;,&quot;size&quot;:&quot;&quot;,&quot;sizes&quot;:[]},&quot;min_height_tablet&quot;:{&quot;unit&quot;:&quot;px&quot;,&quot;size&quot;:&quot;&quot;,&quot;sizes&quot;:[]},&quot;min_height_mobile&quot;:{&quot;unit&quot;:&quot;px&quot;,&quot;size&quot;:&quot;&quot;,&quot;sizes&quot;:[]}}\" data-widget_type=\"table-of-contents.default\">\n\t\t\t\t\t\t\t\t\t<div class=\"elementor-toc__header\">\n\t\t\t\t\t\t<div class=\"elementor-toc__header-title\">\n\t\t\t\tObsah:\t\t\t<\/div>\n\t\t\t\t\t\t\t\t<\/div>\n\t\t\t\t<div id=\"elementor-toc__92ef408\" class=\"elementor-toc__body\">\n\t\t\t<div class=\"elementor-toc__spinner-container\">\n\t\t\t\t<svg class=\"elementor-toc__spinner eicon-animation-spin e-font-icon-svg e-eicon-loading\" aria-hidden=\"true\" viewBox=\"0 0 1000 1000\" xmlns=\"http:\/\/www.w3.org\/2000\/svg\"><path d=\"M500 975V858C696 858 858 696 858 500S696 142 500 142 142 304 142 500H25C25 237 238 25 500 25S975 237 975 500 763 975 500 975Z\"><\/path><\/svg>\t\t\t<\/div>\n\t\t<\/div>\n\t\t\t\t\t\t<\/div>\n\t\t\t\t<\/div>\n\t\t\t\t<div class=\"elementor-element elementor-element-b48d790 button-with-arrow-right elementor-align-right elementor-hidden-tablet elementor-hidden-mobile elementor-widget elementor-widget-button\" data-id=\"b48d790\" data-element_type=\"widget\" data-widget_type=\"button.default\">\n\t\t\t\t\t\t\t\t\t\t<a class=\"elementor-button elementor-button-link elementor-size-sm\" href=\"#\">\n\t\t\t\t\t\t<span class=\"elementor-button-content-wrapper\">\n\t\t\t\t\t\t<span class=\"elementor-button-icon\">\n\t\t\t\t<svg xmlns=\"http:\/\/www.w3.org\/2000\/svg\" width=\"24\" height=\"24\" viewBox=\"0 0 24 24\" fill=\"none\"><mask id=\"mask0_137_1085\" style=\"mask-type:alpha\" maskUnits=\"userSpaceOnUse\" x=\"0\" y=\"0\" width=\"24\" height=\"24\"><rect width=\"24\" height=\"24\" fill=\"#D9D9D9\"><\/rect><\/mask><g mask=\"url(#mask0_137_1085)\"><path d=\"M5.4 20L4 18.6L15.6 7H9V5H19V15H17V8.4L5.4 20Z\" fill=\"white\"><\/path><\/g><\/svg>\t\t\t<\/span>\n\t\t\t\t\t\t\t\t\t<span class=\"elementor-button-text\">Zp\u011bt do obchodu<\/span>\n\t\t\t\t\t<\/span>\n\t\t\t\t\t<\/a>\n\t\t\t\t\t\t\t\t<\/div>\n\t\t\t\t<\/div>\n\t\t\t\t\t<\/div>\n\t\t\t\t<\/div>\n\t\t<div class=\"elementor-element elementor-element-b1e8d29 e-flex e-con-boxed e-con e-parent\" data-id=\"b1e8d29\" data-element_type=\"container\" data-settings=\"{&quot;background_background&quot;:&quot;classic&quot;}\">\n\t\t\t\t\t<div class=\"e-con-inner\">\n\t\t<div class=\"elementor-element elementor-element-cf40465 e-con-full elementor-hidden-desktop e-flex e-con e-child\" data-id=\"cf40465\" data-element_type=\"container\">\n\t\t<div class=\"elementor-element elementor-element-ea337e9 e-con-full e-flex e-con e-child\" data-id=\"ea337e9\" data-element_type=\"container\" data-settings=\"{&quot;background_background&quot;:&quot;classic&quot;,&quot;sticky&quot;:&quot;bottom&quot;,&quot;sticky_on&quot;:[&quot;tablet&quot;,&quot;mobile&quot;],&quot;sticky_offset_tablet&quot;:10,&quot;animation_tablet&quot;:&quot;none&quot;,&quot;sticky_offset&quot;:0,&quot;sticky_effects_offset&quot;:0,&quot;sticky_anchor_link_offset&quot;:0}\">\n\t\t\t\t<div class=\"elementor-element elementor-element-23c35b8 button-with-arrow-left elementor-align-right elementor-mobile-align-justify elementor-widget-mobile__width-auto elementor-widget elementor-widget-button\" data-id=\"23c35b8\" data-element_type=\"widget\" data-widget_type=\"button.default\">\n\t\t\t\t\t\t\t\t\t\t<a class=\"elementor-button elementor-button-link elementor-size-sm\" href=\"#spis-tresci\">\n\t\t\t\t\t\t<span class=\"elementor-button-content-wrapper\">\n\t\t\t\t\t\t<span class=\"elementor-button-icon\">\n\t\t\t\t<svg xmlns=\"http:\/\/www.w3.org\/2000\/svg\" width=\"24\" height=\"24\" viewBox=\"0 0 24 24\" fill=\"none\"><rect width=\"24\" height=\"24\" rx=\"12\" fill=\"#9A23FB\"><\/rect><path d=\"M7 15H17\" stroke=\"white\" stroke-width=\"2\" stroke-linecap=\"round\"><\/path><path d=\"M7 12H17\" stroke=\"white\" stroke-width=\"2\" stroke-linecap=\"round\"><\/path><path d=\"M7 9H17\" stroke=\"white\" stroke-width=\"2\" stroke-linecap=\"round\"><\/path><\/svg>\t\t\t<\/span>\n\t\t\t\t\t\t\t\t\t<span class=\"elementor-button-text\">Obsah<\/span>\n\t\t\t\t\t<\/span>\n\t\t\t\t\t<\/a>\n\t\t\t\t\t\t\t\t<\/div>\n\t\t\t\t<div class=\"elementor-element elementor-element-99dfb18 button-with-arrow-right elementor-align-right elementor-widget-mobile__width-auto elementor-widget elementor-widget-button\" data-id=\"99dfb18\" data-element_type=\"widget\" data-widget_type=\"button.default\">\n\t\t\t\t\t\t\t\t\t\t<a class=\"elementor-button elementor-button-link elementor-size-sm\" href=\"#\">\n\t\t\t\t\t\t<span class=\"elementor-button-content-wrapper\">\n\t\t\t\t\t\t<span class=\"elementor-button-icon\">\n\t\t\t\t<svg xmlns=\"http:\/\/www.w3.org\/2000\/svg\" width=\"24\" height=\"24\" viewBox=\"0 0 24 24\" fill=\"none\"><mask id=\"mask0_137_1085\" style=\"mask-type:alpha\" maskUnits=\"userSpaceOnUse\" x=\"0\" y=\"0\" width=\"24\" height=\"24\"><rect width=\"24\" height=\"24\" fill=\"#D9D9D9\"><\/rect><\/mask><g mask=\"url(#mask0_137_1085)\"><path d=\"M5.4 20L4 18.6L15.6 7H9V5H19V15H17V8.4L5.4 20Z\" fill=\"white\"><\/path><\/g><\/svg>\t\t\t<\/span>\n\t\t\t\t\t\t\t\t\t<span class=\"elementor-button-text\">Zp\u011bt do obchodu<\/span>\n\t\t\t\t\t<\/span>\n\t\t\t\t\t<\/a>\n\t\t\t\t\t\t\t\t<\/div>\n\t\t\t\t<\/div>\n\t\t\t\t<\/div>\n\t\t\t\t\t<\/div>\n\t\t\t\t<\/div>\n\t\t\t\t<\/div>\n\t\t","protected":false},"excerpt":{"rendered":"<p>Jak\u00fd model zvolit?<\/p>\n","protected":false},"author":3,"featured_media":6545,"comment_status":"closed","ping_status":"open","sticky":false,"template":"elementor_header_footer","format":"standard","meta":{"_acf_changed":false,"footnotes":""},"categories":[152],"tags":[],"class_list":["post-6544","post","type-post","status-publish","format-standard","has-post-thumbnail","hentry","category-srovnani-tabletu"],"acf":[],"yoast_head":"<!-- This site is optimized with the Yoast SEO plugin v26.2 - https:\/\/yoast.com\/wordpress\/plugins\/seo\/ -->\n<title>iPad Pro nebo iPad Air? Kterou \u0159adu tablet\u016f Apple si vybrat | SWOPiFY<\/title>\n<meta name=\"description\" content=\"iPad Air nebo iPad Pro? Jeden l\u00e1k\u00e1 cenou, druh\u00fd funkcemi. Zjist\u011bte, kter\u00fd tablet Apple se opravdu vyplat\u00ed koupit, a prozkoumejte mo\u017enost repasovan\u00e9ho za\u0159\u00edzen\u00ed.\" \/>\n<meta name=\"robots\" content=\"index, follow, max-snippet:-1, max-image-preview:large, max-video-preview:-1\" \/>\n<link rel=\"canonical\" href=\"https:\/\/swopify.com\/blog\/cs\/ipad-pro-nebo-ipad-air-ktery-tablet-apple-byste-si-meli-vybrat\/\" \/>\n<meta property=\"og:locale\" content=\"cs_CZ\" \/>\n<meta property=\"og:type\" content=\"article\" \/>\n<meta property=\"og:title\" content=\"iPad Pro nebo iPad Air? Kterou \u0159adu tablet\u016f Apple si vybrat | SWOPiFY\" \/>\n<meta property=\"og:description\" content=\"iPad Air nebo iPad Pro? Jeden l\u00e1k\u00e1 cenou, druh\u00fd funkcemi. Zjist\u011bte, kter\u00fd tablet Apple se opravdu vyplat\u00ed koupit, a prozkoumejte mo\u017enost repasovan\u00e9ho za\u0159\u00edzen\u00ed.\" \/>\n<meta property=\"og:url\" content=\"https:\/\/swopify.com\/blog\/cs\/ipad-pro-nebo-ipad-air-ktery-tablet-apple-byste-si-meli-vybrat\/\" \/>\n<meta property=\"og:site_name\" content=\"SWOPiFY\" \/>\n<meta property=\"article:publisher\" content=\"https:\/\/www.facebook.com\/swopify.polska\/\" \/>\n<meta property=\"article:published_time\" content=\"2026-04-27T15:34:37+00:00\" \/>\n<meta property=\"article:modified_time\" content=\"2026-04-30T06:07:27+00:00\" \/>\n<meta property=\"og:image\" content=\"https:\/\/swopify.com\/blog\/wp-content\/uploads\/2026\/04\/ipad-pro-vs-ipad-air.jpg\" \/>\n\t<meta property=\"og:image:width\" content=\"720\" \/>\n\t<meta property=\"og:image:height\" content=\"526\" \/>\n\t<meta property=\"og:image:type\" content=\"image\/jpeg\" \/>\n<meta name=\"author\" content=\"Bartek Zebrowski\" \/>\n<meta name=\"twitter:card\" content=\"summary_large_image\" \/>\n<meta name=\"twitter:label1\" content=\"Written by\" \/>\n\t<meta name=\"twitter:data1\" content=\"Bartek Zebrowski\" \/>\n\t<meta name=\"twitter:label2\" content=\"Est. reading time\" \/>\n\t<meta name=\"twitter:data2\" content=\"7 minut\" \/>\n<script type=\"application\/ld+json\" class=\"yoast-schema-graph\">{\"@context\":\"https:\/\/schema.org\",\"@graph\":[{\"@type\":\"Article\",\"@id\":\"https:\/\/swopify.com\/blog\/cs\/ipad-pro-nebo-ipad-air-ktery-tablet-apple-byste-si-meli-vybrat\/#article\",\"isPartOf\":{\"@id\":\"https:\/\/swopify.com\/blog\/cs\/ipad-pro-nebo-ipad-air-ktery-tablet-apple-byste-si-meli-vybrat\/\"},\"author\":{\"name\":\"Bartek Zebrowski\",\"@id\":\"https:\/\/swopify.com\/blog\/#\/schema\/person\/33a2572ff16452bda32b9d8ef4080d16\"},\"headline\":\"iPad Pro nebo iPad Air? Kter\u00fd tablet Apple byste si m\u011bli vybrat?\",\"datePublished\":\"2026-04-27T15:34:37+00:00\",\"dateModified\":\"2026-04-30T06:07:27+00:00\",\"mainEntityOfPage\":{\"@id\":\"https:\/\/swopify.com\/blog\/cs\/ipad-pro-nebo-ipad-air-ktery-tablet-apple-byste-si-meli-vybrat\/\"},\"wordCount\":1579,\"publisher\":{\"@id\":\"https:\/\/swopify.com\/blog\/#organization\"},\"image\":{\"@id\":\"https:\/\/swopify.com\/blog\/cs\/ipad-pro-nebo-ipad-air-ktery-tablet-apple-byste-si-meli-vybrat\/#primaryimage\"},\"thumbnailUrl\":\"https:\/\/swopify.com\/blog\/wp-content\/uploads\/2026\/04\/ipad-pro-vs-ipad-air.jpg\",\"articleSection\":[\"Srovn\u00e1n\u00ed tablet\u016f\"],\"inLanguage\":\"cs\"},{\"@type\":\"WebPage\",\"@id\":\"https:\/\/swopify.com\/blog\/cs\/ipad-pro-nebo-ipad-air-ktery-tablet-apple-byste-si-meli-vybrat\/\",\"url\":\"https:\/\/swopify.com\/blog\/cs\/ipad-pro-nebo-ipad-air-ktery-tablet-apple-byste-si-meli-vybrat\/\",\"name\":\"iPad Pro nebo iPad Air? Kterou \u0159adu tablet\u016f Apple si vybrat | SWOPiFY\",\"isPartOf\":{\"@id\":\"https:\/\/swopify.com\/blog\/#website\"},\"primaryImageOfPage\":{\"@id\":\"https:\/\/swopify.com\/blog\/cs\/ipad-pro-nebo-ipad-air-ktery-tablet-apple-byste-si-meli-vybrat\/#primaryimage\"},\"image\":{\"@id\":\"https:\/\/swopify.com\/blog\/cs\/ipad-pro-nebo-ipad-air-ktery-tablet-apple-byste-si-meli-vybrat\/#primaryimage\"},\"thumbnailUrl\":\"https:\/\/swopify.com\/blog\/wp-content\/uploads\/2026\/04\/ipad-pro-vs-ipad-air.jpg\",\"datePublished\":\"2026-04-27T15:34:37+00:00\",\"dateModified\":\"2026-04-30T06:07:27+00:00\",\"description\":\"iPad Air nebo iPad Pro? Jeden l\u00e1k\u00e1 cenou, druh\u00fd funkcemi. Zjist\u011bte, kter\u00fd tablet Apple se opravdu vyplat\u00ed koupit, a prozkoumejte mo\u017enost repasovan\u00e9ho za\u0159\u00edzen\u00ed.\",\"breadcrumb\":{\"@id\":\"https:\/\/swopify.com\/blog\/cs\/ipad-pro-nebo-ipad-air-ktery-tablet-apple-byste-si-meli-vybrat\/#breadcrumb\"},\"inLanguage\":\"cs\",\"potentialAction\":[{\"@type\":\"ReadAction\",\"target\":[\"https:\/\/swopify.com\/blog\/cs\/ipad-pro-nebo-ipad-air-ktery-tablet-apple-byste-si-meli-vybrat\/\"]}]},{\"@type\":\"ImageObject\",\"inLanguage\":\"cs\",\"@id\":\"https:\/\/swopify.com\/blog\/cs\/ipad-pro-nebo-ipad-air-ktery-tablet-apple-byste-si-meli-vybrat\/#primaryimage\",\"url\":\"https:\/\/swopify.com\/blog\/wp-content\/uploads\/2026\/04\/ipad-pro-vs-ipad-air.jpg\",\"contentUrl\":\"https:\/\/swopify.com\/blog\/wp-content\/uploads\/2026\/04\/ipad-pro-vs-ipad-air.jpg\",\"width\":720,\"height\":526,\"caption\":\"ipad pro vs ipad air\"},{\"@type\":\"BreadcrumbList\",\"@id\":\"https:\/\/swopify.com\/blog\/cs\/ipad-pro-nebo-ipad-air-ktery-tablet-apple-byste-si-meli-vybrat\/#breadcrumb\",\"itemListElement\":[{\"@type\":\"ListItem\",\"position\":1,\"name\":\"Strona g\u0142\u00f3wna\",\"item\":\"https:\/\/swopify.com\/blog\/cs\/\"},{\"@type\":\"ListItem\",\"position\":2,\"name\":\"iPad Pro nebo iPad Air? Kter\u00fd tablet Apple byste si m\u011bli vybrat?\"}]},{\"@type\":\"WebSite\",\"@id\":\"https:\/\/swopify.com\/blog\/#website\",\"url\":\"https:\/\/swopify.com\/blog\/\",\"name\":\"SWOPiFY\",\"description\":\"Blog o elektronice refurbished\",\"publisher\":{\"@id\":\"https:\/\/swopify.com\/blog\/#organization\"},\"potentialAction\":[{\"@type\":\"SearchAction\",\"target\":{\"@type\":\"EntryPoint\",\"urlTemplate\":\"https:\/\/swopify.com\/blog\/?s={search_term_string}\"},\"query-input\":{\"@type\":\"PropertyValueSpecification\",\"valueRequired\":true,\"valueName\":\"search_term_string\"}}],\"inLanguage\":\"cs\"},{\"@type\":\"Organization\",\"@id\":\"https:\/\/swopify.com\/blog\/#organization\",\"name\":\"SWOPiFY\",\"url\":\"https:\/\/swopify.com\/blog\/\",\"logo\":{\"@type\":\"ImageObject\",\"inLanguage\":\"cs\",\"@id\":\"https:\/\/swopify.com\/blog\/#\/schema\/logo\/image\/\",\"url\":\"https:\/\/swopify.com\/blog\/wp-content\/uploads\/2025\/10\/swopify-blog-logo.png\",\"contentUrl\":\"https:\/\/swopify.com\/blog\/wp-content\/uploads\/2025\/10\/swopify-blog-logo.png\",\"width\":219,\"height\":33,\"caption\":\"SWOPiFY\"},\"image\":{\"@id\":\"https:\/\/swopify.com\/blog\/#\/schema\/logo\/image\/\"},\"sameAs\":[\"https:\/\/www.facebook.com\/swopify.polska\/\",\"https:\/\/www.instagram.com\/swopify_pl\"]},{\"@type\":\"Person\",\"@id\":\"https:\/\/swopify.com\/blog\/#\/schema\/person\/33a2572ff16452bda32b9d8ef4080d16\",\"name\":\"Bartek Zebrowski\",\"image\":{\"@type\":\"ImageObject\",\"inLanguage\":\"cs\",\"@id\":\"https:\/\/swopify.com\/blog\/#\/schema\/person\/image\/\",\"url\":\"https:\/\/secure.gravatar.com\/avatar\/1bd8afa4c1d6b4939151f7e8748c2d999db5bdeacaabc395e986297505ee7b4d?s=96&d=mm&r=g\",\"contentUrl\":\"https:\/\/secure.gravatar.com\/avatar\/1bd8afa4c1d6b4939151f7e8748c2d999db5bdeacaabc395e986297505ee7b4d?s=96&d=mm&r=g\",\"caption\":\"Bartek Zebrowski\"},\"description\":\"Jestem pasjonatem odnowionej elektroniki \u2013 pokazuj\u0119, \u017ce mo\u017cna mie\u0107 \u015bwietny sprz\u0119t bez przep\u0142acania i bez dok\u0142adania kolejnych elektro\u015bmieci. Na blogu dziel\u0119 si\u0119 wiedz\u0105 i do\u015bwiadczeniem, \u017ceby inspirowa\u0107 do sprytniejszych i bardziej \u015bwiadomych wybor\u00f3w technologicznych.\"}]}<\/script>\n<!-- \/ Yoast SEO plugin. -->","yoast_head_json":{"title":"iPad Pro nebo iPad Air? Kterou \u0159adu tablet\u016f Apple si vybrat | SWOPiFY","description":"iPad Air nebo iPad Pro? Jeden l\u00e1k\u00e1 cenou, druh\u00fd funkcemi. Zjist\u011bte, kter\u00fd tablet Apple se opravdu vyplat\u00ed koupit, a prozkoumejte mo\u017enost repasovan\u00e9ho za\u0159\u00edzen\u00ed.","robots":{"index":"index","follow":"follow","max-snippet":"max-snippet:-1","max-image-preview":"max-image-preview:large","max-video-preview":"max-video-preview:-1"},"canonical":"https:\/\/swopify.com\/blog\/cs\/ipad-pro-nebo-ipad-air-ktery-tablet-apple-byste-si-meli-vybrat\/","og_locale":"cs_CZ","og_type":"article","og_title":"iPad Pro nebo iPad Air? Kterou \u0159adu tablet\u016f Apple si vybrat | SWOPiFY","og_description":"iPad Air nebo iPad Pro? Jeden l\u00e1k\u00e1 cenou, druh\u00fd funkcemi. Zjist\u011bte, kter\u00fd tablet Apple se opravdu vyplat\u00ed koupit, a prozkoumejte mo\u017enost repasovan\u00e9ho za\u0159\u00edzen\u00ed.","og_url":"https:\/\/swopify.com\/blog\/cs\/ipad-pro-nebo-ipad-air-ktery-tablet-apple-byste-si-meli-vybrat\/","og_site_name":"SWOPiFY","article_publisher":"https:\/\/www.facebook.com\/swopify.polska\/","article_published_time":"2026-04-27T15:34:37+00:00","article_modified_time":"2026-04-30T06:07:27+00:00","og_image":[{"width":720,"height":526,"url":"https:\/\/swopify.com\/blog\/wp-content\/uploads\/2026\/04\/ipad-pro-vs-ipad-air.jpg","type":"image\/jpeg"}],"author":"Bartek Zebrowski","twitter_card":"summary_large_image","twitter_misc":{"Written by":"Bartek Zebrowski","Est. reading time":"7 minut"},"schema":{"@context":"https:\/\/schema.org","@graph":[{"@type":"Article","@id":"https:\/\/swopify.com\/blog\/cs\/ipad-pro-nebo-ipad-air-ktery-tablet-apple-byste-si-meli-vybrat\/#article","isPartOf":{"@id":"https:\/\/swopify.com\/blog\/cs\/ipad-pro-nebo-ipad-air-ktery-tablet-apple-byste-si-meli-vybrat\/"},"author":{"name":"Bartek Zebrowski","@id":"https:\/\/swopify.com\/blog\/#\/schema\/person\/33a2572ff16452bda32b9d8ef4080d16"},"headline":"iPad Pro nebo iPad Air? Kter\u00fd tablet Apple byste si m\u011bli vybrat?","datePublished":"2026-04-27T15:34:37+00:00","dateModified":"2026-04-30T06:07:27+00:00","mainEntityOfPage":{"@id":"https:\/\/swopify.com\/blog\/cs\/ipad-pro-nebo-ipad-air-ktery-tablet-apple-byste-si-meli-vybrat\/"},"wordCount":1579,"publisher":{"@id":"https:\/\/swopify.com\/blog\/#organization"},"image":{"@id":"https:\/\/swopify.com\/blog\/cs\/ipad-pro-nebo-ipad-air-ktery-tablet-apple-byste-si-meli-vybrat\/#primaryimage"},"thumbnailUrl":"https:\/\/swopify.com\/blog\/wp-content\/uploads\/2026\/04\/ipad-pro-vs-ipad-air.jpg","articleSection":["Srovn\u00e1n\u00ed tablet\u016f"],"inLanguage":"cs"},{"@type":"WebPage","@id":"https:\/\/swopify.com\/blog\/cs\/ipad-pro-nebo-ipad-air-ktery-tablet-apple-byste-si-meli-vybrat\/","url":"https:\/\/swopify.com\/blog\/cs\/ipad-pro-nebo-ipad-air-ktery-tablet-apple-byste-si-meli-vybrat\/","name":"iPad Pro nebo iPad Air? Kterou \u0159adu tablet\u016f Apple si vybrat | SWOPiFY","isPartOf":{"@id":"https:\/\/swopify.com\/blog\/#website"},"primaryImageOfPage":{"@id":"https:\/\/swopify.com\/blog\/cs\/ipad-pro-nebo-ipad-air-ktery-tablet-apple-byste-si-meli-vybrat\/#primaryimage"},"image":{"@id":"https:\/\/swopify.com\/blog\/cs\/ipad-pro-nebo-ipad-air-ktery-tablet-apple-byste-si-meli-vybrat\/#primaryimage"},"thumbnailUrl":"https:\/\/swopify.com\/blog\/wp-content\/uploads\/2026\/04\/ipad-pro-vs-ipad-air.jpg","datePublished":"2026-04-27T15:34:37+00:00","dateModified":"2026-04-30T06:07:27+00:00","description":"iPad Air nebo iPad Pro? Jeden l\u00e1k\u00e1 cenou, druh\u00fd funkcemi. Zjist\u011bte, kter\u00fd tablet Apple se opravdu vyplat\u00ed koupit, a prozkoumejte mo\u017enost repasovan\u00e9ho za\u0159\u00edzen\u00ed.","breadcrumb":{"@id":"https:\/\/swopify.com\/blog\/cs\/ipad-pro-nebo-ipad-air-ktery-tablet-apple-byste-si-meli-vybrat\/#breadcrumb"},"inLanguage":"cs","potentialAction":[{"@type":"ReadAction","target":["https:\/\/swopify.com\/blog\/cs\/ipad-pro-nebo-ipad-air-ktery-tablet-apple-byste-si-meli-vybrat\/"]}]},{"@type":"ImageObject","inLanguage":"cs","@id":"https:\/\/swopify.com\/blog\/cs\/ipad-pro-nebo-ipad-air-ktery-tablet-apple-byste-si-meli-vybrat\/#primaryimage","url":"https:\/\/swopify.com\/blog\/wp-content\/uploads\/2026\/04\/ipad-pro-vs-ipad-air.jpg","contentUrl":"https:\/\/swopify.com\/blog\/wp-content\/uploads\/2026\/04\/ipad-pro-vs-ipad-air.jpg","width":720,"height":526,"caption":"ipad pro vs ipad air"},{"@type":"BreadcrumbList","@id":"https:\/\/swopify.com\/blog\/cs\/ipad-pro-nebo-ipad-air-ktery-tablet-apple-byste-si-meli-vybrat\/#breadcrumb","itemListElement":[{"@type":"ListItem","position":1,"name":"Strona g\u0142\u00f3wna","item":"https:\/\/swopify.com\/blog\/cs\/"},{"@type":"ListItem","position":2,"name":"iPad Pro nebo iPad Air? Kter\u00fd tablet Apple byste si m\u011bli vybrat?"}]},{"@type":"WebSite","@id":"https:\/\/swopify.com\/blog\/#website","url":"https:\/\/swopify.com\/blog\/","name":"SWOPiFY","description":"Blog o elektronice refurbished","publisher":{"@id":"https:\/\/swopify.com\/blog\/#organization"},"potentialAction":[{"@type":"SearchAction","target":{"@type":"EntryPoint","urlTemplate":"https:\/\/swopify.com\/blog\/?s={search_term_string}"},"query-input":{"@type":"PropertyValueSpecification","valueRequired":true,"valueName":"search_term_string"}}],"inLanguage":"cs"},{"@type":"Organization","@id":"https:\/\/swopify.com\/blog\/#organization","name":"SWOPiFY","url":"https:\/\/swopify.com\/blog\/","logo":{"@type":"ImageObject","inLanguage":"cs","@id":"https:\/\/swopify.com\/blog\/#\/schema\/logo\/image\/","url":"https:\/\/swopify.com\/blog\/wp-content\/uploads\/2025\/10\/swopify-blog-logo.png","contentUrl":"https:\/\/swopify.com\/blog\/wp-content\/uploads\/2025\/10\/swopify-blog-logo.png","width":219,"height":33,"caption":"SWOPiFY"},"image":{"@id":"https:\/\/swopify.com\/blog\/#\/schema\/logo\/image\/"},"sameAs":["https:\/\/www.facebook.com\/swopify.polska\/","https:\/\/www.instagram.com\/swopify_pl"]},{"@type":"Person","@id":"https:\/\/swopify.com\/blog\/#\/schema\/person\/33a2572ff16452bda32b9d8ef4080d16","name":"Bartek Zebrowski","image":{"@type":"ImageObject","inLanguage":"cs","@id":"https:\/\/swopify.com\/blog\/#\/schema\/person\/image\/","url":"https:\/\/secure.gravatar.com\/avatar\/1bd8afa4c1d6b4939151f7e8748c2d999db5bdeacaabc395e986297505ee7b4d?s=96&d=mm&r=g","contentUrl":"https:\/\/secure.gravatar.com\/avatar\/1bd8afa4c1d6b4939151f7e8748c2d999db5bdeacaabc395e986297505ee7b4d?s=96&d=mm&r=g","caption":"Bartek Zebrowski"},"description":"Jestem pasjonatem odnowionej elektroniki \u2013 pokazuj\u0119, \u017ce mo\u017cna mie\u0107 \u015bwietny sprz\u0119t bez przep\u0142acania i bez dok\u0142adania kolejnych elektro\u015bmieci. Na blogu dziel\u0119 si\u0119 wiedz\u0105 i do\u015bwiadczeniem, \u017ceby inspirowa\u0107 do sprytniejszych i bardziej \u015bwiadomych wybor\u00f3w technologicznych."}]}},"_links":{"self":[{"href":"https:\/\/swopify.com\/blog\/cs\/wp-json\/wp\/v2\/posts\/6544","targetHints":{"allow":["GET"]}}],"collection":[{"href":"https:\/\/swopify.com\/blog\/cs\/wp-json\/wp\/v2\/posts"}],"about":[{"href":"https:\/\/swopify.com\/blog\/cs\/wp-json\/wp\/v2\/types\/post"}],"author":[{"embeddable":true,"href":"https:\/\/swopify.com\/blog\/cs\/wp-json\/wp\/v2\/users\/3"}],"replies":[{"embeddable":true,"href":"https:\/\/swopify.com\/blog\/cs\/wp-json\/wp\/v2\/comments?post=6544"}],"version-history":[{"count":1,"href":"https:\/\/swopify.com\/blog\/cs\/wp-json\/wp\/v2\/posts\/6544\/revisions"}],"predecessor-version":[{"id":6548,"href":"https:\/\/swopify.com\/blog\/cs\/wp-json\/wp\/v2\/posts\/6544\/revisions\/6548"}],"wp:featuredmedia":[{"embeddable":true,"href":"https:\/\/swopify.com\/blog\/cs\/wp-json\/wp\/v2\/media\/6545"}],"wp:attachment":[{"href":"https:\/\/swopify.com\/blog\/cs\/wp-json\/wp\/v2\/media?parent=6544"}],"wp:term":[{"taxonomy":"category","embeddable":true,"href":"https:\/\/swopify.com\/blog\/cs\/wp-json\/wp\/v2\/categories?post=6544"},{"taxonomy":"post_tag","embeddable":true,"href":"https:\/\/swopify.com\/blog\/cs\/wp-json\/wp\/v2\/tags?post=6544"}],"curies":[{"name":"wp","href":"https:\/\/api.w.org\/{rel}","templated":true}]}}