{"id":8088,"date":"2026-08-27T10:32:28","date_gmt":"2026-08-27T10:32:28","guid":{"rendered":"https:\/\/swopify.com\/blog\/oficialni-uvedeni-modelu-iphone-18-pro-a-iphone-ultra-na-trh-se-uskutecni-9-zari-2026\/"},"modified":"2026-09-03T09:51:50","modified_gmt":"2026-09-03T09:51:50","slug":"oficialni-uvedeni-modelu-iphone-18-pro-a-iphone-ultra-na-trh-se-uskutecni-9-zari-2026","status":"publish","type":"post","link":"https:\/\/swopify.com\/blog\/cs\/oficialni-uvedeni-modelu-iphone-18-pro-a-iphone-ultra-na-trh-se-uskutecni-9-zari-2026\/","title":{"rendered":"Ofici\u00e1ln\u00ed uveden\u00ed model\u016f iPhone 18 Pro a iPhone Ultra na trh se uskute\u010dn\u00ed 9. z\u00e1\u0159\u00ed 2026"},"content":{"rendered":"\t\t<div data-elementor-type=\"wp-post\" data-elementor-id=\"8088\" class=\"elementor elementor-8088 elementor-5862\" data-elementor-post-type=\"post\">\n\t\t\t\t<div class=\"elementor-element elementor-element-a068712 e-con-full latest-post-section elementor-hidden-desktop e-flex e-con e-parent\" data-id=\"a068712\" data-element_type=\"container\" data-settings=\"{&quot;background_background&quot;:&quot;classic&quot;}\">\n\t\t\t\t<div class=\"elementor-element elementor-element-96432e9 elementor-widget-tablet__width-inherit elementor-hidden-desktop elementor-widget elementor-widget-image\" data-id=\"96432e9\" data-element_type=\"widget\" data-widget_type=\"image.default\">\n\t\t\t\t\t\t\t\t\t\t\t\t\t\t\t<img fetchpriority=\"high\" decoding=\"async\" width=\"720\" height=\"526\" src=\"https:\/\/swopify.com\/blog\/wp-content\/uploads\/2026\/07\/premiera-iphone-18-pro-i-iphone-ultra.jpg\" class=\"attachment-full size-full wp-image-8094\" alt=\"premi\u00e9ra iPhone 18 Pro a iPhone Ultra\" srcset=\"https:\/\/swopify.com\/blog\/wp-content\/uploads\/2026\/07\/premiera-iphone-18-pro-i-iphone-ultra.jpg 720w, https:\/\/swopify.com\/blog\/wp-content\/uploads\/2026\/07\/premiera-iphone-18-pro-i-iphone-ultra-300x219.jpg 300w\" sizes=\"(max-width: 720px) 100vw, 720px\" \/>\t\t\t\t\t\t\t\t\t\t\t\t\t\t\t<\/div>\n\t\t<div class=\"elementor-element elementor-element-6bb8681 e-con-full e-flex e-con e-child\" data-id=\"6bb8681\" data-element_type=\"container\">\n\t\t\t\t<div class=\"elementor-element elementor-element-1b46a36 elementor-widget elementor-widget-theme-post-title elementor-page-title elementor-widget-heading\" data-id=\"1b46a36\" data-element_type=\"widget\" data-widget_type=\"theme-post-title.default\">\n\t\t\t\t\t<h2 class=\"elementor-heading-title elementor-size-default\">Ofici\u00e1ln\u00ed uveden\u00ed model\u016f iPhone 18 Pro a iPhone Ultra na trh se uskute\u010dn\u00ed 9. z\u00e1\u0159\u00ed 2026<\/h2>\t\t\t\t<\/div>\n\t\t\t\t<div class=\"elementor-element elementor-element-fe62531 elementor-widget elementor-widget-theme-post-excerpt\" data-id=\"fe62531\" data-element_type=\"widget\" data-widget_type=\"theme-post-excerpt.default\">\n\t\t\t\t\tCo je nov\u00e9ho?\t\t\t\t<\/div>\n\t\t<div class=\"elementor-element elementor-element-22aeab8 e-con-full e-flex e-con e-child\" data-id=\"22aeab8\" data-element_type=\"container\">\n\t\t<div class=\"elementor-element elementor-element-25da75f e-con-full custom-author-box e-flex e-con e-child\" data-id=\"25da75f\" data-element_type=\"container\" data-settings=\"{&quot;background_background&quot;:&quot;classic&quot;}\">\n\t\t<div class=\"elementor-element elementor-element-5354aaa e-con-full e-flex e-con e-child\" data-id=\"5354aaa\" data-element_type=\"container\">\n\t\t\t\t<div class=\"elementor-element elementor-element-d5efa74 elementor-widget elementor-widget-image\" data-id=\"d5efa74\" data-element_type=\"widget\" data-widget_type=\"image.default\">\n\t\t\t\t\t\t\t\t\t\t\t\t\t\t\t<img decoding=\"async\" src=\"https:\/\/secure.gravatar.com\/avatar\/1bd8afa4c1d6b4939151f7e8748c2d999db5bdeacaabc395e986297505ee7b4d?s=96&#038;d=mm&#038;r=g\" title=\"\" alt=\"\" loading=\"lazy\" \/>\t\t\t\t\t\t\t\t\t\t\t\t\t\t\t<\/div>\n\t\t\t\t<\/div>\n\t\t<div class=\"elementor-element elementor-element-6e94afd e-con-full e-flex e-con e-child\" data-id=\"6e94afd\" data-element_type=\"container\">\n\t\t\t\t<div class=\"elementor-element elementor-element-c0edeef elementor-widget elementor-widget-text-editor\" data-id=\"c0edeef\" data-element_type=\"widget\" data-widget_type=\"text-editor.default\">\n\t\t\t\t\t\t\t\t\tBartek Zebrowski\t\t\t\t\t\t\t\t<\/div>\n\t\t\t\t<div class=\"elementor-element elementor-element-646ebb9 elementor-widget elementor-widget-text-editor\" data-id=\"646ebb9\" data-element_type=\"widget\" data-widget_type=\"text-editor.default\">\n\t\t\t\t\t\t\t\t\tCEO &amp; Founder SWOPiFY\t\t\t\t\t\t\t\t<\/div>\n\t\t\t\t<\/div>\n\t\t\t\t<\/div>\n\t\t<div class=\"elementor-element elementor-element-cf6608d e-con-full custom-post-date-box e-flex e-con e-child\" data-id=\"cf6608d\" data-element_type=\"container\" data-settings=\"{&quot;background_background&quot;:&quot;classic&quot;}\">\n\t\t<div class=\"elementor-element elementor-element-fc7af8a e-con-full e-flex e-con e-child\" data-id=\"fc7af8a\" data-element_type=\"container\" data-settings=\"{&quot;background_background&quot;:&quot;classic&quot;}\">\n\t\t\t\t<div class=\"elementor-element elementor-element-8e22557 elementor-widget elementor-widget-image\" data-id=\"8e22557\" data-element_type=\"widget\" data-widget_type=\"image.default\">\n\t\t\t\t\t\t\t\t\t\t\t\t\t\t\t<img decoding=\"async\" width=\"24\" height=\"24\" src=\"https:\/\/swopify.com\/blog\/wp-content\/uploads\/2025\/07\/calendar_month.svg\" class=\"attachment-large size-large wp-image-5163\" alt=\"\" \/>\t\t\t\t\t\t\t\t\t\t\t\t\t\t\t<\/div>\n\t\t\t\t<\/div>\n\t\t<div class=\"elementor-element elementor-element-576c4a4 e-con-full e-flex e-con e-child\" data-id=\"576c4a4\" data-element_type=\"container\">\n\t\t\t\t<div class=\"elementor-element elementor-element-f3d4b85 elementor-widget elementor-widget-text-editor\" data-id=\"f3d4b85\" data-element_type=\"widget\" data-widget_type=\"text-editor.default\">\n\t\t\t\t\t\t\t\t\t<p>P\u0159id\u00e1no:<\/p>\t\t\t\t\t\t\t\t<\/div>\n\t\t\t\t<div class=\"elementor-element elementor-element-4248fdc elementor-widget elementor-widget-text-editor\" data-id=\"4248fdc\" data-element_type=\"widget\" data-widget_type=\"text-editor.default\">\n\t\t\t\t\t\t\t\t\t27 srpna 2026\t\t\t\t\t\t\t\t<\/div>\n\t\t\t\t<\/div>\n\t\t\t\t<\/div>\n\t\t\t\t<\/div>\n\t\t\t\t<\/div>\n\t\t\t\t<\/div>\n\t\t<div class=\"elementor-element elementor-element-734dc151 elementor-hidden-tablet elementor-hidden-mobile e-flex e-con-boxed e-con e-parent\" data-id=\"734dc151\" data-element_type=\"container\" data-settings=\"{&quot;background_background&quot;:&quot;classic&quot;}\">\n\t\t\t\t\t<div class=\"e-con-inner\">\n\t\t<div class=\"elementor-element elementor-element-652d8125 e-con-full latest-post-section e-flex e-con e-child\" data-id=\"652d8125\" data-element_type=\"container\" data-settings=\"{&quot;background_background&quot;:&quot;classic&quot;}\">\n\t\t<div class=\"elementor-element elementor-element-4977ddce e-con-full e-flex e-con e-child\" data-id=\"4977ddce\" data-element_type=\"container\">\n\t\t\t\t<div class=\"elementor-element elementor-element-4f318805 elementor-widget elementor-widget-theme-post-excerpt\" data-id=\"4f318805\" data-element_type=\"widget\" data-widget_type=\"theme-post-excerpt.default\">\n\t\t\t\t\tCo je nov\u00e9ho?\t\t\t\t<\/div>\n\t\t<div class=\"elementor-element elementor-element-2a9a308b e-con-full e-flex e-con e-child\" data-id=\"2a9a308b\" data-element_type=\"container\">\n\t\t<div class=\"elementor-element elementor-element-63a72ec2 e-con-full custom-author-box e-flex e-con e-child\" data-id=\"63a72ec2\" data-element_type=\"container\" data-settings=\"{&quot;background_background&quot;:&quot;classic&quot;}\">\n\t\t\t\t<div class=\"elementor-element elementor-element-520b9db elementor-widget elementor-widget-image\" data-id=\"520b9db\" data-element_type=\"widget\" data-widget_type=\"image.default\">\n\t\t\t\t\t\t\t\t\t\t\t\t\t\t\t<img decoding=\"async\" width=\"527\" height=\"661\" src=\"https:\/\/swopify.com\/blog\/wp-content\/uploads\/2025\/08\/bartek-2.png\" class=\"attachment-large size-large wp-image-5164\" alt=\"\" srcset=\"https:\/\/swopify.com\/blog\/wp-content\/uploads\/2025\/08\/bartek-2.png 527w, https:\/\/swopify.com\/blog\/wp-content\/uploads\/2025\/08\/bartek-2-239x300.png 239w\" sizes=\"(max-width: 527px) 100vw, 527px\" \/>\t\t\t\t\t\t\t\t\t\t\t\t\t\t\t<\/div>\n\t\t<div class=\"elementor-element elementor-element-45febd2e e-con-full e-flex e-con e-child\" data-id=\"45febd2e\" data-element_type=\"container\">\n\t\t\t\t<div class=\"elementor-element elementor-element-6a94c6b0 elementor-widget elementor-widget-text-editor\" data-id=\"6a94c6b0\" data-element_type=\"widget\" data-widget_type=\"text-editor.default\">\n\t\t\t\t\t\t\t\t\tBartek Zebrowski\t\t\t\t\t\t\t\t<\/div>\n\t\t\t\t<\/div>\n\t\t\t\t<\/div>\n\t\t<div class=\"elementor-element elementor-element-4dd10440 e-con-full custom-post-date-box e-flex e-con e-child\" data-id=\"4dd10440\" data-element_type=\"container\" data-settings=\"{&quot;background_background&quot;:&quot;classic&quot;}\">\n\t\t<div class=\"elementor-element elementor-element-2d72c32 e-con-full e-flex e-con e-child\" data-id=\"2d72c32\" data-element_type=\"container\" data-settings=\"{&quot;background_background&quot;:&quot;classic&quot;}\">\n\t\t\t\t<div class=\"elementor-element elementor-element-7390850b elementor-widget elementor-widget-image\" data-id=\"7390850b\" data-element_type=\"widget\" data-widget_type=\"image.default\">\n\t\t\t\t\t\t\t\t\t\t\t\t\t\t\t<img decoding=\"async\" width=\"24\" height=\"24\" src=\"https:\/\/swopify.com\/blog\/wp-content\/uploads\/2025\/07\/calendar_month.svg\" class=\"attachment-large size-large wp-image-5163\" alt=\"\" \/>\t\t\t\t\t\t\t\t\t\t\t\t\t\t\t<\/div>\n\t\t\t\t<\/div>\n\t\t<div class=\"elementor-element elementor-element-6e99fe5 e-con-full e-flex e-con e-child\" data-id=\"6e99fe5\" data-element_type=\"container\">\n\t\t\t\t<div class=\"elementor-element elementor-element-5e913b93 elementor-widget elementor-widget-text-editor\" data-id=\"5e913b93\" data-element_type=\"widget\" data-widget_type=\"text-editor.default\">\n\t\t\t\t\t\t\t\t\t<p>P\u0159id\u00e1no:<\/p>\t\t\t\t\t\t\t\t<\/div>\n\t\t\t\t<div class=\"elementor-element elementor-element-6a6d6747 elementor-widget elementor-widget-text-editor\" data-id=\"6a6d6747\" data-element_type=\"widget\" data-widget_type=\"text-editor.default\">\n\t\t\t\t\t\t\t\t\t27 srpna 2026\t\t\t\t\t\t\t\t<\/div>\n\t\t\t\t<\/div>\n\t\t\t\t<\/div>\n\t\t\t\t<\/div>\n\t\t\t\t<\/div>\n\t\t\t\t<\/div>\n\t\t\t\t\t<\/div>\n\t\t\t\t<\/div>\n\t\t<div class=\"elementor-element elementor-element-52080da e-flex e-con-boxed e-con e-parent\" data-id=\"52080da\" data-element_type=\"container\">\n\t\t\t\t\t<div class=\"e-con-inner\">\n\t\t\t\t<div class=\"elementor-element elementor-element-afb8e18 elementor-widget__width-initial elementor-widget-mobile__width-inherit elementor-widget elementor-widget-text-editor\" data-id=\"afb8e18\" data-element_type=\"widget\" data-widget_type=\"text-editor.default\">\n\t\t\t\t\t\t\t\t\tSpole\u010dnost Apple ofici\u00e1ln\u011b ozn\u00e1mila leto\u0161n\u00ed p\u0159edstaven\u00ed nov\u00fdch za\u0159\u00edzen\u00ed. <strong><span style=\"color: #9a23fb;\">9. z\u00e1\u0159\u00ed 2026 v 19:00 polsk\u00e9ho \u010dasu<\/span><\/strong> spole\u010dnost p\u0159edstav\u00ed dal\u0161\u00ed generaci sv\u00fdch vlajkov\u00fdch smartphon\u016f a v\u0161e nasv\u011bd\u010duje tomu, \u017ee <strong><span style=\"color: #9a23fb;\">vedle model\u016f iPhone 18 Pro a iPhone 18 Pro Max uvid\u00edme tak\u00e9 prvn\u00ed skl\u00e1dac\u00ed smartphone od Apple, ozna\u010dovan\u00fd jako iPhone Ultra.<\/span><\/strong>\n\t\t\t\t\t\t\t\t<\/div>\n\t\t\t\t<div class=\"elementor-element elementor-element-7413e1f elementor-absolute elementor-widget elementor-widget-image\" data-id=\"7413e1f\" data-element_type=\"widget\" data-settings=\"{&quot;_position&quot;:&quot;absolute&quot;}\" data-widget_type=\"image.default\">\n\t\t\t\t\t\t\t\t\t\t\t\t\t\t\t<img loading=\"lazy\" decoding=\"async\" width=\"210\" height=\"210\" src=\"https:\/\/swopify.com\/blog\/wp-content\/uploads\/2025\/07\/Vector-1.svg\" class=\"attachment-large size-large wp-image-5165\" alt=\"\" \/>\t\t\t\t\t\t\t\t\t\t\t\t\t\t\t<\/div>\n\t\t\t\t\t<\/div>\n\t\t\t\t<\/div>\n\t\t<div class=\"elementor-element elementor-element-0b30c63 e-flex e-con-boxed e-con e-parent\" data-id=\"0b30c63\" data-element_type=\"container\" id=\"spis-tresci\" data-settings=\"{&quot;background_background&quot;:&quot;classic&quot;}\">\n\t\t\t\t\t<div class=\"e-con-inner\">\n\t\t<div class=\"elementor-element elementor-element-e36fba8 e-con-full e-flex e-con e-child\" data-id=\"e36fba8\" data-element_type=\"container\">\n\t\t<div class=\"elementor-element elementor-element-893e05c e-con-full e-flex e-con e-child\" data-id=\"893e05c\" data-element_type=\"container\" data-settings=\"{&quot;background_background&quot;:&quot;classic&quot;}\">\n\t\t\t\t<div class=\"elementor-element elementor-element-b1502ff elementor-widget__width-initial elementor-widget elementor-widget-heading\" data-id=\"b1502ff\" data-element_type=\"widget\" data-widget_type=\"heading.default\">\n\t\t\t\t\t<h2 class=\"elementor-heading-title elementor-size-default\">Ofici\u00e1ln\u00ed uveden\u00ed model\u016f iPhone 18 Pro a iPhone Ultra \u2013 nejd\u016fle\u017eit\u011bj\u0161\u00ed informace\n<\/h2>\t\t\t\t<\/div>\n\t\t\t\t<div class=\"elementor-element elementor-element-b58163f elementor-widget elementor-widget-text-editor\" data-id=\"b58163f\" data-element_type=\"widget\" data-widget_type=\"text-editor.default\">\n\t\t\t\t\t\t\t\t\t<ul><li>Premi\u00e9ra model\u016f iPhone 18 Pro a iPhone Ultra se uskute\u010dn\u00ed 9. z\u00e1\u0159\u00ed 2026.<\/li><li>Prezentace za\u010dne v 19:00 polsk\u00e9ho \u010dasu. <\/li><li>iPhone 18 Pro a 18 Pro Max by m\u011bly b\u00fdt p\u0159edstaveny b\u011bhem z\u00e1\u0159ijov\u00e9 konference spole\u010dnosti Apple.<\/li><li>iPhone Ultra m\u00e1 b\u00fdt prvn\u00edm skl\u00e1dac\u00edm smartphonem od spole\u010dnosti Apple.<\/li><li>B\u011b\u017en\u00fd iPhone 18 by se m\u011bl na trhu objevit a\u017e na ja\u0159e roku 2027.<\/li><li>B\u011bhem t\u00e9to akce m\u00e1 Apple p\u0159edstavit tak\u00e9 nov\u00e9 modely Apple Watch a AirPods.<\/li><li>Leto\u0161n\u00ed uveden\u00ed na trh m\u016f\u017ee znamenat zm\u011bnu dosavadn\u00edho harmonogramu uveden\u00ed iPhone\u016f na trh \u2013 na podzim by se m\u011bly objevit p\u0159edev\u0161\u00edm modely vy\u0161\u0161\u00ed t\u0159\u00eddy.<\/li><\/ul>\t\t\t\t\t\t\t\t<\/div>\n\t\t\t\t<div class=\"elementor-element elementor-element-007c6df elementor-align-center elementor-widget elementor-widget-button\" data-id=\"007c6df\" data-element_type=\"widget\" data-widget_type=\"button.default\">\n\t\t\t\t\t\t\t\t\t\t<a class=\"elementor-button elementor-button-link elementor-size-sm\" href=\"https:\/\/swopify.com\/blog\/cs\/kdy-vyjde-iphone-18-a-co-uz-o-nem-vime\/\">\n\t\t\t\t\t\t<span class=\"elementor-button-content-wrapper\">\n\t\t\t\t\t\t\t\t\t<span class=\"elementor-button-text\">Kdy vyjde iPhone 18 a co u\u017e o n\u011bm v\u00edme?<\/span>\n\t\t\t\t\t<\/span>\n\t\t\t\t\t<\/a>\n\t\t\t\t\t\t\t\t<\/div>\n\t\t\t\t<div class=\"elementor-element elementor-element-7e2131b elementor-widget elementor-widget-heading\" data-id=\"7e2131b\" data-element_type=\"widget\" data-widget_type=\"heading.default\">\n\t\t\t\t\t<h2 class=\"elementor-heading-title elementor-size-default\">Kdy se uskute\u010dn\u00ed ofici\u00e1ln\u00ed premi\u00e9ra iPhone 18 Pro?\n<\/h2>\t\t\t\t<\/div>\n\t\t\t\t<div class=\"elementor-element elementor-element-d4699dc elementor-widget elementor-widget-text-editor\" data-id=\"d4699dc\" data-element_type=\"widget\" data-widget_type=\"text-editor.default\">\n\t\t\t\t\t\t\t\t\t<p>Datum prezentace je ji\u017e zn\u00e1mo. Spole\u010dnost Apple po\u0159\u00e1d\u00e1 <strong>9. z\u00e1\u0159\u00ed 2026 v 19:00 polsk\u00e9ho \u010dasu<\/strong> speci\u00e1ln\u00ed akci pod n\u00e1zvem \u201eSurprise and Shine\u201c. Konference se bude konat v Apple Parku a akci bude mo\u017en\u00e9 sledovat tak\u00e9 online.  <\/p><p>Leto\u0161n\u00ed premi\u00e9ra by mohla b\u00fdt obzvl\u00e1\u0161t\u011b zaj\u00edmav\u00e1, proto\u017ee Apple \u00fadajn\u011b zm\u011bn\u00ed dosavadn\u00ed zp\u016fsob uv\u00e1d\u011bn\u00ed nov\u00fdch model\u016f iPhone na trh. M\u00edsto toho, aby p\u0159edstavil celou generaci najednou, by na podzim m\u011bly debutovat p\u0159edev\u0161\u00edm modely z vy\u0161\u0161\u00ed t\u0159\u00eddy. <\/p><p> <\/p><p>Podle nejnov\u011bj\u0161\u00edch informac\u00ed to budou <strong>iPhone 18 Pro, iPhone 18 Pro Max a skl\u00e1dac\u00ed iPhone Ultra<\/strong>. B\u011b\u017en\u00fd iPhone 18 by se m\u011bl objevit a\u017e v roce 2027. <\/p>\t\t\t\t\t\t\t\t<\/div>\n\t\t<div class=\"elementor-element elementor-element-749babb e-con-full e-flex e-con e-child\" data-id=\"749babb\" data-element_type=\"container\">\n\t\t<div class=\"elementor-element elementor-element-43b95af e-grid e-con-full e-con e-child\" data-id=\"43b95af\" data-element_type=\"container\">\n\t\t\t\t<div class=\"elementor-element elementor-element-eec8bd1 elementor-widget elementor-widget-image\" data-id=\"eec8bd1\" data-element_type=\"widget\" data-widget_type=\"image.default\">\n\t\t\t\t\t\t\t\t\t\t\t\t<figure class=\"wp-caption\">\n\t\t\t\t\t\t\t\t\t\t\t<a href=\"https:\/\/swopify.com\/pl-pl\/iphone-16-pro-max-512gb-tytan-czarny-3912\">\n\t\t\t\t\t\t\t<img decoding=\"async\" src=\"https:\/\/swopify.com\/publicTmp\/pictures\/600x\/0c7ee8\/73y2q5y1m0k0u1m7f4p8z631y8d419k1.jpg\" title=\"\" alt=\"iPhone 16 Pro Max 512GB Tytan Czarny\" loading=\"lazy\" \/>\t\t\t\t\t\t\t\t<\/a>\n\t\t\t\t\t\t\t\t\t\t\t<figcaption class=\"widget-image-caption wp-caption-text\">iPhone 16 Pro Max 512GB Titanium Black<\/figcaption>\n\t\t\t\t\t\t\t\t\t\t<\/figure>\n\t\t\t\t\t\t\t\t\t<\/div>\n\t\t\t\t<div class=\"elementor-element elementor-element-8779458 elementor-widget elementor-widget-image\" data-id=\"8779458\" data-element_type=\"widget\" data-widget_type=\"image.default\">\n\t\t\t\t\t\t\t\t\t\t\t\t<figure class=\"wp-caption\">\n\t\t\t\t\t\t\t\t\t\t\t<a href=\"https:\/\/swopify.com\/pl-pl\/iphone-17-pro-max-256gb-glebinowy-blekit-8164\">\n\t\t\t\t\t\t\t<img decoding=\"async\" src=\"https:\/\/swopify.com\/publicTmp\/pictures\/300x\/66b01f\/h8w2v0g500a0f1x726f6o0h6r753u2d1.webp\" title=\"\" alt=\"iPhone 17 Pro Max 256GB G\u0142\u0119binowy B\u0142\u0119kit\" loading=\"lazy\" \/>\t\t\t\t\t\t\t\t<\/a>\n\t\t\t\t\t\t\t\t\t\t\t<figcaption class=\"widget-image-caption wp-caption-text\">iPhone 17 Pro Max 256 GB, barva Deep Blue<\/figcaption>\n\t\t\t\t\t\t\t\t\t\t<\/figure>\n\t\t\t\t\t\t\t\t\t<\/div>\n\t\t\t\t<div class=\"elementor-element elementor-element-fbb5866 elementor-widget elementor-widget-image\" data-id=\"fbb5866\" data-element_type=\"widget\" data-widget_type=\"image.default\">\n\t\t\t\t\t\t\t\t\t\t\t\t<figure class=\"wp-caption\">\n\t\t\t\t\t\t\t\t\t\t\t<a href=\"https:\/\/swopify.com\/pl-pl\/iphone-17-256gb-bialy-8134\">\n\t\t\t\t\t\t\t<img decoding=\"async\" src=\"https:\/\/swopify.com\/publicTmp\/pictures\/300x\/0bc37d\/g2y9z5l7v0q0i1m7r606w0e5h5v5r3j5.webp\" title=\"\" alt=\"iPhone 17 256GB Bia\u0142y\" loading=\"lazy\" \/>\t\t\t\t\t\t\t\t<\/a>\n\t\t\t\t\t\t\t\t\t\t\t<figcaption class=\"widget-image-caption wp-caption-text\">iPhone 17 256 GB, b\u00edl\u00fd<\/figcaption>\n\t\t\t\t\t\t\t\t\t\t<\/figure>\n\t\t\t\t\t\t\t\t\t<\/div>\n\t\t\t\t<\/div>\n\t\t\t\t<\/div>\n\t\t\t\t<div class=\"elementor-element elementor-element-7881737 elementor-widget elementor-widget-heading\" data-id=\"7881737\" data-element_type=\"widget\" data-widget_type=\"heading.default\">\n\t\t\t\t\t<h2 class=\"elementor-heading-title elementor-size-default\">Co Apple p\u0159edstav\u00ed p\u0159i premi\u00e9\u0159e 9. z\u00e1\u0159\u00ed?\n<\/h2>\t\t\t\t<\/div>\n\t\t\t\t<div class=\"elementor-element elementor-element-87e7028 elementor-widget elementor-widget-text-editor\" data-id=\"87e7028\" data-element_type=\"widget\" data-widget_type=\"text-editor.default\">\n\t\t\t\t\t\t\t\t\t<p>A\u010dkoli se v\u011bt\u0161ina pozornosti soust\u0159ed\u00ed na nov\u00e9 iPhony, z\u00e1\u0159ijov\u00e1 akce spole\u010dnosti Apple pravd\u011bpodobn\u011b p\u0159inese i dal\u0161\u00ed novinky.<\/p><p> <\/p><p><strong>Krom\u011b model\u016f iPhone 18 Pro, 18 Pro Max a skl\u00e1dac\u00edho iPhone Ultra se m\u016f\u017eeme t\u011b\u0161it tak\u00e9 na:<\/strong><\/p><ul><li>Apple Watch Series 12,<\/li><li>Apple Watch Ultra 4,<\/li><li>nov\u00e9 AirPods, v\u010detn\u011b potenci\u00e1ln\u011b dal\u0161\u00ed generace AirPods Pro,<\/li><li>dal\u0161\u00ed p\u0159\u00edslu\u0161enstv\u00ed souvisej\u00edc\u00ed s nov\u00fdmi za\u0159\u00edzen\u00edmi.<\/li><\/ul><p> <\/p><p>Ne v\u0161echny z t\u011bchto produkt\u016f byly zat\u00edm ofici\u00e1ln\u011b potvrzeny spole\u010dnost\u00ed Apple. Seznam vych\u00e1z\u00ed z aktu\u00e1ln\u00edch zpr\u00e1v z oboru. MacRumors uv\u00e1d\u00ed mimo jin\u00e9 Apple Watch Series 12, Apple Watch Ultra 4 a AirPods 5 jako produkty, kter\u00e9 by mohly b\u00fdt b\u011bhem akce p\u0159edstaveny.  <\/p><p> <\/p><p>To znamen\u00e1, \u017ee 9. z\u00e1\u0159\u00ed by mohl b\u00fdt jedn\u00edm z nejd\u016fle\u017eit\u011bj\u0161\u00edch dn\u016f v leto\u0161n\u00edm kalend\u00e1\u0159i spole\u010dnosti Apple. Spole\u010dnost m\u00e1 nejen p\u0159edstavit nov\u00e9 modely sv\u00fdch vlajkov\u00fdch lod\u00ed iPhone, ale tak\u00e9 vstoupit do pro ni zcela nov\u00e9 kategorie za\u0159\u00edzen\u00ed. <\/p>\t\t\t\t\t\t\t\t<\/div>\n\t\t\t\t<div class=\"elementor-element elementor-element-ab8f692 elementor-align-center elementor-widget elementor-widget-button\" data-id=\"ab8f692\" data-element_type=\"widget\" data-widget_type=\"button.default\">\n\t\t\t\t\t\t\t\t\t\t<a class=\"elementor-button elementor-button-link elementor-size-sm\" href=\"https:\/\/swopify.com\/blog\/cs\/5-nejlepsich-skladacich-telefonu-zebricek-2026\/\">\n\t\t\t\t\t\t<span class=\"elementor-button-content-wrapper\">\n\t\t\t\t\t\t\t\t\t<span class=\"elementor-button-text\">Top 5 nejlep\u0161\u00edch skl\u00e1dac\u00edch telefon\u016f<\/span>\n\t\t\t\t\t<\/span>\n\t\t\t\t\t<\/a>\n\t\t\t\t\t\t\t\t<\/div>\n\t\t\t\t<div class=\"elementor-element elementor-element-8ae0a7c elementor-widget elementor-widget-heading\" data-id=\"8ae0a7c\" data-element_type=\"widget\" data-widget_type=\"heading.default\">\n\t\t\t\t\t<h2 class=\"elementor-heading-title elementor-size-default\">Jak\u00e1 bude specifikace modelu iPhone 18 Pro?\n<\/h2>\t\t\t\t<\/div>\n\t\t\t\t<div class=\"elementor-element elementor-element-708cc81 elementor-widget elementor-widget-text-editor\" data-id=\"708cc81\" data-element_type=\"widget\" data-widget_type=\"text-editor.default\">\n\t\t\t\t\t\t\t\t\t<p>Podle aktu\u00e1ln\u00edch zpr\u00e1v by m\u011bl iPhone 18 Pro p\u0159in\u00e9st p\u0159edev\u0161\u00edm zm\u011bny v procesoru, fotoapar\u00e1tech a technologii displeje. Mezi nejd\u016fle\u017eit\u011bj\u0161\u00ed p\u0159edpokl\u00e1dan\u00e9 prvky specifikace pat\u0159\u00ed: <\/p><p> <\/p><ul><li>procesor Apple A20 Pro vyroben\u00fd 2nm technologi\u00ed,<\/li><li>modem Apple C2, kter\u00fd m\u00e1 b\u00fdt dal\u0161\u00edm vlastn\u00edm modemem t\u00e9to spole\u010dnosti,<\/li><li>hlavn\u00ed fotoapar\u00e1t s prom\u011bnnou clonou, kter\u00e1 umo\u017e\u0148uje lep\u0161\u00ed kontrolu nad mno\u017estv\u00edm sv\u011btla,<\/li><li>men\u0161\u00ed Dynamic Island, d\u00edky \u010d\u00e1ste\u010dn\u00e9mu skryt\u00ed prvk\u016f Face ID pod displejem,<\/li><li>nov\u00e9 barvy krytu, mezi nimi\u017e je zm\u00edn\u011bn mimo jin\u00e9 odst\u00edn Dark Cherry, <\/li><li>konstrukce podobn\u00e1 modelu iPhone 17 Pro, a\u010dkoli p\u0159esn\u00e9 rozm\u011bry a pou\u017eit\u00e9 materi\u00e1ly zat\u00edm nebyly potvrzeny.<\/li><\/ul><p> <\/p><p>Nov\u00fd procesor by m\u011bl b\u00fdt jedn\u00edm z nejd\u016fle\u017eit\u011bj\u0161\u00edch prvk\u016f t\u00e9to generace. <strong>P\u0159echod na 2nm technologii m\u016f\u017ee p\u0159in\u00e9st vy\u0161\u0161\u00ed v\u00fdkon a lep\u0161\u00ed energetickou \u00fa\u010dinnost<\/strong>, co\u017e by se v praxi m\u011blo projevit plynulej\u0161\u00edm chodem telefonu a potenci\u00e1ln\u011b del\u0161\u00ed v\u00fddr\u017e\u00ed baterie.<\/p>\t\t\t\t\t\t\t\t<\/div>\n\t\t<div class=\"elementor-element elementor-element-d31f4b7 e-grid e-con-full e-con e-child\" data-id=\"d31f4b7\" data-element_type=\"container\">\n\t\t\t\t<div class=\"elementor-element elementor-element-6efb9d8 elementor-widget elementor-widget-image\" data-id=\"6efb9d8\" data-element_type=\"widget\" data-widget_type=\"image.default\">\n\t\t\t\t\t\t\t\t\t\t\t\t<figure class=\"wp-caption\">\n\t\t\t\t\t\t\t\t\t\t\t<a href=\"https:\/\/swopify.com\/pl-pl\/iphone-16-pro-max-256gb-tytan-czarny-3235\">\n\t\t\t\t\t\t\t<img decoding=\"async\" src=\"https:\/\/swopify.com\/publicTmp\/pictures\/600x\/6ba30f\/f6r9k8e0q0m0l1a7g4l8w6r1f8k0q686.jpg\" title=\"\" alt=\"iPhone 16 Pro Max 256GB Tytan Czarny\" loading=\"lazy\" \/>\t\t\t\t\t\t\t\t<\/a>\n\t\t\t\t\t\t\t\t\t\t\t<figcaption class=\"widget-image-caption wp-caption-text\">iPhone 16 Pro Max 256GB Titanium Black<\/figcaption>\n\t\t\t\t\t\t\t\t\t\t<\/figure>\n\t\t\t\t\t\t\t\t\t<\/div>\n\t\t\t\t<div class=\"elementor-element elementor-element-1be9e8f elementor-widget elementor-widget-image\" data-id=\"1be9e8f\" data-element_type=\"widget\" data-widget_type=\"image.default\">\n\t\t\t\t\t\t\t\t\t\t\t\t<figure class=\"wp-caption\">\n\t\t\t\t\t\t\t\t\t\t\t<a href=\"https:\/\/swopify.com\/pl-pl\/iphone-16-pro-max-256gb-tytan-bialy-3905\">\n\t\t\t\t\t\t\t<img decoding=\"async\" src=\"https:\/\/swopify.com\/publicTmp\/pictures\/600x\/c385e1\/15i9b6i0g0v0o1v7t4l8i6n1f8t0u7u6.jpg\" title=\"\" alt=\"iPhone 16 Pro Max 256GB Tytan Bia\u0142y\" loading=\"lazy\" \/>\t\t\t\t\t\t\t\t<\/a>\n\t\t\t\t\t\t\t\t\t\t\t<figcaption class=\"widget-image-caption wp-caption-text\">iPhone 16 Pro Max 256GB Titanium White<\/figcaption>\n\t\t\t\t\t\t\t\t\t\t<\/figure>\n\t\t\t\t\t\t\t\t\t<\/div>\n\t\t\t\t<div class=\"elementor-element elementor-element-68afd87 elementor-widget elementor-widget-image\" data-id=\"68afd87\" data-element_type=\"widget\" data-widget_type=\"image.default\">\n\t\t\t\t\t\t\t\t\t\t\t\t<figure class=\"wp-caption\">\n\t\t\t\t\t\t\t\t\t\t\t<a href=\"https:\/\/swopify.com\/pl-pl\/iphone-17-pro-256gb-glebinowy-blekit-8150\">\n\t\t\t\t\t\t\t<img decoding=\"async\" src=\"https:\/\/swopify.com\/publicTmp\/pictures\/300x\/54c21b\/h1j2v7u8g0e0i1d7w6o6y0n5a92849r0.webp\" title=\"\" alt=\"iPhone 17 Pro 256GB G\u0142\u0119binowy B\u0142\u0119kit\" loading=\"lazy\" \/>\t\t\t\t\t\t\t\t<\/a>\n\t\t\t\t\t\t\t\t\t\t\t<figcaption class=\"widget-image-caption wp-caption-text\">iPhone 17 Pro 256 GB, barva Deep Blue<\/figcaption>\n\t\t\t\t\t\t\t\t\t\t<\/figure>\n\t\t\t\t\t\t\t\t\t<\/div>\n\t\t\t\t<\/div>\n\t\t\t\t<div class=\"elementor-element elementor-element-bb9adae elementor-widget elementor-widget-heading\" data-id=\"bb9adae\" data-element_type=\"widget\" data-widget_type=\"heading.default\">\n\t\t\t\t\t<h2 class=\"elementor-heading-title elementor-size-default\">Nov\u00e9 barvy a design modelu iPhone 18 Pro\n<\/h2>\t\t\t\t<\/div>\n\t\t\t\t<div class=\"elementor-element elementor-element-0e2225b elementor-widget elementor-widget-text-editor\" data-id=\"0e2225b\" data-element_type=\"widget\" data-widget_type=\"text-editor.default\">\n\t\t\t\t\t\t\t\t\t<p>Zm\u011bny se maj\u00ed t\u00fdkat tak\u00e9 barevn\u00e9 \u0161k\u00e1ly. V unikl\u00fdch informac\u00edch se mimo jin\u00e9 objevuje <strong>syt\u011b \u010derven\u00fd odst\u00edn, ozna\u010dovan\u00fd jako Dark Cherry, a tak\u00e9 chladn\u00e1 modr\u00e1<\/strong>. <\/p><p> <\/p><p>Objevuj\u00ed se tak\u00e9 informace, \u017ee nov\u00fd model by mohl m\u00edt rozm\u011bry natolik podobn\u00e9 jako jeho p\u0159edch\u016fdce, aby <strong>byla mo\u017en\u00e1 kompatibilita s pouzdry z p\u0159edchoz\u00ed generace<\/strong><\/p>\t\t\t\t\t\t\t\t<\/div>\n\t\t\t\t<div class=\"elementor-element elementor-element-3c6501c elementor-align-center elementor-widget elementor-widget-button\" data-id=\"3c6501c\" data-element_type=\"widget\" data-widget_type=\"button.default\">\n\t\t\t\t\t\t\t\t\t\t<a class=\"elementor-button elementor-button-link elementor-size-sm\" href=\"https:\/\/swopify.com\/blog\/kiedy-najlepiej-kupic-iphone\/\">\n\t\t\t\t\t\t<span class=\"elementor-button-content-wrapper\">\n\t\t\t\t\t\t\t\t\t<span class=\"elementor-button-text\">Kdy je nejlep\u0161\u00ed koupit iPhone?<\/span>\n\t\t\t\t\t<\/span>\n\t\t\t\t\t<\/a>\n\t\t\t\t\t\t\t\t<\/div>\n\t\t\t\t<div class=\"elementor-element elementor-element-5911d90 elementor-widget elementor-widget-heading\" data-id=\"5911d90\" data-element_type=\"widget\" data-widget_type=\"heading.default\">\n\t\t\t\t\t<h2 class=\"elementor-heading-title elementor-size-default\">Jak\u00e9 parametry by mohl m\u00edt iPhone Ultra?\n<\/h2>\t\t\t\t<\/div>\n\t\t\t\t<div class=\"elementor-element elementor-element-38826f3 elementor-widget elementor-widget-text-editor\" data-id=\"38826f3\" data-element_type=\"widget\" data-widget_type=\"text-editor.default\">\n\t\t\t\t\t\t\t\t\t<p>Skl\u00e1dac\u00ed iPhone Ultra by m\u011bl b\u00fdt nejneobvyklej\u0161\u00ed za\u0159\u00edzen\u00ed v leto\u0161n\u00ed nab\u00eddce spole\u010dnosti Apple. Podle dosavadn\u00edch informac\u00ed <strong>bude m\u00edt<\/strong> tento smartphone <strong>konstrukci skl\u00e1dac\u00ed jako kniha<\/strong>, s velk\u00fdm vnit\u0159n\u00edm displejem a dal\u0161\u00edm vn\u011bj\u0161\u00edm displejem. <\/p><p> <\/p><p><strong>Mezi nej\u010dast\u011bji uv\u00e1d\u011bn\u00e9 informace o technick\u00fdch specifikac\u00edch pat\u0159\u00ed:<\/strong><\/p><p> <\/p><ul><li>vnit\u0159n\u00ed displej s \u00fahlop\u0159\u00ed\u010dkou p\u0159ibli\u017en\u011b 7,8 palce,<\/li><li>vn\u011bj\u0161\u00ed displej s \u00fahlop\u0159\u00ed\u010dkou p\u0159ibli\u017en\u011b 5,5 palce,<\/li><li>konstrukci typu \u201ebook-style\u201c, podobnou jako u jin\u00fdch skl\u00e1dac\u00edch smartphon\u016f,<\/li><li>dva zadn\u00ed fotoapar\u00e1ty,<\/li><li>\u010dip Apple A20,<\/li><li>Touch ID integrovan\u00e9 do tla\u010d\u00edtka nap\u00e1jen\u00ed,<\/li><li>po rozlo\u017een\u00ed m\u00e1 velmi tenkou konstrukci,<\/li><li>\u0159e\u0161en\u00ed, kter\u00e9 m\u00e1 omezit viditelnost ohybu na skl\u00e1dac\u00edm displeji.<\/li><\/ul><p> <\/p><p>V p\u0159\u00edpad\u011b modelu iPhone Ultra z\u016fst\u00e1v\u00e1 obzvl\u00e1\u0161t\u011b mnoho informac\u00ed nepotvrzen\u00fdch. Spole\u010dnost Apple zat\u00edm nezve\u0159ejnila ofici\u00e1ln\u00ed specifikace tohoto skl\u00e1dac\u00edho modelu, a proto se parametry displeje, fotoapar\u00e1t\u016f \u010di pou\u017eit\u00e9ho procesoru mohou p\u0159ed uveden\u00edm na trh je\u0161t\u011b zm\u011bnit. <\/p>\t\t\t\t\t\t\t\t<\/div>\n\t\t\t\t<div class=\"elementor-element elementor-element-2408663 elementor-widget elementor-widget-heading\" data-id=\"2408663\" data-element_type=\"widget\" data-widget_type=\"heading.default\">\n\t\t\t\t\t<h2 class=\"elementor-heading-title elementor-size-default\">Kolik by mohly st\u00e1t modely iPhone 18 Pro a iPhone Ultra?<\/h2>\t\t\t\t<\/div>\n\t\t\t\t<div class=\"elementor-element elementor-element-e116fea elementor-widget elementor-widget-text-editor\" data-id=\"e116fea\" data-element_type=\"widget\" data-widget_type=\"text-editor.default\">\n\t\t\t\t\t\t\t\t\t<ul><li>iPhone 18 Pro \u2013 p\u0159ibli\u017en\u011b 6 000 PLN<\/li><li>iPhone 18 Pro Max \u2013 p\u0159ibli\u017en\u011b 8 000 PLN<\/li><li>iPhone Ultra \u2013 p\u0159ibli\u017en\u011b 9 000\u201311 000 PLN<\/li><li>iPhone 18 \u2013 od p\u0159ibli\u017en\u011b 4 000 zlot\u00fdch, p\u0159i\u010dem\u017e jeho uveden\u00ed na trh se m\u00e1 uskute\u010dnit a\u017e na ja\u0159e roku 2027.<\/li><\/ul><p> <\/p><p>P\u0159edpokl\u00e1dan\u00e9 ceny model\u016f iPhone 18 Pro a 18 Pro Max jsou vy\u0161\u0161\u00ed ne\u017e u p\u0159edchoz\u00ed generace. Na cenu m\u016f\u017ee m\u00edt vliv mimo jin\u00e9 pou\u017eit\u00ed <strong>procesoru vyroben\u00e9ho 2nm technologi\u00ed a vlastn\u00edho modemu Apple C2<\/strong>. Kone\u010dn\u00e9 ceny v Polsku se dozv\u00edme a\u017e po ofici\u00e1ln\u00edm uveden\u00ed na trh a budou z\u00e1viset tak\u00e9 na kurzu dolaru.   <\/p>\t\t\t\t\t\t\t\t<\/div>\n\t\t\t\t<div class=\"elementor-element elementor-element-98f2dbe elementor-align-center elementor-widget elementor-widget-button\" data-id=\"98f2dbe\" data-element_type=\"widget\" data-widget_type=\"button.default\">\n\t\t\t\t\t\t\t\t\t\t<a class=\"elementor-button elementor-button-link elementor-size-sm\" href=\"https:\/\/swopify.com\/blog\/iphone-14-pro-vs-17-pro-porownanie-smartfonow-apple\/\">\n\t\t\t\t\t\t<span class=\"elementor-button-content-wrapper\">\n\t\t\t\t\t\t\t\t\t<span class=\"elementor-button-text\">iPhone 14 Pro vs 17 Pro<\/span>\n\t\t\t\t\t<\/span>\n\t\t\t\t\t<\/a>\n\t\t\t\t\t\t\t\t<\/div>\n\t\t\t\t<div class=\"elementor-element elementor-element-5784098 elementor-widget elementor-widget-heading\" data-id=\"5784098\" data-element_type=\"widget\" data-widget_type=\"heading.default\">\n\t\t\t\t\t<h2 class=\"elementor-heading-title elementor-size-default\">A co b\u011b\u017en\u00fd iPhone 18?\n<\/h2>\t\t\t\t<\/div>\n\t\t\t\t<div class=\"elementor-element elementor-element-7450a21 elementor-widget elementor-widget-text-editor\" data-id=\"7450a21\" data-element_type=\"widget\" data-widget_type=\"text-editor.default\">\n\t\t\t\t\t\t\t\t\t<p>Jedn\u00e1 se o jednu z nejv\u011bt\u0161\u00edch zm\u011bn v leto\u0161n\u00ed strategii spole\u010dnosti Apple.<\/p><p> <\/p><p><strong>iPhone 18 by nem\u011bl b\u00fdt p\u0159edstaven spole\u010dn\u011b s modely Pro v z\u00e1\u0159\u00ed.<\/strong>  Podle nejnov\u011bj\u0161\u00edch zpr\u00e1v by se z\u00e1kladn\u00ed modely m\u011bly objevit a\u017e na ja\u0159e roku 2027. V podobn\u00e9m term\u00ednu by mohly b\u00fdt p\u0159edstaveny tak\u00e9 dal\u0161\u00ed iPhone Air a iPhone 18e. <\/p><p> <\/p><p>Apple tak m\u016f\u017ee p\u0159i podzimn\u00ed premi\u00e9\u0159e v\u00edce upoutat pozornost z\u00e1kazn\u00edk\u016f na dra\u017e\u0161\u00ed modely. Z\u00e1\u0159ijov\u00e1 akce se tedy bude v\u00edce soust\u0159edit na pr\u00e9miov\u00fd segment ne\u017e p\u0159edchoz\u00ed p\u0159edstaven\u00ed iPhone\u016f. <\/p>\t\t\t\t\t\t\t\t<\/div>\n\t\t\t\t<div class=\"elementor-element elementor-element-34ae63d elementor-widget elementor-widget-heading\" data-id=\"34ae63d\" data-element_type=\"widget\" data-widget_type=\"heading.default\">\n\t\t\t\t\t<h2 class=\"elementor-heading-title elementor-size-default\">Kdy se iPhone 18 Pro dostane do prodeje?\n<\/h2>\t\t\t\t<\/div>\n\t\t\t\t<div class=\"elementor-element elementor-element-a528f33 elementor-widget elementor-widget-text-editor\" data-id=\"a528f33\" data-element_type=\"widget\" data-widget_type=\"text-editor.default\">\n\t\t\t\t\t\t\t\t\t<ul><li>iPhone 18 Pro a iPhone 18 Pro Max by se m\u011bly za\u010d\u00edt prod\u00e1vat koncem z\u00e1\u0159\u00ed 2026.<\/li><li>Ofici\u00e1ln\u00ed datum zah\u00e1jen\u00ed prodeje zat\u00edm nebylo spole\u010dnost\u00ed Apple potvrzeno.<\/li><li>P\u0159edprodej by mohl za\u010d\u00edt n\u011bkolik dn\u00ed po p\u0159edstaven\u00ed 9. z\u00e1\u0159\u00ed.<\/li><\/ul><p> <\/p><p>Pokud Apple dodr\u017e\u00ed dosavadn\u00ed harmonogram uveden\u00ed na trh, m\u011bly by se nov\u00e9 modely Pro objevit v obchodech je\u0161t\u011b v z\u00e1\u0159\u00ed. Na p\u0159esn\u00e9 datum zah\u00e1jen\u00ed prodeje si v\u0161ak budeme muset po\u010dkat a\u017e do ofici\u00e1ln\u00ed prezentace. <\/p>\t\t\t\t\t\t\t\t<\/div>\n\t\t\t\t<div class=\"elementor-element elementor-element-addf990 elementor-align-center elementor-widget elementor-widget-button\" data-id=\"addf990\" data-element_type=\"widget\" data-widget_type=\"button.default\">\n\t\t\t\t\t\t\t\t\t\t<a class=\"elementor-button elementor-button-link elementor-size-sm\" href=\"https:\/\/swopify.com\/blog\/apple-iphone-17-pro-vs-samsung-galaxy-s25-ultra-porownanie\/\">\n\t\t\t\t\t\t<span class=\"elementor-button-content-wrapper\">\n\t\t\t\t\t\t\t\t\t<span class=\"elementor-button-text\">Apple iPhone 17 Pro vs Samsung Galaxy S25 Ultra<\/span>\n\t\t\t\t\t<\/span>\n\t\t\t\t\t<\/a>\n\t\t\t\t\t\t\t\t<\/div>\n\t\t\t\t<div class=\"elementor-element elementor-element-9d88d5d elementor-widget elementor-widget-heading\" data-id=\"9d88d5d\" data-element_type=\"widget\" data-widget_type=\"heading.default\">\n\t\t\t\t\t<h2 class=\"elementor-heading-title elementor-size-default\">Stoj\u00ed za to \u010dekat na uveden\u00ed iPhone 18 Pro na trh?\n<\/h2>\t\t\t\t<\/div>\n\t\t\t\t<div class=\"elementor-element elementor-element-2c773c9 elementor-widget elementor-widget-text-editor\" data-id=\"2c773c9\" data-element_type=\"widget\" data-widget_type=\"text-editor.default\">\n\t\t\t\t\t\t\t\t\t<p>Pokud pl\u00e1nujete koupit nov\u00fd telefon, <strong>rozhodn\u011b si v kalend\u00e1\u0159i pozna\u010dte datum 9. z\u00e1\u0159\u00ed<\/strong>. Po p\u0159edstaven\u00ed budeme zn\u00e1t ofici\u00e1ln\u00ed specifikace, ceny a rozd\u00edly mezi novou generac\u00ed a modelem iPhone 17 Pro. <\/p><p> <\/p><p>To v\u0161ak neznamen\u00e1, \u017ee n\u00e1kup star\u0161\u00edho modelu p\u0159est\u00e1v\u00e1 d\u00e1vat smysl. Pr\u00e1v\u011b naopak. <strong>Uveden\u00ed nov\u00e9 generace na trh je \u010dasto vhodnou p\u0159\u00edle\u017eitost\u00ed k tomu, aby se \u010dlov\u011bk pod\u00edval na ceny p\u0159edchoz\u00edch model\u016f, v\u010detn\u011b repasovan\u00fdch za\u0159\u00edzen\u00ed<\/strong>. <\/p><p> <\/p><p>Pokud nepot\u0159ebujete nejnov\u011bj\u0161\u00ed procesor ani funkce, kter\u00e9 se teprve objevuj\u00ed na trhu, <a href=\"https:\/\/swopify.com\/pl-pl\/apple-iphone\">repasovan\u00fd iPhone<\/a><strong> <\/strong>m\u016f\u017ee nab\u00eddnout velmi podobn\u00fd z\u00e1\u017eitek za podstatn\u011b ni\u017e\u0161\u00ed cenu. Jedn\u00e1 se o \u0159e\u0161en\u00ed, kter\u00e9 umo\u017e\u0148uje sn\u00ed\u017eit n\u00e1klady a z\u00e1rove\u0148 prodlou\u017eit \u017eivotnost ji\u017e vyroben\u00e9ho za\u0159\u00edzen\u00ed. <\/p>\t\t\t\t\t\t\t\t<\/div>\n\t\t\t\t<\/div>\n\t\t<div class=\"elementor-element elementor-element-18cd69d e-con-full e-flex e-con e-child\" data-id=\"18cd69d\" data-element_type=\"container\" data-settings=\"{&quot;background_background&quot;:&quot;classic&quot;}\">\n\t\t\t\t<div class=\"elementor-element elementor-element-f50921e elementor-widget__width-initial elementor-widget elementor-widget-heading\" data-id=\"f50921e\" data-element_type=\"widget\" data-widget_type=\"heading.default\">\n\t\t\t\t\t<h2 class=\"elementor-heading-title elementor-size-default\">\u010casto kladen\u00e9 ot\u00e1zky<\/h2>\t\t\t\t<\/div>\n\t\t\t\t<div class=\"elementor-element elementor-element-fdbafc8 elementor-widget elementor-widget-n-accordion\" data-id=\"fdbafc8\" data-element_type=\"widget\" data-settings=\"{&quot;n_accordion_animation_duration&quot;:{&quot;unit&quot;:&quot;ms&quot;,&quot;size&quot;:500,&quot;sizes&quot;:[]},&quot;default_state&quot;:&quot;expanded&quot;,&quot;max_items_expended&quot;:&quot;one&quot;}\" data-widget_type=\"nested-accordion.default\">\n\t\t\t\t\t\t\t<div class=\"e-n-accordion\" aria-label=\"Accordion. Open links with Enter or Space, close with Escape, and navigate with Arrow Keys\">\n\t\t\t\t\t\t<details id=\"e-n-accordion-item-2660\" class=\"e-n-accordion-item\" open>\n\t\t\t\t<summary class=\"e-n-accordion-item-title\" data-accordion-index=\"1\" tabindex=\"0\" aria-expanded=\"true\" aria-controls=\"e-n-accordion-item-2660\" >\n\t\t\t\t\t<span class='e-n-accordion-item-title-header'><div class=\"e-n-accordion-item-title-text\"> Kdy se uskute\u010dn\u00ed ofici\u00e1ln\u00ed premi\u00e9ra iPhone 18 Pro? <\/div><\/span>\n\t\t\t\t\t\t\t<span class='e-n-accordion-item-title-icon'>\n\t\t\t<span class='e-opened' ><svg xmlns=\"http:\/\/www.w3.org\/2000\/svg\" width=\"12\" height=\"8\" viewBox=\"0 0 12 8\" fill=\"none\"><path d=\"M6 0.000391054L12 6.00039L10.6 7.40039L6 2.80039L1.4 7.40039L-1.22392e-07 6.00039L6 0.000391054Z\" fill=\"#292D33\"><\/path><\/svg><\/span>\n\t\t\t<span class='e-closed'><svg xmlns=\"http:\/\/www.w3.org\/2000\/svg\" width=\"12\" height=\"8\" viewBox=\"0 0 12 8\" fill=\"none\"><path d=\"M6 7.4L0 1.4L1.4 0L6 4.6L10.6 0L12 1.4L6 7.4Z\" fill=\"#292D33\"><\/path><\/svg><\/span>\n\t\t<\/span>\n\n\t\t\t\t\t\t<\/summary>\n\t\t\t\t<div role=\"region\" aria-labelledby=\"e-n-accordion-item-2660\" class=\"elementor-element elementor-element-c744340 e-con-full e-flex e-con e-child\" data-id=\"c744340\" data-element_type=\"container\">\n\t\t\t\t<div class=\"elementor-element elementor-element-8036a0d elementor-widget elementor-widget-text-editor\" data-id=\"8036a0d\" data-element_type=\"widget\" data-widget_type=\"text-editor.default\">\n\t\t\t\t\t\t\t\t\t<p>Ofici\u00e1ln\u00ed p\u0159edstaven\u00ed modelu iPhone 18 Pro se m\u00e1 uskute\u010dnit 9. z\u00e1\u0159\u00ed 2026 v 19:00 polsk\u00e9ho \u010dasu. B\u011bhem t\u00e9to akce m\u00e1 Apple p\u0159edstavit tak\u00e9 model iPhone 18 Pro Max a skl\u00e1dac\u00ed model ozna\u010dovan\u00fd jako iPhone Ultra. <\/p>\t\t\t\t\t\t\t\t<\/div>\n\t\t\t\t<\/div>\n\t\t\t\t\t<\/details>\n\t\t\t\t\t\t<details id=\"e-n-accordion-item-2661\" class=\"e-n-accordion-item\" >\n\t\t\t\t<summary class=\"e-n-accordion-item-title\" data-accordion-index=\"2\" tabindex=\"-1\" aria-expanded=\"false\" aria-controls=\"e-n-accordion-item-2661\" >\n\t\t\t\t\t<span class='e-n-accordion-item-title-header'><div class=\"e-n-accordion-item-title-text\"> Kdy bude uveden\u00ed iPhone Ultra na trh? <\/div><\/span>\n\t\t\t\t\t\t\t<span class='e-n-accordion-item-title-icon'>\n\t\t\t<span class='e-opened' ><svg xmlns=\"http:\/\/www.w3.org\/2000\/svg\" width=\"12\" height=\"8\" viewBox=\"0 0 12 8\" fill=\"none\"><path d=\"M6 0.000391054L12 6.00039L10.6 7.40039L6 2.80039L1.4 7.40039L-1.22392e-07 6.00039L6 0.000391054Z\" fill=\"#292D33\"><\/path><\/svg><\/span>\n\t\t\t<span class='e-closed'><svg xmlns=\"http:\/\/www.w3.org\/2000\/svg\" width=\"12\" height=\"8\" viewBox=\"0 0 12 8\" fill=\"none\"><path d=\"M6 7.4L0 1.4L1.4 0L6 4.6L10.6 0L12 1.4L6 7.4Z\" fill=\"#292D33\"><\/path><\/svg><\/span>\n\t\t<\/span>\n\n\t\t\t\t\t\t<\/summary>\n\t\t\t\t<div role=\"region\" aria-labelledby=\"e-n-accordion-item-2661\" class=\"elementor-element elementor-element-928de8b e-con-full e-flex e-con e-child\" data-id=\"928de8b\" data-element_type=\"container\">\n\t\t\t\t<div class=\"elementor-element elementor-element-f20c0b9 elementor-widget elementor-widget-text-editor\" data-id=\"f20c0b9\" data-element_type=\"widget\" data-widget_type=\"text-editor.default\">\n\t\t\t\t\t\t\t\t\t<p>Premi\u00e9ra iPhone Ultra se p\u0159edpokl\u00e1d\u00e1 na 9. z\u00e1\u0159\u00ed 2026. M\u00e1 se jednat o prvn\u00ed skl\u00e1dac\u00ed iPhone v historii spole\u010dnosti Apple, vybaven\u00fd velk\u00fdm vnit\u0159n\u00edm displejem a dal\u0161\u00edm vn\u011bj\u0161\u00edm displejem. N\u00e1zev \u201eiPhone Ultra\u201c a podrobn\u00e9 technick\u00e9 parametry za\u0159\u00edzen\u00ed zat\u00edm nebyly spole\u010dnost\u00ed Apple ofici\u00e1ln\u011b potvrzeny.  <\/p>\t\t\t\t\t\t\t\t<\/div>\n\t\t\t\t<\/div>\n\t\t\t\t\t<\/details>\n\t\t\t\t\t\t<details id=\"e-n-accordion-item-2662\" class=\"e-n-accordion-item\" >\n\t\t\t\t<summary class=\"e-n-accordion-item-title\" data-accordion-index=\"3\" tabindex=\"-1\" aria-expanded=\"false\" aria-controls=\"e-n-accordion-item-2662\" >\n\t\t\t\t\t<span class='e-n-accordion-item-title-header'><div class=\"e-n-accordion-item-title-text\"> Kolik bude st\u00e1t iPhone 18 Pro v Polsku? <\/div><\/span>\n\t\t\t\t\t\t\t<span class='e-n-accordion-item-title-icon'>\n\t\t\t<span class='e-opened' ><svg xmlns=\"http:\/\/www.w3.org\/2000\/svg\" width=\"12\" height=\"8\" viewBox=\"0 0 12 8\" fill=\"none\"><path d=\"M6 0.000391054L12 6.00039L10.6 7.40039L6 2.80039L1.4 7.40039L-1.22392e-07 6.00039L6 0.000391054Z\" fill=\"#292D33\"><\/path><\/svg><\/span>\n\t\t\t<span class='e-closed'><svg xmlns=\"http:\/\/www.w3.org\/2000\/svg\" width=\"12\" height=\"8\" viewBox=\"0 0 12 8\" fill=\"none\"><path d=\"M6 7.4L0 1.4L1.4 0L6 4.6L10.6 0L12 1.4L6 7.4Z\" fill=\"#292D33\"><\/path><\/svg><\/span>\n\t\t<\/span>\n\n\t\t\t\t\t\t<\/summary>\n\t\t\t\t<div role=\"region\" aria-labelledby=\"e-n-accordion-item-2662\" class=\"elementor-element elementor-element-31e1bbd e-con-full e-flex e-con e-child\" data-id=\"31e1bbd\" data-element_type=\"container\">\n\t\t\t\t<div class=\"elementor-element elementor-element-d2f0c95 elementor-widget elementor-widget-text-editor\" data-id=\"d2f0c95\" data-element_type=\"widget\" data-widget_type=\"text-editor.default\">\n\t\t\t\t\t\t\t\t\t<p>P\u0159edpokl\u00e1dan\u00e1 cena modelu iPhone 18 Pro v Polsku se pohybuje kolem 6 000 PLN, zat\u00edmco model iPhone 18 Pro Max by mohl st\u00e1t kolem 8 000 PLN. Jedn\u00e1 se o odhadovan\u00e9 ceny p\u0159i uveden\u00ed na trh \u2013 ofici\u00e1ln\u00ed cen\u00edk spole\u010dnosti Apple bude zn\u00e1m a\u017e po p\u0159edstaven\u00ed. <\/p>\t\t\t\t\t\t\t\t<\/div>\n\t\t\t\t<\/div>\n\t\t\t\t\t<\/details>\n\t\t\t\t\t\t<details id=\"e-n-accordion-item-2663\" class=\"e-n-accordion-item\" >\n\t\t\t\t<summary class=\"e-n-accordion-item-title\" data-accordion-index=\"4\" tabindex=\"-1\" aria-expanded=\"false\" aria-controls=\"e-n-accordion-item-2663\" >\n\t\t\t\t\t<span class='e-n-accordion-item-title-header'><div class=\"e-n-accordion-item-title-text\"> Jak\u00e1 dal\u0161\u00ed za\u0159\u00edzen\u00ed od Apple budou p\u0159edstavena 9. z\u00e1\u0159\u00ed? <\/div><\/span>\n\t\t\t\t\t\t\t<span class='e-n-accordion-item-title-icon'>\n\t\t\t<span class='e-opened' ><svg xmlns=\"http:\/\/www.w3.org\/2000\/svg\" width=\"12\" height=\"8\" viewBox=\"0 0 12 8\" fill=\"none\"><path d=\"M6 0.000391054L12 6.00039L10.6 7.40039L6 2.80039L1.4 7.40039L-1.22392e-07 6.00039L6 0.000391054Z\" fill=\"#292D33\"><\/path><\/svg><\/span>\n\t\t\t<span class='e-closed'><svg xmlns=\"http:\/\/www.w3.org\/2000\/svg\" width=\"12\" height=\"8\" viewBox=\"0 0 12 8\" fill=\"none\"><path d=\"M6 7.4L0 1.4L1.4 0L6 4.6L10.6 0L12 1.4L6 7.4Z\" fill=\"#292D33\"><\/path><\/svg><\/span>\n\t\t<\/span>\n\n\t\t\t\t\t\t<\/summary>\n\t\t\t\t<div role=\"region\" aria-labelledby=\"e-n-accordion-item-2663\" class=\"elementor-element elementor-element-e054d63 e-flex e-con-boxed e-con e-child\" data-id=\"e054d63\" data-element_type=\"container\">\n\t\t\t\t\t<div class=\"e-con-inner\">\n\t\t\t\t<div class=\"elementor-element elementor-element-84f073b elementor-widget elementor-widget-text-editor\" data-id=\"84f073b\" data-element_type=\"widget\" data-widget_type=\"text-editor.default\">\n\t\t\t\t\t\t\t\t\t<p>Krom\u011b nov\u00fdch iPhone\u016f se na z\u00e1\u0159ijov\u00e9 akci o\u010dek\u00e1vaj\u00ed tak\u00e9 Apple Watch Series 12, Apple Watch Ultra 4 a nov\u00e9 AirPods. P\u0159esn\u00fd seznam produkt\u016f potvrd\u00ed Apple b\u011bhem prezentace. <\/p>\t\t\t\t\t\t\t\t<\/div>\n\t\t\t\t\t<\/div>\n\t\t\t\t<\/div>\n\t\t\t\t\t<\/details>\n\t\t\t\t\t<\/div>\n\t\t\t\t\t<script type=\"application\/ld+json\">{\"@context\":\"https:\\\/\\\/schema.org\",\"@type\":\"FAQPage\",\"mainEntity\":[{\"@type\":\"Question\",\"name\":\"Kdy se uskute\\u010dn\\u00ed ofici\\u00e1ln\\u00ed premi\\u00e9ra iPhone 18 Pro?\",\"acceptedAnswer\":{\"@type\":\"Answer\",\"text\":\"Ofici\\u00e1ln\\u00ed p\\u0159edstaven\\u00ed modelu iPhone 18 Pro se m\\u00e1 uskute\\u010dnit 9. z\\u00e1\\u0159\\u00ed 2026 v 19:00 polsk\\u00e9ho \\u010dasu. B\\u011bhem t\\u00e9to akce m\\u00e1 Apple p\\u0159edstavit tak\\u00e9 model iPhone 18 Pro Max a skl\\u00e1dac\\u00ed model ozna\\u010dovan\\u00fd jako iPhone Ultra.\"}},{\"@type\":\"Question\",\"name\":\"Kdy bude uveden\\u00ed iPhone Ultra na trh?\",\"acceptedAnswer\":{\"@type\":\"Answer\",\"text\":\"Premi\\u00e9ra iPhone Ultra se p\\u0159edpokl\\u00e1d\\u00e1 na 9. z\\u00e1\\u0159\\u00ed 2026. M\\u00e1 se jednat o prvn\\u00ed skl\\u00e1dac\\u00ed iPhone v historii spole\\u010dnosti Apple, vybaven\\u00fd velk\\u00fdm vnit\\u0159n\\u00edm displejem a dal\\u0161\\u00edm vn\\u011bj\\u0161\\u00edm displejem. N\\u00e1zev \\u201eiPhone Ultra\\u201c a podrobn\\u00e9 technick\\u00e9 parametry za\\u0159\\u00edzen\\u00ed zat\\u00edm nebyly spole\\u010dnost\\u00ed Apple ofici\\u00e1ln\\u011b potvrzeny.\"}},{\"@type\":\"Question\",\"name\":\"Kolik bude st\\u00e1t iPhone 18 Pro v Polsku?\",\"acceptedAnswer\":{\"@type\":\"Answer\",\"text\":\"P\\u0159edpokl\\u00e1dan\\u00e1 cena modelu iPhone 18 Pro v Polsku se pohybuje kolem 6 000 PLN, zat\\u00edmco model iPhone 18 Pro Max by mohl st\\u00e1t kolem 8 000 PLN. Jedn\\u00e1 se o odhadovan\\u00e9 ceny p\\u0159i uveden\\u00ed na trh \\u2013 ofici\\u00e1ln\\u00ed cen\\u00edk spole\\u010dnosti Apple bude zn\\u00e1m a\\u017e po p\\u0159edstaven\\u00ed.\"}},{\"@type\":\"Question\",\"name\":\"Jak\\u00e1 dal\\u0161\\u00ed za\\u0159\\u00edzen\\u00ed od Apple budou p\\u0159edstavena 9. z\\u00e1\\u0159\\u00ed?\",\"acceptedAnswer\":{\"@type\":\"Answer\",\"text\":\"Krom\\u011b nov\\u00fdch iPhone\\u016f se na z\\u00e1\\u0159ijov\\u00e9 akci o\\u010dek\\u00e1vaj\\u00ed tak\\u00e9 Apple Watch Series 12, Apple Watch Ultra 4 a nov\\u00e9 AirPods. P\\u0159esn\\u00fd seznam produkt\\u016f potvrd\\u00ed Apple b\\u011bhem prezentace.\"}}]}<\/script>\n\t\t\t\t\t\t\t<\/div>\n\t\t\t\t<\/div>\n\t\t<div class=\"elementor-element elementor-element-3ced5f1 e-con-full elementor-hidden-tablet elementor-hidden-mobile e-flex e-con e-child\" data-id=\"3ced5f1\" data-element_type=\"container\" data-settings=\"{&quot;background_background&quot;:&quot;classic&quot;}\">\n\t\t<div class=\"elementor-element elementor-element-3771c2c e-con-full e-flex e-con e-child\" data-id=\"3771c2c\" data-element_type=\"container\">\n\t\t\t\t<div class=\"elementor-element elementor-element-1abce59 elementor-absolute elementor-widget elementor-widget-image\" data-id=\"1abce59\" data-element_type=\"widget\" data-settings=\"{&quot;_position&quot;:&quot;absolute&quot;}\" data-widget_type=\"image.default\">\n\t\t\t\t\t\t\t\t\t\t\t\t\t\t\t<img loading=\"lazy\" decoding=\"async\" width=\"196\" height=\"143\" src=\"https:\/\/swopify.com\/blog\/wp-content\/uploads\/2025\/07\/Vector-6.svg\" class=\"attachment-large size-large wp-image-5166\" alt=\"\" \/>\t\t\t\t\t\t\t\t\t\t\t\t\t\t\t<\/div>\n\t\t\t\t<div class=\"elementor-element elementor-element-3adc862 elementor-absolute elementor-widget elementor-widget-image\" data-id=\"3adc862\" data-element_type=\"widget\" data-settings=\"{&quot;_position&quot;:&quot;absolute&quot;}\" data-widget_type=\"image.default\">\n\t\t\t\t\t\t\t\t\t\t\t\t\t\t\t<img loading=\"lazy\" decoding=\"async\" width=\"196\" height=\"143\" src=\"https:\/\/swopify.com\/blog\/wp-content\/uploads\/2025\/07\/Vector-6.svg\" class=\"attachment-large size-large wp-image-5166\" alt=\"\" \/>\t\t\t\t\t\t\t\t\t\t\t\t\t\t\t<\/div>\n\t\t\t\t<div class=\"elementor-element elementor-element-7ffb0e8 elementor-absolute elementor-widget elementor-widget-image\" data-id=\"7ffb0e8\" data-element_type=\"widget\" data-settings=\"{&quot;_position&quot;:&quot;absolute&quot;}\" data-widget_type=\"image.default\">\n\t\t\t\t\t\t\t\t\t\t\t\t\t\t\t<img loading=\"lazy\" decoding=\"async\" width=\"53\" height=\"50\" src=\"https:\/\/swopify.com\/blog\/wp-content\/uploads\/2025\/07\/Vector-7.svg\" class=\"attachment-large size-large wp-image-5167\" alt=\"\" \/>\t\t\t\t\t\t\t\t\t\t\t\t\t\t\t<\/div>\n\t\t\t\t<div class=\"elementor-element elementor-element-f0dc3a5 elementor-widget elementor-widget-image\" data-id=\"f0dc3a5\" data-element_type=\"widget\" data-widget_type=\"image.default\">\n\t\t\t\t\t\t\t\t\t\t\t\t\t\t\t<img loading=\"lazy\" decoding=\"async\" width=\"685\" height=\"676\" src=\"https:\/\/swopify.com\/blog\/wp-content\/uploads\/2025\/08\/bartek_zdj.jpg\" class=\"attachment-large size-large wp-image-5168\" alt=\"\" srcset=\"https:\/\/swopify.com\/blog\/wp-content\/uploads\/2025\/08\/bartek_zdj.jpg 685w, https:\/\/swopify.com\/blog\/wp-content\/uploads\/2025\/08\/bartek_zdj-300x296.jpg 300w\" sizes=\"(max-width: 685px) 100vw, 685px\" \/>\t\t\t\t\t\t\t\t\t\t\t\t\t\t\t<\/div>\n\t\t\t\t<\/div>\n\t\t<div class=\"elementor-element elementor-element-c7fa709 e-con-full e-flex e-con e-child\" data-id=\"c7fa709\" data-element_type=\"container\">\n\t\t<div class=\"elementor-element elementor-element-7fd3302 e-con-full e-flex e-con e-child\" data-id=\"7fd3302\" data-element_type=\"container\">\n\t\t\t\t<div class=\"elementor-element elementor-element-9a3f2b5 elementor-widget elementor-widget-text-editor\" data-id=\"9a3f2b5\" data-element_type=\"widget\" data-widget_type=\"text-editor.default\">\n\t\t\t\t\t\t\t\t\t<p>O AUTOROVI:<\/p>\t\t\t\t\t\t\t\t<\/div>\n\t\t\t\t<div class=\"elementor-element elementor-element-e6c5546 elementor-widget elementor-widget-text-editor\" data-id=\"e6c5546\" data-element_type=\"widget\" data-widget_type=\"text-editor.default\">\n\t\t\t\t\t\t\t\t\tBartek Zebrowski\t\t\t\t\t\t\t\t<\/div>\n\t\t\t\t<div class=\"elementor-element elementor-element-d6fc869 elementor-widget elementor-widget-text-editor\" data-id=\"d6fc869\" data-element_type=\"widget\" data-widget_type=\"text-editor.default\">\n\t\t\t\t\t\t\t\t\tCEO &amp; Founder SWOPiFY\t\t\t\t\t\t\t\t<\/div>\n\t\t\t\t<div class=\"elementor-element elementor-element-0f28a07 elementor-widget elementor-widget-text-editor\" data-id=\"0f28a07\" data-element_type=\"widget\" data-widget_type=\"text-editor.default\">\n\t\t\t\t\t\t\t\t\t<p>Jsem nad\u0161enec do repasovan\u00e9 elektroniky &#8211; ukazuji, \u017ee m\u016f\u017eete m\u00edt skv\u011bl\u00e9 vybaven\u00ed, ani\u017e byste p\u0159epl\u00e1celi a p\u0159id\u00e1vali dal\u0161\u00ed elektroodpad. Na blogu sd\u00edl\u00edm sv\u00e9 znalosti a zku\u0161enosti, abych inspiroval k chyt\u0159ej\u0161\u00edmu a informovan\u011bj\u0161\u00edmu v\u00fdb\u011bru technologi\u00ed. <\/p>\t\t\t\t\t\t\t\t<\/div>\n\t\t\t\t<\/div>\n\t\t\t\t<\/div>\n\t\t\t\t<\/div>\n\t\t<div class=\"elementor-element elementor-element-aaf9d0f e-con-full elementor-hidden-desktop e-flex e-con e-child\" data-id=\"aaf9d0f\" data-element_type=\"container\" data-settings=\"{&quot;background_background&quot;:&quot;classic&quot;}\">\n\t\t<div class=\"elementor-element elementor-element-a92490e e-con-full e-flex e-con e-child\" data-id=\"a92490e\" data-element_type=\"container\">\n\t\t\t\t<div class=\"elementor-element elementor-element-9ccff93 elementor-absolute elementor-widget elementor-widget-image\" data-id=\"9ccff93\" data-element_type=\"widget\" data-settings=\"{&quot;_position&quot;:&quot;absolute&quot;}\" data-widget_type=\"image.default\">\n\t\t\t\t\t\t\t\t\t\t\t\t\t\t\t<img loading=\"lazy\" decoding=\"async\" width=\"196\" height=\"143\" src=\"https:\/\/swopify.com\/blog\/wp-content\/uploads\/2025\/07\/Vector-6.svg\" class=\"attachment-large size-large wp-image-5166\" alt=\"\" \/>\t\t\t\t\t\t\t\t\t\t\t\t\t\t\t<\/div>\n\t\t\t\t<div class=\"elementor-element elementor-element-4f6644f elementor-absolute elementor-widget elementor-widget-image\" data-id=\"4f6644f\" data-element_type=\"widget\" data-settings=\"{&quot;_position&quot;:&quot;absolute&quot;}\" data-widget_type=\"image.default\">\n\t\t\t\t\t\t\t\t\t\t\t\t\t\t\t<img loading=\"lazy\" decoding=\"async\" width=\"196\" height=\"143\" src=\"https:\/\/swopify.com\/blog\/wp-content\/uploads\/2025\/07\/Vector-6.svg\" class=\"attachment-large size-large wp-image-5166\" alt=\"\" \/>\t\t\t\t\t\t\t\t\t\t\t\t\t\t\t<\/div>\n\t\t\t\t<div class=\"elementor-element elementor-element-9545908 elementor-absolute elementor-widget elementor-widget-image\" data-id=\"9545908\" data-element_type=\"widget\" data-settings=\"{&quot;_position&quot;:&quot;absolute&quot;}\" data-widget_type=\"image.default\">\n\t\t\t\t\t\t\t\t\t\t\t\t\t\t\t<img loading=\"lazy\" decoding=\"async\" width=\"53\" height=\"50\" src=\"https:\/\/swopify.com\/blog\/wp-content\/uploads\/2025\/07\/Vector-7.svg\" class=\"attachment-large size-large wp-image-5167\" alt=\"\" \/>\t\t\t\t\t\t\t\t\t\t\t\t\t\t\t<\/div>\n\t\t\t\t<div class=\"elementor-element elementor-element-40a2eb3 elementor-widget elementor-widget-image\" data-id=\"40a2eb3\" data-element_type=\"widget\" data-widget_type=\"image.default\">\n\t\t\t\t\t\t\t\t\t\t\t\t\t\t\t<img decoding=\"async\" src=\"https:\/\/secure.gravatar.com\/avatar\/1bd8afa4c1d6b4939151f7e8748c2d999db5bdeacaabc395e986297505ee7b4d?s=96&#038;d=mm&#038;r=g\" title=\"\" alt=\"\" loading=\"lazy\" \/>\t\t\t\t\t\t\t\t\t\t\t\t\t\t\t<\/div>\n\t\t\t\t<\/div>\n\t\t<div class=\"elementor-element elementor-element-d8018c1 e-con-full e-flex e-con e-child\" data-id=\"d8018c1\" data-element_type=\"container\">\n\t\t<div class=\"elementor-element elementor-element-4a0487a e-con-full e-flex e-con e-child\" data-id=\"4a0487a\" data-element_type=\"container\">\n\t\t\t\t<div class=\"elementor-element elementor-element-bd13085 elementor-widget elementor-widget-text-editor\" data-id=\"bd13085\" data-element_type=\"widget\" data-widget_type=\"text-editor.default\">\n\t\t\t\t\t\t\t\t\t<p>O AUTOROVI:<\/p>\t\t\t\t\t\t\t\t<\/div>\n\t\t\t\t<div class=\"elementor-element elementor-element-a8f264b elementor-widget elementor-widget-text-editor\" data-id=\"a8f264b\" data-element_type=\"widget\" data-widget_type=\"text-editor.default\">\n\t\t\t\t\t\t\t\t\tBartek Zebrowski\t\t\t\t\t\t\t\t<\/div>\n\t\t\t\t<div class=\"elementor-element elementor-element-26e3be6 elementor-widget elementor-widget-text-editor\" data-id=\"26e3be6\" data-element_type=\"widget\" data-widget_type=\"text-editor.default\">\n\t\t\t\t\t\t\t\t\tCEO &amp; Founder SWOPiFY\t\t\t\t\t\t\t\t<\/div>\n\t\t\t\t<div class=\"elementor-element elementor-element-cd82148 elementor-widget elementor-widget-text-editor\" data-id=\"cd82148\" data-element_type=\"widget\" data-widget_type=\"text-editor.default\">\n\t\t\t\t\t\t\t\t\t<p>Jsem nad\u0161enec do repasovan\u00e9 elektroniky &#8211; ukazuji, \u017ee m\u016f\u017eete m\u00edt skv\u011bl\u00e9 vybaven\u00ed, ani\u017e byste p\u0159epl\u00e1celi a p\u0159id\u00e1vali dal\u0161\u00ed elektroodpad. Na blogu sd\u00edl\u00edm sv\u00e9 znalosti a zku\u0161enosti, abych inspiroval k chyt\u0159ej\u0161\u00edmu a informovan\u011bj\u0161\u00edmu v\u00fdb\u011bru technologi\u00ed. <\/p>\t\t\t\t\t\t\t\t<\/div>\n\t\t\t\t<\/div>\n\t\t\t\t<\/div>\n\t\t\t\t<\/div>\n\t\t\t\t<\/div>\n\t\t<div class=\"elementor-element elementor-element-50dccb7 e-con-full e-flex e-con e-child\" data-id=\"50dccb7\" data-element_type=\"container\" data-settings=\"{&quot;sticky&quot;:&quot;top&quot;,&quot;sticky_offset&quot;:150,&quot;sticky_parent&quot;:&quot;yes&quot;,&quot;sticky_on&quot;:[&quot;desktop&quot;],&quot;sticky_effects_offset&quot;:0,&quot;sticky_anchor_link_offset&quot;:0}\">\n\t\t<div class=\"elementor-element elementor-element-225abc7 e-con-full e-flex e-con e-child\" data-id=\"225abc7\" data-element_type=\"container\" data-settings=\"{&quot;background_background&quot;:&quot;classic&quot;}\">\n\t\t\t\t<div class=\"elementor-element elementor-element-fd93494 elementor-absolute elementor-widget elementor-widget-image\" data-id=\"fd93494\" data-element_type=\"widget\" data-settings=\"{&quot;_position&quot;:&quot;absolute&quot;}\" data-widget_type=\"image.default\">\n\t\t\t\t\t\t\t\t\t\t\t\t\t\t\t<img loading=\"lazy\" decoding=\"async\" width=\"257\" height=\"226\" src=\"https:\/\/swopify.com\/blog\/wp-content\/uploads\/2025\/07\/Vector-2.svg\" class=\"attachment-large size-large wp-image-5170\" alt=\"\" \/>\t\t\t\t\t\t\t\t\t\t\t\t\t\t\t<\/div>\n\t\t\t\t<div class=\"elementor-element elementor-element-8b1898e elementor-absolute elementor-widget elementor-widget-image\" data-id=\"8b1898e\" data-element_type=\"widget\" data-settings=\"{&quot;_position&quot;:&quot;absolute&quot;}\" data-widget_type=\"image.default\">\n\t\t\t\t\t\t\t\t\t\t\t\t\t\t\t<img loading=\"lazy\" decoding=\"async\" width=\"258\" height=\"195\" src=\"https:\/\/swopify.com\/blog\/wp-content\/uploads\/2025\/07\/Vector-3.svg\" class=\"attachment-large size-large wp-image-5171\" alt=\"\" \/>\t\t\t\t\t\t\t\t\t\t\t\t\t\t\t<\/div>\n\t\t\t\t<div class=\"elementor-element elementor-element-92ef408 custom-table-of-content elementor-widget elementor-widget-table-of-contents\" data-id=\"92ef408\" data-element_type=\"widget\" data-settings=\"{&quot;headings_by_tags&quot;:[&quot;h2&quot;],&quot;exclude_headings_by_selector&quot;:&quot;.latest-post-section&quot;,&quot;marker_view&quot;:&quot;bullets&quot;,&quot;icon&quot;:{&quot;value&quot;:&quot;&quot;,&quot;library&quot;:&quot;&quot;},&quot;no_headings_message&quot;:&quot;No headings were found on this page.&quot;,&quot;hierarchical_view&quot;:&quot;yes&quot;,&quot;min_height&quot;:{&quot;unit&quot;:&quot;px&quot;,&quot;size&quot;:&quot;&quot;,&quot;sizes&quot;:[]},&quot;min_height_tablet&quot;:{&quot;unit&quot;:&quot;px&quot;,&quot;size&quot;:&quot;&quot;,&quot;sizes&quot;:[]},&quot;min_height_mobile&quot;:{&quot;unit&quot;:&quot;px&quot;,&quot;size&quot;:&quot;&quot;,&quot;sizes&quot;:[]}}\" data-widget_type=\"table-of-contents.default\">\n\t\t\t\t\t\t\t\t\t<div class=\"elementor-toc__header\">\n\t\t\t\t\t\t<div class=\"elementor-toc__header-title\">\n\t\t\t\tObsah:\t\t\t<\/div>\n\t\t\t\t\t\t\t\t<\/div>\n\t\t\t\t<div id=\"elementor-toc__92ef408\" class=\"elementor-toc__body\">\n\t\t\t<div class=\"elementor-toc__spinner-container\">\n\t\t\t\t<svg class=\"elementor-toc__spinner eicon-animation-spin e-font-icon-svg e-eicon-loading\" aria-hidden=\"true\" viewBox=\"0 0 1000 1000\" xmlns=\"http:\/\/www.w3.org\/2000\/svg\"><path d=\"M500 975V858C696 858 858 696 858 500S696 142 500 142 142 304 142 500H25C25 237 238 25 500 25S975 237 975 500 763 975 500 975Z\"><\/path><\/svg>\t\t\t<\/div>\n\t\t<\/div>\n\t\t\t\t\t\t<\/div>\n\t\t\t\t<\/div>\n\t\t\t\t<div class=\"elementor-element elementor-element-b48d790 button-with-arrow-right elementor-align-right elementor-hidden-tablet elementor-hidden-mobile elementor-widget elementor-widget-button\" data-id=\"b48d790\" data-element_type=\"widget\" data-widget_type=\"button.default\">\n\t\t\t\t\t\t\t\t\t\t<a class=\"elementor-button elementor-button-link elementor-size-sm\" href=\"#\">\n\t\t\t\t\t\t<span class=\"elementor-button-content-wrapper\">\n\t\t\t\t\t\t<span class=\"elementor-button-icon\">\n\t\t\t\t<svg xmlns=\"http:\/\/www.w3.org\/2000\/svg\" width=\"24\" height=\"24\" viewBox=\"0 0 24 24\" fill=\"none\"><mask id=\"mask0_137_1085\" style=\"mask-type:alpha\" maskUnits=\"userSpaceOnUse\" x=\"0\" y=\"0\" width=\"24\" height=\"24\"><rect width=\"24\" height=\"24\" fill=\"#D9D9D9\"><\/rect><\/mask><g mask=\"url(#mask0_137_1085)\"><path d=\"M5.4 20L4 18.6L15.6 7H9V5H19V15H17V8.4L5.4 20Z\" fill=\"white\"><\/path><\/g><\/svg>\t\t\t<\/span>\n\t\t\t\t\t\t\t\t\t<span class=\"elementor-button-text\">Zp\u011bt do obchodu<\/span>\n\t\t\t\t\t<\/span>\n\t\t\t\t\t<\/a>\n\t\t\t\t\t\t\t\t<\/div>\n\t\t\t\t<\/div>\n\t\t\t\t\t<\/div>\n\t\t\t\t<\/div>\n\t\t<div class=\"elementor-element elementor-element-b1e8d29 e-flex e-con-boxed e-con e-parent\" data-id=\"b1e8d29\" data-element_type=\"container\" data-settings=\"{&quot;background_background&quot;:&quot;classic&quot;}\">\n\t\t\t\t\t<div class=\"e-con-inner\">\n\t\t<div class=\"elementor-element elementor-element-cf40465 e-con-full elementor-hidden-desktop e-flex e-con e-child\" data-id=\"cf40465\" data-element_type=\"container\">\n\t\t<div class=\"elementor-element elementor-element-ea337e9 e-con-full e-flex e-con e-child\" data-id=\"ea337e9\" data-element_type=\"container\" data-settings=\"{&quot;background_background&quot;:&quot;classic&quot;,&quot;sticky&quot;:&quot;bottom&quot;,&quot;sticky_on&quot;:[&quot;tablet&quot;,&quot;mobile&quot;],&quot;sticky_offset_tablet&quot;:10,&quot;animation_tablet&quot;:&quot;none&quot;,&quot;sticky_offset&quot;:0,&quot;sticky_effects_offset&quot;:0,&quot;sticky_anchor_link_offset&quot;:0}\">\n\t\t\t\t<div class=\"elementor-element elementor-element-23c35b8 button-with-arrow-left elementor-align-right elementor-mobile-align-justify elementor-widget-mobile__width-auto elementor-widget elementor-widget-button\" data-id=\"23c35b8\" data-element_type=\"widget\" data-widget_type=\"button.default\">\n\t\t\t\t\t\t\t\t\t\t<a class=\"elementor-button elementor-button-link elementor-size-sm\" href=\"#spis-tresci\">\n\t\t\t\t\t\t<span class=\"elementor-button-content-wrapper\">\n\t\t\t\t\t\t<span class=\"elementor-button-icon\">\n\t\t\t\t<svg xmlns=\"http:\/\/www.w3.org\/2000\/svg\" width=\"24\" height=\"24\" viewBox=\"0 0 24 24\" fill=\"none\"><rect width=\"24\" height=\"24\" rx=\"12\" fill=\"#9A23FB\"><\/rect><path d=\"M7 15H17\" stroke=\"white\" stroke-width=\"2\" stroke-linecap=\"round\"><\/path><path d=\"M7 12H17\" stroke=\"white\" stroke-width=\"2\" stroke-linecap=\"round\"><\/path><path d=\"M7 9H17\" stroke=\"white\" stroke-width=\"2\" stroke-linecap=\"round\"><\/path><\/svg>\t\t\t<\/span>\n\t\t\t\t\t\t\t\t\t<span class=\"elementor-button-text\">Obsah<\/span>\n\t\t\t\t\t<\/span>\n\t\t\t\t\t<\/a>\n\t\t\t\t\t\t\t\t<\/div>\n\t\t\t\t<div class=\"elementor-element elementor-element-99dfb18 button-with-arrow-right elementor-align-right elementor-widget-mobile__width-auto elementor-widget elementor-widget-button\" data-id=\"99dfb18\" data-element_type=\"widget\" data-widget_type=\"button.default\">\n\t\t\t\t\t\t\t\t\t\t<a class=\"elementor-button elementor-button-link elementor-size-sm\" href=\"#\">\n\t\t\t\t\t\t<span class=\"elementor-button-content-wrapper\">\n\t\t\t\t\t\t<span class=\"elementor-button-icon\">\n\t\t\t\t<svg xmlns=\"http:\/\/www.w3.org\/2000\/svg\" width=\"24\" height=\"24\" viewBox=\"0 0 24 24\" fill=\"none\"><mask id=\"mask0_137_1085\" style=\"mask-type:alpha\" maskUnits=\"userSpaceOnUse\" x=\"0\" y=\"0\" width=\"24\" height=\"24\"><rect width=\"24\" height=\"24\" fill=\"#D9D9D9\"><\/rect><\/mask><g mask=\"url(#mask0_137_1085)\"><path d=\"M5.4 20L4 18.6L15.6 7H9V5H19V15H17V8.4L5.4 20Z\" fill=\"white\"><\/path><\/g><\/svg>\t\t\t<\/span>\n\t\t\t\t\t\t\t\t\t<span class=\"elementor-button-text\">Zp\u011bt do obchodu<\/span>\n\t\t\t\t\t<\/span>\n\t\t\t\t\t<\/a>\n\t\t\t\t\t\t\t\t<\/div>\n\t\t\t\t<\/div>\n\t\t\t\t<\/div>\n\t\t\t\t\t<\/div>\n\t\t\t\t<\/div>\n\t\t<div class=\"elementor-element elementor-element-677958b e-grid e-con-boxed e-con e-parent\" data-id=\"677958b\" data-element_type=\"container\">\n\t\t\t\t\t<div class=\"e-con-inner\">\n\t\t\t\t\t<\/div>\n\t\t\t\t<\/div>\n\t\t\t\t<\/div>\n\t\t","protected":false},"excerpt":{"rendered":"<p>Co je nov\u00e9ho?<\/p>\n","protected":false},"author":3,"featured_media":8094,"comment_status":"closed","ping_status":"open","sticky":false,"template":"elementor_header_footer","format":"standard","meta":{"_acf_changed":false,"footnotes":""},"categories":[148],"tags":[],"class_list":["post-8088","post","type-post","status-publish","format-standard","has-post-thumbnail","hentry","category-novinky"],"acf":[],"yoast_head":"<!-- This site is optimized with the Yoast SEO plugin v26.2 - https:\/\/yoast.com\/wordpress\/plugins\/seo\/ -->\n<title>Ofici\u00e1ln\u00ed p\u0159edstaven\u00ed model\u016f iPhone 18 Pro a iPhone Ultra na konferenci 9. z\u00e1\u0159\u00ed 2026 | SWOPiFY<\/title>\n<meta name=\"description\" content=\"Premi\u00e9ra model\u016f iPhone 18 Pro a iPhone Ultra se uskute\u010dn\u00ed ji\u017e 9. z\u00e1\u0159\u00ed 2026. Pod\u00edvejte se na ceny, technick\u00e9 parametry a dal\u0161\u00ed novinky od Apple.\" \/>\n<meta name=\"robots\" content=\"index, follow, max-snippet:-1, max-image-preview:large, max-video-preview:-1\" \/>\n<link rel=\"canonical\" href=\"https:\/\/swopify.com\/blog\/cs\/oficialni-uvedeni-modelu-iphone-18-pro-a-iphone-ultra-na-trh-se-uskutecni-9-zari-2026\/\" \/>\n<meta property=\"og:locale\" content=\"cs_CZ\" \/>\n<meta property=\"og:type\" content=\"article\" \/>\n<meta property=\"og:title\" content=\"Ofici\u00e1ln\u00ed p\u0159edstaven\u00ed model\u016f iPhone 18 Pro a iPhone Ultra na konferenci 9. z\u00e1\u0159\u00ed 2026 | SWOPiFY\" \/>\n<meta property=\"og:description\" content=\"Premi\u00e9ra model\u016f iPhone 18 Pro a iPhone Ultra se uskute\u010dn\u00ed ji\u017e 9. z\u00e1\u0159\u00ed 2026. Pod\u00edvejte se na ceny, technick\u00e9 parametry a dal\u0161\u00ed novinky od Apple.\" \/>\n<meta property=\"og:url\" content=\"https:\/\/swopify.com\/blog\/cs\/oficialni-uvedeni-modelu-iphone-18-pro-a-iphone-ultra-na-trh-se-uskutecni-9-zari-2026\/\" \/>\n<meta property=\"og:site_name\" content=\"SWOPiFY\" \/>\n<meta property=\"article:publisher\" content=\"https:\/\/www.facebook.com\/swopify.polska\/\" \/>\n<meta property=\"article:published_time\" content=\"2026-08-27T10:32:28+00:00\" \/>\n<meta property=\"article:modified_time\" content=\"2026-09-03T09:51:50+00:00\" \/>\n<meta property=\"og:image\" content=\"https:\/\/swopify.com\/blog\/wp-content\/uploads\/2026\/07\/premiera-iphone-18-pro-i-iphone-ultra.jpg\" \/>\n\t<meta property=\"og:image:width\" content=\"720\" \/>\n\t<meta property=\"og:image:height\" content=\"526\" \/>\n\t<meta property=\"og:image:type\" content=\"image\/jpeg\" \/>\n<meta name=\"author\" content=\"Bartek Zebrowski\" \/>\n<meta name=\"twitter:card\" content=\"summary_large_image\" \/>\n<meta name=\"twitter:label1\" content=\"Written by\" \/>\n\t<meta name=\"twitter:data1\" content=\"Bartek Zebrowski\" \/>\n\t<meta name=\"twitter:label2\" content=\"Est. reading time\" \/>\n\t<meta name=\"twitter:data2\" content=\"10 minut\" \/>\n<script type=\"application\/ld+json\" class=\"yoast-schema-graph\">{\"@context\":\"https:\/\/schema.org\",\"@graph\":[{\"@type\":\"Article\",\"@id\":\"https:\/\/swopify.com\/blog\/cs\/oficialni-uvedeni-modelu-iphone-18-pro-a-iphone-ultra-na-trh-se-uskutecni-9-zari-2026\/#article\",\"isPartOf\":{\"@id\":\"https:\/\/swopify.com\/blog\/cs\/oficialni-uvedeni-modelu-iphone-18-pro-a-iphone-ultra-na-trh-se-uskutecni-9-zari-2026\/\"},\"author\":{\"name\":\"Bartek Zebrowski\",\"@id\":\"https:\/\/swopify.com\/blog\/#\/schema\/person\/33a2572ff16452bda32b9d8ef4080d16\"},\"headline\":\"Ofici\u00e1ln\u00ed uveden\u00ed model\u016f iPhone 18 Pro a iPhone Ultra na trh se uskute\u010dn\u00ed 9. z\u00e1\u0159\u00ed 2026\",\"datePublished\":\"2026-08-27T10:32:28+00:00\",\"dateModified\":\"2026-09-03T09:51:50+00:00\",\"mainEntityOfPage\":{\"@id\":\"https:\/\/swopify.com\/blog\/cs\/oficialni-uvedeni-modelu-iphone-18-pro-a-iphone-ultra-na-trh-se-uskutecni-9-zari-2026\/\"},\"wordCount\":2014,\"publisher\":{\"@id\":\"https:\/\/swopify.com\/blog\/#organization\"},\"image\":{\"@id\":\"https:\/\/swopify.com\/blog\/cs\/oficialni-uvedeni-modelu-iphone-18-pro-a-iphone-ultra-na-trh-se-uskutecni-9-zari-2026\/#primaryimage\"},\"thumbnailUrl\":\"https:\/\/swopify.com\/blog\/wp-content\/uploads\/2026\/07\/premiera-iphone-18-pro-i-iphone-ultra.jpg\",\"articleSection\":[\"Novinky\"],\"inLanguage\":\"cs\"},{\"@type\":\"WebPage\",\"@id\":\"https:\/\/swopify.com\/blog\/cs\/oficialni-uvedeni-modelu-iphone-18-pro-a-iphone-ultra-na-trh-se-uskutecni-9-zari-2026\/\",\"url\":\"https:\/\/swopify.com\/blog\/cs\/oficialni-uvedeni-modelu-iphone-18-pro-a-iphone-ultra-na-trh-se-uskutecni-9-zari-2026\/\",\"name\":\"Ofici\u00e1ln\u00ed p\u0159edstaven\u00ed model\u016f iPhone 18 Pro a iPhone Ultra na konferenci 9. z\u00e1\u0159\u00ed 2026 | SWOPiFY\",\"isPartOf\":{\"@id\":\"https:\/\/swopify.com\/blog\/#website\"},\"primaryImageOfPage\":{\"@id\":\"https:\/\/swopify.com\/blog\/cs\/oficialni-uvedeni-modelu-iphone-18-pro-a-iphone-ultra-na-trh-se-uskutecni-9-zari-2026\/#primaryimage\"},\"image\":{\"@id\":\"https:\/\/swopify.com\/blog\/cs\/oficialni-uvedeni-modelu-iphone-18-pro-a-iphone-ultra-na-trh-se-uskutecni-9-zari-2026\/#primaryimage\"},\"thumbnailUrl\":\"https:\/\/swopify.com\/blog\/wp-content\/uploads\/2026\/07\/premiera-iphone-18-pro-i-iphone-ultra.jpg\",\"datePublished\":\"2026-08-27T10:32:28+00:00\",\"dateModified\":\"2026-09-03T09:51:50+00:00\",\"description\":\"Premi\u00e9ra model\u016f iPhone 18 Pro a iPhone Ultra se uskute\u010dn\u00ed ji\u017e 9. z\u00e1\u0159\u00ed 2026. Pod\u00edvejte se na ceny, technick\u00e9 parametry a dal\u0161\u00ed novinky od Apple.\",\"breadcrumb\":{\"@id\":\"https:\/\/swopify.com\/blog\/cs\/oficialni-uvedeni-modelu-iphone-18-pro-a-iphone-ultra-na-trh-se-uskutecni-9-zari-2026\/#breadcrumb\"},\"inLanguage\":\"cs\",\"potentialAction\":[{\"@type\":\"ReadAction\",\"target\":[\"https:\/\/swopify.com\/blog\/cs\/oficialni-uvedeni-modelu-iphone-18-pro-a-iphone-ultra-na-trh-se-uskutecni-9-zari-2026\/\"]}]},{\"@type\":\"ImageObject\",\"inLanguage\":\"cs\",\"@id\":\"https:\/\/swopify.com\/blog\/cs\/oficialni-uvedeni-modelu-iphone-18-pro-a-iphone-ultra-na-trh-se-uskutecni-9-zari-2026\/#primaryimage\",\"url\":\"https:\/\/swopify.com\/blog\/wp-content\/uploads\/2026\/07\/premiera-iphone-18-pro-i-iphone-ultra.jpg\",\"contentUrl\":\"https:\/\/swopify.com\/blog\/wp-content\/uploads\/2026\/07\/premiera-iphone-18-pro-i-iphone-ultra.jpg\",\"width\":720,\"height\":526,\"caption\":\"premi\u00e9ra iPhone 18 Pro a iPhone Ultra\"},{\"@type\":\"BreadcrumbList\",\"@id\":\"https:\/\/swopify.com\/blog\/cs\/oficialni-uvedeni-modelu-iphone-18-pro-a-iphone-ultra-na-trh-se-uskutecni-9-zari-2026\/#breadcrumb\",\"itemListElement\":[{\"@type\":\"ListItem\",\"position\":1,\"name\":\"Strona g\u0142\u00f3wna\",\"item\":\"https:\/\/swopify.com\/blog\/cs\/\"},{\"@type\":\"ListItem\",\"position\":2,\"name\":\"Ofici\u00e1ln\u00ed uveden\u00ed model\u016f iPhone 18 Pro a iPhone Ultra na trh se uskute\u010dn\u00ed 9. z\u00e1\u0159\u00ed 2026\"}]},{\"@type\":\"WebSite\",\"@id\":\"https:\/\/swopify.com\/blog\/#website\",\"url\":\"https:\/\/swopify.com\/blog\/\",\"name\":\"SWOPiFY\",\"description\":\"Blog o elektronice refurbished\",\"publisher\":{\"@id\":\"https:\/\/swopify.com\/blog\/#organization\"},\"potentialAction\":[{\"@type\":\"SearchAction\",\"target\":{\"@type\":\"EntryPoint\",\"urlTemplate\":\"https:\/\/swopify.com\/blog\/?s={search_term_string}\"},\"query-input\":{\"@type\":\"PropertyValueSpecification\",\"valueRequired\":true,\"valueName\":\"search_term_string\"}}],\"inLanguage\":\"cs\"},{\"@type\":\"Organization\",\"@id\":\"https:\/\/swopify.com\/blog\/#organization\",\"name\":\"SWOPiFY\",\"url\":\"https:\/\/swopify.com\/blog\/\",\"logo\":{\"@type\":\"ImageObject\",\"inLanguage\":\"cs\",\"@id\":\"https:\/\/swopify.com\/blog\/#\/schema\/logo\/image\/\",\"url\":\"https:\/\/swopify.com\/blog\/wp-content\/uploads\/2025\/10\/swopify-blog-logo.png\",\"contentUrl\":\"https:\/\/swopify.com\/blog\/wp-content\/uploads\/2025\/10\/swopify-blog-logo.png\",\"width\":219,\"height\":33,\"caption\":\"SWOPiFY\"},\"image\":{\"@id\":\"https:\/\/swopify.com\/blog\/#\/schema\/logo\/image\/\"},\"sameAs\":[\"https:\/\/www.facebook.com\/swopify.polska\/\",\"https:\/\/www.instagram.com\/swopify_pl\"]},{\"@type\":\"Person\",\"@id\":\"https:\/\/swopify.com\/blog\/#\/schema\/person\/33a2572ff16452bda32b9d8ef4080d16\",\"name\":\"Bartek Zebrowski\",\"image\":{\"@type\":\"ImageObject\",\"inLanguage\":\"cs\",\"@id\":\"https:\/\/swopify.com\/blog\/#\/schema\/person\/image\/\",\"url\":\"https:\/\/secure.gravatar.com\/avatar\/1bd8afa4c1d6b4939151f7e8748c2d999db5bdeacaabc395e986297505ee7b4d?s=96&d=mm&r=g\",\"contentUrl\":\"https:\/\/secure.gravatar.com\/avatar\/1bd8afa4c1d6b4939151f7e8748c2d999db5bdeacaabc395e986297505ee7b4d?s=96&d=mm&r=g\",\"caption\":\"Bartek Zebrowski\"},\"description\":\"Jestem pasjonatem odnowionej elektroniki \u2013 pokazuj\u0119, \u017ce mo\u017cna mie\u0107 \u015bwietny sprz\u0119t bez przep\u0142acania i bez dok\u0142adania kolejnych elektro\u015bmieci. Na blogu dziel\u0119 si\u0119 wiedz\u0105 i do\u015bwiadczeniem, \u017ceby inspirowa\u0107 do sprytniejszych i bardziej \u015bwiadomych wybor\u00f3w technologicznych.\"}]}<\/script>\n<!-- \/ Yoast SEO plugin. -->","yoast_head_json":{"title":"Ofici\u00e1ln\u00ed p\u0159edstaven\u00ed model\u016f iPhone 18 Pro a iPhone Ultra na konferenci 9. z\u00e1\u0159\u00ed 2026 | SWOPiFY","description":"Premi\u00e9ra model\u016f iPhone 18 Pro a iPhone Ultra se uskute\u010dn\u00ed ji\u017e 9. z\u00e1\u0159\u00ed 2026. Pod\u00edvejte se na ceny, technick\u00e9 parametry a dal\u0161\u00ed novinky od Apple.","robots":{"index":"index","follow":"follow","max-snippet":"max-snippet:-1","max-image-preview":"max-image-preview:large","max-video-preview":"max-video-preview:-1"},"canonical":"https:\/\/swopify.com\/blog\/cs\/oficialni-uvedeni-modelu-iphone-18-pro-a-iphone-ultra-na-trh-se-uskutecni-9-zari-2026\/","og_locale":"cs_CZ","og_type":"article","og_title":"Ofici\u00e1ln\u00ed p\u0159edstaven\u00ed model\u016f iPhone 18 Pro a iPhone Ultra na konferenci 9. z\u00e1\u0159\u00ed 2026 | SWOPiFY","og_description":"Premi\u00e9ra model\u016f iPhone 18 Pro a iPhone Ultra se uskute\u010dn\u00ed ji\u017e 9. z\u00e1\u0159\u00ed 2026. Pod\u00edvejte se na ceny, technick\u00e9 parametry a dal\u0161\u00ed novinky od Apple.","og_url":"https:\/\/swopify.com\/blog\/cs\/oficialni-uvedeni-modelu-iphone-18-pro-a-iphone-ultra-na-trh-se-uskutecni-9-zari-2026\/","og_site_name":"SWOPiFY","article_publisher":"https:\/\/www.facebook.com\/swopify.polska\/","article_published_time":"2026-08-27T10:32:28+00:00","article_modified_time":"2026-09-03T09:51:50+00:00","og_image":[{"width":720,"height":526,"url":"https:\/\/swopify.com\/blog\/wp-content\/uploads\/2026\/07\/premiera-iphone-18-pro-i-iphone-ultra.jpg","type":"image\/jpeg"}],"author":"Bartek Zebrowski","twitter_card":"summary_large_image","twitter_misc":{"Written by":"Bartek Zebrowski","Est. reading time":"10 minut"},"schema":{"@context":"https:\/\/schema.org","@graph":[{"@type":"Article","@id":"https:\/\/swopify.com\/blog\/cs\/oficialni-uvedeni-modelu-iphone-18-pro-a-iphone-ultra-na-trh-se-uskutecni-9-zari-2026\/#article","isPartOf":{"@id":"https:\/\/swopify.com\/blog\/cs\/oficialni-uvedeni-modelu-iphone-18-pro-a-iphone-ultra-na-trh-se-uskutecni-9-zari-2026\/"},"author":{"name":"Bartek Zebrowski","@id":"https:\/\/swopify.com\/blog\/#\/schema\/person\/33a2572ff16452bda32b9d8ef4080d16"},"headline":"Ofici\u00e1ln\u00ed uveden\u00ed model\u016f iPhone 18 Pro a iPhone Ultra na trh se uskute\u010dn\u00ed 9. z\u00e1\u0159\u00ed 2026","datePublished":"2026-08-27T10:32:28+00:00","dateModified":"2026-09-03T09:51:50+00:00","mainEntityOfPage":{"@id":"https:\/\/swopify.com\/blog\/cs\/oficialni-uvedeni-modelu-iphone-18-pro-a-iphone-ultra-na-trh-se-uskutecni-9-zari-2026\/"},"wordCount":2014,"publisher":{"@id":"https:\/\/swopify.com\/blog\/#organization"},"image":{"@id":"https:\/\/swopify.com\/blog\/cs\/oficialni-uvedeni-modelu-iphone-18-pro-a-iphone-ultra-na-trh-se-uskutecni-9-zari-2026\/#primaryimage"},"thumbnailUrl":"https:\/\/swopify.com\/blog\/wp-content\/uploads\/2026\/07\/premiera-iphone-18-pro-i-iphone-ultra.jpg","articleSection":["Novinky"],"inLanguage":"cs"},{"@type":"WebPage","@id":"https:\/\/swopify.com\/blog\/cs\/oficialni-uvedeni-modelu-iphone-18-pro-a-iphone-ultra-na-trh-se-uskutecni-9-zari-2026\/","url":"https:\/\/swopify.com\/blog\/cs\/oficialni-uvedeni-modelu-iphone-18-pro-a-iphone-ultra-na-trh-se-uskutecni-9-zari-2026\/","name":"Ofici\u00e1ln\u00ed p\u0159edstaven\u00ed model\u016f iPhone 18 Pro a iPhone Ultra na konferenci 9. z\u00e1\u0159\u00ed 2026 | SWOPiFY","isPartOf":{"@id":"https:\/\/swopify.com\/blog\/#website"},"primaryImageOfPage":{"@id":"https:\/\/swopify.com\/blog\/cs\/oficialni-uvedeni-modelu-iphone-18-pro-a-iphone-ultra-na-trh-se-uskutecni-9-zari-2026\/#primaryimage"},"image":{"@id":"https:\/\/swopify.com\/blog\/cs\/oficialni-uvedeni-modelu-iphone-18-pro-a-iphone-ultra-na-trh-se-uskutecni-9-zari-2026\/#primaryimage"},"thumbnailUrl":"https:\/\/swopify.com\/blog\/wp-content\/uploads\/2026\/07\/premiera-iphone-18-pro-i-iphone-ultra.jpg","datePublished":"2026-08-27T10:32:28+00:00","dateModified":"2026-09-03T09:51:50+00:00","description":"Premi\u00e9ra model\u016f iPhone 18 Pro a iPhone Ultra se uskute\u010dn\u00ed ji\u017e 9. z\u00e1\u0159\u00ed 2026. Pod\u00edvejte se na ceny, technick\u00e9 parametry a dal\u0161\u00ed novinky od Apple.","breadcrumb":{"@id":"https:\/\/swopify.com\/blog\/cs\/oficialni-uvedeni-modelu-iphone-18-pro-a-iphone-ultra-na-trh-se-uskutecni-9-zari-2026\/#breadcrumb"},"inLanguage":"cs","potentialAction":[{"@type":"ReadAction","target":["https:\/\/swopify.com\/blog\/cs\/oficialni-uvedeni-modelu-iphone-18-pro-a-iphone-ultra-na-trh-se-uskutecni-9-zari-2026\/"]}]},{"@type":"ImageObject","inLanguage":"cs","@id":"https:\/\/swopify.com\/blog\/cs\/oficialni-uvedeni-modelu-iphone-18-pro-a-iphone-ultra-na-trh-se-uskutecni-9-zari-2026\/#primaryimage","url":"https:\/\/swopify.com\/blog\/wp-content\/uploads\/2026\/07\/premiera-iphone-18-pro-i-iphone-ultra.jpg","contentUrl":"https:\/\/swopify.com\/blog\/wp-content\/uploads\/2026\/07\/premiera-iphone-18-pro-i-iphone-ultra.jpg","width":720,"height":526,"caption":"premi\u00e9ra iPhone 18 Pro a iPhone Ultra"},{"@type":"BreadcrumbList","@id":"https:\/\/swopify.com\/blog\/cs\/oficialni-uvedeni-modelu-iphone-18-pro-a-iphone-ultra-na-trh-se-uskutecni-9-zari-2026\/#breadcrumb","itemListElement":[{"@type":"ListItem","position":1,"name":"Strona g\u0142\u00f3wna","item":"https:\/\/swopify.com\/blog\/cs\/"},{"@type":"ListItem","position":2,"name":"Ofici\u00e1ln\u00ed uveden\u00ed model\u016f iPhone 18 Pro a iPhone Ultra na trh se uskute\u010dn\u00ed 9. z\u00e1\u0159\u00ed 2026"}]},{"@type":"WebSite","@id":"https:\/\/swopify.com\/blog\/#website","url":"https:\/\/swopify.com\/blog\/","name":"SWOPiFY","description":"Blog o elektronice refurbished","publisher":{"@id":"https:\/\/swopify.com\/blog\/#organization"},"potentialAction":[{"@type":"SearchAction","target":{"@type":"EntryPoint","urlTemplate":"https:\/\/swopify.com\/blog\/?s={search_term_string}"},"query-input":{"@type":"PropertyValueSpecification","valueRequired":true,"valueName":"search_term_string"}}],"inLanguage":"cs"},{"@type":"Organization","@id":"https:\/\/swopify.com\/blog\/#organization","name":"SWOPiFY","url":"https:\/\/swopify.com\/blog\/","logo":{"@type":"ImageObject","inLanguage":"cs","@id":"https:\/\/swopify.com\/blog\/#\/schema\/logo\/image\/","url":"https:\/\/swopify.com\/blog\/wp-content\/uploads\/2025\/10\/swopify-blog-logo.png","contentUrl":"https:\/\/swopify.com\/blog\/wp-content\/uploads\/2025\/10\/swopify-blog-logo.png","width":219,"height":33,"caption":"SWOPiFY"},"image":{"@id":"https:\/\/swopify.com\/blog\/#\/schema\/logo\/image\/"},"sameAs":["https:\/\/www.facebook.com\/swopify.polska\/","https:\/\/www.instagram.com\/swopify_pl"]},{"@type":"Person","@id":"https:\/\/swopify.com\/blog\/#\/schema\/person\/33a2572ff16452bda32b9d8ef4080d16","name":"Bartek Zebrowski","image":{"@type":"ImageObject","inLanguage":"cs","@id":"https:\/\/swopify.com\/blog\/#\/schema\/person\/image\/","url":"https:\/\/secure.gravatar.com\/avatar\/1bd8afa4c1d6b4939151f7e8748c2d999db5bdeacaabc395e986297505ee7b4d?s=96&d=mm&r=g","contentUrl":"https:\/\/secure.gravatar.com\/avatar\/1bd8afa4c1d6b4939151f7e8748c2d999db5bdeacaabc395e986297505ee7b4d?s=96&d=mm&r=g","caption":"Bartek Zebrowski"},"description":"Jestem pasjonatem odnowionej elektroniki \u2013 pokazuj\u0119, \u017ce mo\u017cna mie\u0107 \u015bwietny sprz\u0119t bez przep\u0142acania i bez dok\u0142adania kolejnych elektro\u015bmieci. Na blogu dziel\u0119 si\u0119 wiedz\u0105 i do\u015bwiadczeniem, \u017ceby inspirowa\u0107 do sprytniejszych i bardziej \u015bwiadomych wybor\u00f3w technologicznych."}]}},"_links":{"self":[{"href":"https:\/\/swopify.com\/blog\/cs\/wp-json\/wp\/v2\/posts\/8088","targetHints":{"allow":["GET"]}}],"collection":[{"href":"https:\/\/swopify.com\/blog\/cs\/wp-json\/wp\/v2\/posts"}],"about":[{"href":"https:\/\/swopify.com\/blog\/cs\/wp-json\/wp\/v2\/types\/post"}],"author":[{"embeddable":true,"href":"https:\/\/swopify.com\/blog\/cs\/wp-json\/wp\/v2\/users\/3"}],"replies":[{"embeddable":true,"href":"https:\/\/swopify.com\/blog\/cs\/wp-json\/wp\/v2\/comments?post=8088"}],"version-history":[{"count":1,"href":"https:\/\/swopify.com\/blog\/cs\/wp-json\/wp\/v2\/posts\/8088\/revisions"}],"predecessor-version":[{"id":8098,"href":"https:\/\/swopify.com\/blog\/cs\/wp-json\/wp\/v2\/posts\/8088\/revisions\/8098"}],"wp:featuredmedia":[{"embeddable":true,"href":"https:\/\/swopify.com\/blog\/cs\/wp-json\/wp\/v2\/media\/8094"}],"wp:attachment":[{"href":"https:\/\/swopify.com\/blog\/cs\/wp-json\/wp\/v2\/media?parent=8088"}],"wp:term":[{"taxonomy":"category","embeddable":true,"href":"https:\/\/swopify.com\/blog\/cs\/wp-json\/wp\/v2\/categories?post=8088"},{"taxonomy":"post_tag","embeddable":true,"href":"https:\/\/swopify.com\/blog\/cs\/wp-json\/wp\/v2\/tags?post=8088"}],"curies":[{"name":"wp","href":"https:\/\/api.w.org\/{rel}","templated":true}]}}