{"id":6512,"date":"2026-04-27T15:34:37","date_gmt":"2026-04-27T15:34:37","guid":{"rendered":"https:\/\/swopify.com\/blog\/ipad-pro-oder-ipad-air-welches-apple-tablet-solltest-du-waehlen\/"},"modified":"2026-04-30T06:07:26","modified_gmt":"2026-04-30T06:07:26","slug":"ipad-pro-oder-ipad-air-welches-apple-tablet-solltest-du-waehlen","status":"publish","type":"post","link":"https:\/\/swopify.com\/blog\/de\/ipad-pro-oder-ipad-air-welches-apple-tablet-solltest-du-waehlen\/","title":{"rendered":"iPad Pro oder iPad Air? Welches Apple Tablet solltest du w\u00e4hlen?"},"content":{"rendered":"\t\t<div data-elementor-type=\"wp-post\" data-elementor-id=\"6512\" class=\"elementor elementor-6512 elementor-6452\" data-elementor-post-type=\"post\">\n\t\t\t\t<div class=\"elementor-element elementor-element-a068712 e-con-full latest-post-section elementor-hidden-desktop e-flex e-con e-parent\" data-id=\"a068712\" data-element_type=\"container\" data-settings=\"{&quot;background_background&quot;:&quot;classic&quot;}\">\n\t\t\t\t<div class=\"elementor-element elementor-element-96432e9 elementor-widget-tablet__width-inherit elementor-hidden-desktop elementor-widget elementor-widget-image\" data-id=\"96432e9\" data-element_type=\"widget\" data-widget_type=\"image.default\">\n\t\t\t\t\t\t\t\t\t\t\t\t\t\t\t<img fetchpriority=\"high\" decoding=\"async\" width=\"720\" height=\"526\" src=\"https:\/\/swopify.com\/blog\/wp-content\/uploads\/2026\/04\/ipad-pro-vs-ipad-air.jpg\" class=\"attachment-full size-full wp-image-6513\" alt=\"ipad pro vs ipad air\" srcset=\"https:\/\/swopify.com\/blog\/wp-content\/uploads\/2026\/04\/ipad-pro-vs-ipad-air.jpg 720w, https:\/\/swopify.com\/blog\/wp-content\/uploads\/2026\/04\/ipad-pro-vs-ipad-air-300x219.jpg 300w\" sizes=\"(max-width: 720px) 100vw, 720px\" \/>\t\t\t\t\t\t\t\t\t\t\t\t\t\t\t<\/div>\n\t\t<div class=\"elementor-element elementor-element-6bb8681 e-con-full e-flex e-con e-child\" data-id=\"6bb8681\" data-element_type=\"container\">\n\t\t\t\t<div class=\"elementor-element elementor-element-1b46a36 elementor-widget elementor-widget-theme-post-title elementor-page-title elementor-widget-heading\" data-id=\"1b46a36\" data-element_type=\"widget\" data-widget_type=\"theme-post-title.default\">\n\t\t\t\t\t<h2 class=\"elementor-heading-title elementor-size-default\">iPad Pro oder iPad Air? Welches Apple Tablet solltest du w\u00e4hlen?<\/h2>\t\t\t\t<\/div>\n\t\t\t\t<div class=\"elementor-element elementor-element-fe62531 elementor-widget elementor-widget-theme-post-excerpt\" data-id=\"fe62531\" data-element_type=\"widget\" data-widget_type=\"theme-post-excerpt.default\">\n\t\t\t\t\tWelches Modell soll ich w\u00e4hlen?\t\t\t\t<\/div>\n\t\t<div class=\"elementor-element elementor-element-22aeab8 e-con-full e-flex e-con e-child\" data-id=\"22aeab8\" data-element_type=\"container\">\n\t\t<div class=\"elementor-element elementor-element-25da75f e-con-full custom-author-box e-flex e-con e-child\" data-id=\"25da75f\" data-element_type=\"container\" data-settings=\"{&quot;background_background&quot;:&quot;classic&quot;}\">\n\t\t<div class=\"elementor-element elementor-element-5354aaa e-con-full e-flex e-con e-child\" data-id=\"5354aaa\" data-element_type=\"container\">\n\t\t\t\t<div class=\"elementor-element elementor-element-d5efa74 elementor-widget elementor-widget-image\" data-id=\"d5efa74\" data-element_type=\"widget\" data-widget_type=\"image.default\">\n\t\t\t\t\t\t\t\t\t\t\t\t\t\t\t<img decoding=\"async\" src=\"https:\/\/secure.gravatar.com\/avatar\/1bd8afa4c1d6b4939151f7e8748c2d999db5bdeacaabc395e986297505ee7b4d?s=96&#038;d=mm&#038;r=g\" title=\"\" alt=\"\" loading=\"lazy\" \/>\t\t\t\t\t\t\t\t\t\t\t\t\t\t\t<\/div>\n\t\t\t\t<\/div>\n\t\t<div class=\"elementor-element elementor-element-6e94afd e-con-full e-flex e-con e-child\" data-id=\"6e94afd\" data-element_type=\"container\">\n\t\t\t\t<div class=\"elementor-element elementor-element-c0edeef elementor-widget elementor-widget-text-editor\" data-id=\"c0edeef\" data-element_type=\"widget\" data-widget_type=\"text-editor.default\">\n\t\t\t\t\t\t\t\t\tBartek Zebrowski\t\t\t\t\t\t\t\t<\/div>\n\t\t\t\t<\/div>\n\t\t\t\t<\/div>\n\t\t<div class=\"elementor-element elementor-element-cf6608d e-con-full custom-post-date-box e-flex e-con e-child\" data-id=\"cf6608d\" data-element_type=\"container\" data-settings=\"{&quot;background_background&quot;:&quot;classic&quot;}\">\n\t\t<div class=\"elementor-element elementor-element-fc7af8a e-con-full e-flex e-con e-child\" data-id=\"fc7af8a\" data-element_type=\"container\" data-settings=\"{&quot;background_background&quot;:&quot;classic&quot;}\">\n\t\t\t\t<div class=\"elementor-element elementor-element-8e22557 elementor-widget elementor-widget-image\" data-id=\"8e22557\" data-element_type=\"widget\" data-widget_type=\"image.default\">\n\t\t\t\t\t\t\t\t\t\t\t\t\t\t\t<img decoding=\"async\" width=\"24\" height=\"24\" src=\"https:\/\/swopify.com\/blog\/wp-content\/uploads\/2025\/07\/calendar_month.svg\" class=\"attachment-large size-large wp-image-4465\" alt=\"\" \/>\t\t\t\t\t\t\t\t\t\t\t\t\t\t\t<\/div>\n\t\t\t\t<\/div>\n\t\t<div class=\"elementor-element elementor-element-576c4a4 e-con-full e-flex e-con e-child\" data-id=\"576c4a4\" data-element_type=\"container\">\n\t\t\t\t<div class=\"elementor-element elementor-element-f3d4b85 elementor-widget elementor-widget-text-editor\" data-id=\"f3d4b85\" data-element_type=\"widget\" data-widget_type=\"text-editor.default\">\n\t\t\t\t\t\t\t\t\t<p>Hinzugef\u00fcgt:<\/p>\t\t\t\t\t\t\t\t<\/div>\n\t\t\t\t<div class=\"elementor-element elementor-element-4248fdc elementor-widget elementor-widget-text-editor\" data-id=\"4248fdc\" data-element_type=\"widget\" data-widget_type=\"text-editor.default\">\n\t\t\t\t\t\t\t\t\t27 April 2026\t\t\t\t\t\t\t\t<\/div>\n\t\t\t\t<\/div>\n\t\t\t\t<\/div>\n\t\t\t\t<\/div>\n\t\t\t\t<\/div>\n\t\t\t\t<\/div>\n\t\t<div class=\"elementor-element elementor-element-734dc151 elementor-hidden-tablet elementor-hidden-mobile e-flex e-con-boxed e-con e-parent\" data-id=\"734dc151\" data-element_type=\"container\" data-settings=\"{&quot;background_background&quot;:&quot;classic&quot;}\">\n\t\t\t\t\t<div class=\"e-con-inner\">\n\t\t<div class=\"elementor-element elementor-element-652d8125 e-con-full latest-post-section e-flex e-con e-child\" data-id=\"652d8125\" data-element_type=\"container\" data-settings=\"{&quot;background_background&quot;:&quot;classic&quot;}\">\n\t\t<div class=\"elementor-element elementor-element-4977ddce e-con-full e-flex e-con e-child\" data-id=\"4977ddce\" data-element_type=\"container\">\n\t\t\t\t<div class=\"elementor-element elementor-element-4f318805 elementor-widget elementor-widget-theme-post-excerpt\" data-id=\"4f318805\" data-element_type=\"widget\" data-widget_type=\"theme-post-excerpt.default\">\n\t\t\t\t\tWelches Modell soll ich w\u00e4hlen?\t\t\t\t<\/div>\n\t\t<div class=\"elementor-element elementor-element-2a9a308b e-con-full e-flex e-con e-child\" data-id=\"2a9a308b\" data-element_type=\"container\">\n\t\t<div class=\"elementor-element elementor-element-63a72ec2 e-con-full custom-author-box e-flex e-con e-child\" data-id=\"63a72ec2\" data-element_type=\"container\" data-settings=\"{&quot;background_background&quot;:&quot;classic&quot;}\">\n\t\t\t\t<div class=\"elementor-element elementor-element-520b9db elementor-widget elementor-widget-image\" data-id=\"520b9db\" data-element_type=\"widget\" data-widget_type=\"image.default\">\n\t\t\t\t\t\t\t\t\t\t\t\t\t\t\t<img decoding=\"async\" width=\"527\" height=\"661\" src=\"https:\/\/swopify.com\/blog\/wp-content\/uploads\/2025\/08\/bartek-2.png\" class=\"attachment-large size-large wp-image-4468\" alt=\"\" srcset=\"https:\/\/swopify.com\/blog\/wp-content\/uploads\/2025\/08\/bartek-2.png 527w, https:\/\/swopify.com\/blog\/wp-content\/uploads\/2025\/08\/bartek-2-239x300.png 239w\" sizes=\"(max-width: 527px) 100vw, 527px\" \/>\t\t\t\t\t\t\t\t\t\t\t\t\t\t\t<\/div>\n\t\t<div class=\"elementor-element elementor-element-45febd2e e-con-full e-flex e-con e-child\" data-id=\"45febd2e\" data-element_type=\"container\">\n\t\t\t\t<div class=\"elementor-element elementor-element-6a94c6b0 elementor-widget elementor-widget-text-editor\" data-id=\"6a94c6b0\" data-element_type=\"widget\" data-widget_type=\"text-editor.default\">\n\t\t\t\t\t\t\t\t\tBartek Zebrowski\t\t\t\t\t\t\t\t<\/div>\n\t\t\t\t<\/div>\n\t\t\t\t<\/div>\n\t\t<div class=\"elementor-element elementor-element-4dd10440 e-con-full custom-post-date-box e-flex e-con e-child\" data-id=\"4dd10440\" data-element_type=\"container\" data-settings=\"{&quot;background_background&quot;:&quot;classic&quot;}\">\n\t\t<div class=\"elementor-element elementor-element-2d72c32 e-con-full e-flex e-con e-child\" data-id=\"2d72c32\" data-element_type=\"container\" data-settings=\"{&quot;background_background&quot;:&quot;classic&quot;}\">\n\t\t\t\t<div class=\"elementor-element elementor-element-7390850b elementor-widget elementor-widget-image\" data-id=\"7390850b\" data-element_type=\"widget\" data-widget_type=\"image.default\">\n\t\t\t\t\t\t\t\t\t\t\t\t\t\t\t<img decoding=\"async\" width=\"24\" height=\"24\" src=\"https:\/\/swopify.com\/blog\/wp-content\/uploads\/2025\/07\/calendar_month.svg\" class=\"attachment-large size-large wp-image-4465\" alt=\"\" \/>\t\t\t\t\t\t\t\t\t\t\t\t\t\t\t<\/div>\n\t\t\t\t<\/div>\n\t\t<div class=\"elementor-element elementor-element-6e99fe5 e-con-full e-flex e-con e-child\" data-id=\"6e99fe5\" data-element_type=\"container\">\n\t\t\t\t<div class=\"elementor-element elementor-element-5e913b93 elementor-widget elementor-widget-text-editor\" data-id=\"5e913b93\" data-element_type=\"widget\" data-widget_type=\"text-editor.default\">\n\t\t\t\t\t\t\t\t\t<p>Hinzugef\u00fcgt:<\/p>\t\t\t\t\t\t\t\t<\/div>\n\t\t\t\t<div class=\"elementor-element elementor-element-6a6d6747 elementor-widget elementor-widget-text-editor\" data-id=\"6a6d6747\" data-element_type=\"widget\" data-widget_type=\"text-editor.default\">\n\t\t\t\t\t\t\t\t\t27 April 2026\t\t\t\t\t\t\t\t<\/div>\n\t\t\t\t<\/div>\n\t\t\t\t<\/div>\n\t\t\t\t<\/div>\n\t\t\t\t<\/div>\n\t\t\t\t<\/div>\n\t\t\t\t\t<\/div>\n\t\t\t\t<\/div>\n\t\t<div class=\"elementor-element elementor-element-52080da e-flex e-con-boxed e-con e-parent\" data-id=\"52080da\" data-element_type=\"container\">\n\t\t\t\t\t<div class=\"e-con-inner\">\n\t\t\t\t<div class=\"elementor-element elementor-element-afb8e18 elementor-widget__width-initial elementor-widget-mobile__width-inherit elementor-widget elementor-widget-text-editor\" data-id=\"afb8e18\" data-element_type=\"widget\" data-widget_type=\"text-editor.default\">\n\t\t\t\t\t\t\t\t\tiPad Air oder iPad Pro? <strong><span style=\"color: #9a23fb;\">Es ist eines der h\u00e4ufigsten Dilemmas f\u00fcr diejenigen, die in das Apple-\u00d6kosystem einsteigen und ein Tablet f\u00fcr die n\u00e4chsten Jahre kaufen wollen<\/span><\/strong>. Beide Modelle sehen \u00e4hnlich aus, unterst\u00fctzen den Apple Pencil und bieten eine hohe Leistung, aber in der Praxis sind sie f\u00fcr leicht unterschiedliche Nutzer gemacht. Das eine eignet sich besser f\u00fcr das Studium und den allt\u00e4glichen Gebrauch, das andere zeigt sein volles Potenzial bei kreativen Arbeiten und anspruchsvollen Aufgaben.    <strong><span style=\"color: #9a23fb;\">Schauen wir uns an, wie sich das iPad Air vom Pro unterscheidet und welches Modell es sich eher lohnt zu kaufen.<\/span><\/strong>\t\t\t\t\t\t\t\t<\/div>\n\t\t\t\t<div class=\"elementor-element elementor-element-7413e1f elementor-absolute elementor-widget elementor-widget-image\" data-id=\"7413e1f\" data-element_type=\"widget\" data-settings=\"{&quot;_position&quot;:&quot;absolute&quot;}\" data-widget_type=\"image.default\">\n\t\t\t\t\t\t\t\t\t\t\t\t\t\t\t<img loading=\"lazy\" decoding=\"async\" width=\"210\" height=\"210\" src=\"https:\/\/swopify.com\/blog\/wp-content\/uploads\/2025\/07\/Vector-1.svg\" class=\"attachment-large size-large wp-image-4470\" alt=\"\" \/>\t\t\t\t\t\t\t\t\t\t\t\t\t\t\t<\/div>\n\t\t\t\t\t<\/div>\n\t\t\t\t<\/div>\n\t\t<div class=\"elementor-element elementor-element-0b30c63 e-flex e-con-boxed e-con e-parent\" data-id=\"0b30c63\" data-element_type=\"container\" id=\"spis-tresci\" data-settings=\"{&quot;background_background&quot;:&quot;classic&quot;}\">\n\t\t\t\t\t<div class=\"e-con-inner\">\n\t\t<div class=\"elementor-element elementor-element-e36fba8 e-con-full e-flex e-con e-child\" data-id=\"e36fba8\" data-element_type=\"container\">\n\t\t<div class=\"elementor-element elementor-element-893e05c e-con-full e-flex e-con e-child\" data-id=\"893e05c\" data-element_type=\"container\" data-settings=\"{&quot;background_background&quot;:&quot;classic&quot;}\">\n\t\t\t\t<div class=\"elementor-element elementor-element-8dfa69c elementor-widget__width-initial elementor-widget elementor-widget-heading\" data-id=\"8dfa69c\" data-element_type=\"widget\" data-widget_type=\"heading.default\">\n\t\t\t\t\t<h2 class=\"elementor-heading-title elementor-size-default\">Was ist der Unterschied zwischen dem iPad Air und dem iPad Pro?<\/h2>\t\t\t\t<\/div>\n\t\t\t\t<div class=\"elementor-element elementor-element-eda451f elementor-widget elementor-widget-text-editor\" data-id=\"eda451f\" data-element_type=\"widget\" data-widget_type=\"text-editor.default\">\n\t\t\t\t\t\t\t\t\t<p>Bevor wir auf einen detaillierten Vergleich eingehen, sehen wir uns die wichtigsten Unterschiede zwischen <a href=\"https:\/\/swopify.com\/pl-pl\/ipad-seria-air\">der iPad Air Serie<\/a> und der <a href=\"https:\/\/swopify.com\/pl-pl\/ipad-seria-pro\">iPad Pro Serie<\/a> an.<\/p>\t\t\t\t\t\t\t\t<\/div>\n\t\t\t\t<div class=\"elementor-element elementor-element-f9d9d72 elementor-widget elementor-widget-text-editor\" data-id=\"f9d9d72\" data-element_type=\"widget\" data-widget_type=\"text-editor.default\">\n\t\t\t\t\t\t\t\t\t<table><caption>iPad Air vs. iPad Pro Vergleich<\/caption>\n<thead>\n<tr>\n<th>Funktion<\/th>\n<th>iPad Air (M2 \/ M3)<\/th>\n<th>iPad Pro (M2 \/ M4)<\/th>\n<\/tr>\n<\/thead>\n<tbody>\n<tr>\n<td>F\u00fcr wen<\/td>\n<td>Studenten, Berufst\u00e4tige, Alltagsnutzer<\/td>\n<td>Berufst\u00e4tige, Kreative, anspruchsvolle Nutzer<\/td>\n<\/tr>\n<tr>\n<td>Gr\u00f6\u00dfen<\/td>\n<td>11&#8243;, 13&#8243;<\/td>\n<td>11&#8243;, 12.9&#8243;, 13&#8243;<\/td>\n<\/tr>\n<tr>\n<td>Bildschirm<\/td>\n<td>Fl\u00fcssig-Retina-LCD, 60 Hz<\/td>\n<td>ProMotion 120 Hz, Mini-LED \/ OLED<\/td>\n<\/tr>\n<tr>\n<td>Prozessor<\/td>\n<td><strong>M2:<\/strong> 8-Core CPU \/ 10-Core GPU | <strong>M3:<\/strong> 8-Core CPU \/ 9-Core GPU<\/td>\n<td><strong>M2:<\/strong> 8-Kern-CPU \/ 10-Kern-GPU | <strong>M4:<\/strong> 9\/10-Kern-CPU \/ 10-Kern-GPU<\/td>\n<\/tr>\n<tr>\n<td>RAM<\/td>\n<td>8 GB<\/td>\n<td>8 GB \/ 16 GB<\/td>\n<\/tr>\n<tr>\n<td>Gesichtserkennung<\/td>\n<td>Nein<\/td>\n<td>Ja<\/td>\n<\/tr>\n<tr>\n<td>Touch ID<\/td>\n<td>Ja<\/td>\n<td>Nein<\/td>\n<\/tr>\n<tr>\n<td>Lautsprecher<\/td>\n<td>Stereo<\/td>\n<td>4 Lautsprecher<\/td>\n<\/tr>\n<tr>\n<td>Apple Pencil<\/td>\n<td>Ja<\/td>\n<td>Ja<\/td>\n<\/tr>\n<tr>\n<td>Batterie<\/td>\n<td>bis zu 10 h<\/td>\n<td>bis zu 10 h<\/td>\n<\/tr>\n<\/tbody>\n<\/table>\t\t\t\t\t\t\t\t<\/div>\n\t\t<div class=\"elementor-element elementor-element-4294595 e-grid e-con-full e-con e-child\" data-id=\"4294595\" data-element_type=\"container\">\n\t\t\t\t<div class=\"elementor-element elementor-element-2ffd07c elementor-widget elementor-widget-image\" data-id=\"2ffd07c\" data-element_type=\"widget\" data-widget_type=\"image.default\">\n\t\t\t\t\t\t\t\t\t\t\t\t<figure class=\"wp-caption\">\n\t\t\t\t\t\t\t\t\t\t\t<a href=\"https:\/\/swopify.com\/pl-pl\/ipad-pro-4-8128gb-wifi-11quot-2022-gwiezdna-szarosc-3967\">\n\t\t\t\t\t\t\t<img decoding=\"async\" src=\"https:\/\/swopify.com\/publicTmp\/pictures\/300x\/3b6441\/c6w279g9n0q0s1v7d590z0y8y400y6n8.webp\" title=\"\" alt=\"iPad Pro 4 8\/128GB WiFi 11&quot; (2022) Gwiezdna Szaro\u015b\u0107\" loading=\"lazy\" \/>\t\t\t\t\t\t\t\t<\/a>\n\t\t\t\t\t\t\t\t\t\t\t<figcaption class=\"widget-image-caption wp-caption-text\">iPad Pro 4 8\/128GB WiFi 11\" (2022) Star Grey<\/figcaption>\n\t\t\t\t\t\t\t\t\t\t<\/figure>\n\t\t\t\t\t\t\t\t\t<\/div>\n\t\t\t\t<\/div>\n\t\t\t\t<div class=\"elementor-element elementor-element-4c28981 elementor-widget elementor-widget-heading\" data-id=\"4c28981\" data-element_type=\"widget\" data-widget_type=\"heading.default\">\n\t\t\t\t\t<h2 class=\"elementor-heading-title elementor-size-default\">Design und Abmessungen des iPad Air und Pro - welches Modell ist praktischer?<\/h2>\t\t\t\t<\/div>\n\t\t\t\t<div class=\"elementor-element elementor-element-1c040e4 elementor-widget elementor-widget-text-editor\" data-id=\"1c040e4\" data-element_type=\"widget\" data-widget_type=\"text-editor.default\">\n\t\t\t\t\t\t\t\t\t<table><thead><tr><th>Funktion<\/th><th>iPad Air<\/th><th>iPad Pro<\/th><\/tr><\/thead><tbody><tr><td>Gr\u00f6\u00dfen<\/td><td><strong>M2:<\/strong> 11&#8243;, 13&#8243; | <strong>M3:<\/strong> 11&#8243;, 13&#8243;<\/td><td><strong>M2:<\/strong> 11&#8243;, 12,9&#8243; | <strong>M4:<\/strong> 11&#8243;, 13&#8243;<\/td><\/tr><tr><td>Dicke<\/td><td><strong>M2\/M3:<\/strong> 6,1 mm<\/td><td><strong>M2:<\/strong> 6,4 \/ 6,9 mm | <strong>M4:<\/strong> 5,3 \/ 5,1 mm<\/td><\/tr><tr><td>Gewicht<\/td><td><strong>M2\/M3:<\/strong> ab 462 g<\/td><td><strong>M2:<\/strong> ab 466 g | <strong>M4:<\/strong> ab 444 g<\/td><\/tr><tr><td>Biometrie<\/td><td>Touch ID<\/td><td>Gesichtserkennung<\/td><\/tr><\/tbody><\/table><p>Beide Serien sind schlank und sehr gut verarbeitet, aber <strong>das iPad Pro M4 ist derzeit das d\u00fcnnste Produkt von Apple<\/strong>. Im allt\u00e4glichen Gebrauch sp\u00fcrst du auch den Vorteil von Face ID &#8211; vor allem, wenn du am Schreibtisch oder mit einer Tastatur arbeitest. <\/p><p> <\/p><p><strong>Das Air ist nach wie vor sehr praktisch und tragbar<\/strong>, vor allem f\u00fcr Studierende und Menschen, die oft ein Tablet in ihrer Tasche mit sich f\u00fchren.<\/p>\t\t\t\t\t\t\t\t<\/div>\n\t\t\t\t<div class=\"elementor-element elementor-element-39a64bb elementor-align-center elementor-widget elementor-widget-button\" data-id=\"39a64bb\" data-element_type=\"widget\" data-widget_type=\"button.default\">\n\t\t\t\t\t\t\t\t\t\t<a class=\"elementor-button elementor-button-link elementor-size-sm\" href=\"https:\/\/swopify.com\/blog\/ipad-pro-m4-vs-ipad-pro-m2-porownanie-tabletow-apple\/\">\n\t\t\t\t\t\t<span class=\"elementor-button-content-wrapper\">\n\t\t\t\t\t\t\t\t\t<span class=\"elementor-button-text\">iPad Pro M4 vs. iPad Pro M2<\/span>\n\t\t\t\t\t<\/span>\n\t\t\t\t\t<\/a>\n\t\t\t\t\t\t\t\t<\/div>\n\t\t\t\t<div class=\"elementor-element elementor-element-ff00ea5 elementor-widget elementor-widget-heading\" data-id=\"ff00ea5\" data-element_type=\"widget\" data-widget_type=\"heading.default\">\n\t\t\t\t\t<h2 class=\"elementor-heading-title elementor-size-default\">Das Display - der gr\u00f6\u00dfte Vorteil des iPad Pro<\/h2>\t\t\t\t<\/div>\n\t\t\t\t<div class=\"elementor-element elementor-element-5d99fc2 elementor-widget elementor-widget-text-editor\" data-id=\"5d99fc2\" data-element_type=\"widget\" data-widget_type=\"text-editor.default\">\n\t\t\t\t\t\t\t\t\t<table><thead><tr><th>Funktion<\/th><th>iPad Air<\/th><th>iPad Pro<\/th><\/tr><\/thead><tbody><tr><td>Panel-Typ<\/td><td><strong>M2\/M3:<\/strong> Fl\u00fcssig-Retina-LCD<\/td><td><strong>M2:<\/strong> Fl\u00fcssig-Retina \/ Mini-LED (12,9&#8243;) | <strong>M4:<\/strong> OLED<\/td><\/tr><tr><td>Aktualisierungsrate<\/td><td>60 Hz<\/td><td>120 Hz ProMotion<\/td><\/tr><tr><td>SDR-Helligkeit<\/td><td><strong>M2\/M3:<\/strong> 500 nits<\/td><td><strong>M2:<\/strong> 600 nits | <strong>M4:<\/strong> 1000 nits<\/td><\/tr><tr><td>Kontrast<\/td><td>LCD-Standard<\/td><td>Erheblich h\u00f6her<\/td><\/tr><tr><td>True Tone<\/td><td>Ja<\/td><td>Ja<\/td><\/tr><\/tbody><\/table><p>Es ist der Bildschirm, der am h\u00e4ufigsten \u00fcber die Wahl entscheidet. <strong>Mit dem Air bekommst du einen sehr guten LCD-Bildschirm<\/strong>, der zum Lernen, f\u00fcr Filme und das Internet ausreicht.<\/p><p> <\/p><p><strong>Der Pro bietet 120 Hz, was einen fl\u00fcssigeren Bildlauf<\/strong>, bessere Animationen und einen nat\u00fcrlicheren Arbeitsablauf mit dem Apple Pencil <strong>bedeutet<\/strong>. Bei den M4-Modellen sorgt der OLED-Bildschirm au\u00dferdem f\u00fcr tiefere Schwarzt\u00f6ne und einen h\u00f6heren Kontrast. <\/p>\t\t\t\t\t\t\t\t<\/div>\n\t\t\t\t<div class=\"elementor-element elementor-element-c692c67 elementor-widget elementor-widget-heading\" data-id=\"c692c67\" data-element_type=\"widget\" data-widget_type=\"heading.default\">\n\t\t\t\t\t<h2 class=\"elementor-heading-title elementor-size-default\">Prozessor und Leistung - M2, M3 oder M4?<\/h2>\t\t\t\t<\/div>\n\t\t\t\t<div class=\"elementor-element elementor-element-8befbbe elementor-widget elementor-widget-text-editor\" data-id=\"8befbbe\" data-element_type=\"widget\" data-widget_type=\"text-editor.default\">\n\t\t\t\t\t\t\t\t\t<table><thead><tr><th>Funktion<\/th><th>iPad Air<\/th><th>iPad Pro<\/th><\/tr><\/thead><tbody><tr><td>Chip<\/td><td><strong>M2 \/ M3<\/strong><\/td><td><strong>M2 \/ M4<\/strong><\/td><\/tr><tr><td>CPU<\/td><td><strong>M2:<\/strong> 8-Kern | <strong>M3:<\/strong> 8-Kern<\/td><td><strong>M2:<\/strong> 8-Kern | <strong>M4:<\/strong> 9 oder 10-Kern<\/td><\/tr><tr><td>GPU<\/td><td><strong>M2:<\/strong> 10-Kern | <strong>M3:<\/strong> 9-Kern<\/td><td><strong>M2:<\/strong> 10-Kern | <strong>M4:<\/strong> 10-Kern<\/td><\/tr><tr><td>Raytracing<\/td><td><strong>M3:<\/strong> Ja<\/td><td><strong>M4:<\/strong> Ja<\/td><\/tr><tr><td>Neural Engine<\/td><td>Neuere Version im M3<\/td><td>Am leistungsst\u00e4rksten bei der M4<\/td><\/tr><\/tbody><\/table><p><strong>Auch der M2 ist immer noch ein sehr schneller Chip<\/strong>, der Multitasking, Spiele und B\u00fcroarbeit in aller Ruhe bew\u00e4ltigen kann.<\/p><p> <\/p><p>Die M3 bietet eine bessere Energieeffizienz und eine modernere Grafik. Die M4 ist bereits auf professionellem Niveau &#8211; besonders f\u00fcr Videobearbeitung, kreative Arbeit und fortgeschrittene Anwendungen. <\/p>\t\t\t\t\t\t\t\t<\/div>\n\t\t<div class=\"elementor-element elementor-element-89ba2a2 e-con-full e-flex e-con e-child\" data-id=\"89ba2a2\" data-element_type=\"container\">\n\t\t<div class=\"elementor-element elementor-element-01d0990 e-grid e-con-full e-con e-child\" data-id=\"01d0990\" data-element_type=\"container\">\n\t\t\t\t<div class=\"elementor-element elementor-element-01618f4 elementor-widget elementor-widget-image\" data-id=\"01618f4\" data-element_type=\"widget\" data-widget_type=\"image.default\">\n\t\t\t\t\t\t\t\t\t\t\t\t<figure class=\"wp-caption\">\n\t\t\t\t\t\t\t\t\t\t\t<a href=\"https:\/\/swopify.com\/pl-pl\/ipad-air-5-64gb-wifi-109quot-2022-rozowy-3720\">\n\t\t\t\t\t\t\t<img decoding=\"async\" src=\"https:\/\/swopify.com\/publicTmp\/pictures\/300x\/1a2d7c\/x5n4h0r8r0f0j1g7n5n0v0e7b3c3u9k6.webp\" title=\"\" alt=\"iPad Air 5 64GB WiFi 10.9&quot; (2022) R\u00f3\u017cowy\" loading=\"lazy\" \/>\t\t\t\t\t\t\t\t<\/a>\n\t\t\t\t\t\t\t\t\t\t\t<figcaption class=\"widget-image-caption wp-caption-text\">iPad Air 5 64GB WiFi 10,9\" (2022) Rosa<\/figcaption>\n\t\t\t\t\t\t\t\t\t\t<\/figure>\n\t\t\t\t\t\t\t\t\t<\/div>\n\t\t\t\t<div class=\"elementor-element elementor-element-1fd061c elementor-widget elementor-widget-image\" data-id=\"1fd061c\" data-element_type=\"widget\" data-widget_type=\"image.default\">\n\t\t\t\t\t\t\t\t\t\t\t\t<figure class=\"wp-caption\">\n\t\t\t\t\t\t\t\t\t\t\t<a href=\"https:\/\/swopify.com\/pl-pl\/ipad-pro-3-8128gb-wifi-11quot-2021-gwiezdna-szarosc-3948\">\n\t\t\t\t\t\t\t<img decoding=\"async\" src=\"https:\/\/swopify.com\/publicTmp\/pictures\/300x\/ac13c5\/m6d7n72780w0m1b7l52060r8i3h6b9p3.webp\" title=\"\" alt=\"iPad Pro 3 8\/128GB WiFi 11&quot; (2021) Gwiezdna Szaro\u015b\u0107\" loading=\"lazy\" \/>\t\t\t\t\t\t\t\t<\/a>\n\t\t\t\t\t\t\t\t\t\t\t<figcaption class=\"widget-image-caption wp-caption-text\">iPad Pro 3 8\/128GB WiFi 11\" (2021) Star Grey<\/figcaption>\n\t\t\t\t\t\t\t\t\t\t<\/figure>\n\t\t\t\t\t\t\t\t\t<\/div>\n\t\t\t\t<\/div>\n\t\t\t\t<\/div>\n\t\t\t\t<div class=\"elementor-element elementor-element-64807d8 elementor-widget elementor-widget-heading\" data-id=\"64807d8\" data-element_type=\"widget\" data-widget_type=\"heading.default\">\n\t\t\t\t\t<h2 class=\"elementor-heading-title elementor-size-default\">iPad Air vs. iPad Pro - RAM und interner Speicher  <\/h2>\t\t\t\t<\/div>\n\t\t\t\t<div class=\"elementor-element elementor-element-9086849 elementor-widget elementor-widget-text-editor\" data-id=\"9086849\" data-element_type=\"widget\" data-widget_type=\"text-editor.default\">\n\t\t\t\t\t\t\t\t\t<table><thead><tr><th>Funktion<\/th><th>iPad Air<\/th><th>iPad Pro<\/th><\/tr><\/thead><tbody><tr><td>RAM<\/td><td><strong>M2\/M3:<\/strong> 8 GB<\/td><td><strong>M2:<\/strong> 8 \/ 16 GB | <strong>M4:<\/strong> 8 \/ 16 GB<\/td><\/tr><tr><td>Bootf\u00e4higer Speicher<\/td><td>128 GB<\/td><td>128 GB \/ 256 GB<\/td><\/tr><tr><td>Maximaler Speicher<\/td><td>1 TB<\/td><td>2 TB<\/td><\/tr><\/tbody><\/table><p>F\u00fcr den allt\u00e4glichen Gebrauch <strong>sind die 8 GB Arbeitsspeicher des Air v\u00f6llig ausreichend<\/strong>.<\/p><p> <\/p><p>Wenn du jedoch an gro\u00dfen Dateien arbeitest, Videos bearbeitest oder mehrere Apps gleichzeitig verwendest, sind die <strong>Pro-Modelle mit 16 GB RAM die bessere Wahl<\/strong>.<\/p>\t\t\t\t\t\t\t\t<\/div>\n\t\t\t\t<div class=\"elementor-element elementor-element-cc0e084 elementor-align-center elementor-widget elementor-widget-button\" data-id=\"cc0e084\" data-element_type=\"widget\" data-widget_type=\"button.default\">\n\t\t\t\t\t\t\t\t\t\t<a class=\"elementor-button elementor-button-link elementor-size-sm\" href=\"https:\/\/swopify.com\/blog\/ipad-czy-ipad-air-ktory-tablet-apple-wybrac\/\">\n\t\t\t\t\t\t<span class=\"elementor-button-content-wrapper\">\n\t\t\t\t\t\t\t\t\t<span class=\"elementor-button-text\">iPad oder iPad Air?<\/span>\n\t\t\t\t\t<\/span>\n\t\t\t\t\t<\/a>\n\t\t\t\t\t\t\t\t<\/div>\n\t\t\t\t<div class=\"elementor-element elementor-element-8d07e1a elementor-widget elementor-widget-heading\" data-id=\"8d07e1a\" data-element_type=\"widget\" data-widget_type=\"heading.default\">\n\t\t\t\t\t<h2 class=\"elementor-heading-title elementor-size-default\">Kameras und Videogespr\u00e4che auf dem iPad Air und Pro<\/h2>\t\t\t\t<\/div>\n\t\t\t\t<div class=\"elementor-element elementor-element-3627ff5 elementor-widget elementor-widget-text-editor\" data-id=\"3627ff5\" data-element_type=\"widget\" data-widget_type=\"text-editor.default\">\n\t\t\t\t\t\t\t\t\t<table><thead><tr><th>Funktion<\/th><th>iPad Air<\/th><th>iPad Pro<\/th><\/tr><\/thead><tbody><tr><td>R\u00fcckw\u00e4rtige Kamera<\/td><td>12 MP<\/td><td>12 MP<\/td><\/tr><tr><td>Frontkamera<\/td><td>12 MP Center Stage<\/td><td>12 MP Center Stage<\/td><\/tr><tr><td>LiDAR<\/td><td>Nein<\/td><td><strong>M2:<\/strong> Ja<\/td><\/tr><tr><td>3D-Scannen<\/td><td>Nein<\/td><td>Ja<\/td><\/tr><\/tbody><\/table><p>Bei Online-Gespr\u00e4chen schneiden beide Modelle sehr gut ab. <strong>Die 12 MP Frontkamera mit Center Stage h\u00e4lt dich bei Videokonferenzen automatisch im Bild<\/strong>.<\/p><p> <\/p><p>Pro bietet zus\u00e4tzliche Funktionen f\u00fcr Entwickler und Profis &#8211; z.B. einen LiDAR-Scanner in \u00e4lteren Generationen.<\/p>\t\t\t\t\t\t\t\t<\/div>\n\t\t\t\t<div class=\"elementor-element elementor-element-05495ce elementor-widget elementor-widget-heading\" data-id=\"05495ce\" data-element_type=\"widget\" data-widget_type=\"heading.default\">\n\t\t\t\t\t<h2 class=\"elementor-heading-title elementor-size-default\">Batterie und Laden - h\u00e4lt das iPad Pro l\u00e4nger als das Air?<\/h2>\t\t\t\t<\/div>\n\t\t\t\t<div class=\"elementor-element elementor-element-f046f9e elementor-widget elementor-widget-text-editor\" data-id=\"f046f9e\" data-element_type=\"widget\" data-widget_type=\"text-editor.default\">\n\t\t\t\t\t\t\t\t\t<table><thead><tr><th>Funktion<\/th><th>iPad Air<\/th><th>iPad Pro<\/th><\/tr><\/thead><tbody><tr><td>Wi-Fi Betriebsdauer<\/td><td>bis zu 10 h<\/td><td>bis zu 10 Stunden<\/td><\/tr><tr><td>Aufladen<\/td><td>USB-C<\/td><td>USB-C \/ Thunderbolt (bei ausgew\u00e4hlten Pro-Modellen)<\/td><\/tr><tr><td>Mobiles Arbeiten<\/td><td>Ja<\/td><td>Ja<\/td><\/tr><\/tbody><\/table><p>Was den Akku angeht, sind beide Modelle \u00e4hnlich leistungsstark. <strong>Ein Tag Arbeit, Uni oder Reisen sollte kein Problem sein<\/strong>.<\/p><p> <\/p><p>Die Pro Series verschafft dir mit schnelleren Anschl\u00fcssen und besserer Interoperabilit\u00e4t mit externem Zubeh\u00f6r einen Vorsprung.<\/p>\t\t\t\t\t\t\t\t<\/div>\n\t\t\t\t<div class=\"elementor-element elementor-element-30f545d elementor-align-center elementor-widget elementor-widget-button\" data-id=\"30f545d\" data-element_type=\"widget\" data-widget_type=\"button.default\">\n\t\t\t\t\t\t\t\t\t\t<a class=\"elementor-button elementor-button-link elementor-size-sm\" href=\"https:\/\/swopify.com\/blog\/ipad-9-czy-10-generacji-ktory-tablet-apple-wybrac\/\">\n\t\t\t\t\t\t<span class=\"elementor-button-content-wrapper\">\n\t\t\t\t\t\t\t\t\t<span class=\"elementor-button-text\">iPad der 9. oder 10. Generation?  <\/span>\n\t\t\t\t\t<\/span>\n\t\t\t\t\t<\/a>\n\t\t\t\t\t\t\t\t<\/div>\n\t\t\t\t<div class=\"elementor-element elementor-element-e111a73 elementor-widget elementor-widget-heading\" data-id=\"e111a73\" data-element_type=\"widget\" data-widget_type=\"heading.default\">\n\t\t\t\t\t<h2 class=\"elementor-heading-title elementor-size-default\">Apple Pencil und Tastaturen<\/h2>\t\t\t\t<\/div>\n\t\t\t\t<div class=\"elementor-element elementor-element-99db6a3 elementor-widget elementor-widget-text-editor\" data-id=\"99db6a3\" data-element_type=\"widget\" data-widget_type=\"text-editor.default\">\n\t\t\t\t\t\t\t\t\t<table><thead><tr><th>Funktion<\/th><th>iPad Air<\/th><th>iPad Pro<\/th><\/tr><\/thead><tbody><tr><td>Apple Pencil<\/td><td>Ja<\/td><td>Ja<\/td><\/tr><tr><td>Magische Tastatur<\/td><td>Ja<\/td><td>Ja<\/td><\/tr><tr><td>Zeichnung<\/td><td>Sehr gut<\/td><td>Beste<\/td><\/tr><tr><td>Schreiben<\/td><td>Sehr gut<\/td><td>Sehr gut<\/td><\/tr><\/tbody><\/table><p>Wenn du Notizen machst, lernst oder unterwegs arbeitest &#8211; beide Modelle sind eine sehr gute Wahl.<\/p><p> <\/p><p>F\u00fcr professionelles Zeichnen <strong>bietet das Pro-Modell mit einem 120Hz-Bildschirm ein nat\u00fcrlicheres Gef\u00fchl<\/strong> und weniger Verz\u00f6gerung.<\/p>\t\t\t\t\t\t\t\t<\/div>\n\t\t<div class=\"elementor-element elementor-element-d0c2a7d e-grid e-con-full e-con e-child\" data-id=\"d0c2a7d\" data-element_type=\"container\">\n\t\t\t\t<div class=\"elementor-element elementor-element-131d876 elementor-widget elementor-widget-image\" data-id=\"131d876\" data-element_type=\"widget\" data-widget_type=\"image.default\">\n\t\t\t\t\t\t\t\t\t\t\t\t<figure class=\"wp-caption\">\n\t\t\t\t\t\t\t\t\t\t\t<a href=\"https:\/\/swopify.com\/pl-pl\/ipad-air-5-64gb-wifi-109quot-2022-ksiezycowa-poswiata-3721\">\n\t\t\t\t\t\t\t<img decoding=\"async\" src=\"https:\/\/swopify.com\/publicTmp\/pictures\/300x\/2d457e\/n5p4t630h070w1l715t0d0n7m3s4f1a6.webp\" title=\"\" alt=\"iPad Air 5 64GB WiFi 10.9&quot; (2022) Ksi\u0119\u017cycowa Po\u015bwiata\" loading=\"lazy\" \/>\t\t\t\t\t\t\t\t<\/a>\n\t\t\t\t\t\t\t\t\t\t\t<figcaption class=\"widget-image-caption wp-caption-text\">iPad Air 5 64GB WiFi 10,9\" (2022) Mondlicht<\/figcaption>\n\t\t\t\t\t\t\t\t\t\t<\/figure>\n\t\t\t\t\t\t\t\t\t<\/div>\n\t\t\t\t<div class=\"elementor-element elementor-element-2c63431 elementor-widget elementor-widget-image\" data-id=\"2c63431\" data-element_type=\"widget\" data-widget_type=\"image.default\">\n\t\t\t\t\t\t\t\t\t\t\t\t<figure class=\"wp-caption\">\n\t\t\t\t\t\t\t\t\t\t\t<a href=\"https:\/\/swopify.com\/pl-pl\/ipad-air-5-64gb-wifi-109quot-2022-gwiezdna-szarosc-3722\">\n\t\t\t\t\t\t\t<img decoding=\"async\" src=\"https:\/\/swopify.com\/publicTmp\/pictures\/300x\/0e1f18\/n2d5s9q0g050o1s7w5o0c0b7a3f493r6.webp\" title=\"\" alt=\"iPad Air 5 64GB WiFi 10.9&quot; (2022) Gwiezdna Szaro\u015b\u0107\" loading=\"lazy\" \/>\t\t\t\t\t\t\t\t<\/a>\n\t\t\t\t\t\t\t\t\t\t\t<figcaption class=\"widget-image-caption wp-caption-text\">iPad Air 5 64GB WiFi 10,9\" (2022) Star Grey<\/figcaption>\n\t\t\t\t\t\t\t\t\t\t<\/figure>\n\t\t\t\t\t\t\t\t\t<\/div>\n\t\t\t\t<\/div>\n\t\t\t\t<div class=\"elementor-element elementor-element-d1120a1 elementor-widget elementor-widget-heading\" data-id=\"d1120a1\" data-element_type=\"widget\" data-widget_type=\"heading.default\">\n\t\t\t\t\t<h2 class=\"elementor-heading-title elementor-size-default\">Was soll ich w\u00e4hlen - iPad Pro oder iPad Air?\n<\/h2>\t\t\t\t<\/div>\n\t\t\t\t<div class=\"elementor-element elementor-element-d90f265 elementor-widget elementor-widget-text-editor\" data-id=\"d90f265\" data-element_type=\"widget\" data-widget_type=\"text-editor.default\">\n\t\t\t\t\t\t\t\t\t<p><strong>W\u00e4hle die Air-Serie, wenn:<\/strong><\/p><ul><li>auf der Suche nach dem besten Preis-Leistungs-Verh\u00e4ltnis<\/li><li>du studierst oder arbeitest in einem B\u00fcro<\/li><li>Du machst dir Notizen<\/li><li>Du schaust Filme und nutzt das Internet<\/li><li>du brauchst keine 120Hz<\/li><\/ul><p> <\/p><p><strong>Entscheide dich f\u00fcr die Pro Series, wenn:<\/strong><\/p><ul><li>Du arbeitest kreativ<\/li><li>du bearbeitest Videos<\/li><li>Du zeichnest professionell<\/li><li>du den besten Bildschirm von Apple haben willst<\/li><li>du dein Tablet t\u00e4glich viele Stunden lang benutzt<\/li><\/ul>\t\t\t\t\t\t\t\t<\/div>\n\t\t\t\t<div class=\"elementor-element elementor-element-ac501c5 elementor-widget elementor-widget-heading\" data-id=\"ac501c5\" data-element_type=\"widget\" data-widget_type=\"heading.default\">\n\t\t\t\t\t<h2 class=\"elementor-heading-title elementor-size-default\">G\u00fcnstiger und intelligenter kaufen - warum auf ein general\u00fcberholtes iPad setzen?<\/h2>\t\t\t\t<\/div>\n\t\t\t\t<div class=\"elementor-element elementor-element-22fcedf elementor-widget elementor-widget-text-editor\" data-id=\"22fcedf\" data-element_type=\"widget\" data-widget_type=\"text-editor.default\">\n\t\t\t\t\t\t\t\t\t<p>Der Kauf eines neuen Apple Tablets ist mit erheblichen Kosten verbunden. Deshalb entscheiden sich immer mehr Menschen f\u00fcr <a href=\"https:\/\/swopify.com\/pl-pl\/tablety-apple\">general\u00fcberholte iPads<\/a>. Das ist eine sinnvolle Option f\u00fcr alle, die in den Genuss von Apple-Qualit\u00e4t kommen wollen, ohne gleich den vollen Preis f\u00fcr ein neues Ger\u00e4t zu zahlen. In der Praxis bedeutet das, dass du f\u00fcr das Budget eines neuen iPad Air oft ein leistungsst\u00e4rkeres Pro-Modell kaufen kannst, z. B. das <a href=\"https:\/\/swopify.com\/pl-pl\/ipad-pro-2022-seria-m2\">iPad Pro M2<\/a> mit einem besseren Bildschirm, Face ID oder mehr Speicher.  <\/p><p> <\/p><p><strong>Wenn du bei SWOPiFY einkaufst, bekommst du nicht nur einen g\u00fcnstigeren Preis, sondern kannst dich auch nach dem Kauf beruhigt zur\u00fccklehnen<\/strong>. Das ist besonders wichtig bei hochwertiger Elektronik. <\/p><p> <\/p><p><strong>Vorteile beim Kauf bei SWOPiFY:<\/strong><\/p><ul><li>Ger\u00e4te nach professioneller technischer Pr\u00fcfung<\/li><li>Garantie und Unterst\u00fctzung nach dem Kauf<\/li><li>klarer optischer und technischer Produktzustand<\/li><li>attraktiverer Preis als neue Ausr\u00fcstung<\/li><li>Sicherer Kauf vom verifizierten Verk\u00e4ufer<\/li><li>eine \u00f6kologische Wahl im Einklang mit dem Konzept von weniger Abfall<\/li><\/ul><p> <\/p><p>Wenn du das beste Preis-Leistungs-Verh\u00e4ltnis haben willst, ist ein general\u00fcberholtes iPad von SWOPiFY oft die bessere Wahl als ein neues, g\u00fcnstigeres Modell. <strong>Das hei\u00dft, du kannst bessere Hardware kaufen, weniger bezahlen und dein Ger\u00e4t jahrelang genie\u00dfen<\/strong>.<\/p>\t\t\t\t\t\t\t\t<\/div>\n\t\t<div class=\"elementor-element elementor-element-75b87af e-con-full e-flex e-con e-child\" data-id=\"75b87af\" data-element_type=\"container\">\n\t\t<div class=\"elementor-element elementor-element-a85155f e-grid e-con-full e-con e-child\" data-id=\"a85155f\" data-element_type=\"container\">\n\t\t\t\t<div class=\"elementor-element elementor-element-06f7cfb elementor-widget elementor-widget-image\" data-id=\"06f7cfb\" data-element_type=\"widget\" data-widget_type=\"image.default\">\n\t\t\t\t\t\t\t\t\t\t\t\t<figure class=\"wp-caption\">\n\t\t\t\t\t\t\t\t\t\t\t<a href=\"https:\/\/swopify.com\/pl-pl\/ipad-air-5-256gb-wifi-109quot-2022-gwiezdna-szarosc-3727\">\n\t\t\t\t\t\t\t<img decoding=\"async\" src=\"https:\/\/swopify.com\/publicTmp\/pictures\/300x\/3d8195\/z5m7l619v0w031x7q5h0w0n7o3l5n2z4.webp\" title=\"\" alt=\"iPad Air 5 256GB WiFi 10.9&quot; (2022) Gwiezdna Szaro\u015b\u0107\" loading=\"lazy\" \/>\t\t\t\t\t\t\t\t<\/a>\n\t\t\t\t\t\t\t\t\t\t\t<figcaption class=\"widget-image-caption wp-caption-text\">iPad Air 5 256GB WiFi 10,9\" (2022) Sterngrau<\/figcaption>\n\t\t\t\t\t\t\t\t\t\t<\/figure>\n\t\t\t\t\t\t\t\t\t<\/div>\n\t\t\t\t<div class=\"elementor-element elementor-element-7569122 elementor-widget elementor-widget-image\" data-id=\"7569122\" data-element_type=\"widget\" data-widget_type=\"image.default\">\n\t\t\t\t\t\t\t\t\t\t\t\t<figure class=\"wp-caption\">\n\t\t\t\t\t\t\t\t\t\t\t<a href=\"https:\/\/swopify.com\/pl-pl\/ipad-air-5-256gb-wifi-109quot-2022-fioletowy-3724\">\n\t\t\t\t\t\t\t<img decoding=\"async\" src=\"https:\/\/swopify.com\/publicTmp\/pictures\/300x\/72e698\/p8z447k4m080o1d7c5x0x0l79334y5h9.webp\" title=\"\" alt=\"iPad Air 5 256GB WiFi 10.9&quot; (2022) Fioletowy\" loading=\"lazy\" \/>\t\t\t\t\t\t\t\t<\/a>\n\t\t\t\t\t\t\t\t\t\t\t<figcaption class=\"widget-image-caption wp-caption-text\">iPad Air 5 256GB WiFi 10,9\" (2022) Lila<\/figcaption>\n\t\t\t\t\t\t\t\t\t\t<\/figure>\n\t\t\t\t\t\t\t\t\t<\/div>\n\t\t\t\t<\/div>\n\t\t\t\t<\/div>\n\t\t\t\t<\/div>\n\t\t<div class=\"elementor-element elementor-element-18cd69d e-con-full e-flex e-con e-child\" data-id=\"18cd69d\" data-element_type=\"container\" data-settings=\"{&quot;background_background&quot;:&quot;classic&quot;}\">\n\t\t\t\t<div class=\"elementor-element elementor-element-f50921e elementor-widget__width-initial elementor-widget elementor-widget-heading\" data-id=\"f50921e\" data-element_type=\"widget\" data-widget_type=\"heading.default\">\n\t\t\t\t\t<h2 class=\"elementor-heading-title elementor-size-default\">H\u00e4ufig gestellte Fragen<\/h2>\t\t\t\t<\/div>\n\t\t\t\t<div class=\"elementor-element elementor-element-fe1af02 elementor-widget elementor-widget-n-accordion\" data-id=\"fe1af02\" data-element_type=\"widget\" data-settings=\"{&quot;n_accordion_animation_duration&quot;:{&quot;unit&quot;:&quot;ms&quot;,&quot;size&quot;:500,&quot;sizes&quot;:[]},&quot;default_state&quot;:&quot;expanded&quot;,&quot;max_items_expended&quot;:&quot;one&quot;}\" data-widget_type=\"nested-accordion.default\">\n\t\t\t\t\t\t\t<div class=\"e-n-accordion\" aria-label=\"Accordion. Open links with Enter or Space, close with Escape, and navigate with Arrow Keys\">\n\t\t\t\t\t\t<details id=\"e-n-accordion-item-2660\" class=\"e-n-accordion-item\" open>\n\t\t\t\t<summary class=\"e-n-accordion-item-title\" data-accordion-index=\"1\" tabindex=\"0\" aria-expanded=\"true\" aria-controls=\"e-n-accordion-item-2660\" >\n\t\t\t\t\t<span class='e-n-accordion-item-title-header'><div class=\"e-n-accordion-item-title-text\"> Reicht das iPad Air f\u00fcr das Studium? <\/div><\/span>\n\t\t\t\t\t\t\t<span class='e-n-accordion-item-title-icon'>\n\t\t\t<span class='e-opened' ><svg xmlns=\"http:\/\/www.w3.org\/2000\/svg\" width=\"12\" height=\"8\" viewBox=\"0 0 12 8\" fill=\"none\"><path d=\"M6 0.000391054L12 6.00039L10.6 7.40039L6 2.80039L1.4 7.40039L-1.22392e-07 6.00039L6 0.000391054Z\" fill=\"#292D33\"><\/path><\/svg><\/span>\n\t\t\t<span class='e-closed'><svg xmlns=\"http:\/\/www.w3.org\/2000\/svg\" width=\"12\" height=\"8\" viewBox=\"0 0 12 8\" fill=\"none\"><path d=\"M6 7.4L0 1.4L1.4 0L6 4.6L10.6 0L12 1.4L6 7.4Z\" fill=\"#292D33\"><\/path><\/svg><\/span>\n\t\t<\/span>\n\n\t\t\t\t\t\t<\/summary>\n\t\t\t\t<div role=\"region\" aria-labelledby=\"e-n-accordion-item-2660\" class=\"elementor-element elementor-element-b87f5c7 e-con-full e-flex e-con e-child\" data-id=\"b87f5c7\" data-element_type=\"container\">\n\t\t\t\t<div class=\"elementor-element elementor-element-51be02f elementor-widget elementor-widget-text-editor\" data-id=\"51be02f\" data-element_type=\"widget\" data-widget_type=\"text-editor.default\">\n\t\t\t\t\t\t\t\t\t<p>Ja. Notizen, PDFs, Teams, Zoom, Recherchen und Dokumente funktionieren ohne Probleme. <\/p>\t\t\t\t\t\t\t\t<\/div>\n\t\t\t\t<\/div>\n\t\t\t\t\t<\/details>\n\t\t\t\t\t\t<details id=\"e-n-accordion-item-2661\" class=\"e-n-accordion-item\" >\n\t\t\t\t<summary class=\"e-n-accordion-item-title\" data-accordion-index=\"2\" tabindex=\"-1\" aria-expanded=\"false\" aria-controls=\"e-n-accordion-item-2661\" >\n\t\t\t\t\t<span class='e-n-accordion-item-title-header'><div class=\"e-n-accordion-item-title-text\"> Lohnt es sich, mehr f\u00fcr ein iPad Pro zu bezahlen? <\/div><\/span>\n\t\t\t\t\t\t\t<span class='e-n-accordion-item-title-icon'>\n\t\t\t<span class='e-opened' ><svg xmlns=\"http:\/\/www.w3.org\/2000\/svg\" width=\"12\" height=\"8\" viewBox=\"0 0 12 8\" fill=\"none\"><path d=\"M6 0.000391054L12 6.00039L10.6 7.40039L6 2.80039L1.4 7.40039L-1.22392e-07 6.00039L6 0.000391054Z\" fill=\"#292D33\"><\/path><\/svg><\/span>\n\t\t\t<span class='e-closed'><svg xmlns=\"http:\/\/www.w3.org\/2000\/svg\" width=\"12\" height=\"8\" viewBox=\"0 0 12 8\" fill=\"none\"><path d=\"M6 7.4L0 1.4L1.4 0L6 4.6L10.6 0L12 1.4L6 7.4Z\" fill=\"#292D33\"><\/path><\/svg><\/span>\n\t\t<\/span>\n\n\t\t\t\t\t\t<\/summary>\n\t\t\t\t<div role=\"region\" aria-labelledby=\"e-n-accordion-item-2661\" class=\"elementor-element elementor-element-78c7be3 e-con-full e-flex e-con e-child\" data-id=\"78c7be3\" data-element_type=\"container\">\n\t\t\t\t<div class=\"elementor-element elementor-element-eaddd67 elementor-widget elementor-widget-text-editor\" data-id=\"eaddd67\" data-element_type=\"widget\" data-widget_type=\"text-editor.default\">\n\t\t\t\t\t\t\t\t\t<p>Ja, wenn du einen 120Hz-Bildschirm, Face ID und Top-Leistung willst.<\/p>\t\t\t\t\t\t\t\t<\/div>\n\t\t\t\t<\/div>\n\t\t\t\t\t<\/details>\n\t\t\t\t\t\t<details id=\"e-n-accordion-item-2662\" class=\"e-n-accordion-item\" >\n\t\t\t\t<summary class=\"e-n-accordion-item-title\" data-accordion-index=\"3\" tabindex=\"-1\" aria-expanded=\"false\" aria-controls=\"e-n-accordion-item-2662\" >\n\t\t\t\t\t<span class='e-n-accordion-item-title-header'><div class=\"e-n-accordion-item-title-text\"> Was ist der gr\u00f6\u00dfte Unterschied zwischen dem iPad Air und dem Pro? <\/div><\/span>\n\t\t\t\t\t\t\t<span class='e-n-accordion-item-title-icon'>\n\t\t\t<span class='e-opened' ><svg xmlns=\"http:\/\/www.w3.org\/2000\/svg\" width=\"12\" height=\"8\" viewBox=\"0 0 12 8\" fill=\"none\"><path d=\"M6 0.000391054L12 6.00039L10.6 7.40039L6 2.80039L1.4 7.40039L-1.22392e-07 6.00039L6 0.000391054Z\" fill=\"#292D33\"><\/path><\/svg><\/span>\n\t\t\t<span class='e-closed'><svg xmlns=\"http:\/\/www.w3.org\/2000\/svg\" width=\"12\" height=\"8\" viewBox=\"0 0 12 8\" fill=\"none\"><path d=\"M6 7.4L0 1.4L1.4 0L6 4.6L10.6 0L12 1.4L6 7.4Z\" fill=\"#292D33\"><\/path><\/svg><\/span>\n\t\t<\/span>\n\n\t\t\t\t\t\t<\/summary>\n\t\t\t\t<div role=\"region\" aria-labelledby=\"e-n-accordion-item-2662\" class=\"elementor-element elementor-element-bc80998 e-flex e-con-boxed e-con e-child\" data-id=\"bc80998\" data-element_type=\"container\">\n\t\t\t\t\t<div class=\"e-con-inner\">\n\t\t\t\t<div class=\"elementor-element elementor-element-c33a885 elementor-widget elementor-widget-text-editor\" data-id=\"c33a885\" data-element_type=\"widget\" data-widget_type=\"text-editor.default\">\n\t\t\t\t\t\t\t\t\t<p>Die gr\u00f6\u00dften Unterschiede sind der Bildschirm, die Lautsprecher, Face ID und die professionellen Funktionen.<\/p>\t\t\t\t\t\t\t\t<\/div>\n\t\t\t\t\t<\/div>\n\t\t\t\t<\/div>\n\t\t\t\t\t<\/details>\n\t\t\t\t\t\t<details id=\"e-n-accordion-item-2663\" class=\"e-n-accordion-item\" >\n\t\t\t\t<summary class=\"e-n-accordion-item-title\" data-accordion-index=\"4\" tabindex=\"-1\" aria-expanded=\"false\" aria-controls=\"e-n-accordion-item-2663\" >\n\t\t\t\t\t<span class='e-n-accordion-item-title-header'><div class=\"e-n-accordion-item-title-text\"> Ist ein general\u00fcberholtes iPad Pro sinnvoll? <\/div><\/span>\n\t\t\t\t\t\t\t<span class='e-n-accordion-item-title-icon'>\n\t\t\t<span class='e-opened' ><svg xmlns=\"http:\/\/www.w3.org\/2000\/svg\" width=\"12\" height=\"8\" viewBox=\"0 0 12 8\" fill=\"none\"><path d=\"M6 0.000391054L12 6.00039L10.6 7.40039L6 2.80039L1.4 7.40039L-1.22392e-07 6.00039L6 0.000391054Z\" fill=\"#292D33\"><\/path><\/svg><\/span>\n\t\t\t<span class='e-closed'><svg xmlns=\"http:\/\/www.w3.org\/2000\/svg\" width=\"12\" height=\"8\" viewBox=\"0 0 12 8\" fill=\"none\"><path d=\"M6 7.4L0 1.4L1.4 0L6 4.6L10.6 0L12 1.4L6 7.4Z\" fill=\"#292D33\"><\/path><\/svg><\/span>\n\t\t<\/span>\n\n\t\t\t\t\t\t<\/summary>\n\t\t\t\t<div role=\"region\" aria-labelledby=\"e-n-accordion-item-2663\" class=\"elementor-element elementor-element-c7b7a98 e-con-full e-flex e-con e-child\" data-id=\"c7b7a98\" data-element_type=\"container\">\n\t\t\t\t<div class=\"elementor-element elementor-element-7f3160e elementor-widget elementor-widget-text-editor\" data-id=\"7f3160e\" data-element_type=\"widget\" data-widget_type=\"text-editor.default\">\n\t\t\t\t\t\t\t\t\t<p data-start=\"5861\" data-end=\"6046\">Ja, vor allem, wenn du ein Premium-Modell zu einem Preis haben willst, der dem des neuen iPad Air nahe kommt.<\/p>\t\t\t\t\t\t\t\t<\/div>\n\t\t\t\t<\/div>\n\t\t\t\t\t<\/details>\n\t\t\t\t\t<\/div>\n\t\t\t\t\t<script type=\"application\/ld+json\">{\"@context\":\"https:\\\/\\\/schema.org\",\"@type\":\"FAQPage\",\"mainEntity\":[{\"@type\":\"Question\",\"name\":\"Reicht das iPad Air f\\u00fcr das Studium?\",\"acceptedAnswer\":{\"@type\":\"Answer\",\"text\":\"Ja. Notizen, PDFs, Teams, Zoom, Recherchen und Dokumente funktionieren ohne Probleme.\"}},{\"@type\":\"Question\",\"name\":\"Lohnt es sich, mehr f\\u00fcr ein iPad Pro zu bezahlen?\",\"acceptedAnswer\":{\"@type\":\"Answer\",\"text\":\"Ja, wenn du einen 120Hz-Bildschirm, Face ID und Top-Leistung willst.\"}},{\"@type\":\"Question\",\"name\":\"Was ist der gr\\u00f6\\u00dfte Unterschied zwischen dem iPad Air und dem Pro?\",\"acceptedAnswer\":{\"@type\":\"Answer\",\"text\":\"Die gr\\u00f6\\u00dften Unterschiede sind der Bildschirm, die Lautsprecher, Face ID und die professionellen Funktionen.\"}},{\"@type\":\"Question\",\"name\":\"Ist ein general\\u00fcberholtes iPad Pro sinnvoll?\",\"acceptedAnswer\":{\"@type\":\"Answer\",\"text\":\"Ja, vor allem, wenn du ein Premium-Modell zu einem Preis haben willst, der dem des neuen iPad Air nahe kommt.\"}}]}<\/script>\n\t\t\t\t\t\t\t<\/div>\n\t\t\t\t<\/div>\n\t\t<div class=\"elementor-element elementor-element-3ced5f1 e-con-full elementor-hidden-tablet elementor-hidden-mobile e-flex e-con e-child\" data-id=\"3ced5f1\" data-element_type=\"container\" data-settings=\"{&quot;background_background&quot;:&quot;classic&quot;}\">\n\t\t<div class=\"elementor-element elementor-element-3771c2c e-con-full e-flex e-con e-child\" data-id=\"3771c2c\" data-element_type=\"container\">\n\t\t\t\t<div class=\"elementor-element elementor-element-1abce59 elementor-absolute elementor-widget elementor-widget-image\" data-id=\"1abce59\" data-element_type=\"widget\" data-settings=\"{&quot;_position&quot;:&quot;absolute&quot;}\" data-widget_type=\"image.default\">\n\t\t\t\t\t\t\t\t\t\t\t\t\t\t\t<img loading=\"lazy\" decoding=\"async\" width=\"196\" height=\"143\" src=\"https:\/\/swopify.com\/blog\/wp-content\/uploads\/2025\/07\/Vector-6.svg\" class=\"attachment-large size-large wp-image-4472\" alt=\"\" \/>\t\t\t\t\t\t\t\t\t\t\t\t\t\t\t<\/div>\n\t\t\t\t<div class=\"elementor-element elementor-element-3adc862 elementor-absolute elementor-widget elementor-widget-image\" data-id=\"3adc862\" data-element_type=\"widget\" data-settings=\"{&quot;_position&quot;:&quot;absolute&quot;}\" data-widget_type=\"image.default\">\n\t\t\t\t\t\t\t\t\t\t\t\t\t\t\t<img loading=\"lazy\" decoding=\"async\" width=\"196\" height=\"143\" src=\"https:\/\/swopify.com\/blog\/wp-content\/uploads\/2025\/07\/Vector-6.svg\" class=\"attachment-large size-large wp-image-4472\" alt=\"\" \/>\t\t\t\t\t\t\t\t\t\t\t\t\t\t\t<\/div>\n\t\t\t\t<div class=\"elementor-element elementor-element-7ffb0e8 elementor-absolute elementor-widget elementor-widget-image\" data-id=\"7ffb0e8\" data-element_type=\"widget\" data-settings=\"{&quot;_position&quot;:&quot;absolute&quot;}\" data-widget_type=\"image.default\">\n\t\t\t\t\t\t\t\t\t\t\t\t\t\t\t<img loading=\"lazy\" decoding=\"async\" width=\"53\" height=\"50\" src=\"https:\/\/swopify.com\/blog\/wp-content\/uploads\/2025\/07\/Vector-7.svg\" class=\"attachment-large size-large wp-image-4474\" alt=\"\" \/>\t\t\t\t\t\t\t\t\t\t\t\t\t\t\t<\/div>\n\t\t\t\t<div class=\"elementor-element elementor-element-f0dc3a5 elementor-widget elementor-widget-image\" data-id=\"f0dc3a5\" data-element_type=\"widget\" data-widget_type=\"image.default\">\n\t\t\t\t\t\t\t\t\t\t\t\t\t\t\t<img loading=\"lazy\" decoding=\"async\" width=\"685\" height=\"676\" src=\"https:\/\/swopify.com\/blog\/wp-content\/uploads\/2025\/08\/bartek_zdj.jpg\" class=\"attachment-large size-large wp-image-4477\" alt=\"\" srcset=\"https:\/\/swopify.com\/blog\/wp-content\/uploads\/2025\/08\/bartek_zdj.jpg 685w, https:\/\/swopify.com\/blog\/wp-content\/uploads\/2025\/08\/bartek_zdj-300x296.jpg 300w\" sizes=\"(max-width: 685px) 100vw, 685px\" \/>\t\t\t\t\t\t\t\t\t\t\t\t\t\t\t<\/div>\n\t\t\t\t<\/div>\n\t\t<div class=\"elementor-element elementor-element-c7fa709 e-con-full e-flex e-con e-child\" data-id=\"c7fa709\" data-element_type=\"container\">\n\t\t<div class=\"elementor-element elementor-element-7fd3302 e-con-full e-flex e-con e-child\" data-id=\"7fd3302\" data-element_type=\"container\">\n\t\t\t\t<div class=\"elementor-element elementor-element-9a3f2b5 elementor-widget elementor-widget-text-editor\" data-id=\"9a3f2b5\" data-element_type=\"widget\" data-widget_type=\"text-editor.default\">\n\t\t\t\t\t\t\t\t\t<p>\u00dcBER DEN AUTOR:<\/p>\t\t\t\t\t\t\t\t<\/div>\n\t\t\t\t<div class=\"elementor-element elementor-element-e6c5546 elementor-widget elementor-widget-text-editor\" data-id=\"e6c5546\" data-element_type=\"widget\" data-widget_type=\"text-editor.default\">\n\t\t\t\t\t\t\t\t\tBartek Zebrowski\t\t\t\t\t\t\t\t<\/div>\n\t\t\t\t<div class=\"elementor-element elementor-element-0f28a07 elementor-widget elementor-widget-text-editor\" data-id=\"0f28a07\" data-element_type=\"widget\" data-widget_type=\"text-editor.default\">\n\t\t\t\t\t\t\t\t\t<p>Ich habe eine Leidenschaft f\u00fcr general\u00fcberholte Elektronik &#8211; ich zeige, dass man tolle Ger\u00e4te haben kann, ohne zu viel zu bezahlen und ohne noch mehr Elektroschrott zu kaufen. In diesem Blog teile ich mein Wissen und meine Erfahrung, um dich zu kl\u00fcgeren und sachkundigeren Entscheidungen zu inspirieren. <\/p>\t\t\t\t\t\t\t\t<\/div>\n\t\t\t\t<\/div>\n\t\t\t\t<\/div>\n\t\t\t\t<\/div>\n\t\t<div class=\"elementor-element elementor-element-aaf9d0f e-con-full elementor-hidden-desktop e-flex e-con e-child\" data-id=\"aaf9d0f\" data-element_type=\"container\" data-settings=\"{&quot;background_background&quot;:&quot;classic&quot;}\">\n\t\t<div class=\"elementor-element elementor-element-a92490e e-con-full e-flex e-con e-child\" data-id=\"a92490e\" data-element_type=\"container\">\n\t\t\t\t<div class=\"elementor-element elementor-element-9ccff93 elementor-absolute elementor-widget elementor-widget-image\" data-id=\"9ccff93\" data-element_type=\"widget\" data-settings=\"{&quot;_position&quot;:&quot;absolute&quot;}\" data-widget_type=\"image.default\">\n\t\t\t\t\t\t\t\t\t\t\t\t\t\t\t<img loading=\"lazy\" decoding=\"async\" width=\"196\" height=\"143\" src=\"https:\/\/swopify.com\/blog\/wp-content\/uploads\/2025\/07\/Vector-6.svg\" class=\"attachment-large size-large wp-image-4472\" alt=\"\" \/>\t\t\t\t\t\t\t\t\t\t\t\t\t\t\t<\/div>\n\t\t\t\t<div class=\"elementor-element elementor-element-4f6644f elementor-absolute elementor-widget elementor-widget-image\" data-id=\"4f6644f\" data-element_type=\"widget\" data-settings=\"{&quot;_position&quot;:&quot;absolute&quot;}\" data-widget_type=\"image.default\">\n\t\t\t\t\t\t\t\t\t\t\t\t\t\t\t<img loading=\"lazy\" decoding=\"async\" width=\"196\" height=\"143\" src=\"https:\/\/swopify.com\/blog\/wp-content\/uploads\/2025\/07\/Vector-6.svg\" class=\"attachment-large size-large wp-image-4472\" alt=\"\" \/>\t\t\t\t\t\t\t\t\t\t\t\t\t\t\t<\/div>\n\t\t\t\t<div class=\"elementor-element elementor-element-9545908 elementor-absolute elementor-widget elementor-widget-image\" data-id=\"9545908\" data-element_type=\"widget\" data-settings=\"{&quot;_position&quot;:&quot;absolute&quot;}\" data-widget_type=\"image.default\">\n\t\t\t\t\t\t\t\t\t\t\t\t\t\t\t<img loading=\"lazy\" decoding=\"async\" width=\"53\" height=\"50\" src=\"https:\/\/swopify.com\/blog\/wp-content\/uploads\/2025\/07\/Vector-7.svg\" class=\"attachment-large size-large wp-image-4474\" alt=\"\" \/>\t\t\t\t\t\t\t\t\t\t\t\t\t\t\t<\/div>\n\t\t\t\t<div class=\"elementor-element elementor-element-40a2eb3 elementor-widget elementor-widget-image\" data-id=\"40a2eb3\" data-element_type=\"widget\" data-widget_type=\"image.default\">\n\t\t\t\t\t\t\t\t\t\t\t\t\t\t\t<img decoding=\"async\" src=\"https:\/\/secure.gravatar.com\/avatar\/1bd8afa4c1d6b4939151f7e8748c2d999db5bdeacaabc395e986297505ee7b4d?s=96&#038;d=mm&#038;r=g\" title=\"\" alt=\"\" loading=\"lazy\" \/>\t\t\t\t\t\t\t\t\t\t\t\t\t\t\t<\/div>\n\t\t\t\t<\/div>\n\t\t<div class=\"elementor-element elementor-element-d8018c1 e-con-full e-flex e-con e-child\" data-id=\"d8018c1\" data-element_type=\"container\">\n\t\t<div class=\"elementor-element elementor-element-4a0487a e-con-full e-flex e-con e-child\" data-id=\"4a0487a\" data-element_type=\"container\">\n\t\t\t\t<div class=\"elementor-element elementor-element-bd13085 elementor-widget elementor-widget-text-editor\" data-id=\"bd13085\" data-element_type=\"widget\" data-widget_type=\"text-editor.default\">\n\t\t\t\t\t\t\t\t\t<p>\u00dcBER DEN AUTOR:<\/p>\t\t\t\t\t\t\t\t<\/div>\n\t\t\t\t<div class=\"elementor-element elementor-element-a8f264b elementor-widget elementor-widget-text-editor\" data-id=\"a8f264b\" data-element_type=\"widget\" data-widget_type=\"text-editor.default\">\n\t\t\t\t\t\t\t\t\tBartek Zebrowski\t\t\t\t\t\t\t\t<\/div>\n\t\t\t\t<div class=\"elementor-element elementor-element-cd82148 elementor-widget elementor-widget-text-editor\" data-id=\"cd82148\" data-element_type=\"widget\" data-widget_type=\"text-editor.default\">\n\t\t\t\t\t\t\t\t\t<p>Ich habe eine Leidenschaft f\u00fcr general\u00fcberholte Elektronik &#8211; ich zeige, dass man tolle Ger\u00e4te haben kann, ohne zu viel zu bezahlen und ohne noch mehr Elektroschrott zu kaufen. In diesem Blog teile ich mein Wissen und meine Erfahrung, um dich zu kl\u00fcgeren und sachkundigeren Entscheidungen zu inspirieren. <\/p>\t\t\t\t\t\t\t\t<\/div>\n\t\t\t\t<\/div>\n\t\t\t\t<\/div>\n\t\t\t\t<\/div>\n\t\t\t\t<\/div>\n\t\t<div class=\"elementor-element elementor-element-50dccb7 e-con-full e-flex e-con e-child\" data-id=\"50dccb7\" data-element_type=\"container\" data-settings=\"{&quot;sticky&quot;:&quot;top&quot;,&quot;sticky_offset&quot;:150,&quot;sticky_parent&quot;:&quot;yes&quot;,&quot;sticky_on&quot;:[&quot;desktop&quot;],&quot;sticky_effects_offset&quot;:0,&quot;sticky_anchor_link_offset&quot;:0}\">\n\t\t<div class=\"elementor-element elementor-element-225abc7 e-con-full e-flex e-con e-child\" data-id=\"225abc7\" data-element_type=\"container\" data-settings=\"{&quot;background_background&quot;:&quot;classic&quot;}\">\n\t\t\t\t<div class=\"elementor-element elementor-element-fd93494 elementor-absolute elementor-widget elementor-widget-image\" data-id=\"fd93494\" data-element_type=\"widget\" data-settings=\"{&quot;_position&quot;:&quot;absolute&quot;}\" data-widget_type=\"image.default\">\n\t\t\t\t\t\t\t\t\t\t\t\t\t\t\t<img loading=\"lazy\" decoding=\"async\" width=\"257\" height=\"226\" src=\"https:\/\/swopify.com\/blog\/wp-content\/uploads\/2025\/07\/Vector-2.svg\" class=\"attachment-large size-large wp-image-4480\" alt=\"\" \/>\t\t\t\t\t\t\t\t\t\t\t\t\t\t\t<\/div>\n\t\t\t\t<div class=\"elementor-element elementor-element-8b1898e elementor-absolute elementor-widget elementor-widget-image\" data-id=\"8b1898e\" data-element_type=\"widget\" data-settings=\"{&quot;_position&quot;:&quot;absolute&quot;}\" data-widget_type=\"image.default\">\n\t\t\t\t\t\t\t\t\t\t\t\t\t\t\t<img loading=\"lazy\" decoding=\"async\" width=\"258\" height=\"195\" src=\"https:\/\/swopify.com\/blog\/wp-content\/uploads\/2025\/07\/Vector-3.svg\" class=\"attachment-large size-large wp-image-4482\" alt=\"\" \/>\t\t\t\t\t\t\t\t\t\t\t\t\t\t\t<\/div>\n\t\t\t\t<div class=\"elementor-element elementor-element-92ef408 custom-table-of-content elementor-widget elementor-widget-table-of-contents\" data-id=\"92ef408\" data-element_type=\"widget\" data-settings=\"{&quot;headings_by_tags&quot;:[&quot;h2&quot;],&quot;exclude_headings_by_selector&quot;:&quot;.latest-post-section&quot;,&quot;marker_view&quot;:&quot;bullets&quot;,&quot;icon&quot;:{&quot;value&quot;:&quot;&quot;,&quot;library&quot;:&quot;&quot;},&quot;no_headings_message&quot;:&quot;No headings were found on this page.&quot;,&quot;hierarchical_view&quot;:&quot;yes&quot;,&quot;min_height&quot;:{&quot;unit&quot;:&quot;px&quot;,&quot;size&quot;:&quot;&quot;,&quot;sizes&quot;:[]},&quot;min_height_tablet&quot;:{&quot;unit&quot;:&quot;px&quot;,&quot;size&quot;:&quot;&quot;,&quot;sizes&quot;:[]},&quot;min_height_mobile&quot;:{&quot;unit&quot;:&quot;px&quot;,&quot;size&quot;:&quot;&quot;,&quot;sizes&quot;:[]}}\" data-widget_type=\"table-of-contents.default\">\n\t\t\t\t\t\t\t\t\t<div class=\"elementor-toc__header\">\n\t\t\t\t\t\t<div class=\"elementor-toc__header-title\">\n\t\t\t\tDas Inhaltsverzeichnis:\t\t\t<\/div>\n\t\t\t\t\t\t\t\t<\/div>\n\t\t\t\t<div id=\"elementor-toc__92ef408\" class=\"elementor-toc__body\">\n\t\t\t<div class=\"elementor-toc__spinner-container\">\n\t\t\t\t<svg class=\"elementor-toc__spinner eicon-animation-spin e-font-icon-svg e-eicon-loading\" aria-hidden=\"true\" viewBox=\"0 0 1000 1000\" xmlns=\"http:\/\/www.w3.org\/2000\/svg\"><path d=\"M500 975V858C696 858 858 696 858 500S696 142 500 142 142 304 142 500H25C25 237 238 25 500 25S975 237 975 500 763 975 500 975Z\"><\/path><\/svg>\t\t\t<\/div>\n\t\t<\/div>\n\t\t\t\t\t\t<\/div>\n\t\t\t\t<\/div>\n\t\t\t\t<div class=\"elementor-element elementor-element-b48d790 button-with-arrow-right elementor-align-right elementor-hidden-tablet elementor-hidden-mobile elementor-widget elementor-widget-button\" data-id=\"b48d790\" data-element_type=\"widget\" data-widget_type=\"button.default\">\n\t\t\t\t\t\t\t\t\t\t<a class=\"elementor-button elementor-button-link elementor-size-sm\" href=\"#\">\n\t\t\t\t\t\t<span class=\"elementor-button-content-wrapper\">\n\t\t\t\t\t\t<span class=\"elementor-button-icon\">\n\t\t\t\t<svg xmlns=\"http:\/\/www.w3.org\/2000\/svg\" width=\"24\" height=\"24\" viewBox=\"0 0 24 24\" fill=\"none\"><mask id=\"mask0_137_1085\" style=\"mask-type:alpha\" maskUnits=\"userSpaceOnUse\" x=\"0\" y=\"0\" width=\"24\" height=\"24\"><rect width=\"24\" height=\"24\" fill=\"#D9D9D9\"><\/rect><\/mask><g mask=\"url(#mask0_137_1085)\"><path d=\"M5.4 20L4 18.6L15.6 7H9V5H19V15H17V8.4L5.4 20Z\" fill=\"white\"><\/path><\/g><\/svg>\t\t\t<\/span>\n\t\t\t\t\t\t\t\t\t<span class=\"elementor-button-text\">Zur\u00fcck zum Shop<\/span>\n\t\t\t\t\t<\/span>\n\t\t\t\t\t<\/a>\n\t\t\t\t\t\t\t\t<\/div>\n\t\t\t\t<\/div>\n\t\t\t\t\t<\/div>\n\t\t\t\t<\/div>\n\t\t<div class=\"elementor-element elementor-element-b1e8d29 e-flex e-con-boxed e-con e-parent\" data-id=\"b1e8d29\" data-element_type=\"container\" data-settings=\"{&quot;background_background&quot;:&quot;classic&quot;}\">\n\t\t\t\t\t<div class=\"e-con-inner\">\n\t\t<div class=\"elementor-element elementor-element-cf40465 e-con-full elementor-hidden-desktop e-flex e-con e-child\" data-id=\"cf40465\" data-element_type=\"container\">\n\t\t<div class=\"elementor-element elementor-element-ea337e9 e-con-full e-flex e-con e-child\" data-id=\"ea337e9\" data-element_type=\"container\" data-settings=\"{&quot;background_background&quot;:&quot;classic&quot;,&quot;sticky&quot;:&quot;bottom&quot;,&quot;sticky_on&quot;:[&quot;tablet&quot;,&quot;mobile&quot;],&quot;sticky_offset_tablet&quot;:10,&quot;animation_tablet&quot;:&quot;none&quot;,&quot;sticky_offset&quot;:0,&quot;sticky_effects_offset&quot;:0,&quot;sticky_anchor_link_offset&quot;:0}\">\n\t\t\t\t<div class=\"elementor-element elementor-element-23c35b8 button-with-arrow-left elementor-align-right elementor-mobile-align-justify elementor-widget-mobile__width-auto elementor-widget elementor-widget-button\" data-id=\"23c35b8\" data-element_type=\"widget\" data-widget_type=\"button.default\">\n\t\t\t\t\t\t\t\t\t\t<a class=\"elementor-button elementor-button-link elementor-size-sm\" href=\"#spis-tresci\">\n\t\t\t\t\t\t<span class=\"elementor-button-content-wrapper\">\n\t\t\t\t\t\t<span class=\"elementor-button-icon\">\n\t\t\t\t<svg xmlns=\"http:\/\/www.w3.org\/2000\/svg\" width=\"24\" height=\"24\" viewBox=\"0 0 24 24\" fill=\"none\"><rect width=\"24\" height=\"24\" rx=\"12\" fill=\"#9A23FB\"><\/rect><path d=\"M7 15H17\" stroke=\"white\" stroke-width=\"2\" stroke-linecap=\"round\"><\/path><path d=\"M7 12H17\" stroke=\"white\" stroke-width=\"2\" stroke-linecap=\"round\"><\/path><path d=\"M7 9H17\" stroke=\"white\" stroke-width=\"2\" stroke-linecap=\"round\"><\/path><\/svg>\t\t\t<\/span>\n\t\t\t\t\t\t\t\t\t<span class=\"elementor-button-text\">Inhalts\u00fcbersicht<\/span>\n\t\t\t\t\t<\/span>\n\t\t\t\t\t<\/a>\n\t\t\t\t\t\t\t\t<\/div>\n\t\t\t\t<div class=\"elementor-element elementor-element-99dfb18 button-with-arrow-right elementor-align-right elementor-widget-mobile__width-auto elementor-widget elementor-widget-button\" data-id=\"99dfb18\" data-element_type=\"widget\" data-widget_type=\"button.default\">\n\t\t\t\t\t\t\t\t\t\t<a class=\"elementor-button elementor-button-link elementor-size-sm\" href=\"#\">\n\t\t\t\t\t\t<span class=\"elementor-button-content-wrapper\">\n\t\t\t\t\t\t<span class=\"elementor-button-icon\">\n\t\t\t\t<svg xmlns=\"http:\/\/www.w3.org\/2000\/svg\" width=\"24\" height=\"24\" viewBox=\"0 0 24 24\" fill=\"none\"><mask id=\"mask0_137_1085\" style=\"mask-type:alpha\" maskUnits=\"userSpaceOnUse\" x=\"0\" y=\"0\" width=\"24\" height=\"24\"><rect width=\"24\" height=\"24\" fill=\"#D9D9D9\"><\/rect><\/mask><g mask=\"url(#mask0_137_1085)\"><path d=\"M5.4 20L4 18.6L15.6 7H9V5H19V15H17V8.4L5.4 20Z\" fill=\"white\"><\/path><\/g><\/svg>\t\t\t<\/span>\n\t\t\t\t\t\t\t\t\t<span class=\"elementor-button-text\">Zur\u00fcck zum Shop<\/span>\n\t\t\t\t\t<\/span>\n\t\t\t\t\t<\/a>\n\t\t\t\t\t\t\t\t<\/div>\n\t\t\t\t<\/div>\n\t\t\t\t<\/div>\n\t\t\t\t\t<\/div>\n\t\t\t\t<\/div>\n\t\t\t\t<\/div>\n\t\t","protected":false},"excerpt":{"rendered":"<p>Welches Modell soll ich w\u00e4hlen?<\/p>\n","protected":false},"author":3,"featured_media":6513,"comment_status":"closed","ping_status":"open","sticky":false,"template":"elementor_header_footer","format":"standard","meta":{"_acf_changed":false,"footnotes":""},"categories":[95],"tags":[],"class_list":["post-6512","post","type-post","status-publish","format-standard","has-post-thumbnail","hentry","category-tablet-vergleiche"],"acf":[],"yoast_head":"<!-- This site is optimized with the Yoast SEO plugin v26.2 - https:\/\/yoast.com\/wordpress\/plugins\/seo\/ -->\n<title>iPad Pro oder iPad Air? Welche Apple-Tablet-Reihe soll man w\u00e4hlen | SWOPiFY<\/title>\n<meta name=\"description\" content=\"iPad Air oder iPad Pro? Das eine lockt mit dem Preis, das andere mit der Ausstattung. Finde heraus, welches Apple Tablet es wirklich wert ist, gekauft zu werden und entdecke die refurbished Option.\" \/>\n<meta name=\"robots\" content=\"index, follow, max-snippet:-1, max-image-preview:large, max-video-preview:-1\" \/>\n<link rel=\"canonical\" href=\"https:\/\/swopify.com\/blog\/de\/ipad-pro-oder-ipad-air-welches-apple-tablet-solltest-du-waehlen\/\" \/>\n<meta property=\"og:locale\" content=\"de_DE\" \/>\n<meta property=\"og:type\" content=\"article\" \/>\n<meta property=\"og:title\" content=\"iPad Pro oder iPad Air? Welche Apple-Tablet-Reihe soll man w\u00e4hlen | SWOPiFY\" \/>\n<meta property=\"og:description\" content=\"iPad Air oder iPad Pro? Das eine lockt mit dem Preis, das andere mit der Ausstattung. Finde heraus, welches Apple Tablet es wirklich wert ist, gekauft zu werden und entdecke die refurbished Option.\" \/>\n<meta property=\"og:url\" content=\"https:\/\/swopify.com\/blog\/de\/ipad-pro-oder-ipad-air-welches-apple-tablet-solltest-du-waehlen\/\" \/>\n<meta property=\"og:site_name\" content=\"SWOPiFY\" \/>\n<meta property=\"article:publisher\" content=\"https:\/\/www.facebook.com\/swopify.polska\/\" \/>\n<meta property=\"article:published_time\" content=\"2026-04-27T15:34:37+00:00\" \/>\n<meta property=\"article:modified_time\" content=\"2026-04-30T06:07:26+00:00\" \/>\n<meta property=\"og:image\" content=\"https:\/\/swopify.com\/blog\/wp-content\/uploads\/2026\/04\/ipad-pro-vs-ipad-air.jpg\" \/>\n\t<meta property=\"og:image:width\" content=\"720\" \/>\n\t<meta property=\"og:image:height\" content=\"526\" \/>\n\t<meta property=\"og:image:type\" content=\"image\/jpeg\" \/>\n<meta name=\"author\" content=\"Bartek Zebrowski\" \/>\n<meta name=\"twitter:card\" content=\"summary_large_image\" \/>\n<meta name=\"twitter:label1\" content=\"Verfasst von\" \/>\n\t<meta name=\"twitter:data1\" content=\"Bartek Zebrowski\" \/>\n\t<meta name=\"twitter:label2\" content=\"Gesch\u00e4tzte Lesezeit\" \/>\n\t<meta name=\"twitter:data2\" content=\"7\u00a0Minuten\" \/>\n<script type=\"application\/ld+json\" class=\"yoast-schema-graph\">{\"@context\":\"https:\/\/schema.org\",\"@graph\":[{\"@type\":\"Article\",\"@id\":\"https:\/\/swopify.com\/blog\/de\/ipad-pro-oder-ipad-air-welches-apple-tablet-solltest-du-waehlen\/#article\",\"isPartOf\":{\"@id\":\"https:\/\/swopify.com\/blog\/de\/ipad-pro-oder-ipad-air-welches-apple-tablet-solltest-du-waehlen\/\"},\"author\":{\"name\":\"Bartek Zebrowski\",\"@id\":\"https:\/\/swopify.com\/blog\/#\/schema\/person\/33a2572ff16452bda32b9d8ef4080d16\"},\"headline\":\"iPad Pro oder iPad Air? Welches Apple Tablet solltest du w\u00e4hlen?\",\"datePublished\":\"2026-04-27T15:34:37+00:00\",\"dateModified\":\"2026-04-30T06:07:26+00:00\",\"mainEntityOfPage\":{\"@id\":\"https:\/\/swopify.com\/blog\/de\/ipad-pro-oder-ipad-air-welches-apple-tablet-solltest-du-waehlen\/\"},\"wordCount\":1495,\"publisher\":{\"@id\":\"https:\/\/swopify.com\/blog\/#organization\"},\"image\":{\"@id\":\"https:\/\/swopify.com\/blog\/de\/ipad-pro-oder-ipad-air-welches-apple-tablet-solltest-du-waehlen\/#primaryimage\"},\"thumbnailUrl\":\"https:\/\/swopify.com\/blog\/wp-content\/uploads\/2026\/04\/ipad-pro-vs-ipad-air.jpg\",\"articleSection\":[\"Tablet-Vergleiche\"],\"inLanguage\":\"de\"},{\"@type\":\"WebPage\",\"@id\":\"https:\/\/swopify.com\/blog\/de\/ipad-pro-oder-ipad-air-welches-apple-tablet-solltest-du-waehlen\/\",\"url\":\"https:\/\/swopify.com\/blog\/de\/ipad-pro-oder-ipad-air-welches-apple-tablet-solltest-du-waehlen\/\",\"name\":\"iPad Pro oder iPad Air? Welche Apple-Tablet-Reihe soll man w\u00e4hlen | SWOPiFY\",\"isPartOf\":{\"@id\":\"https:\/\/swopify.com\/blog\/#website\"},\"primaryImageOfPage\":{\"@id\":\"https:\/\/swopify.com\/blog\/de\/ipad-pro-oder-ipad-air-welches-apple-tablet-solltest-du-waehlen\/#primaryimage\"},\"image\":{\"@id\":\"https:\/\/swopify.com\/blog\/de\/ipad-pro-oder-ipad-air-welches-apple-tablet-solltest-du-waehlen\/#primaryimage\"},\"thumbnailUrl\":\"https:\/\/swopify.com\/blog\/wp-content\/uploads\/2026\/04\/ipad-pro-vs-ipad-air.jpg\",\"datePublished\":\"2026-04-27T15:34:37+00:00\",\"dateModified\":\"2026-04-30T06:07:26+00:00\",\"description\":\"iPad Air oder iPad Pro? Das eine lockt mit dem Preis, das andere mit der Ausstattung. Finde heraus, welches Apple Tablet es wirklich wert ist, gekauft zu werden und entdecke die refurbished Option.\",\"breadcrumb\":{\"@id\":\"https:\/\/swopify.com\/blog\/de\/ipad-pro-oder-ipad-air-welches-apple-tablet-solltest-du-waehlen\/#breadcrumb\"},\"inLanguage\":\"de\",\"potentialAction\":[{\"@type\":\"ReadAction\",\"target\":[\"https:\/\/swopify.com\/blog\/de\/ipad-pro-oder-ipad-air-welches-apple-tablet-solltest-du-waehlen\/\"]}]},{\"@type\":\"ImageObject\",\"inLanguage\":\"de\",\"@id\":\"https:\/\/swopify.com\/blog\/de\/ipad-pro-oder-ipad-air-welches-apple-tablet-solltest-du-waehlen\/#primaryimage\",\"url\":\"https:\/\/swopify.com\/blog\/wp-content\/uploads\/2026\/04\/ipad-pro-vs-ipad-air.jpg\",\"contentUrl\":\"https:\/\/swopify.com\/blog\/wp-content\/uploads\/2026\/04\/ipad-pro-vs-ipad-air.jpg\",\"width\":720,\"height\":526,\"caption\":\"ipad pro vs ipad air\"},{\"@type\":\"BreadcrumbList\",\"@id\":\"https:\/\/swopify.com\/blog\/de\/ipad-pro-oder-ipad-air-welches-apple-tablet-solltest-du-waehlen\/#breadcrumb\",\"itemListElement\":[{\"@type\":\"ListItem\",\"position\":1,\"name\":\"Strona g\u0142\u00f3wna\",\"item\":\"https:\/\/swopify.com\/blog\/uk\/\"},{\"@type\":\"ListItem\",\"position\":2,\"name\":\"iPad Pro oder iPad Air? Welches Apple Tablet solltest du w\u00e4hlen?\"}]},{\"@type\":\"WebSite\",\"@id\":\"https:\/\/swopify.com\/blog\/#website\",\"url\":\"https:\/\/swopify.com\/blog\/\",\"name\":\"SWOPiFY\",\"description\":\"Blog o elektronice refurbished\",\"publisher\":{\"@id\":\"https:\/\/swopify.com\/blog\/#organization\"},\"potentialAction\":[{\"@type\":\"SearchAction\",\"target\":{\"@type\":\"EntryPoint\",\"urlTemplate\":\"https:\/\/swopify.com\/blog\/?s={search_term_string}\"},\"query-input\":{\"@type\":\"PropertyValueSpecification\",\"valueRequired\":true,\"valueName\":\"search_term_string\"}}],\"inLanguage\":\"de\"},{\"@type\":\"Organization\",\"@id\":\"https:\/\/swopify.com\/blog\/#organization\",\"name\":\"SWOPiFY\",\"url\":\"https:\/\/swopify.com\/blog\/\",\"logo\":{\"@type\":\"ImageObject\",\"inLanguage\":\"de\",\"@id\":\"https:\/\/swopify.com\/blog\/#\/schema\/logo\/image\/\",\"url\":\"https:\/\/swopify.com\/blog\/wp-content\/uploads\/2025\/10\/swopify-blog-logo.png\",\"contentUrl\":\"https:\/\/swopify.com\/blog\/wp-content\/uploads\/2025\/10\/swopify-blog-logo.png\",\"width\":219,\"height\":33,\"caption\":\"SWOPiFY\"},\"image\":{\"@id\":\"https:\/\/swopify.com\/blog\/#\/schema\/logo\/image\/\"},\"sameAs\":[\"https:\/\/www.facebook.com\/swopify.polska\/\",\"https:\/\/www.instagram.com\/swopify_pl\"]},{\"@type\":\"Person\",\"@id\":\"https:\/\/swopify.com\/blog\/#\/schema\/person\/33a2572ff16452bda32b9d8ef4080d16\",\"name\":\"Bartek Zebrowski\",\"image\":{\"@type\":\"ImageObject\",\"inLanguage\":\"de\",\"@id\":\"https:\/\/swopify.com\/blog\/#\/schema\/person\/image\/\",\"url\":\"https:\/\/secure.gravatar.com\/avatar\/1bd8afa4c1d6b4939151f7e8748c2d999db5bdeacaabc395e986297505ee7b4d?s=96&d=mm&r=g\",\"contentUrl\":\"https:\/\/secure.gravatar.com\/avatar\/1bd8afa4c1d6b4939151f7e8748c2d999db5bdeacaabc395e986297505ee7b4d?s=96&d=mm&r=g\",\"caption\":\"Bartek Zebrowski\"},\"description\":\"Jestem pasjonatem odnowionej elektroniki \u2013 pokazuj\u0119, \u017ce mo\u017cna mie\u0107 \u015bwietny sprz\u0119t bez przep\u0142acania i bez dok\u0142adania kolejnych elektro\u015bmieci. Na blogu dziel\u0119 si\u0119 wiedz\u0105 i do\u015bwiadczeniem, \u017ceby inspirowa\u0107 do sprytniejszych i bardziej \u015bwiadomych wybor\u00f3w technologicznych.\"}]}<\/script>\n<!-- \/ Yoast SEO plugin. -->","yoast_head_json":{"title":"iPad Pro oder iPad Air? Welche Apple-Tablet-Reihe soll man w\u00e4hlen | SWOPiFY","description":"iPad Air oder iPad Pro? Das eine lockt mit dem Preis, das andere mit der Ausstattung. Finde heraus, welches Apple Tablet es wirklich wert ist, gekauft zu werden und entdecke die refurbished Option.","robots":{"index":"index","follow":"follow","max-snippet":"max-snippet:-1","max-image-preview":"max-image-preview:large","max-video-preview":"max-video-preview:-1"},"canonical":"https:\/\/swopify.com\/blog\/de\/ipad-pro-oder-ipad-air-welches-apple-tablet-solltest-du-waehlen\/","og_locale":"de_DE","og_type":"article","og_title":"iPad Pro oder iPad Air? Welche Apple-Tablet-Reihe soll man w\u00e4hlen | SWOPiFY","og_description":"iPad Air oder iPad Pro? Das eine lockt mit dem Preis, das andere mit der Ausstattung. Finde heraus, welches Apple Tablet es wirklich wert ist, gekauft zu werden und entdecke die refurbished Option.","og_url":"https:\/\/swopify.com\/blog\/de\/ipad-pro-oder-ipad-air-welches-apple-tablet-solltest-du-waehlen\/","og_site_name":"SWOPiFY","article_publisher":"https:\/\/www.facebook.com\/swopify.polska\/","article_published_time":"2026-04-27T15:34:37+00:00","article_modified_time":"2026-04-30T06:07:26+00:00","og_image":[{"width":720,"height":526,"url":"https:\/\/swopify.com\/blog\/wp-content\/uploads\/2026\/04\/ipad-pro-vs-ipad-air.jpg","type":"image\/jpeg"}],"author":"Bartek Zebrowski","twitter_card":"summary_large_image","twitter_misc":{"Verfasst von":"Bartek Zebrowski","Gesch\u00e4tzte Lesezeit":"7\u00a0Minuten"},"schema":{"@context":"https:\/\/schema.org","@graph":[{"@type":"Article","@id":"https:\/\/swopify.com\/blog\/de\/ipad-pro-oder-ipad-air-welches-apple-tablet-solltest-du-waehlen\/#article","isPartOf":{"@id":"https:\/\/swopify.com\/blog\/de\/ipad-pro-oder-ipad-air-welches-apple-tablet-solltest-du-waehlen\/"},"author":{"name":"Bartek Zebrowski","@id":"https:\/\/swopify.com\/blog\/#\/schema\/person\/33a2572ff16452bda32b9d8ef4080d16"},"headline":"iPad Pro oder iPad Air? Welches Apple Tablet solltest du w\u00e4hlen?","datePublished":"2026-04-27T15:34:37+00:00","dateModified":"2026-04-30T06:07:26+00:00","mainEntityOfPage":{"@id":"https:\/\/swopify.com\/blog\/de\/ipad-pro-oder-ipad-air-welches-apple-tablet-solltest-du-waehlen\/"},"wordCount":1495,"publisher":{"@id":"https:\/\/swopify.com\/blog\/#organization"},"image":{"@id":"https:\/\/swopify.com\/blog\/de\/ipad-pro-oder-ipad-air-welches-apple-tablet-solltest-du-waehlen\/#primaryimage"},"thumbnailUrl":"https:\/\/swopify.com\/blog\/wp-content\/uploads\/2026\/04\/ipad-pro-vs-ipad-air.jpg","articleSection":["Tablet-Vergleiche"],"inLanguage":"de"},{"@type":"WebPage","@id":"https:\/\/swopify.com\/blog\/de\/ipad-pro-oder-ipad-air-welches-apple-tablet-solltest-du-waehlen\/","url":"https:\/\/swopify.com\/blog\/de\/ipad-pro-oder-ipad-air-welches-apple-tablet-solltest-du-waehlen\/","name":"iPad Pro oder iPad Air? Welche Apple-Tablet-Reihe soll man w\u00e4hlen | SWOPiFY","isPartOf":{"@id":"https:\/\/swopify.com\/blog\/#website"},"primaryImageOfPage":{"@id":"https:\/\/swopify.com\/blog\/de\/ipad-pro-oder-ipad-air-welches-apple-tablet-solltest-du-waehlen\/#primaryimage"},"image":{"@id":"https:\/\/swopify.com\/blog\/de\/ipad-pro-oder-ipad-air-welches-apple-tablet-solltest-du-waehlen\/#primaryimage"},"thumbnailUrl":"https:\/\/swopify.com\/blog\/wp-content\/uploads\/2026\/04\/ipad-pro-vs-ipad-air.jpg","datePublished":"2026-04-27T15:34:37+00:00","dateModified":"2026-04-30T06:07:26+00:00","description":"iPad Air oder iPad Pro? Das eine lockt mit dem Preis, das andere mit der Ausstattung. Finde heraus, welches Apple Tablet es wirklich wert ist, gekauft zu werden und entdecke die refurbished Option.","breadcrumb":{"@id":"https:\/\/swopify.com\/blog\/de\/ipad-pro-oder-ipad-air-welches-apple-tablet-solltest-du-waehlen\/#breadcrumb"},"inLanguage":"de","potentialAction":[{"@type":"ReadAction","target":["https:\/\/swopify.com\/blog\/de\/ipad-pro-oder-ipad-air-welches-apple-tablet-solltest-du-waehlen\/"]}]},{"@type":"ImageObject","inLanguage":"de","@id":"https:\/\/swopify.com\/blog\/de\/ipad-pro-oder-ipad-air-welches-apple-tablet-solltest-du-waehlen\/#primaryimage","url":"https:\/\/swopify.com\/blog\/wp-content\/uploads\/2026\/04\/ipad-pro-vs-ipad-air.jpg","contentUrl":"https:\/\/swopify.com\/blog\/wp-content\/uploads\/2026\/04\/ipad-pro-vs-ipad-air.jpg","width":720,"height":526,"caption":"ipad pro vs ipad air"},{"@type":"BreadcrumbList","@id":"https:\/\/swopify.com\/blog\/de\/ipad-pro-oder-ipad-air-welches-apple-tablet-solltest-du-waehlen\/#breadcrumb","itemListElement":[{"@type":"ListItem","position":1,"name":"Strona g\u0142\u00f3wna","item":"https:\/\/swopify.com\/blog\/uk\/"},{"@type":"ListItem","position":2,"name":"iPad Pro oder iPad Air? Welches Apple Tablet solltest du w\u00e4hlen?"}]},{"@type":"WebSite","@id":"https:\/\/swopify.com\/blog\/#website","url":"https:\/\/swopify.com\/blog\/","name":"SWOPiFY","description":"Blog o elektronice refurbished","publisher":{"@id":"https:\/\/swopify.com\/blog\/#organization"},"potentialAction":[{"@type":"SearchAction","target":{"@type":"EntryPoint","urlTemplate":"https:\/\/swopify.com\/blog\/?s={search_term_string}"},"query-input":{"@type":"PropertyValueSpecification","valueRequired":true,"valueName":"search_term_string"}}],"inLanguage":"de"},{"@type":"Organization","@id":"https:\/\/swopify.com\/blog\/#organization","name":"SWOPiFY","url":"https:\/\/swopify.com\/blog\/","logo":{"@type":"ImageObject","inLanguage":"de","@id":"https:\/\/swopify.com\/blog\/#\/schema\/logo\/image\/","url":"https:\/\/swopify.com\/blog\/wp-content\/uploads\/2025\/10\/swopify-blog-logo.png","contentUrl":"https:\/\/swopify.com\/blog\/wp-content\/uploads\/2025\/10\/swopify-blog-logo.png","width":219,"height":33,"caption":"SWOPiFY"},"image":{"@id":"https:\/\/swopify.com\/blog\/#\/schema\/logo\/image\/"},"sameAs":["https:\/\/www.facebook.com\/swopify.polska\/","https:\/\/www.instagram.com\/swopify_pl"]},{"@type":"Person","@id":"https:\/\/swopify.com\/blog\/#\/schema\/person\/33a2572ff16452bda32b9d8ef4080d16","name":"Bartek Zebrowski","image":{"@type":"ImageObject","inLanguage":"de","@id":"https:\/\/swopify.com\/blog\/#\/schema\/person\/image\/","url":"https:\/\/secure.gravatar.com\/avatar\/1bd8afa4c1d6b4939151f7e8748c2d999db5bdeacaabc395e986297505ee7b4d?s=96&d=mm&r=g","contentUrl":"https:\/\/secure.gravatar.com\/avatar\/1bd8afa4c1d6b4939151f7e8748c2d999db5bdeacaabc395e986297505ee7b4d?s=96&d=mm&r=g","caption":"Bartek Zebrowski"},"description":"Jestem pasjonatem odnowionej elektroniki \u2013 pokazuj\u0119, \u017ce mo\u017cna mie\u0107 \u015bwietny sprz\u0119t bez przep\u0142acania i bez dok\u0142adania kolejnych elektro\u015bmieci. Na blogu dziel\u0119 si\u0119 wiedz\u0105 i do\u015bwiadczeniem, \u017ceby inspirowa\u0107 do sprytniejszych i bardziej \u015bwiadomych wybor\u00f3w technologicznych."}]}},"_links":{"self":[{"href":"https:\/\/swopify.com\/blog\/de\/wp-json\/wp\/v2\/posts\/6512","targetHints":{"allow":["GET"]}}],"collection":[{"href":"https:\/\/swopify.com\/blog\/de\/wp-json\/wp\/v2\/posts"}],"about":[{"href":"https:\/\/swopify.com\/blog\/de\/wp-json\/wp\/v2\/types\/post"}],"author":[{"embeddable":true,"href":"https:\/\/swopify.com\/blog\/de\/wp-json\/wp\/v2\/users\/3"}],"replies":[{"embeddable":true,"href":"https:\/\/swopify.com\/blog\/de\/wp-json\/wp\/v2\/comments?post=6512"}],"version-history":[{"count":1,"href":"https:\/\/swopify.com\/blog\/de\/wp-json\/wp\/v2\/posts\/6512\/revisions"}],"predecessor-version":[{"id":6516,"href":"https:\/\/swopify.com\/blog\/de\/wp-json\/wp\/v2\/posts\/6512\/revisions\/6516"}],"wp:featuredmedia":[{"embeddable":true,"href":"https:\/\/swopify.com\/blog\/de\/wp-json\/wp\/v2\/media\/6513"}],"wp:attachment":[{"href":"https:\/\/swopify.com\/blog\/de\/wp-json\/wp\/v2\/media?parent=6512"}],"wp:term":[{"taxonomy":"category","embeddable":true,"href":"https:\/\/swopify.com\/blog\/de\/wp-json\/wp\/v2\/categories?post=6512"},{"taxonomy":"post_tag","embeddable":true,"href":"https:\/\/swopify.com\/blog\/de\/wp-json\/wp\/v2\/tags?post=6512"}],"curies":[{"name":"wp","href":"https:\/\/api.w.org\/{rel}","templated":true}]}}