{"id":6517,"date":"2026-04-27T15:34:37","date_gmt":"2026-04-27T15:34:37","guid":{"rendered":"https:\/\/swopify.com\/blog\/ipad-pro-o-ipad-air-que-tableta-de-apple-deberias-elegir\/"},"modified":"2026-04-30T06:07:26","modified_gmt":"2026-04-30T06:07:26","slug":"ipad-pro-o-ipad-air-que-tableta-de-apple-deberias-elegir","status":"publish","type":"post","link":"https:\/\/swopify.com\/blog\/es\/ipad-pro-o-ipad-air-que-tableta-de-apple-deberias-elegir\/","title":{"rendered":"\u00bfiPad Pro o iPad Air? \u00bfQu\u00e9 tableta de Apple deber\u00edas elegir?"},"content":{"rendered":"\t\t<div data-elementor-type=\"wp-post\" data-elementor-id=\"6517\" class=\"elementor elementor-6517 elementor-6452\" data-elementor-post-type=\"post\">\n\t\t\t\t<div class=\"elementor-element elementor-element-a068712 e-con-full latest-post-section elementor-hidden-desktop e-flex e-con e-parent\" data-id=\"a068712\" data-element_type=\"container\" data-settings=\"{&quot;background_background&quot;:&quot;classic&quot;}\">\n\t\t\t\t<div class=\"elementor-element elementor-element-96432e9 elementor-widget-tablet__width-inherit elementor-hidden-desktop elementor-widget elementor-widget-image\" data-id=\"96432e9\" data-element_type=\"widget\" data-widget_type=\"image.default\">\n\t\t\t\t\t\t\t\t\t\t\t\t\t\t\t<img fetchpriority=\"high\" decoding=\"async\" width=\"720\" height=\"526\" src=\"https:\/\/swopify.com\/blog\/wp-content\/uploads\/2026\/04\/ipad-pro-vs-ipad-air.jpg\" class=\"attachment-full size-full wp-image-6519\" alt=\"ipad pro vs ipad air\" srcset=\"https:\/\/swopify.com\/blog\/wp-content\/uploads\/2026\/04\/ipad-pro-vs-ipad-air.jpg 720w, https:\/\/swopify.com\/blog\/wp-content\/uploads\/2026\/04\/ipad-pro-vs-ipad-air-300x219.jpg 300w\" sizes=\"(max-width: 720px) 100vw, 720px\" \/>\t\t\t\t\t\t\t\t\t\t\t\t\t\t\t<\/div>\n\t\t<div class=\"elementor-element elementor-element-6bb8681 e-con-full e-flex e-con e-child\" data-id=\"6bb8681\" data-element_type=\"container\">\n\t\t\t\t<div class=\"elementor-element elementor-element-1b46a36 elementor-widget elementor-widget-theme-post-title elementor-page-title elementor-widget-heading\" data-id=\"1b46a36\" data-element_type=\"widget\" data-widget_type=\"theme-post-title.default\">\n\t\t\t\t\t<h2 class=\"elementor-heading-title elementor-size-default\">\u00bfiPad Pro o iPad Air? \u00bfQu\u00e9 tableta de Apple deber\u00edas elegir?<\/h2>\t\t\t\t<\/div>\n\t\t\t\t<div class=\"elementor-element elementor-element-fe62531 elementor-widget elementor-widget-theme-post-excerpt\" data-id=\"fe62531\" data-element_type=\"widget\" data-widget_type=\"theme-post-excerpt.default\">\n\t\t\t\t\t\u00bfQu\u00e9 modelo elegir?\t\t\t\t<\/div>\n\t\t<div class=\"elementor-element elementor-element-22aeab8 e-con-full e-flex e-con e-child\" data-id=\"22aeab8\" data-element_type=\"container\">\n\t\t<div class=\"elementor-element elementor-element-25da75f e-con-full custom-author-box e-flex e-con e-child\" data-id=\"25da75f\" data-element_type=\"container\" data-settings=\"{&quot;background_background&quot;:&quot;classic&quot;}\">\n\t\t<div class=\"elementor-element elementor-element-5354aaa e-con-full e-flex e-con e-child\" data-id=\"5354aaa\" data-element_type=\"container\">\n\t\t\t\t<div class=\"elementor-element elementor-element-d5efa74 elementor-widget elementor-widget-image\" data-id=\"d5efa74\" data-element_type=\"widget\" data-widget_type=\"image.default\">\n\t\t\t\t\t\t\t\t\t\t\t\t\t\t\t<img decoding=\"async\" src=\"https:\/\/secure.gravatar.com\/avatar\/1bd8afa4c1d6b4939151f7e8748c2d999db5bdeacaabc395e986297505ee7b4d?s=96&#038;d=mm&#038;r=g\" title=\"\" alt=\"\" loading=\"lazy\" \/>\t\t\t\t\t\t\t\t\t\t\t\t\t\t\t<\/div>\n\t\t\t\t<\/div>\n\t\t<div class=\"elementor-element elementor-element-6e94afd e-con-full e-flex e-con e-child\" data-id=\"6e94afd\" data-element_type=\"container\">\n\t\t\t\t<div class=\"elementor-element elementor-element-c0edeef elementor-widget elementor-widget-text-editor\" data-id=\"c0edeef\" data-element_type=\"widget\" data-widget_type=\"text-editor.default\">\n\t\t\t\t\t\t\t\t\tBartek Zebrowski\t\t\t\t\t\t\t\t<\/div>\n\t\t\t\t<\/div>\n\t\t\t\t<\/div>\n\t\t<div class=\"elementor-element elementor-element-cf6608d e-con-full custom-post-date-box e-flex e-con e-child\" data-id=\"cf6608d\" data-element_type=\"container\" data-settings=\"{&quot;background_background&quot;:&quot;classic&quot;}\">\n\t\t<div class=\"elementor-element elementor-element-fc7af8a e-con-full e-flex e-con e-child\" data-id=\"fc7af8a\" data-element_type=\"container\" data-settings=\"{&quot;background_background&quot;:&quot;classic&quot;}\">\n\t\t\t\t<div class=\"elementor-element elementor-element-8e22557 elementor-widget elementor-widget-image\" data-id=\"8e22557\" data-element_type=\"widget\" data-widget_type=\"image.default\">\n\t\t\t\t\t\t\t\t\t\t\t\t\t\t\t<img decoding=\"async\" width=\"24\" height=\"24\" src=\"https:\/\/swopify.com\/blog\/wp-content\/uploads\/2025\/07\/calendar_month.svg\" class=\"attachment-large size-large wp-image-4787\" alt=\"\" \/>\t\t\t\t\t\t\t\t\t\t\t\t\t\t\t<\/div>\n\t\t\t\t<\/div>\n\t\t<div class=\"elementor-element elementor-element-576c4a4 e-con-full e-flex e-con e-child\" data-id=\"576c4a4\" data-element_type=\"container\">\n\t\t\t\t<div class=\"elementor-element elementor-element-f3d4b85 elementor-widget elementor-widget-text-editor\" data-id=\"f3d4b85\" data-element_type=\"widget\" data-widget_type=\"text-editor.default\">\n\t\t\t\t\t\t\t\t\t<p>A\u00f1adido:<\/p>\t\t\t\t\t\t\t\t<\/div>\n\t\t\t\t<div class=\"elementor-element elementor-element-4248fdc elementor-widget elementor-widget-text-editor\" data-id=\"4248fdc\" data-element_type=\"widget\" data-widget_type=\"text-editor.default\">\n\t\t\t\t\t\t\t\t\t27 abril 2026\t\t\t\t\t\t\t\t<\/div>\n\t\t\t\t<\/div>\n\t\t\t\t<\/div>\n\t\t\t\t<\/div>\n\t\t\t\t<\/div>\n\t\t\t\t<\/div>\n\t\t<div class=\"elementor-element elementor-element-734dc151 elementor-hidden-tablet elementor-hidden-mobile e-flex e-con-boxed e-con e-parent\" data-id=\"734dc151\" data-element_type=\"container\" data-settings=\"{&quot;background_background&quot;:&quot;classic&quot;}\">\n\t\t\t\t\t<div class=\"e-con-inner\">\n\t\t<div class=\"elementor-element elementor-element-652d8125 e-con-full latest-post-section e-flex e-con e-child\" data-id=\"652d8125\" data-element_type=\"container\" data-settings=\"{&quot;background_background&quot;:&quot;classic&quot;}\">\n\t\t<div class=\"elementor-element elementor-element-4977ddce e-con-full e-flex e-con e-child\" data-id=\"4977ddce\" data-element_type=\"container\">\n\t\t\t\t<div class=\"elementor-element elementor-element-4f318805 elementor-widget elementor-widget-theme-post-excerpt\" data-id=\"4f318805\" data-element_type=\"widget\" data-widget_type=\"theme-post-excerpt.default\">\n\t\t\t\t\t\u00bfQu\u00e9 modelo elegir?\t\t\t\t<\/div>\n\t\t<div class=\"elementor-element elementor-element-2a9a308b e-con-full e-flex e-con e-child\" data-id=\"2a9a308b\" data-element_type=\"container\">\n\t\t<div class=\"elementor-element elementor-element-63a72ec2 e-con-full custom-author-box e-flex e-con e-child\" data-id=\"63a72ec2\" data-element_type=\"container\" data-settings=\"{&quot;background_background&quot;:&quot;classic&quot;}\">\n\t\t\t\t<div class=\"elementor-element elementor-element-520b9db elementor-widget elementor-widget-image\" data-id=\"520b9db\" data-element_type=\"widget\" data-widget_type=\"image.default\">\n\t\t\t\t\t\t\t\t\t\t\t\t\t\t\t<img decoding=\"async\" width=\"527\" height=\"661\" src=\"https:\/\/swopify.com\/blog\/wp-content\/uploads\/2025\/08\/bartek-2.png\" class=\"attachment-large size-large wp-image-4788\" alt=\"\" srcset=\"https:\/\/swopify.com\/blog\/wp-content\/uploads\/2025\/08\/bartek-2.png 527w, https:\/\/swopify.com\/blog\/wp-content\/uploads\/2025\/08\/bartek-2-239x300.png 239w\" sizes=\"(max-width: 527px) 100vw, 527px\" \/>\t\t\t\t\t\t\t\t\t\t\t\t\t\t\t<\/div>\n\t\t<div class=\"elementor-element elementor-element-45febd2e e-con-full e-flex e-con e-child\" data-id=\"45febd2e\" data-element_type=\"container\">\n\t\t\t\t<div class=\"elementor-element elementor-element-6a94c6b0 elementor-widget elementor-widget-text-editor\" data-id=\"6a94c6b0\" data-element_type=\"widget\" data-widget_type=\"text-editor.default\">\n\t\t\t\t\t\t\t\t\tBartek Zebrowski\t\t\t\t\t\t\t\t<\/div>\n\t\t\t\t<\/div>\n\t\t\t\t<\/div>\n\t\t<div class=\"elementor-element elementor-element-4dd10440 e-con-full custom-post-date-box e-flex e-con e-child\" data-id=\"4dd10440\" data-element_type=\"container\" data-settings=\"{&quot;background_background&quot;:&quot;classic&quot;}\">\n\t\t<div class=\"elementor-element elementor-element-2d72c32 e-con-full e-flex e-con e-child\" data-id=\"2d72c32\" data-element_type=\"container\" data-settings=\"{&quot;background_background&quot;:&quot;classic&quot;}\">\n\t\t\t\t<div class=\"elementor-element elementor-element-7390850b elementor-widget elementor-widget-image\" data-id=\"7390850b\" data-element_type=\"widget\" data-widget_type=\"image.default\">\n\t\t\t\t\t\t\t\t\t\t\t\t\t\t\t<img decoding=\"async\" width=\"24\" height=\"24\" src=\"https:\/\/swopify.com\/blog\/wp-content\/uploads\/2025\/07\/calendar_month.svg\" class=\"attachment-large size-large wp-image-4787\" alt=\"\" \/>\t\t\t\t\t\t\t\t\t\t\t\t\t\t\t<\/div>\n\t\t\t\t<\/div>\n\t\t<div class=\"elementor-element elementor-element-6e99fe5 e-con-full e-flex e-con e-child\" data-id=\"6e99fe5\" data-element_type=\"container\">\n\t\t\t\t<div class=\"elementor-element elementor-element-5e913b93 elementor-widget elementor-widget-text-editor\" data-id=\"5e913b93\" data-element_type=\"widget\" data-widget_type=\"text-editor.default\">\n\t\t\t\t\t\t\t\t\t<p>A\u00f1adido:<\/p>\t\t\t\t\t\t\t\t<\/div>\n\t\t\t\t<div class=\"elementor-element elementor-element-6a6d6747 elementor-widget elementor-widget-text-editor\" data-id=\"6a6d6747\" data-element_type=\"widget\" data-widget_type=\"text-editor.default\">\n\t\t\t\t\t\t\t\t\t27 abril 2026\t\t\t\t\t\t\t\t<\/div>\n\t\t\t\t<\/div>\n\t\t\t\t<\/div>\n\t\t\t\t<\/div>\n\t\t\t\t<\/div>\n\t\t\t\t<\/div>\n\t\t\t\t\t<\/div>\n\t\t\t\t<\/div>\n\t\t<div class=\"elementor-element elementor-element-52080da e-flex e-con-boxed e-con e-parent\" data-id=\"52080da\" data-element_type=\"container\">\n\t\t\t\t\t<div class=\"e-con-inner\">\n\t\t\t\t<div class=\"elementor-element elementor-element-afb8e18 elementor-widget__width-initial elementor-widget-mobile__width-inherit elementor-widget elementor-widget-text-editor\" data-id=\"afb8e18\" data-element_type=\"widget\" data-widget_type=\"text-editor.default\">\n\t\t\t\t\t\t\t\t\t\u00bfiPad Air o iPad Pro? <strong><span style=\"color: #9a23fb;\">Es uno de los dilemas m\u00e1s comunes para aquellos que quieren entrar en el ecosistema de Apple y comprar una tableta para los pr\u00f3ximos a\u00f1os<\/span><\/strong>. Ambos modelos tienen un aspecto similar, son compatibles con Apple Pencil y ofrecen un alto rendimiento, pero en la pr\u00e1ctica est\u00e1n hechos para usuarios ligeramente diferentes. Uno funcionar\u00e1 mejor para los estudios y el uso diario, el otro mostrar\u00e1 todo su potencial para el trabajo creativo y las tareas exigentes.    <strong><span style=\"color: #9a23fb;\">Veamos en qu\u00e9 se diferencia el iPad Air del Pro y qu\u00e9 modelo merece m\u00e1s la pena comprar.<\/span><\/strong>\t\t\t\t\t\t\t\t<\/div>\n\t\t\t\t<div class=\"elementor-element elementor-element-7413e1f elementor-absolute elementor-widget elementor-widget-image\" data-id=\"7413e1f\" data-element_type=\"widget\" data-settings=\"{&quot;_position&quot;:&quot;absolute&quot;}\" data-widget_type=\"image.default\">\n\t\t\t\t\t\t\t\t\t\t\t\t\t\t\t<img loading=\"lazy\" decoding=\"async\" width=\"210\" height=\"210\" src=\"https:\/\/swopify.com\/blog\/wp-content\/uploads\/2025\/07\/Vector-1.svg\" class=\"attachment-large size-large wp-image-4789\" alt=\"\" \/>\t\t\t\t\t\t\t\t\t\t\t\t\t\t\t<\/div>\n\t\t\t\t\t<\/div>\n\t\t\t\t<\/div>\n\t\t<div class=\"elementor-element elementor-element-0b30c63 e-flex e-con-boxed e-con e-parent\" data-id=\"0b30c63\" data-element_type=\"container\" id=\"spis-tresci\" data-settings=\"{&quot;background_background&quot;:&quot;classic&quot;}\">\n\t\t\t\t\t<div class=\"e-con-inner\">\n\t\t<div class=\"elementor-element elementor-element-e36fba8 e-con-full e-flex e-con e-child\" data-id=\"e36fba8\" data-element_type=\"container\">\n\t\t<div class=\"elementor-element elementor-element-893e05c e-con-full e-flex e-con e-child\" data-id=\"893e05c\" data-element_type=\"container\" data-settings=\"{&quot;background_background&quot;:&quot;classic&quot;}\">\n\t\t\t\t<div class=\"elementor-element elementor-element-8dfa69c elementor-widget__width-initial elementor-widget elementor-widget-heading\" data-id=\"8dfa69c\" data-element_type=\"widget\" data-widget_type=\"heading.default\">\n\t\t\t\t\t<h2 class=\"elementor-heading-title elementor-size-default\">\u00bfCu\u00e1l es la diferencia entre el iPad Air y el iPad Pro?<\/h2>\t\t\t\t<\/div>\n\t\t\t\t<div class=\"elementor-element elementor-element-eda451f elementor-widget elementor-widget-text-editor\" data-id=\"eda451f\" data-element_type=\"widget\" data-widget_type=\"text-editor.default\">\n\t\t\t\t\t\t\t\t\t<p>Antes de entrar en una comparaci\u00f3n detallada, mira las principales diferencias entre <a href=\"https:\/\/swopify.com\/pl-pl\/ipad-seria-air\">la serie iPad Air<\/a> y <a href=\"https:\/\/swopify.com\/pl-pl\/ipad-seria-pro\">la serie iPad Pro<\/a>.<\/p>\t\t\t\t\t\t\t\t<\/div>\n\t\t\t\t<div class=\"elementor-element elementor-element-f9d9d72 elementor-widget elementor-widget-text-editor\" data-id=\"f9d9d72\" data-element_type=\"widget\" data-widget_type=\"text-editor.default\">\n\t\t\t\t\t\t\t\t\t<table><caption>Comparaci\u00f3n iPad Air vs iPad Pro<\/caption>\n<thead>\n<tr>\n<th>Funci\u00f3n<\/th>\n<th>iPad Air (M2 \/ M3)<\/th>\n<th>iPad Pro (M2 \/ M4)<\/th>\n<\/tr>\n<\/thead>\n<tbody>\n<tr>\n<td>Para qui\u00e9n<\/td>\n<td>Estudiantes, trabajo, uso cotidiano<\/td>\n<td>Profesionales, creativos, usuarios exigentes<\/td>\n<\/tr>\n<tr>\n<td>Tama\u00f1os<\/td>\n<td>11&#8243;, 13&#8243;<\/td>\n<td>11&#8243;, 12.9&#8243;, 13&#8243;<\/td>\n<\/tr>\n<tr>\n<td>Pantalla<\/td>\n<td>LCD Retina L\u00edquida, 60 Hz<\/td>\n<td>ProMotion 120 Hz, mini-LED \/ OLED<\/td>\n<\/tr>\n<tr>\n<td>Procesador<\/td>\n<td><strong>M2:<\/strong> CPU de 8 n\u00facleos \/ GPU de 10 n\u00facleos | <strong>M3:<\/strong> CPU de 8 n\u00facleos \/ GPU de 9 n\u00facleos<\/td>\n<td><strong>M2<\/strong> <strong>:<\/strong> CPU de 8 n\u00facleos \/ GPU de 10 n\u00facleos | <strong>M4:<\/strong> CPU de 9\/10 n\u00facleos \/ GPU de 10 n\u00facleos<\/td>\n<\/tr>\n<tr>\n<td>RAM<\/td>\n<td>8 GB<\/td>\n<td>8 GB \/ 16 GB<\/td>\n<\/tr>\n<tr>\n<td>Face ID<\/td>\n<td>No<\/td>\n<td>S\u00ed<\/td>\n<\/tr>\n<tr>\n<td>Touch ID<\/td>\n<td>S\u00ed<\/td>\n<td>No<\/td>\n<\/tr>\n<tr>\n<td>Altavoces<\/td>\n<td>Est\u00e9reo<\/td>\n<td>4 altavoces<\/td>\n<\/tr>\n<tr>\n<td>L\u00e1piz de Apple<\/td>\n<td>S\u00ed<\/td>\n<td>S\u00ed<\/td>\n<\/tr>\n<tr>\n<td>Bater\u00eda<\/td>\n<td>hasta 10 h<\/td>\n<td>hasta 10 h<\/td>\n<\/tr>\n<\/tbody>\n<\/table>\t\t\t\t\t\t\t\t<\/div>\n\t\t<div class=\"elementor-element elementor-element-4294595 e-grid e-con-full e-con e-child\" data-id=\"4294595\" data-element_type=\"container\">\n\t\t\t\t<div class=\"elementor-element elementor-element-2ffd07c elementor-widget elementor-widget-image\" data-id=\"2ffd07c\" data-element_type=\"widget\" data-widget_type=\"image.default\">\n\t\t\t\t\t\t\t\t\t\t\t\t<figure class=\"wp-caption\">\n\t\t\t\t\t\t\t\t\t\t\t<a href=\"https:\/\/swopify.com\/pl-pl\/ipad-pro-4-8128gb-wifi-11quot-2022-gwiezdna-szarosc-3967\">\n\t\t\t\t\t\t\t<img decoding=\"async\" src=\"https:\/\/swopify.com\/publicTmp\/pictures\/300x\/3b6441\/c6w279g9n0q0s1v7d590z0y8y400y6n8.webp\" title=\"\" alt=\"iPad Pro 4 8\/128GB WiFi 11&quot; (2022) Gwiezdna Szaro\u015b\u0107\" loading=\"lazy\" \/>\t\t\t\t\t\t\t\t<\/a>\n\t\t\t\t\t\t\t\t\t\t\t<figcaption class=\"widget-image-caption wp-caption-text\">iPad Pro 4 8\/128GB WiFi 11\" (2022) Gris estrella<\/figcaption>\n\t\t\t\t\t\t\t\t\t\t<\/figure>\n\t\t\t\t\t\t\t\t\t<\/div>\n\t\t\t\t<\/div>\n\t\t\t\t<div class=\"elementor-element elementor-element-4c28981 elementor-widget elementor-widget-heading\" data-id=\"4c28981\" data-element_type=\"widget\" data-widget_type=\"heading.default\">\n\t\t\t\t\t<h2 class=\"elementor-heading-title elementor-size-default\">Dise\u00f1o y dimensiones del iPad Air y Pro: \u00bfqu\u00e9 modelo es m\u00e1s conveniente?<\/h2>\t\t\t\t<\/div>\n\t\t\t\t<div class=\"elementor-element elementor-element-1c040e4 elementor-widget elementor-widget-text-editor\" data-id=\"1c040e4\" data-element_type=\"widget\" data-widget_type=\"text-editor.default\">\n\t\t\t\t\t\t\t\t\t<table><thead><tr><th>Funci\u00f3n<\/th><th>iPad Air<\/th><th>iPad Pro<\/th><\/tr><\/thead><tbody><tr><td>Tama\u00f1os<\/td><td><strong>M2:<\/strong> 11&#8243;, 13&#8243; | <strong>M3:<\/strong> 11&#8243;, 13&#8243;<\/td><td><strong>M2<\/strong> <strong>:<\/strong> 11&#8243;, 12,9&#8243; | <strong>M4:<\/strong> 11&#8243;, 13&#8243;<\/td><\/tr><tr><td>Espesor<\/td><td><strong>M2\/M3:<\/strong> 6,1 mm<\/td><td><strong>M2<\/strong> <strong>:<\/strong> 6,4 \/ 6,9 mm | <strong>M4:<\/strong> 5,3 \/ 5,1 mm<\/td><\/tr><tr><td>Peso<\/td><td><strong>M2\/M3:<\/strong> desde 462 g<\/td><td><strong>M2:<\/strong> desde 466 g | <strong>M4:<\/strong> desde 444 g<\/td><\/tr><tr><td>Biometr\u00eda<\/td><td>Touch ID<\/td><td>Face ID<\/td><\/tr><\/tbody><\/table><p>Ambas series son delgadas y est\u00e1n muy bien hechas, pero <strong>el iPad Pro M4 es actualmente el producto m\u00e1s delgado de Apple<\/strong>. En el uso diario, tambi\u00e9n puedes sentir la ventaja de Face ID, especialmente cuando trabajas en un escritorio o con un teclado. <\/p><p> <\/p><p><strong>El Air sigue siendo muy c\u00f3modo y port\u00e1til<\/strong>, especialmente para estudiantes y personas que suelen llevar una tableta en el bolso.<\/p>\t\t\t\t\t\t\t\t<\/div>\n\t\t\t\t<div class=\"elementor-element elementor-element-39a64bb elementor-align-center elementor-widget elementor-widget-button\" data-id=\"39a64bb\" data-element_type=\"widget\" data-widget_type=\"button.default\">\n\t\t\t\t\t\t\t\t\t\t<a class=\"elementor-button elementor-button-link elementor-size-sm\" href=\"https:\/\/swopify.com\/blog\/ipad-pro-m4-vs-ipad-pro-m2-porownanie-tabletow-apple\/\">\n\t\t\t\t\t\t<span class=\"elementor-button-content-wrapper\">\n\t\t\t\t\t\t\t\t\t<span class=\"elementor-button-text\">iPad Pro M4 vs iPad Pro M2<\/span>\n\t\t\t\t\t<\/span>\n\t\t\t\t\t<\/a>\n\t\t\t\t\t\t\t\t<\/div>\n\t\t\t\t<div class=\"elementor-element elementor-element-ff00ea5 elementor-widget elementor-widget-heading\" data-id=\"ff00ea5\" data-element_type=\"widget\" data-widget_type=\"heading.default\">\n\t\t\t\t\t<h2 class=\"elementor-heading-title elementor-size-default\">Pantalla: la mayor ventaja del iPad Pro<\/h2>\t\t\t\t<\/div>\n\t\t\t\t<div class=\"elementor-element elementor-element-5d99fc2 elementor-widget elementor-widget-text-editor\" data-id=\"5d99fc2\" data-element_type=\"widget\" data-widget_type=\"text-editor.default\">\n\t\t\t\t\t\t\t\t\t<table><thead><tr><th>Funci\u00f3n<\/th><th>iPad Air<\/th><th>iPad Pro<\/th><\/tr><\/thead><tbody><tr><td>Tipo de panel<\/td><td><strong>M2\/M3:<\/strong> Retina l\u00edquida LCD<\/td><td><strong>M2<\/strong> <strong>:<\/strong> Retina l\u00edquida \/ mini-LED (12,9&#8243;) | <strong>M4:<\/strong> OLED<\/td><\/tr><tr><td>Frecuencia de actualizaci\u00f3n<\/td><td>60 Hz<\/td><td>120 Hz ProMotion<\/td><\/tr><tr><td>Brillo SDR<\/td><td><strong>M2\/M3:<\/strong> 500 nits<\/td><td><strong>M2:<\/strong> 600 nits | <strong>M4:<\/strong> 1000 nits<\/td><\/tr><tr><td>Contraste<\/td><td>LCD est\u00e1ndar<\/td><td>Significativamente mayor<\/td><\/tr><tr><td>Tono verdadero<\/td><td>S\u00ed<\/td><td>S\u00ed<\/td><\/tr><\/tbody><\/table><p>Lo que m\u00e1s suele determinar la elecci\u00f3n es la pantalla. <strong>Con el Air obtienes un panel LCD muy bueno<\/strong>, suficiente para estudiar, ver pel\u00edculas e Internet.<\/p><p> <\/p><p><strong>El Pro ofrece 120 Hz, lo que significa un desplazamiento m\u00e1s suave<\/strong>, mejores animaciones y un trabajo m\u00e1s natural con el Apple Pencil. En los modelos M4, la pantalla OLED tambi\u00e9n ofrece negros m\u00e1s profundos y mayor contraste. <\/p>\t\t\t\t\t\t\t\t<\/div>\n\t\t\t\t<div class=\"elementor-element elementor-element-c692c67 elementor-widget elementor-widget-heading\" data-id=\"c692c67\" data-element_type=\"widget\" data-widget_type=\"heading.default\">\n\t\t\t\t\t<h2 class=\"elementor-heading-title elementor-size-default\">Procesador y rendimiento - \u00bfM2, M3 o M4?<\/h2>\t\t\t\t<\/div>\n\t\t\t\t<div class=\"elementor-element elementor-element-8befbbe elementor-widget elementor-widget-text-editor\" data-id=\"8befbbe\" data-element_type=\"widget\" data-widget_type=\"text-editor.default\">\n\t\t\t\t\t\t\t\t\t<table><thead><tr><th>Funci\u00f3n<\/th><th>iPad Air<\/th><th>iPad Pro<\/th><\/tr><\/thead><tbody><tr><td>Chip<\/td><td><strong>M2 \/ M3<\/strong><\/td><td><strong>M2 \/ M4<\/strong><\/td><\/tr><tr><td>CPU<\/td><td><strong>M2:<\/strong> 8 n\u00facleos | <strong>M3:<\/strong> 8 n\u00facleos<\/td><td><strong>M2:<\/strong> 8 n\u00facleos | <strong>M4:<\/strong> 9 \u00f3 10 n\u00facleos<\/td><\/tr><tr><td>GPU<\/td><td><strong>M2:<\/strong> 10 n\u00facleos | <strong>M3:<\/strong> 9 n\u00facleos<\/td><td><strong>M2:<\/strong> 10 n\u00facleos | <strong>M4:<\/strong> 10 n\u00facleos<\/td><\/tr><tr><td>Trazado de rayos<\/td><td><strong>M3:<\/strong> S\u00ed<\/td><td><strong>M4:<\/strong> S\u00ed<\/td><\/tr><tr><td>Motor neuronal<\/td><td>M\u00e1s nuevo en el M3<\/td><td>M\u00e1s potente en el M4<\/td><\/tr><\/tbody><\/table><p><strong>Incluso el M2 sigue siendo un chip muy r\u00e1pido<\/strong> que puede manejar tranquilamente la multitarea, los juegos y el trabajo de oficina.<\/p><p> <\/p><p>El M3 ofrece una mayor eficiencia energ\u00e9tica y unos gr\u00e1ficos m\u00e1s modernos. El M4 ya es de nivel profesional, especialmente para edici\u00f3n de v\u00eddeo, trabajo creativo y aplicaciones avanzadas. <\/p>\t\t\t\t\t\t\t\t<\/div>\n\t\t<div class=\"elementor-element elementor-element-89ba2a2 e-con-full e-flex e-con e-child\" data-id=\"89ba2a2\" data-element_type=\"container\">\n\t\t<div class=\"elementor-element elementor-element-01d0990 e-grid e-con-full e-con e-child\" data-id=\"01d0990\" data-element_type=\"container\">\n\t\t\t\t<div class=\"elementor-element elementor-element-01618f4 elementor-widget elementor-widget-image\" data-id=\"01618f4\" data-element_type=\"widget\" data-widget_type=\"image.default\">\n\t\t\t\t\t\t\t\t\t\t\t\t<figure class=\"wp-caption\">\n\t\t\t\t\t\t\t\t\t\t\t<a href=\"https:\/\/swopify.com\/pl-pl\/ipad-air-5-64gb-wifi-109quot-2022-rozowy-3720\">\n\t\t\t\t\t\t\t<img decoding=\"async\" src=\"https:\/\/swopify.com\/publicTmp\/pictures\/300x\/1a2d7c\/x5n4h0r8r0f0j1g7n5n0v0e7b3c3u9k6.webp\" title=\"\" alt=\"iPad Air 5 64GB WiFi 10.9&quot; (2022) R\u00f3\u017cowy\" loading=\"lazy\" \/>\t\t\t\t\t\t\t\t<\/a>\n\t\t\t\t\t\t\t\t\t\t\t<figcaption class=\"widget-image-caption wp-caption-text\">iPad Air 5 64GB WiFi 10.9\" (2022) Rosa<\/figcaption>\n\t\t\t\t\t\t\t\t\t\t<\/figure>\n\t\t\t\t\t\t\t\t\t<\/div>\n\t\t\t\t<div class=\"elementor-element elementor-element-1fd061c elementor-widget elementor-widget-image\" data-id=\"1fd061c\" data-element_type=\"widget\" data-widget_type=\"image.default\">\n\t\t\t\t\t\t\t\t\t\t\t\t<figure class=\"wp-caption\">\n\t\t\t\t\t\t\t\t\t\t\t<a href=\"https:\/\/swopify.com\/pl-pl\/ipad-pro-3-8128gb-wifi-11quot-2021-gwiezdna-szarosc-3948\">\n\t\t\t\t\t\t\t<img decoding=\"async\" src=\"https:\/\/swopify.com\/publicTmp\/pictures\/300x\/ac13c5\/m6d7n72780w0m1b7l52060r8i3h6b9p3.webp\" title=\"\" alt=\"iPad Pro 3 8\/128GB WiFi 11&quot; (2021) Gwiezdna Szaro\u015b\u0107\" loading=\"lazy\" \/>\t\t\t\t\t\t\t\t<\/a>\n\t\t\t\t\t\t\t\t\t\t\t<figcaption class=\"widget-image-caption wp-caption-text\">iPad Pro 3 8\/128GB WiFi 11\" (2021) Gris estrella<\/figcaption>\n\t\t\t\t\t\t\t\t\t\t<\/figure>\n\t\t\t\t\t\t\t\t\t<\/div>\n\t\t\t\t<\/div>\n\t\t\t\t<\/div>\n\t\t\t\t<div class=\"elementor-element elementor-element-64807d8 elementor-widget elementor-widget-heading\" data-id=\"64807d8\" data-element_type=\"widget\" data-widget_type=\"heading.default\">\n\t\t\t\t\t<h2 class=\"elementor-heading-title elementor-size-default\">iPad Air vs iPad Pro - RAM y memoria interna  <\/h2>\t\t\t\t<\/div>\n\t\t\t\t<div class=\"elementor-element elementor-element-9086849 elementor-widget elementor-widget-text-editor\" data-id=\"9086849\" data-element_type=\"widget\" data-widget_type=\"text-editor.default\">\n\t\t\t\t\t\t\t\t\t<table><thead><tr><th>Funci\u00f3n<\/th><th>iPad Air<\/th><th>iPad Pro<\/th><\/tr><\/thead><tbody><tr><td>RAM<\/td><td><strong>M2\/M3:<\/strong> 8 GB<\/td><td><strong>M2<\/strong> <strong>:<\/strong> 8 \/ 16 GB | <strong>M4:<\/strong> 8 \/ 16 GB<\/td><\/tr><tr><td>Almacenamiento de arranque<\/td><td>128 GB<\/td><td>128 GB \/ 256 GB<\/td><\/tr><tr><td>Memoria m\u00e1xima<\/td><td>1 TB<\/td><td>2 TB<\/td><\/tr><\/tbody><\/table><p>Para el uso diario, <strong>los 8 GB de RAM del Air son tranquilamente suficientes<\/strong>.<\/p><p> <\/p><p>Sin embargo, si trabajas con archivos grandes, editas v\u00eddeo o utilizas varias aplicaciones al mismo tiempo, los <strong>modelos Pro con 16 GB de RAM ser\u00e1n una mejor elecci\u00f3n<\/strong>.<\/p>\t\t\t\t\t\t\t\t<\/div>\n\t\t\t\t<div class=\"elementor-element elementor-element-cc0e084 elementor-align-center elementor-widget elementor-widget-button\" data-id=\"cc0e084\" data-element_type=\"widget\" data-widget_type=\"button.default\">\n\t\t\t\t\t\t\t\t\t\t<a class=\"elementor-button elementor-button-link elementor-size-sm\" href=\"https:\/\/swopify.com\/blog\/ipad-czy-ipad-air-ktory-tablet-apple-wybrac\/\">\n\t\t\t\t\t\t<span class=\"elementor-button-content-wrapper\">\n\t\t\t\t\t\t\t\t\t<span class=\"elementor-button-text\">\u00bfiPad o iPad Air?<\/span>\n\t\t\t\t\t<\/span>\n\t\t\t\t\t<\/a>\n\t\t\t\t\t\t\t\t<\/div>\n\t\t\t\t<div class=\"elementor-element elementor-element-8d07e1a elementor-widget elementor-widget-heading\" data-id=\"8d07e1a\" data-element_type=\"widget\" data-widget_type=\"heading.default\">\n\t\t\t\t\t<h2 class=\"elementor-heading-title elementor-size-default\">C\u00e1maras y videollamadas en el iPad Air y Pro<\/h2>\t\t\t\t<\/div>\n\t\t\t\t<div class=\"elementor-element elementor-element-3627ff5 elementor-widget elementor-widget-text-editor\" data-id=\"3627ff5\" data-element_type=\"widget\" data-widget_type=\"text-editor.default\">\n\t\t\t\t\t\t\t\t\t<table><thead><tr><th>Funci\u00f3n<\/th><th>iPad Air<\/th><th>iPad Pro<\/th><\/tr><\/thead><tbody><tr><td>C\u00e1mara trasera<\/td><td>12 MP<\/td><td>12 MP<\/td><\/tr><tr><td>C\u00e1mara frontal<\/td><td>12 MP Etapa Central<\/td><td>12 MP Etapa central<\/td><\/tr><tr><td>LiDAR<\/td><td>No<\/td><td><strong>M2:<\/strong> S\u00ed<\/td><\/tr><tr><td>Escaneado 3D<\/td><td>No<\/td><td>S\u00ed<\/td><\/tr><\/tbody><\/table><p>Para las conversaciones en l\u00ednea, ambos modelos rinden muy bien. <strong>La c\u00e1mara frontal de 12 MP con Center Stage te mantiene autom\u00e1ticamente en el encuadre durante las videoconferencias<\/strong>.<\/p><p> <\/p><p>Pro ofrece funciones adicionales para desarrolladores y profesionales: por ejemplo, un esc\u00e1ner LiDAR en generaciones anteriores.<\/p>\t\t\t\t\t\t\t\t<\/div>\n\t\t\t\t<div class=\"elementor-element elementor-element-05495ce elementor-widget elementor-widget-heading\" data-id=\"05495ce\" data-element_type=\"widget\" data-widget_type=\"heading.default\">\n\t\t\t\t\t<h2 class=\"elementor-heading-title elementor-size-default\">Bater\u00eda y carga: \u00bfdura m\u00e1s el iPad Pro que el Air?<\/h2>\t\t\t\t<\/div>\n\t\t\t\t<div class=\"elementor-element elementor-element-f046f9e elementor-widget elementor-widget-text-editor\" data-id=\"f046f9e\" data-element_type=\"widget\" data-widget_type=\"text-editor.default\">\n\t\t\t\t\t\t\t\t\t<table><thead><tr><th>Funci\u00f3n<\/th><th>iPad Air<\/th><th>iPad Pro<\/th><\/tr><\/thead><tbody><tr><td>Tiempo de funcionamiento Wi-Fi<\/td><td>hasta 10 h<\/td><td>hasta 10 h<\/td><\/tr><tr><td>Carga<\/td><td>USB-C<\/td><td>USB-C \/ Thunderbolt (en determinados modelos Pro)<\/td><\/tr><tr><td>Trabajo m\u00f3vil<\/td><td>S\u00ed<\/td><td>S\u00ed<\/td><\/tr><\/tbody><\/table><p>En cuanto a la bater\u00eda, ambos modelos tienen un rendimiento similar. <strong>Un d\u00eda de trabajo, universidad o viaje no deber\u00eda ser un problema<\/strong>.<\/p><p> <\/p><p>La Serie Pro te da ventaja con puertos m\u00e1s r\u00e1pidos y mejor interoperabilidad con accesorios externos.<\/p>\t\t\t\t\t\t\t\t<\/div>\n\t\t\t\t<div class=\"elementor-element elementor-element-30f545d elementor-align-center elementor-widget elementor-widget-button\" data-id=\"30f545d\" data-element_type=\"widget\" data-widget_type=\"button.default\">\n\t\t\t\t\t\t\t\t\t\t<a class=\"elementor-button elementor-button-link elementor-size-sm\" href=\"https:\/\/swopify.com\/blog\/ipad-9-czy-10-generacji-ktory-tablet-apple-wybrac\/\">\n\t\t\t\t\t\t<span class=\"elementor-button-content-wrapper\">\n\t\t\t\t\t\t\t\t\t<span class=\"elementor-button-text\">\u00bf9\u00aa o 10\u00aa generaci\u00f3n de iPad?  <\/span>\n\t\t\t\t\t<\/span>\n\t\t\t\t\t<\/a>\n\t\t\t\t\t\t\t\t<\/div>\n\t\t\t\t<div class=\"elementor-element elementor-element-e111a73 elementor-widget elementor-widget-heading\" data-id=\"e111a73\" data-element_type=\"widget\" data-widget_type=\"heading.default\">\n\t\t\t\t\t<h2 class=\"elementor-heading-title elementor-size-default\">Apple Pencil y teclados<\/h2>\t\t\t\t<\/div>\n\t\t\t\t<div class=\"elementor-element elementor-element-99db6a3 elementor-widget elementor-widget-text-editor\" data-id=\"99db6a3\" data-element_type=\"widget\" data-widget_type=\"text-editor.default\">\n\t\t\t\t\t\t\t\t\t<table><thead><tr><th>Funci\u00f3n<\/th><th>iPad Air<\/th><th>iPad Pro<\/th><\/tr><\/thead><tbody><tr><td>L\u00e1piz de Apple<\/td><td>S\u00ed<\/td><td>S\u00ed<\/td><\/tr><tr><td>Teclado m\u00e1gico<\/td><td>S\u00ed<\/td><td>S\u00ed<\/td><\/tr><tr><td>Dibujo<\/td><td>Muy bueno<\/td><td>Mejor<\/td><\/tr><tr><td>Escribir<\/td><td>Muy buena<\/td><td>Muy buena<\/td><\/tr><\/tbody><\/table><p>Si tomas notas, estudias o trabajas en movimiento, ambos modelos son una muy buena elecci\u00f3n.<\/p><p> <\/p><p>Para el dibujo profesional, el Pro <strong>con pantalla de 120 Hz ofrece una sensaci\u00f3n m\u00e1s natural<\/strong> y menos lag.<\/p>\t\t\t\t\t\t\t\t<\/div>\n\t\t<div class=\"elementor-element elementor-element-d0c2a7d e-grid e-con-full e-con e-child\" data-id=\"d0c2a7d\" data-element_type=\"container\">\n\t\t\t\t<div class=\"elementor-element elementor-element-131d876 elementor-widget elementor-widget-image\" data-id=\"131d876\" data-element_type=\"widget\" data-widget_type=\"image.default\">\n\t\t\t\t\t\t\t\t\t\t\t\t<figure class=\"wp-caption\">\n\t\t\t\t\t\t\t\t\t\t\t<a href=\"https:\/\/swopify.com\/pl-pl\/ipad-air-5-64gb-wifi-109quot-2022-ksiezycowa-poswiata-3721\">\n\t\t\t\t\t\t\t<img decoding=\"async\" src=\"https:\/\/swopify.com\/publicTmp\/pictures\/300x\/2d457e\/n5p4t630h070w1l715t0d0n7m3s4f1a6.webp\" title=\"\" alt=\"iPad Air 5 64GB WiFi 10.9&quot; (2022) Ksi\u0119\u017cycowa Po\u015bwiata\" loading=\"lazy\" \/>\t\t\t\t\t\t\t\t<\/a>\n\t\t\t\t\t\t\t\t\t\t\t<figcaption class=\"widget-image-caption wp-caption-text\">iPad Air 5 64GB WiFi 10.9\" (2022) Luz de luna<\/figcaption>\n\t\t\t\t\t\t\t\t\t\t<\/figure>\n\t\t\t\t\t\t\t\t\t<\/div>\n\t\t\t\t<div class=\"elementor-element elementor-element-2c63431 elementor-widget elementor-widget-image\" data-id=\"2c63431\" data-element_type=\"widget\" data-widget_type=\"image.default\">\n\t\t\t\t\t\t\t\t\t\t\t\t<figure class=\"wp-caption\">\n\t\t\t\t\t\t\t\t\t\t\t<a href=\"https:\/\/swopify.com\/pl-pl\/ipad-air-5-64gb-wifi-109quot-2022-gwiezdna-szarosc-3722\">\n\t\t\t\t\t\t\t<img decoding=\"async\" src=\"https:\/\/swopify.com\/publicTmp\/pictures\/300x\/0e1f18\/n2d5s9q0g050o1s7w5o0c0b7a3f493r6.webp\" title=\"\" alt=\"iPad Air 5 64GB WiFi 10.9&quot; (2022) Gwiezdna Szaro\u015b\u0107\" loading=\"lazy\" \/>\t\t\t\t\t\t\t\t<\/a>\n\t\t\t\t\t\t\t\t\t\t\t<figcaption class=\"widget-image-caption wp-caption-text\">iPad Air 5 64GB WiFi 10.9\" (2022) Gris estrella<\/figcaption>\n\t\t\t\t\t\t\t\t\t\t<\/figure>\n\t\t\t\t\t\t\t\t\t<\/div>\n\t\t\t\t<\/div>\n\t\t\t\t<div class=\"elementor-element elementor-element-d1120a1 elementor-widget elementor-widget-heading\" data-id=\"d1120a1\" data-element_type=\"widget\" data-widget_type=\"heading.default\">\n\t\t\t\t\t<h2 class=\"elementor-heading-title elementor-size-default\">\u00bfQu\u00e9 elegir: iPad Pro o iPad Air?\n<\/h2>\t\t\t\t<\/div>\n\t\t\t\t<div class=\"elementor-element elementor-element-d90f265 elementor-widget elementor-widget-text-editor\" data-id=\"d90f265\" data-element_type=\"widget\" data-widget_type=\"text-editor.default\">\n\t\t\t\t\t\t\t\t\t<p><strong>Elige la serie Air si:<\/strong><\/p><ul><li>buscando la mejor relaci\u00f3n calidad-precio<\/li><li>estudias o trabajas en una oficina<\/li><li>tomas notas<\/li><li>ves pel\u00edculas y usas internet<\/li><li>no necesitas 120Hz<\/li><\/ul><p> <\/p><p><strong>Elige la Serie Pro si:<\/strong><\/p><ul><li>trabajas de forma creativa<\/li><li>editas v\u00eddeo<\/li><li>dibujas profesionalmente<\/li><li>quieres la mejor pantalla de Apple<\/li><li>utilizas tu tablet muchas horas al d\u00eda<\/li><\/ul>\t\t\t\t\t\t\t\t<\/div>\n\t\t\t\t<div class=\"elementor-element elementor-element-ac501c5 elementor-widget elementor-widget-heading\" data-id=\"ac501c5\" data-element_type=\"widget\" data-widget_type=\"heading.default\">\n\t\t\t\t\t<h2 class=\"elementor-heading-title elementor-size-default\">Compra m\u00e1s barato y m\u00e1s inteligente: \u00bfpor qu\u00e9 apostar por un iPad reacondicionado?<\/h2>\t\t\t\t<\/div>\n\t\t\t\t<div class=\"elementor-element elementor-element-22fcedf elementor-widget elementor-widget-text-editor\" data-id=\"22fcedf\" data-element_type=\"widget\" data-widget_type=\"text-editor.default\">\n\t\t\t\t\t\t\t\t\t<p>Comprar un nuevo tablet de Apple supone un gasto importante, por eso cada vez m\u00e1s gente opta por <a href=\"https:\/\/swopify.com\/pl-pl\/tablety-apple\">iPads reacondicionados<\/a>. Es una opci\u00f3n sensata para quienes quieren disfrutar de la calidad de Apple pero sin pagar el precio completo de un dispositivo reci\u00e9n salido de la caja. En la pr\u00e1ctica, esto significa que con el presupuesto de un iPad Air nuevo, a menudo puedes comprar un modelo Pro m\u00e1s potente, como el <a href=\"https:\/\/swopify.com\/pl-pl\/ipad-pro-2022-seria-m2\">iPad Pro M2<\/a> con mejor pantalla, Face ID o m\u00e1s memoria.  <\/p><p> <\/p><p><strong>Cuando compras en SWOPiFY, no s\u00f3lo obtienes un precio m\u00e1s bajo, sino tambi\u00e9n tranquilidad despu\u00e9s de la compra<\/strong>. Esto es especialmente importante con los productos electr\u00f3nicos de primera calidad. <\/p><p> <\/p><p><strong>Ventajas de comprar en SWOPiFY:<\/strong><\/p><ul><li>aparatos tras una inspecci\u00f3n t\u00e9cnica profesional<\/li><li>garant\u00eda y asistencia postventa<\/li><li>condiciones visuales y t\u00e9cnicas claras del producto<\/li><li>precio m\u00e1s atractivo que los equipos nuevos<\/li><li>compra segura a vendedor verificado<\/li><li>una elecci\u00f3n ecol\u00f3gica acorde con el concepto de menos residuos<\/li><\/ul><p> <\/p><p>Si quieres la mejor relaci\u00f3n calidad-precio, un iPad reacondicionado de SWOPiFY suele ser una opci\u00f3n m\u00e1s sensata que un modelo nuevo de gama baja. <strong>Esto significa que puedes comprar un hardware mejor, pagar menos y disfrutar de tu dispositivo durante a\u00f1os<\/strong>.<\/p>\t\t\t\t\t\t\t\t<\/div>\n\t\t<div class=\"elementor-element elementor-element-75b87af e-con-full e-flex e-con e-child\" data-id=\"75b87af\" data-element_type=\"container\">\n\t\t<div class=\"elementor-element elementor-element-a85155f e-grid e-con-full e-con e-child\" data-id=\"a85155f\" data-element_type=\"container\">\n\t\t\t\t<div class=\"elementor-element elementor-element-06f7cfb elementor-widget elementor-widget-image\" data-id=\"06f7cfb\" data-element_type=\"widget\" data-widget_type=\"image.default\">\n\t\t\t\t\t\t\t\t\t\t\t\t<figure class=\"wp-caption\">\n\t\t\t\t\t\t\t\t\t\t\t<a href=\"https:\/\/swopify.com\/pl-pl\/ipad-air-5-256gb-wifi-109quot-2022-gwiezdna-szarosc-3727\">\n\t\t\t\t\t\t\t<img decoding=\"async\" src=\"https:\/\/swopify.com\/publicTmp\/pictures\/300x\/3d8195\/z5m7l619v0w031x7q5h0w0n7o3l5n2z4.webp\" title=\"\" alt=\"iPad Air 5 256GB WiFi 10.9&quot; (2022) Gwiezdna Szaro\u015b\u0107\" loading=\"lazy\" \/>\t\t\t\t\t\t\t\t<\/a>\n\t\t\t\t\t\t\t\t\t\t\t<figcaption class=\"widget-image-caption wp-caption-text\">iPad Air 5 256GB WiFi 10.9\" (2022) Gris estrella<\/figcaption>\n\t\t\t\t\t\t\t\t\t\t<\/figure>\n\t\t\t\t\t\t\t\t\t<\/div>\n\t\t\t\t<div class=\"elementor-element elementor-element-7569122 elementor-widget elementor-widget-image\" data-id=\"7569122\" data-element_type=\"widget\" data-widget_type=\"image.default\">\n\t\t\t\t\t\t\t\t\t\t\t\t<figure class=\"wp-caption\">\n\t\t\t\t\t\t\t\t\t\t\t<a href=\"https:\/\/swopify.com\/pl-pl\/ipad-air-5-256gb-wifi-109quot-2022-fioletowy-3724\">\n\t\t\t\t\t\t\t<img decoding=\"async\" src=\"https:\/\/swopify.com\/publicTmp\/pictures\/300x\/72e698\/p8z447k4m080o1d7c5x0x0l79334y5h9.webp\" title=\"\" alt=\"iPad Air 5 256GB WiFi 10.9&quot; (2022) Fioletowy\" loading=\"lazy\" \/>\t\t\t\t\t\t\t\t<\/a>\n\t\t\t\t\t\t\t\t\t\t\t<figcaption class=\"widget-image-caption wp-caption-text\">iPad Air 5 256GB WiFi 10.9\" (2022) Morado<\/figcaption>\n\t\t\t\t\t\t\t\t\t\t<\/figure>\n\t\t\t\t\t\t\t\t\t<\/div>\n\t\t\t\t<\/div>\n\t\t\t\t<\/div>\n\t\t\t\t<\/div>\n\t\t<div class=\"elementor-element elementor-element-18cd69d e-con-full e-flex e-con e-child\" data-id=\"18cd69d\" data-element_type=\"container\" data-settings=\"{&quot;background_background&quot;:&quot;classic&quot;}\">\n\t\t\t\t<div class=\"elementor-element elementor-element-f50921e elementor-widget__width-initial elementor-widget elementor-widget-heading\" data-id=\"f50921e\" data-element_type=\"widget\" data-widget_type=\"heading.default\">\n\t\t\t\t\t<h2 class=\"elementor-heading-title elementor-size-default\">Preguntas m\u00e1s frecuentes<\/h2>\t\t\t\t<\/div>\n\t\t\t\t<div class=\"elementor-element elementor-element-fe1af02 elementor-widget elementor-widget-n-accordion\" data-id=\"fe1af02\" data-element_type=\"widget\" data-settings=\"{&quot;n_accordion_animation_duration&quot;:{&quot;unit&quot;:&quot;ms&quot;,&quot;size&quot;:500,&quot;sizes&quot;:[]},&quot;default_state&quot;:&quot;expanded&quot;,&quot;max_items_expended&quot;:&quot;one&quot;}\" data-widget_type=\"nested-accordion.default\">\n\t\t\t\t\t\t\t<div class=\"e-n-accordion\" aria-label=\"Accordion. Open links with Enter or Space, close with Escape, and navigate with Arrow Keys\">\n\t\t\t\t\t\t<details id=\"e-n-accordion-item-2660\" class=\"e-n-accordion-item\" open>\n\t\t\t\t<summary class=\"e-n-accordion-item-title\" data-accordion-index=\"1\" tabindex=\"0\" aria-expanded=\"true\" aria-controls=\"e-n-accordion-item-2660\" >\n\t\t\t\t\t<span class='e-n-accordion-item-title-header'><div class=\"e-n-accordion-item-title-text\"> \u00bfEl iPad Air es suficiente para los estudios? <\/div><\/span>\n\t\t\t\t\t\t\t<span class='e-n-accordion-item-title-icon'>\n\t\t\t<span class='e-opened' ><svg xmlns=\"http:\/\/www.w3.org\/2000\/svg\" width=\"12\" height=\"8\" viewBox=\"0 0 12 8\" fill=\"none\"><path d=\"M6 0.000391054L12 6.00039L10.6 7.40039L6 2.80039L1.4 7.40039L-1.22392e-07 6.00039L6 0.000391054Z\" fill=\"#292D33\"><\/path><\/svg><\/span>\n\t\t\t<span class='e-closed'><svg xmlns=\"http:\/\/www.w3.org\/2000\/svg\" width=\"12\" height=\"8\" viewBox=\"0 0 12 8\" fill=\"none\"><path d=\"M6 7.4L0 1.4L1.4 0L6 4.6L10.6 0L12 1.4L6 7.4Z\" fill=\"#292D33\"><\/path><\/svg><\/span>\n\t\t<\/span>\n\n\t\t\t\t\t\t<\/summary>\n\t\t\t\t<div role=\"region\" aria-labelledby=\"e-n-accordion-item-2660\" class=\"elementor-element elementor-element-b87f5c7 e-con-full e-flex e-con e-child\" data-id=\"b87f5c7\" data-element_type=\"container\">\n\t\t\t\t<div class=\"elementor-element elementor-element-51be02f elementor-widget elementor-widget-text-editor\" data-id=\"51be02f\" data-element_type=\"widget\" data-widget_type=\"text-editor.default\">\n\t\t\t\t\t\t\t\t\t<p>S\u00ed. Notas, PDFs, Teams, Zoom, investigaci\u00f3n y documentos funcionan sin problemas. <\/p>\t\t\t\t\t\t\t\t<\/div>\n\t\t\t\t<\/div>\n\t\t\t\t\t<\/details>\n\t\t\t\t\t\t<details id=\"e-n-accordion-item-2661\" class=\"e-n-accordion-item\" >\n\t\t\t\t<summary class=\"e-n-accordion-item-title\" data-accordion-index=\"2\" tabindex=\"-1\" aria-expanded=\"false\" aria-controls=\"e-n-accordion-item-2661\" >\n\t\t\t\t\t<span class='e-n-accordion-item-title-header'><div class=\"e-n-accordion-item-title-text\"> \u00bfMerece la pena pagar m\u00e1s por un iPad Pro? <\/div><\/span>\n\t\t\t\t\t\t\t<span class='e-n-accordion-item-title-icon'>\n\t\t\t<span class='e-opened' ><svg xmlns=\"http:\/\/www.w3.org\/2000\/svg\" width=\"12\" height=\"8\" viewBox=\"0 0 12 8\" fill=\"none\"><path d=\"M6 0.000391054L12 6.00039L10.6 7.40039L6 2.80039L1.4 7.40039L-1.22392e-07 6.00039L6 0.000391054Z\" fill=\"#292D33\"><\/path><\/svg><\/span>\n\t\t\t<span class='e-closed'><svg xmlns=\"http:\/\/www.w3.org\/2000\/svg\" width=\"12\" height=\"8\" viewBox=\"0 0 12 8\" fill=\"none\"><path d=\"M6 7.4L0 1.4L1.4 0L6 4.6L10.6 0L12 1.4L6 7.4Z\" fill=\"#292D33\"><\/path><\/svg><\/span>\n\t\t<\/span>\n\n\t\t\t\t\t\t<\/summary>\n\t\t\t\t<div role=\"region\" aria-labelledby=\"e-n-accordion-item-2661\" class=\"elementor-element elementor-element-78c7be3 e-con-full e-flex e-con e-child\" data-id=\"78c7be3\" data-element_type=\"container\">\n\t\t\t\t<div class=\"elementor-element elementor-element-eaddd67 elementor-widget elementor-widget-text-editor\" data-id=\"eaddd67\" data-element_type=\"widget\" data-widget_type=\"text-editor.default\">\n\t\t\t\t\t\t\t\t\t<p>S\u00ed, si quieres una pantalla de 120 Hz, Face ID y el m\u00e1ximo rendimiento.<\/p>\t\t\t\t\t\t\t\t<\/div>\n\t\t\t\t<\/div>\n\t\t\t\t\t<\/details>\n\t\t\t\t\t\t<details id=\"e-n-accordion-item-2662\" class=\"e-n-accordion-item\" >\n\t\t\t\t<summary class=\"e-n-accordion-item-title\" data-accordion-index=\"3\" tabindex=\"-1\" aria-expanded=\"false\" aria-controls=\"e-n-accordion-item-2662\" >\n\t\t\t\t\t<span class='e-n-accordion-item-title-header'><div class=\"e-n-accordion-item-title-text\"> \u00bfCu\u00e1l es la mayor diferencia entre el iPad Air y el Pro? <\/div><\/span>\n\t\t\t\t\t\t\t<span class='e-n-accordion-item-title-icon'>\n\t\t\t<span class='e-opened' ><svg xmlns=\"http:\/\/www.w3.org\/2000\/svg\" width=\"12\" height=\"8\" viewBox=\"0 0 12 8\" fill=\"none\"><path d=\"M6 0.000391054L12 6.00039L10.6 7.40039L6 2.80039L1.4 7.40039L-1.22392e-07 6.00039L6 0.000391054Z\" fill=\"#292D33\"><\/path><\/svg><\/span>\n\t\t\t<span class='e-closed'><svg xmlns=\"http:\/\/www.w3.org\/2000\/svg\" width=\"12\" height=\"8\" viewBox=\"0 0 12 8\" fill=\"none\"><path d=\"M6 7.4L0 1.4L1.4 0L6 4.6L10.6 0L12 1.4L6 7.4Z\" fill=\"#292D33\"><\/path><\/svg><\/span>\n\t\t<\/span>\n\n\t\t\t\t\t\t<\/summary>\n\t\t\t\t<div role=\"region\" aria-labelledby=\"e-n-accordion-item-2662\" class=\"elementor-element elementor-element-bc80998 e-flex e-con-boxed e-con e-child\" data-id=\"bc80998\" data-element_type=\"container\">\n\t\t\t\t\t<div class=\"e-con-inner\">\n\t\t\t\t<div class=\"elementor-element elementor-element-c33a885 elementor-widget elementor-widget-text-editor\" data-id=\"c33a885\" data-element_type=\"widget\" data-widget_type=\"text-editor.default\">\n\t\t\t\t\t\t\t\t\t<p>Las mayores diferencias son la pantalla, los altavoces, Face ID y las capacidades profesionales.<\/p>\t\t\t\t\t\t\t\t<\/div>\n\t\t\t\t\t<\/div>\n\t\t\t\t<\/div>\n\t\t\t\t\t<\/details>\n\t\t\t\t\t\t<details id=\"e-n-accordion-item-2663\" class=\"e-n-accordion-item\" >\n\t\t\t\t<summary class=\"e-n-accordion-item-title\" data-accordion-index=\"4\" tabindex=\"-1\" aria-expanded=\"false\" aria-controls=\"e-n-accordion-item-2663\" >\n\t\t\t\t\t<span class='e-n-accordion-item-title-header'><div class=\"e-n-accordion-item-title-text\"> \u00bfTiene sentido un iPad Pro reacondicionado? <\/div><\/span>\n\t\t\t\t\t\t\t<span class='e-n-accordion-item-title-icon'>\n\t\t\t<span class='e-opened' ><svg xmlns=\"http:\/\/www.w3.org\/2000\/svg\" width=\"12\" height=\"8\" viewBox=\"0 0 12 8\" fill=\"none\"><path d=\"M6 0.000391054L12 6.00039L10.6 7.40039L6 2.80039L1.4 7.40039L-1.22392e-07 6.00039L6 0.000391054Z\" fill=\"#292D33\"><\/path><\/svg><\/span>\n\t\t\t<span class='e-closed'><svg xmlns=\"http:\/\/www.w3.org\/2000\/svg\" width=\"12\" height=\"8\" viewBox=\"0 0 12 8\" fill=\"none\"><path d=\"M6 7.4L0 1.4L1.4 0L6 4.6L10.6 0L12 1.4L6 7.4Z\" fill=\"#292D33\"><\/path><\/svg><\/span>\n\t\t<\/span>\n\n\t\t\t\t\t\t<\/summary>\n\t\t\t\t<div role=\"region\" aria-labelledby=\"e-n-accordion-item-2663\" class=\"elementor-element elementor-element-c7b7a98 e-con-full e-flex e-con e-child\" data-id=\"c7b7a98\" data-element_type=\"container\">\n\t\t\t\t<div class=\"elementor-element elementor-element-7f3160e elementor-widget elementor-widget-text-editor\" data-id=\"7f3160e\" data-element_type=\"widget\" data-widget_type=\"text-editor.default\">\n\t\t\t\t\t\t\t\t\t<p data-start=\"5861\" data-end=\"6046\">S\u00ed, sobre todo si quieres un modelo premium con un presupuesto cercano al del nuevo iPad Air.<\/p>\t\t\t\t\t\t\t\t<\/div>\n\t\t\t\t<\/div>\n\t\t\t\t\t<\/details>\n\t\t\t\t\t<\/div>\n\t\t\t\t\t<script type=\"application\/ld+json\">{\"@context\":\"https:\\\/\\\/schema.org\",\"@type\":\"FAQPage\",\"mainEntity\":[{\"@type\":\"Question\",\"name\":\"\\u00bfEl iPad Air es suficiente para los estudios?\",\"acceptedAnswer\":{\"@type\":\"Answer\",\"text\":\"S\\u00ed. Notas, PDFs, Teams, Zoom, investigaci\\u00f3n y documentos funcionan sin problemas.\"}},{\"@type\":\"Question\",\"name\":\"\\u00bfMerece la pena pagar m\\u00e1s por un iPad Pro?\",\"acceptedAnswer\":{\"@type\":\"Answer\",\"text\":\"S\\u00ed, si quieres una pantalla de 120 Hz, Face ID y el m\\u00e1ximo rendimiento.\"}},{\"@type\":\"Question\",\"name\":\"\\u00bfCu\\u00e1l es la mayor diferencia entre el iPad Air y el Pro?\",\"acceptedAnswer\":{\"@type\":\"Answer\",\"text\":\"Las mayores diferencias son la pantalla, los altavoces, Face ID y las capacidades profesionales.\"}},{\"@type\":\"Question\",\"name\":\"\\u00bfTiene sentido un iPad Pro reacondicionado?\",\"acceptedAnswer\":{\"@type\":\"Answer\",\"text\":\"S\\u00ed, sobre todo si quieres un modelo premium con un presupuesto cercano al del nuevo iPad Air.\"}}]}<\/script>\n\t\t\t\t\t\t\t<\/div>\n\t\t\t\t<\/div>\n\t\t<div class=\"elementor-element elementor-element-3ced5f1 e-con-full elementor-hidden-tablet elementor-hidden-mobile e-flex e-con e-child\" data-id=\"3ced5f1\" data-element_type=\"container\" data-settings=\"{&quot;background_background&quot;:&quot;classic&quot;}\">\n\t\t<div class=\"elementor-element elementor-element-3771c2c e-con-full e-flex e-con e-child\" data-id=\"3771c2c\" data-element_type=\"container\">\n\t\t\t\t<div class=\"elementor-element elementor-element-1abce59 elementor-absolute elementor-widget elementor-widget-image\" data-id=\"1abce59\" data-element_type=\"widget\" data-settings=\"{&quot;_position&quot;:&quot;absolute&quot;}\" data-widget_type=\"image.default\">\n\t\t\t\t\t\t\t\t\t\t\t\t\t\t\t<img loading=\"lazy\" decoding=\"async\" width=\"196\" height=\"143\" src=\"https:\/\/swopify.com\/blog\/wp-content\/uploads\/2025\/07\/Vector-6.svg\" class=\"attachment-large size-large wp-image-4790\" alt=\"\" \/>\t\t\t\t\t\t\t\t\t\t\t\t\t\t\t<\/div>\n\t\t\t\t<div class=\"elementor-element elementor-element-3adc862 elementor-absolute elementor-widget elementor-widget-image\" data-id=\"3adc862\" data-element_type=\"widget\" data-settings=\"{&quot;_position&quot;:&quot;absolute&quot;}\" data-widget_type=\"image.default\">\n\t\t\t\t\t\t\t\t\t\t\t\t\t\t\t<img loading=\"lazy\" decoding=\"async\" width=\"196\" height=\"143\" src=\"https:\/\/swopify.com\/blog\/wp-content\/uploads\/2025\/07\/Vector-6.svg\" class=\"attachment-large size-large wp-image-4790\" alt=\"\" \/>\t\t\t\t\t\t\t\t\t\t\t\t\t\t\t<\/div>\n\t\t\t\t<div class=\"elementor-element elementor-element-7ffb0e8 elementor-absolute elementor-widget elementor-widget-image\" data-id=\"7ffb0e8\" data-element_type=\"widget\" data-settings=\"{&quot;_position&quot;:&quot;absolute&quot;}\" data-widget_type=\"image.default\">\n\t\t\t\t\t\t\t\t\t\t\t\t\t\t\t<img loading=\"lazy\" decoding=\"async\" width=\"53\" height=\"50\" src=\"https:\/\/swopify.com\/blog\/wp-content\/uploads\/2025\/07\/Vector-7.svg\" class=\"attachment-large size-large wp-image-4791\" alt=\"\" \/>\t\t\t\t\t\t\t\t\t\t\t\t\t\t\t<\/div>\n\t\t\t\t<div class=\"elementor-element elementor-element-f0dc3a5 elementor-widget elementor-widget-image\" data-id=\"f0dc3a5\" data-element_type=\"widget\" data-widget_type=\"image.default\">\n\t\t\t\t\t\t\t\t\t\t\t\t\t\t\t<img loading=\"lazy\" decoding=\"async\" width=\"685\" height=\"676\" src=\"https:\/\/swopify.com\/blog\/wp-content\/uploads\/2025\/08\/bartek_zdj.jpg\" class=\"attachment-large size-large wp-image-4792\" alt=\"\" srcset=\"https:\/\/swopify.com\/blog\/wp-content\/uploads\/2025\/08\/bartek_zdj.jpg 685w, https:\/\/swopify.com\/blog\/wp-content\/uploads\/2025\/08\/bartek_zdj-300x296.jpg 300w\" sizes=\"(max-width: 685px) 100vw, 685px\" \/>\t\t\t\t\t\t\t\t\t\t\t\t\t\t\t<\/div>\n\t\t\t\t<\/div>\n\t\t<div class=\"elementor-element elementor-element-c7fa709 e-con-full e-flex e-con e-child\" data-id=\"c7fa709\" data-element_type=\"container\">\n\t\t<div class=\"elementor-element elementor-element-7fd3302 e-con-full e-flex e-con e-child\" data-id=\"7fd3302\" data-element_type=\"container\">\n\t\t\t\t<div class=\"elementor-element elementor-element-9a3f2b5 elementor-widget elementor-widget-text-editor\" data-id=\"9a3f2b5\" data-element_type=\"widget\" data-widget_type=\"text-editor.default\">\n\t\t\t\t\t\t\t\t\t<p>SOBRE EL AUTOR:<\/p>\t\t\t\t\t\t\t\t<\/div>\n\t\t\t\t<div class=\"elementor-element elementor-element-e6c5546 elementor-widget elementor-widget-text-editor\" data-id=\"e6c5546\" data-element_type=\"widget\" data-widget_type=\"text-editor.default\">\n\t\t\t\t\t\t\t\t\tBartek Zebrowski\t\t\t\t\t\t\t\t<\/div>\n\t\t\t\t<div class=\"elementor-element elementor-element-0f28a07 elementor-widget elementor-widget-text-editor\" data-id=\"0f28a07\" data-element_type=\"widget\" data-widget_type=\"text-editor.default\">\n\t\t\t\t\t\t\t\t\t<p>Me apasiona la electr\u00f3nica reacondicionada: demostrar que se puede tener un gran equipo sin pagar de m\u00e1s y sin a\u00f1adir m\u00e1s cacharros el\u00e9ctricos. En el blog comparto mis conocimientos y experiencia para inspirar elecciones tecnol\u00f3gicas m\u00e1s inteligentes e informadas. <\/p>\t\t\t\t\t\t\t\t<\/div>\n\t\t\t\t<\/div>\n\t\t\t\t<\/div>\n\t\t\t\t<\/div>\n\t\t<div class=\"elementor-element elementor-element-aaf9d0f e-con-full elementor-hidden-desktop e-flex e-con e-child\" data-id=\"aaf9d0f\" data-element_type=\"container\" data-settings=\"{&quot;background_background&quot;:&quot;classic&quot;}\">\n\t\t<div class=\"elementor-element elementor-element-a92490e e-con-full e-flex e-con e-child\" data-id=\"a92490e\" data-element_type=\"container\">\n\t\t\t\t<div class=\"elementor-element elementor-element-9ccff93 elementor-absolute elementor-widget elementor-widget-image\" data-id=\"9ccff93\" data-element_type=\"widget\" data-settings=\"{&quot;_position&quot;:&quot;absolute&quot;}\" data-widget_type=\"image.default\">\n\t\t\t\t\t\t\t\t\t\t\t\t\t\t\t<img loading=\"lazy\" decoding=\"async\" width=\"196\" height=\"143\" src=\"https:\/\/swopify.com\/blog\/wp-content\/uploads\/2025\/07\/Vector-6.svg\" class=\"attachment-large size-large wp-image-4790\" alt=\"\" \/>\t\t\t\t\t\t\t\t\t\t\t\t\t\t\t<\/div>\n\t\t\t\t<div class=\"elementor-element elementor-element-4f6644f elementor-absolute elementor-widget elementor-widget-image\" data-id=\"4f6644f\" data-element_type=\"widget\" data-settings=\"{&quot;_position&quot;:&quot;absolute&quot;}\" data-widget_type=\"image.default\">\n\t\t\t\t\t\t\t\t\t\t\t\t\t\t\t<img loading=\"lazy\" decoding=\"async\" width=\"196\" height=\"143\" src=\"https:\/\/swopify.com\/blog\/wp-content\/uploads\/2025\/07\/Vector-6.svg\" class=\"attachment-large size-large wp-image-4790\" alt=\"\" \/>\t\t\t\t\t\t\t\t\t\t\t\t\t\t\t<\/div>\n\t\t\t\t<div class=\"elementor-element elementor-element-9545908 elementor-absolute elementor-widget elementor-widget-image\" data-id=\"9545908\" data-element_type=\"widget\" data-settings=\"{&quot;_position&quot;:&quot;absolute&quot;}\" data-widget_type=\"image.default\">\n\t\t\t\t\t\t\t\t\t\t\t\t\t\t\t<img loading=\"lazy\" decoding=\"async\" width=\"53\" height=\"50\" src=\"https:\/\/swopify.com\/blog\/wp-content\/uploads\/2025\/07\/Vector-7.svg\" class=\"attachment-large size-large wp-image-4791\" alt=\"\" \/>\t\t\t\t\t\t\t\t\t\t\t\t\t\t\t<\/div>\n\t\t\t\t<div class=\"elementor-element elementor-element-40a2eb3 elementor-widget elementor-widget-image\" data-id=\"40a2eb3\" data-element_type=\"widget\" data-widget_type=\"image.default\">\n\t\t\t\t\t\t\t\t\t\t\t\t\t\t\t<img decoding=\"async\" src=\"https:\/\/secure.gravatar.com\/avatar\/1bd8afa4c1d6b4939151f7e8748c2d999db5bdeacaabc395e986297505ee7b4d?s=96&#038;d=mm&#038;r=g\" title=\"\" alt=\"\" loading=\"lazy\" \/>\t\t\t\t\t\t\t\t\t\t\t\t\t\t\t<\/div>\n\t\t\t\t<\/div>\n\t\t<div class=\"elementor-element elementor-element-d8018c1 e-con-full e-flex e-con e-child\" data-id=\"d8018c1\" data-element_type=\"container\">\n\t\t<div class=\"elementor-element elementor-element-4a0487a e-con-full e-flex e-con e-child\" data-id=\"4a0487a\" data-element_type=\"container\">\n\t\t\t\t<div class=\"elementor-element elementor-element-bd13085 elementor-widget elementor-widget-text-editor\" data-id=\"bd13085\" data-element_type=\"widget\" data-widget_type=\"text-editor.default\">\n\t\t\t\t\t\t\t\t\t<p>SOBRE EL AUTOR:<\/p>\t\t\t\t\t\t\t\t<\/div>\n\t\t\t\t<div class=\"elementor-element elementor-element-a8f264b elementor-widget elementor-widget-text-editor\" data-id=\"a8f264b\" data-element_type=\"widget\" data-widget_type=\"text-editor.default\">\n\t\t\t\t\t\t\t\t\tBartek Zebrowski\t\t\t\t\t\t\t\t<\/div>\n\t\t\t\t<div class=\"elementor-element elementor-element-cd82148 elementor-widget elementor-widget-text-editor\" data-id=\"cd82148\" data-element_type=\"widget\" data-widget_type=\"text-editor.default\">\n\t\t\t\t\t\t\t\t\t<p>Me apasiona la electr\u00f3nica reacondicionada: demostrar que se puede tener un gran equipo sin pagar de m\u00e1s y sin a\u00f1adir m\u00e1s cacharros el\u00e9ctricos. En el blog comparto mis conocimientos y experiencia para inspirar elecciones tecnol\u00f3gicas m\u00e1s inteligentes e informadas. <\/p>\t\t\t\t\t\t\t\t<\/div>\n\t\t\t\t<\/div>\n\t\t\t\t<\/div>\n\t\t\t\t<\/div>\n\t\t\t\t<\/div>\n\t\t<div class=\"elementor-element elementor-element-50dccb7 e-con-full e-flex e-con e-child\" data-id=\"50dccb7\" data-element_type=\"container\" data-settings=\"{&quot;sticky&quot;:&quot;top&quot;,&quot;sticky_offset&quot;:150,&quot;sticky_parent&quot;:&quot;yes&quot;,&quot;sticky_on&quot;:[&quot;desktop&quot;],&quot;sticky_effects_offset&quot;:0,&quot;sticky_anchor_link_offset&quot;:0}\">\n\t\t<div class=\"elementor-element elementor-element-225abc7 e-con-full e-flex e-con e-child\" data-id=\"225abc7\" data-element_type=\"container\" data-settings=\"{&quot;background_background&quot;:&quot;classic&quot;}\">\n\t\t\t\t<div class=\"elementor-element elementor-element-fd93494 elementor-absolute elementor-widget elementor-widget-image\" data-id=\"fd93494\" data-element_type=\"widget\" data-settings=\"{&quot;_position&quot;:&quot;absolute&quot;}\" data-widget_type=\"image.default\">\n\t\t\t\t\t\t\t\t\t\t\t\t\t\t\t<img loading=\"lazy\" decoding=\"async\" width=\"257\" height=\"226\" src=\"https:\/\/swopify.com\/blog\/wp-content\/uploads\/2025\/07\/Vector-2.svg\" class=\"attachment-large size-large wp-image-4794\" alt=\"\" \/>\t\t\t\t\t\t\t\t\t\t\t\t\t\t\t<\/div>\n\t\t\t\t<div class=\"elementor-element elementor-element-8b1898e elementor-absolute elementor-widget elementor-widget-image\" data-id=\"8b1898e\" data-element_type=\"widget\" data-settings=\"{&quot;_position&quot;:&quot;absolute&quot;}\" data-widget_type=\"image.default\">\n\t\t\t\t\t\t\t\t\t\t\t\t\t\t\t<img loading=\"lazy\" decoding=\"async\" width=\"258\" height=\"195\" src=\"https:\/\/swopify.com\/blog\/wp-content\/uploads\/2025\/07\/Vector-3.svg\" class=\"attachment-large size-large wp-image-4795\" alt=\"\" \/>\t\t\t\t\t\t\t\t\t\t\t\t\t\t\t<\/div>\n\t\t\t\t<div class=\"elementor-element elementor-element-92ef408 custom-table-of-content elementor-widget elementor-widget-table-of-contents\" data-id=\"92ef408\" data-element_type=\"widget\" data-settings=\"{&quot;headings_by_tags&quot;:[&quot;h2&quot;],&quot;exclude_headings_by_selector&quot;:&quot;.latest-post-section&quot;,&quot;marker_view&quot;:&quot;bullets&quot;,&quot;icon&quot;:{&quot;value&quot;:&quot;&quot;,&quot;library&quot;:&quot;&quot;},&quot;no_headings_message&quot;:&quot;No headings were found on this page.&quot;,&quot;hierarchical_view&quot;:&quot;yes&quot;,&quot;min_height&quot;:{&quot;unit&quot;:&quot;px&quot;,&quot;size&quot;:&quot;&quot;,&quot;sizes&quot;:[]},&quot;min_height_tablet&quot;:{&quot;unit&quot;:&quot;px&quot;,&quot;size&quot;:&quot;&quot;,&quot;sizes&quot;:[]},&quot;min_height_mobile&quot;:{&quot;unit&quot;:&quot;px&quot;,&quot;size&quot;:&quot;&quot;,&quot;sizes&quot;:[]}}\" data-widget_type=\"table-of-contents.default\">\n\t\t\t\t\t\t\t\t\t<div class=\"elementor-toc__header\">\n\t\t\t\t\t\t<div class=\"elementor-toc__header-title\">\n\t\t\t\t\u00cdndice de contenidos:\t\t\t<\/div>\n\t\t\t\t\t\t\t\t<\/div>\n\t\t\t\t<div id=\"elementor-toc__92ef408\" class=\"elementor-toc__body\">\n\t\t\t<div class=\"elementor-toc__spinner-container\">\n\t\t\t\t<svg class=\"elementor-toc__spinner eicon-animation-spin e-font-icon-svg e-eicon-loading\" aria-hidden=\"true\" viewBox=\"0 0 1000 1000\" xmlns=\"http:\/\/www.w3.org\/2000\/svg\"><path d=\"M500 975V858C696 858 858 696 858 500S696 142 500 142 142 304 142 500H25C25 237 238 25 500 25S975 237 975 500 763 975 500 975Z\"><\/path><\/svg>\t\t\t<\/div>\n\t\t<\/div>\n\t\t\t\t\t\t<\/div>\n\t\t\t\t<\/div>\n\t\t\t\t<div class=\"elementor-element elementor-element-b48d790 button-with-arrow-right elementor-align-right elementor-hidden-tablet elementor-hidden-mobile elementor-widget elementor-widget-button\" data-id=\"b48d790\" data-element_type=\"widget\" data-widget_type=\"button.default\">\n\t\t\t\t\t\t\t\t\t\t<a class=\"elementor-button elementor-button-link elementor-size-sm\" href=\"#\">\n\t\t\t\t\t\t<span class=\"elementor-button-content-wrapper\">\n\t\t\t\t\t\t<span class=\"elementor-button-icon\">\n\t\t\t\t<svg xmlns=\"http:\/\/www.w3.org\/2000\/svg\" width=\"24\" height=\"24\" viewBox=\"0 0 24 24\" fill=\"none\"><mask id=\"mask0_137_1085\" style=\"mask-type:alpha\" maskUnits=\"userSpaceOnUse\" x=\"0\" y=\"0\" width=\"24\" height=\"24\"><rect width=\"24\" height=\"24\" fill=\"#D9D9D9\"><\/rect><\/mask><g mask=\"url(#mask0_137_1085)\"><path d=\"M5.4 20L4 18.6L15.6 7H9V5H19V15H17V8.4L5.4 20Z\" fill=\"white\"><\/path><\/g><\/svg>\t\t\t<\/span>\n\t\t\t\t\t\t\t\t\t<span class=\"elementor-button-text\">Volver a la tienda<\/span>\n\t\t\t\t\t<\/span>\n\t\t\t\t\t<\/a>\n\t\t\t\t\t\t\t\t<\/div>\n\t\t\t\t<\/div>\n\t\t\t\t\t<\/div>\n\t\t\t\t<\/div>\n\t\t<div class=\"elementor-element elementor-element-b1e8d29 e-flex e-con-boxed e-con e-parent\" data-id=\"b1e8d29\" data-element_type=\"container\" data-settings=\"{&quot;background_background&quot;:&quot;classic&quot;}\">\n\t\t\t\t\t<div class=\"e-con-inner\">\n\t\t<div class=\"elementor-element elementor-element-cf40465 e-con-full elementor-hidden-desktop e-flex e-con e-child\" data-id=\"cf40465\" data-element_type=\"container\">\n\t\t<div class=\"elementor-element elementor-element-ea337e9 e-con-full e-flex e-con e-child\" data-id=\"ea337e9\" data-element_type=\"container\" data-settings=\"{&quot;background_background&quot;:&quot;classic&quot;,&quot;sticky&quot;:&quot;bottom&quot;,&quot;sticky_on&quot;:[&quot;tablet&quot;,&quot;mobile&quot;],&quot;sticky_offset_tablet&quot;:10,&quot;animation_tablet&quot;:&quot;none&quot;,&quot;sticky_offset&quot;:0,&quot;sticky_effects_offset&quot;:0,&quot;sticky_anchor_link_offset&quot;:0}\">\n\t\t\t\t<div class=\"elementor-element elementor-element-23c35b8 button-with-arrow-left elementor-align-right elementor-mobile-align-justify elementor-widget-mobile__width-auto elementor-widget elementor-widget-button\" data-id=\"23c35b8\" data-element_type=\"widget\" data-widget_type=\"button.default\">\n\t\t\t\t\t\t\t\t\t\t<a class=\"elementor-button elementor-button-link elementor-size-sm\" href=\"#spis-tresci\">\n\t\t\t\t\t\t<span class=\"elementor-button-content-wrapper\">\n\t\t\t\t\t\t<span class=\"elementor-button-icon\">\n\t\t\t\t<svg xmlns=\"http:\/\/www.w3.org\/2000\/svg\" width=\"24\" height=\"24\" viewBox=\"0 0 24 24\" fill=\"none\"><rect width=\"24\" height=\"24\" rx=\"12\" fill=\"#9A23FB\"><\/rect><path d=\"M7 15H17\" stroke=\"white\" stroke-width=\"2\" stroke-linecap=\"round\"><\/path><path d=\"M7 12H17\" stroke=\"white\" stroke-width=\"2\" stroke-linecap=\"round\"><\/path><path d=\"M7 9H17\" stroke=\"white\" stroke-width=\"2\" stroke-linecap=\"round\"><\/path><\/svg>\t\t\t<\/span>\n\t\t\t\t\t\t\t\t\t<span class=\"elementor-button-text\">\u00cdndice<\/span>\n\t\t\t\t\t<\/span>\n\t\t\t\t\t<\/a>\n\t\t\t\t\t\t\t\t<\/div>\n\t\t\t\t<div class=\"elementor-element elementor-element-99dfb18 button-with-arrow-right elementor-align-right elementor-widget-mobile__width-auto elementor-widget elementor-widget-button\" data-id=\"99dfb18\" data-element_type=\"widget\" data-widget_type=\"button.default\">\n\t\t\t\t\t\t\t\t\t\t<a class=\"elementor-button elementor-button-link elementor-size-sm\" href=\"#\">\n\t\t\t\t\t\t<span class=\"elementor-button-content-wrapper\">\n\t\t\t\t\t\t<span class=\"elementor-button-icon\">\n\t\t\t\t<svg xmlns=\"http:\/\/www.w3.org\/2000\/svg\" width=\"24\" height=\"24\" viewBox=\"0 0 24 24\" fill=\"none\"><mask id=\"mask0_137_1085\" style=\"mask-type:alpha\" maskUnits=\"userSpaceOnUse\" x=\"0\" y=\"0\" width=\"24\" height=\"24\"><rect width=\"24\" height=\"24\" fill=\"#D9D9D9\"><\/rect><\/mask><g mask=\"url(#mask0_137_1085)\"><path d=\"M5.4 20L4 18.6L15.6 7H9V5H19V15H17V8.4L5.4 20Z\" fill=\"white\"><\/path><\/g><\/svg>\t\t\t<\/span>\n\t\t\t\t\t\t\t\t\t<span class=\"elementor-button-text\">Volver a la tienda<\/span>\n\t\t\t\t\t<\/span>\n\t\t\t\t\t<\/a>\n\t\t\t\t\t\t\t\t<\/div>\n\t\t\t\t<\/div>\n\t\t\t\t<\/div>\n\t\t\t\t\t<\/div>\n\t\t\t\t<\/div>\n\t\t\t\t<\/div>\n\t\t","protected":false},"excerpt":{"rendered":"<p>\u00bfQu\u00e9 modelo elegir?<\/p>\n","protected":false},"author":3,"featured_media":6519,"comment_status":"closed","ping_status":"open","sticky":false,"template":"elementor_header_footer","format":"standard","meta":{"_acf_changed":false,"footnotes":""},"categories":[134],"tags":[],"class_list":["post-6517","post","type-post","status-publish","format-standard","has-post-thumbnail","hentry","category-comparativas-de-tablets"],"acf":[],"yoast_head":"<!-- This site is optimized with the Yoast SEO plugin v26.2 - https:\/\/yoast.com\/wordpress\/plugins\/seo\/ -->\n<title>\u00bfiPad Pro o iPad Air? Qu\u00e9 serie de tabletas Apple elegir | SWOPiFY<\/title>\n<meta name=\"description\" content=\"\u00bfiPad Air o iPad Pro? Uno tienta con el precio, el otro con las prestaciones. Averigua qu\u00e9 tableta de Apple merece realmente la pena comprar y explora la opci\u00f3n reacondicionada.\" \/>\n<meta name=\"robots\" content=\"index, follow, max-snippet:-1, max-image-preview:large, max-video-preview:-1\" \/>\n<link rel=\"canonical\" href=\"https:\/\/swopify.com\/blog\/es\/ipad-pro-o-ipad-air-que-tableta-de-apple-deberias-elegir\/\" \/>\n<meta property=\"og:locale\" content=\"es_ES\" \/>\n<meta property=\"og:type\" content=\"article\" \/>\n<meta property=\"og:title\" content=\"\u00bfiPad Pro o iPad Air? Qu\u00e9 serie de tabletas Apple elegir | SWOPiFY\" \/>\n<meta property=\"og:description\" content=\"\u00bfiPad Air o iPad Pro? Uno tienta con el precio, el otro con las prestaciones. Averigua qu\u00e9 tableta de Apple merece realmente la pena comprar y explora la opci\u00f3n reacondicionada.\" \/>\n<meta property=\"og:url\" content=\"https:\/\/swopify.com\/blog\/es\/ipad-pro-o-ipad-air-que-tableta-de-apple-deberias-elegir\/\" \/>\n<meta property=\"og:site_name\" content=\"SWOPiFY\" \/>\n<meta property=\"article:publisher\" content=\"https:\/\/www.facebook.com\/swopify.polska\/\" \/>\n<meta property=\"article:published_time\" content=\"2026-04-27T15:34:37+00:00\" \/>\n<meta property=\"article:modified_time\" content=\"2026-04-30T06:07:26+00:00\" \/>\n<meta property=\"og:image\" content=\"https:\/\/swopify.com\/blog\/wp-content\/uploads\/2026\/04\/ipad-pro-vs-ipad-air.jpg\" \/>\n\t<meta property=\"og:image:width\" content=\"720\" \/>\n\t<meta property=\"og:image:height\" content=\"526\" \/>\n\t<meta property=\"og:image:type\" content=\"image\/jpeg\" \/>\n<meta name=\"author\" content=\"Bartek Zebrowski\" \/>\n<meta name=\"twitter:card\" content=\"summary_large_image\" \/>\n<meta name=\"twitter:label1\" content=\"Written by\" \/>\n\t<meta name=\"twitter:data1\" content=\"Bartek Zebrowski\" \/>\n\t<meta name=\"twitter:label2\" content=\"Est. reading time\" \/>\n\t<meta name=\"twitter:data2\" content=\"7 minutos\" \/>\n<script type=\"application\/ld+json\" class=\"yoast-schema-graph\">{\"@context\":\"https:\/\/schema.org\",\"@graph\":[{\"@type\":\"Article\",\"@id\":\"https:\/\/swopify.com\/blog\/es\/ipad-pro-o-ipad-air-que-tableta-de-apple-deberias-elegir\/#article\",\"isPartOf\":{\"@id\":\"https:\/\/swopify.com\/blog\/es\/ipad-pro-o-ipad-air-que-tableta-de-apple-deberias-elegir\/\"},\"author\":{\"name\":\"Bartek Zebrowski\",\"@id\":\"https:\/\/swopify.com\/blog\/#\/schema\/person\/33a2572ff16452bda32b9d8ef4080d16\"},\"headline\":\"\u00bfiPad Pro o iPad Air? \u00bfQu\u00e9 tableta de Apple deber\u00edas elegir?\",\"datePublished\":\"2026-04-27T15:34:37+00:00\",\"dateModified\":\"2026-04-30T06:07:26+00:00\",\"mainEntityOfPage\":{\"@id\":\"https:\/\/swopify.com\/blog\/es\/ipad-pro-o-ipad-air-que-tableta-de-apple-deberias-elegir\/\"},\"wordCount\":1562,\"publisher\":{\"@id\":\"https:\/\/swopify.com\/blog\/#organization\"},\"image\":{\"@id\":\"https:\/\/swopify.com\/blog\/es\/ipad-pro-o-ipad-air-que-tableta-de-apple-deberias-elegir\/#primaryimage\"},\"thumbnailUrl\":\"https:\/\/swopify.com\/blog\/wp-content\/uploads\/2026\/04\/ipad-pro-vs-ipad-air.jpg\",\"articleSection\":[\"Comparativas de tablets\"],\"inLanguage\":\"es\"},{\"@type\":\"WebPage\",\"@id\":\"https:\/\/swopify.com\/blog\/es\/ipad-pro-o-ipad-air-que-tableta-de-apple-deberias-elegir\/\",\"url\":\"https:\/\/swopify.com\/blog\/es\/ipad-pro-o-ipad-air-que-tableta-de-apple-deberias-elegir\/\",\"name\":\"\u00bfiPad Pro o iPad Air? Qu\u00e9 serie de tabletas Apple elegir | SWOPiFY\",\"isPartOf\":{\"@id\":\"https:\/\/swopify.com\/blog\/#website\"},\"primaryImageOfPage\":{\"@id\":\"https:\/\/swopify.com\/blog\/es\/ipad-pro-o-ipad-air-que-tableta-de-apple-deberias-elegir\/#primaryimage\"},\"image\":{\"@id\":\"https:\/\/swopify.com\/blog\/es\/ipad-pro-o-ipad-air-que-tableta-de-apple-deberias-elegir\/#primaryimage\"},\"thumbnailUrl\":\"https:\/\/swopify.com\/blog\/wp-content\/uploads\/2026\/04\/ipad-pro-vs-ipad-air.jpg\",\"datePublished\":\"2026-04-27T15:34:37+00:00\",\"dateModified\":\"2026-04-30T06:07:26+00:00\",\"description\":\"\u00bfiPad Air o iPad Pro? Uno tienta con el precio, el otro con las prestaciones. Averigua qu\u00e9 tableta de Apple merece realmente la pena comprar y explora la opci\u00f3n reacondicionada.\",\"breadcrumb\":{\"@id\":\"https:\/\/swopify.com\/blog\/es\/ipad-pro-o-ipad-air-que-tableta-de-apple-deberias-elegir\/#breadcrumb\"},\"inLanguage\":\"es\",\"potentialAction\":[{\"@type\":\"ReadAction\",\"target\":[\"https:\/\/swopify.com\/blog\/es\/ipad-pro-o-ipad-air-que-tableta-de-apple-deberias-elegir\/\"]}]},{\"@type\":\"ImageObject\",\"inLanguage\":\"es\",\"@id\":\"https:\/\/swopify.com\/blog\/es\/ipad-pro-o-ipad-air-que-tableta-de-apple-deberias-elegir\/#primaryimage\",\"url\":\"https:\/\/swopify.com\/blog\/wp-content\/uploads\/2026\/04\/ipad-pro-vs-ipad-air.jpg\",\"contentUrl\":\"https:\/\/swopify.com\/blog\/wp-content\/uploads\/2026\/04\/ipad-pro-vs-ipad-air.jpg\",\"width\":720,\"height\":526,\"caption\":\"ipad pro vs ipad air\"},{\"@type\":\"BreadcrumbList\",\"@id\":\"https:\/\/swopify.com\/blog\/es\/ipad-pro-o-ipad-air-que-tableta-de-apple-deberias-elegir\/#breadcrumb\",\"itemListElement\":[{\"@type\":\"ListItem\",\"position\":1,\"name\":\"Strona g\u0142\u00f3wna\",\"item\":\"https:\/\/swopify.com\/blog\/uk\/\"},{\"@type\":\"ListItem\",\"position\":2,\"name\":\"\u00bfiPad Pro o iPad Air? \u00bfQu\u00e9 tableta de Apple deber\u00edas elegir?\"}]},{\"@type\":\"WebSite\",\"@id\":\"https:\/\/swopify.com\/blog\/#website\",\"url\":\"https:\/\/swopify.com\/blog\/\",\"name\":\"SWOPiFY\",\"description\":\"Blog o elektronice refurbished\",\"publisher\":{\"@id\":\"https:\/\/swopify.com\/blog\/#organization\"},\"potentialAction\":[{\"@type\":\"SearchAction\",\"target\":{\"@type\":\"EntryPoint\",\"urlTemplate\":\"https:\/\/swopify.com\/blog\/?s={search_term_string}\"},\"query-input\":{\"@type\":\"PropertyValueSpecification\",\"valueRequired\":true,\"valueName\":\"search_term_string\"}}],\"inLanguage\":\"es\"},{\"@type\":\"Organization\",\"@id\":\"https:\/\/swopify.com\/blog\/#organization\",\"name\":\"SWOPiFY\",\"url\":\"https:\/\/swopify.com\/blog\/\",\"logo\":{\"@type\":\"ImageObject\",\"inLanguage\":\"es\",\"@id\":\"https:\/\/swopify.com\/blog\/#\/schema\/logo\/image\/\",\"url\":\"https:\/\/swopify.com\/blog\/wp-content\/uploads\/2025\/10\/swopify-blog-logo.png\",\"contentUrl\":\"https:\/\/swopify.com\/blog\/wp-content\/uploads\/2025\/10\/swopify-blog-logo.png\",\"width\":219,\"height\":33,\"caption\":\"SWOPiFY\"},\"image\":{\"@id\":\"https:\/\/swopify.com\/blog\/#\/schema\/logo\/image\/\"},\"sameAs\":[\"https:\/\/www.facebook.com\/swopify.polska\/\",\"https:\/\/www.instagram.com\/swopify_pl\"]},{\"@type\":\"Person\",\"@id\":\"https:\/\/swopify.com\/blog\/#\/schema\/person\/33a2572ff16452bda32b9d8ef4080d16\",\"name\":\"Bartek Zebrowski\",\"image\":{\"@type\":\"ImageObject\",\"inLanguage\":\"es\",\"@id\":\"https:\/\/swopify.com\/blog\/#\/schema\/person\/image\/\",\"url\":\"https:\/\/secure.gravatar.com\/avatar\/1bd8afa4c1d6b4939151f7e8748c2d999db5bdeacaabc395e986297505ee7b4d?s=96&d=mm&r=g\",\"contentUrl\":\"https:\/\/secure.gravatar.com\/avatar\/1bd8afa4c1d6b4939151f7e8748c2d999db5bdeacaabc395e986297505ee7b4d?s=96&d=mm&r=g\",\"caption\":\"Bartek Zebrowski\"},\"description\":\"Jestem pasjonatem odnowionej elektroniki \u2013 pokazuj\u0119, \u017ce mo\u017cna mie\u0107 \u015bwietny sprz\u0119t bez przep\u0142acania i bez dok\u0142adania kolejnych elektro\u015bmieci. Na blogu dziel\u0119 si\u0119 wiedz\u0105 i do\u015bwiadczeniem, \u017ceby inspirowa\u0107 do sprytniejszych i bardziej \u015bwiadomych wybor\u00f3w technologicznych.\"}]}<\/script>\n<!-- \/ Yoast SEO plugin. -->","yoast_head_json":{"title":"\u00bfiPad Pro o iPad Air? Qu\u00e9 serie de tabletas Apple elegir | SWOPiFY","description":"\u00bfiPad Air o iPad Pro? Uno tienta con el precio, el otro con las prestaciones. Averigua qu\u00e9 tableta de Apple merece realmente la pena comprar y explora la opci\u00f3n reacondicionada.","robots":{"index":"index","follow":"follow","max-snippet":"max-snippet:-1","max-image-preview":"max-image-preview:large","max-video-preview":"max-video-preview:-1"},"canonical":"https:\/\/swopify.com\/blog\/es\/ipad-pro-o-ipad-air-que-tableta-de-apple-deberias-elegir\/","og_locale":"es_ES","og_type":"article","og_title":"\u00bfiPad Pro o iPad Air? Qu\u00e9 serie de tabletas Apple elegir | SWOPiFY","og_description":"\u00bfiPad Air o iPad Pro? Uno tienta con el precio, el otro con las prestaciones. Averigua qu\u00e9 tableta de Apple merece realmente la pena comprar y explora la opci\u00f3n reacondicionada.","og_url":"https:\/\/swopify.com\/blog\/es\/ipad-pro-o-ipad-air-que-tableta-de-apple-deberias-elegir\/","og_site_name":"SWOPiFY","article_publisher":"https:\/\/www.facebook.com\/swopify.polska\/","article_published_time":"2026-04-27T15:34:37+00:00","article_modified_time":"2026-04-30T06:07:26+00:00","og_image":[{"width":720,"height":526,"url":"https:\/\/swopify.com\/blog\/wp-content\/uploads\/2026\/04\/ipad-pro-vs-ipad-air.jpg","type":"image\/jpeg"}],"author":"Bartek Zebrowski","twitter_card":"summary_large_image","twitter_misc":{"Written by":"Bartek Zebrowski","Est. reading time":"7 minutos"},"schema":{"@context":"https:\/\/schema.org","@graph":[{"@type":"Article","@id":"https:\/\/swopify.com\/blog\/es\/ipad-pro-o-ipad-air-que-tableta-de-apple-deberias-elegir\/#article","isPartOf":{"@id":"https:\/\/swopify.com\/blog\/es\/ipad-pro-o-ipad-air-que-tableta-de-apple-deberias-elegir\/"},"author":{"name":"Bartek Zebrowski","@id":"https:\/\/swopify.com\/blog\/#\/schema\/person\/33a2572ff16452bda32b9d8ef4080d16"},"headline":"\u00bfiPad Pro o iPad Air? \u00bfQu\u00e9 tableta de Apple deber\u00edas elegir?","datePublished":"2026-04-27T15:34:37+00:00","dateModified":"2026-04-30T06:07:26+00:00","mainEntityOfPage":{"@id":"https:\/\/swopify.com\/blog\/es\/ipad-pro-o-ipad-air-que-tableta-de-apple-deberias-elegir\/"},"wordCount":1562,"publisher":{"@id":"https:\/\/swopify.com\/blog\/#organization"},"image":{"@id":"https:\/\/swopify.com\/blog\/es\/ipad-pro-o-ipad-air-que-tableta-de-apple-deberias-elegir\/#primaryimage"},"thumbnailUrl":"https:\/\/swopify.com\/blog\/wp-content\/uploads\/2026\/04\/ipad-pro-vs-ipad-air.jpg","articleSection":["Comparativas de tablets"],"inLanguage":"es"},{"@type":"WebPage","@id":"https:\/\/swopify.com\/blog\/es\/ipad-pro-o-ipad-air-que-tableta-de-apple-deberias-elegir\/","url":"https:\/\/swopify.com\/blog\/es\/ipad-pro-o-ipad-air-que-tableta-de-apple-deberias-elegir\/","name":"\u00bfiPad Pro o iPad Air? Qu\u00e9 serie de tabletas Apple elegir | SWOPiFY","isPartOf":{"@id":"https:\/\/swopify.com\/blog\/#website"},"primaryImageOfPage":{"@id":"https:\/\/swopify.com\/blog\/es\/ipad-pro-o-ipad-air-que-tableta-de-apple-deberias-elegir\/#primaryimage"},"image":{"@id":"https:\/\/swopify.com\/blog\/es\/ipad-pro-o-ipad-air-que-tableta-de-apple-deberias-elegir\/#primaryimage"},"thumbnailUrl":"https:\/\/swopify.com\/blog\/wp-content\/uploads\/2026\/04\/ipad-pro-vs-ipad-air.jpg","datePublished":"2026-04-27T15:34:37+00:00","dateModified":"2026-04-30T06:07:26+00:00","description":"\u00bfiPad Air o iPad Pro? Uno tienta con el precio, el otro con las prestaciones. Averigua qu\u00e9 tableta de Apple merece realmente la pena comprar y explora la opci\u00f3n reacondicionada.","breadcrumb":{"@id":"https:\/\/swopify.com\/blog\/es\/ipad-pro-o-ipad-air-que-tableta-de-apple-deberias-elegir\/#breadcrumb"},"inLanguage":"es","potentialAction":[{"@type":"ReadAction","target":["https:\/\/swopify.com\/blog\/es\/ipad-pro-o-ipad-air-que-tableta-de-apple-deberias-elegir\/"]}]},{"@type":"ImageObject","inLanguage":"es","@id":"https:\/\/swopify.com\/blog\/es\/ipad-pro-o-ipad-air-que-tableta-de-apple-deberias-elegir\/#primaryimage","url":"https:\/\/swopify.com\/blog\/wp-content\/uploads\/2026\/04\/ipad-pro-vs-ipad-air.jpg","contentUrl":"https:\/\/swopify.com\/blog\/wp-content\/uploads\/2026\/04\/ipad-pro-vs-ipad-air.jpg","width":720,"height":526,"caption":"ipad pro vs ipad air"},{"@type":"BreadcrumbList","@id":"https:\/\/swopify.com\/blog\/es\/ipad-pro-o-ipad-air-que-tableta-de-apple-deberias-elegir\/#breadcrumb","itemListElement":[{"@type":"ListItem","position":1,"name":"Strona g\u0142\u00f3wna","item":"https:\/\/swopify.com\/blog\/uk\/"},{"@type":"ListItem","position":2,"name":"\u00bfiPad Pro o iPad Air? \u00bfQu\u00e9 tableta de Apple deber\u00edas elegir?"}]},{"@type":"WebSite","@id":"https:\/\/swopify.com\/blog\/#website","url":"https:\/\/swopify.com\/blog\/","name":"SWOPiFY","description":"Blog o elektronice refurbished","publisher":{"@id":"https:\/\/swopify.com\/blog\/#organization"},"potentialAction":[{"@type":"SearchAction","target":{"@type":"EntryPoint","urlTemplate":"https:\/\/swopify.com\/blog\/?s={search_term_string}"},"query-input":{"@type":"PropertyValueSpecification","valueRequired":true,"valueName":"search_term_string"}}],"inLanguage":"es"},{"@type":"Organization","@id":"https:\/\/swopify.com\/blog\/#organization","name":"SWOPiFY","url":"https:\/\/swopify.com\/blog\/","logo":{"@type":"ImageObject","inLanguage":"es","@id":"https:\/\/swopify.com\/blog\/#\/schema\/logo\/image\/","url":"https:\/\/swopify.com\/blog\/wp-content\/uploads\/2025\/10\/swopify-blog-logo.png","contentUrl":"https:\/\/swopify.com\/blog\/wp-content\/uploads\/2025\/10\/swopify-blog-logo.png","width":219,"height":33,"caption":"SWOPiFY"},"image":{"@id":"https:\/\/swopify.com\/blog\/#\/schema\/logo\/image\/"},"sameAs":["https:\/\/www.facebook.com\/swopify.polska\/","https:\/\/www.instagram.com\/swopify_pl"]},{"@type":"Person","@id":"https:\/\/swopify.com\/blog\/#\/schema\/person\/33a2572ff16452bda32b9d8ef4080d16","name":"Bartek Zebrowski","image":{"@type":"ImageObject","inLanguage":"es","@id":"https:\/\/swopify.com\/blog\/#\/schema\/person\/image\/","url":"https:\/\/secure.gravatar.com\/avatar\/1bd8afa4c1d6b4939151f7e8748c2d999db5bdeacaabc395e986297505ee7b4d?s=96&d=mm&r=g","contentUrl":"https:\/\/secure.gravatar.com\/avatar\/1bd8afa4c1d6b4939151f7e8748c2d999db5bdeacaabc395e986297505ee7b4d?s=96&d=mm&r=g","caption":"Bartek Zebrowski"},"description":"Jestem pasjonatem odnowionej elektroniki \u2013 pokazuj\u0119, \u017ce mo\u017cna mie\u0107 \u015bwietny sprz\u0119t bez przep\u0142acania i bez dok\u0142adania kolejnych elektro\u015bmieci. Na blogu dziel\u0119 si\u0119 wiedz\u0105 i do\u015bwiadczeniem, \u017ceby inspirowa\u0107 do sprytniejszych i bardziej \u015bwiadomych wybor\u00f3w technologicznych."}]}},"_links":{"self":[{"href":"https:\/\/swopify.com\/blog\/es\/wp-json\/wp\/v2\/posts\/6517","targetHints":{"allow":["GET"]}}],"collection":[{"href":"https:\/\/swopify.com\/blog\/es\/wp-json\/wp\/v2\/posts"}],"about":[{"href":"https:\/\/swopify.com\/blog\/es\/wp-json\/wp\/v2\/types\/post"}],"author":[{"embeddable":true,"href":"https:\/\/swopify.com\/blog\/es\/wp-json\/wp\/v2\/users\/3"}],"replies":[{"embeddable":true,"href":"https:\/\/swopify.com\/blog\/es\/wp-json\/wp\/v2\/comments?post=6517"}],"version-history":[{"count":1,"href":"https:\/\/swopify.com\/blog\/es\/wp-json\/wp\/v2\/posts\/6517\/revisions"}],"predecessor-version":[{"id":6523,"href":"https:\/\/swopify.com\/blog\/es\/wp-json\/wp\/v2\/posts\/6517\/revisions\/6523"}],"wp:featuredmedia":[{"embeddable":true,"href":"https:\/\/swopify.com\/blog\/es\/wp-json\/wp\/v2\/media\/6519"}],"wp:attachment":[{"href":"https:\/\/swopify.com\/blog\/es\/wp-json\/wp\/v2\/media?parent=6517"}],"wp:term":[{"taxonomy":"category","embeddable":true,"href":"https:\/\/swopify.com\/blog\/es\/wp-json\/wp\/v2\/categories?post=6517"},{"taxonomy":"post_tag","embeddable":true,"href":"https:\/\/swopify.com\/blog\/es\/wp-json\/wp\/v2\/tags?post=6517"}],"curies":[{"name":"wp","href":"https:\/\/api.w.org\/{rel}","templated":true}]}}