{"id":8115,"date":"2026-08-27T10:32:28","date_gmt":"2026-08-27T10:32:28","guid":{"rendered":"https:\/\/swopify.com\/blog\/el-lanzamiento-oficial-del-iphone-18-pro-y-del-iphone-ultra-sera-el-9-de-septiembre-de-2026\/"},"modified":"2026-09-03T09:51:46","modified_gmt":"2026-09-03T09:51:46","slug":"el-lanzamiento-oficial-del-iphone-18-pro-y-del-iphone-ultra-sera-el-9-de-septiembre-de-2026","status":"publish","type":"post","link":"https:\/\/swopify.com\/blog\/es\/el-lanzamiento-oficial-del-iphone-18-pro-y-del-iphone-ultra-sera-el-9-de-septiembre-de-2026\/","title":{"rendered":"El lanzamiento oficial del iPhone 18 Pro y del iPhone Ultra ser\u00e1 el 9 de septiembre de 2026"},"content":{"rendered":"\t\t<div data-elementor-type=\"wp-post\" data-elementor-id=\"8115\" class=\"elementor elementor-8115 elementor-5862\" data-elementor-post-type=\"post\">\n\t\t\t\t<div class=\"elementor-element elementor-element-a068712 e-con-full latest-post-section elementor-hidden-desktop e-flex e-con e-parent\" data-id=\"a068712\" data-element_type=\"container\" data-settings=\"{&quot;background_background&quot;:&quot;classic&quot;}\">\n\t\t\t\t<div class=\"elementor-element elementor-element-96432e9 elementor-widget-tablet__width-inherit elementor-hidden-desktop elementor-widget elementor-widget-image\" data-id=\"96432e9\" data-element_type=\"widget\" data-widget_type=\"image.default\">\n\t\t\t\t\t\t\t\t\t\t\t\t\t\t\t<img fetchpriority=\"high\" decoding=\"async\" width=\"720\" height=\"526\" src=\"https:\/\/swopify.com\/blog\/wp-content\/uploads\/2026\/07\/premiera-iphone-18-pro-i-iphone-ultra.jpg\" class=\"attachment-full size-full wp-image-8119\" alt=\"Lanzamiento del iPhone 18 Pro y del iPhone Ultra\" srcset=\"https:\/\/swopify.com\/blog\/wp-content\/uploads\/2026\/07\/premiera-iphone-18-pro-i-iphone-ultra.jpg 720w, https:\/\/swopify.com\/blog\/wp-content\/uploads\/2026\/07\/premiera-iphone-18-pro-i-iphone-ultra-300x219.jpg 300w\" sizes=\"(max-width: 720px) 100vw, 720px\" \/>\t\t\t\t\t\t\t\t\t\t\t\t\t\t\t<\/div>\n\t\t<div class=\"elementor-element elementor-element-6bb8681 e-con-full e-flex e-con e-child\" data-id=\"6bb8681\" data-element_type=\"container\">\n\t\t\t\t<div class=\"elementor-element elementor-element-1b46a36 elementor-widget elementor-widget-theme-post-title elementor-page-title elementor-widget-heading\" data-id=\"1b46a36\" data-element_type=\"widget\" data-widget_type=\"theme-post-title.default\">\n\t\t\t\t\t<h2 class=\"elementor-heading-title elementor-size-default\">El lanzamiento oficial del iPhone 18 Pro y del iPhone Ultra ser\u00e1 el 9 de septiembre de 2026<\/h2>\t\t\t\t<\/div>\n\t\t\t\t<div class=\"elementor-element elementor-element-fe62531 elementor-widget elementor-widget-theme-post-excerpt\" data-id=\"fe62531\" data-element_type=\"widget\" data-widget_type=\"theme-post-excerpt.default\">\n\t\t\t\t\t\u00bfQu\u00e9 hay de nuevo?\t\t\t\t<\/div>\n\t\t<div class=\"elementor-element elementor-element-22aeab8 e-con-full e-flex e-con e-child\" data-id=\"22aeab8\" data-element_type=\"container\">\n\t\t<div class=\"elementor-element elementor-element-25da75f e-con-full custom-author-box e-flex e-con e-child\" data-id=\"25da75f\" data-element_type=\"container\" data-settings=\"{&quot;background_background&quot;:&quot;classic&quot;}\">\n\t\t<div class=\"elementor-element elementor-element-5354aaa e-con-full e-flex e-con e-child\" data-id=\"5354aaa\" data-element_type=\"container\">\n\t\t\t\t<div class=\"elementor-element elementor-element-d5efa74 elementor-widget elementor-widget-image\" data-id=\"d5efa74\" data-element_type=\"widget\" data-widget_type=\"image.default\">\n\t\t\t\t\t\t\t\t\t\t\t\t\t\t\t<img decoding=\"async\" src=\"https:\/\/secure.gravatar.com\/avatar\/1bd8afa4c1d6b4939151f7e8748c2d999db5bdeacaabc395e986297505ee7b4d?s=96&#038;d=mm&#038;r=g\" title=\"\" alt=\"\" loading=\"lazy\" \/>\t\t\t\t\t\t\t\t\t\t\t\t\t\t\t<\/div>\n\t\t\t\t<\/div>\n\t\t<div class=\"elementor-element elementor-element-6e94afd e-con-full e-flex e-con e-child\" data-id=\"6e94afd\" data-element_type=\"container\">\n\t\t\t\t<div class=\"elementor-element elementor-element-c0edeef elementor-widget elementor-widget-text-editor\" data-id=\"c0edeef\" data-element_type=\"widget\" data-widget_type=\"text-editor.default\">\n\t\t\t\t\t\t\t\t\tBartek Zebrowski\t\t\t\t\t\t\t\t<\/div>\n\t\t\t\t<div class=\"elementor-element elementor-element-646ebb9 elementor-widget elementor-widget-text-editor\" data-id=\"646ebb9\" data-element_type=\"widget\" data-widget_type=\"text-editor.default\">\n\t\t\t\t\t\t\t\t\tCEO &amp; Founder SWOPiFY\t\t\t\t\t\t\t\t<\/div>\n\t\t\t\t<\/div>\n\t\t\t\t<\/div>\n\t\t<div class=\"elementor-element elementor-element-cf6608d e-con-full custom-post-date-box e-flex e-con e-child\" data-id=\"cf6608d\" data-element_type=\"container\" data-settings=\"{&quot;background_background&quot;:&quot;classic&quot;}\">\n\t\t<div class=\"elementor-element elementor-element-fc7af8a e-con-full e-flex e-con e-child\" data-id=\"fc7af8a\" data-element_type=\"container\" data-settings=\"{&quot;background_background&quot;:&quot;classic&quot;}\">\n\t\t\t\t<div class=\"elementor-element elementor-element-8e22557 elementor-widget elementor-widget-image\" data-id=\"8e22557\" data-element_type=\"widget\" data-widget_type=\"image.default\">\n\t\t\t\t\t\t\t\t\t\t\t\t\t\t\t<img decoding=\"async\" width=\"24\" height=\"24\" src=\"https:\/\/swopify.com\/blog\/wp-content\/uploads\/2025\/07\/calendar_month.svg\" class=\"attachment-large size-large wp-image-4787\" alt=\"\" \/>\t\t\t\t\t\t\t\t\t\t\t\t\t\t\t<\/div>\n\t\t\t\t<\/div>\n\t\t<div class=\"elementor-element elementor-element-576c4a4 e-con-full e-flex e-con e-child\" data-id=\"576c4a4\" data-element_type=\"container\">\n\t\t\t\t<div class=\"elementor-element elementor-element-f3d4b85 elementor-widget elementor-widget-text-editor\" data-id=\"f3d4b85\" data-element_type=\"widget\" data-widget_type=\"text-editor.default\">\n\t\t\t\t\t\t\t\t\t<p>A\u00f1adido:<\/p>\t\t\t\t\t\t\t\t<\/div>\n\t\t\t\t<div class=\"elementor-element elementor-element-4248fdc elementor-widget elementor-widget-text-editor\" data-id=\"4248fdc\" data-element_type=\"widget\" data-widget_type=\"text-editor.default\">\n\t\t\t\t\t\t\t\t\t27 agosto 2026\t\t\t\t\t\t\t\t<\/div>\n\t\t\t\t<\/div>\n\t\t\t\t<\/div>\n\t\t\t\t<\/div>\n\t\t\t\t<\/div>\n\t\t\t\t<\/div>\n\t\t<div class=\"elementor-element elementor-element-734dc151 elementor-hidden-tablet elementor-hidden-mobile e-flex e-con-boxed e-con e-parent\" data-id=\"734dc151\" data-element_type=\"container\" data-settings=\"{&quot;background_background&quot;:&quot;classic&quot;}\">\n\t\t\t\t\t<div class=\"e-con-inner\">\n\t\t<div class=\"elementor-element elementor-element-652d8125 e-con-full latest-post-section e-flex e-con e-child\" data-id=\"652d8125\" data-element_type=\"container\" data-settings=\"{&quot;background_background&quot;:&quot;classic&quot;}\">\n\t\t<div class=\"elementor-element elementor-element-4977ddce e-con-full e-flex e-con e-child\" data-id=\"4977ddce\" data-element_type=\"container\">\n\t\t\t\t<div class=\"elementor-element elementor-element-4f318805 elementor-widget elementor-widget-theme-post-excerpt\" data-id=\"4f318805\" data-element_type=\"widget\" data-widget_type=\"theme-post-excerpt.default\">\n\t\t\t\t\t\u00bfQu\u00e9 hay de nuevo?\t\t\t\t<\/div>\n\t\t<div class=\"elementor-element elementor-element-2a9a308b e-con-full e-flex e-con e-child\" data-id=\"2a9a308b\" data-element_type=\"container\">\n\t\t<div class=\"elementor-element elementor-element-63a72ec2 e-con-full custom-author-box e-flex e-con e-child\" data-id=\"63a72ec2\" data-element_type=\"container\" data-settings=\"{&quot;background_background&quot;:&quot;classic&quot;}\">\n\t\t\t\t<div class=\"elementor-element elementor-element-520b9db elementor-widget elementor-widget-image\" data-id=\"520b9db\" data-element_type=\"widget\" data-widget_type=\"image.default\">\n\t\t\t\t\t\t\t\t\t\t\t\t\t\t\t<img decoding=\"async\" width=\"527\" height=\"661\" src=\"https:\/\/swopify.com\/blog\/wp-content\/uploads\/2025\/08\/bartek-2.png\" class=\"attachment-large size-large wp-image-4788\" alt=\"\" srcset=\"https:\/\/swopify.com\/blog\/wp-content\/uploads\/2025\/08\/bartek-2.png 527w, https:\/\/swopify.com\/blog\/wp-content\/uploads\/2025\/08\/bartek-2-239x300.png 239w\" sizes=\"(max-width: 527px) 100vw, 527px\" \/>\t\t\t\t\t\t\t\t\t\t\t\t\t\t\t<\/div>\n\t\t<div class=\"elementor-element elementor-element-45febd2e e-con-full e-flex e-con e-child\" data-id=\"45febd2e\" data-element_type=\"container\">\n\t\t\t\t<div class=\"elementor-element elementor-element-6a94c6b0 elementor-widget elementor-widget-text-editor\" data-id=\"6a94c6b0\" data-element_type=\"widget\" data-widget_type=\"text-editor.default\">\n\t\t\t\t\t\t\t\t\tBartek Zebrowski\t\t\t\t\t\t\t\t<\/div>\n\t\t\t\t<\/div>\n\t\t\t\t<\/div>\n\t\t<div class=\"elementor-element elementor-element-4dd10440 e-con-full custom-post-date-box e-flex e-con e-child\" data-id=\"4dd10440\" data-element_type=\"container\" data-settings=\"{&quot;background_background&quot;:&quot;classic&quot;}\">\n\t\t<div class=\"elementor-element elementor-element-2d72c32 e-con-full e-flex e-con e-child\" data-id=\"2d72c32\" data-element_type=\"container\" data-settings=\"{&quot;background_background&quot;:&quot;classic&quot;}\">\n\t\t\t\t<div class=\"elementor-element elementor-element-7390850b elementor-widget elementor-widget-image\" data-id=\"7390850b\" data-element_type=\"widget\" data-widget_type=\"image.default\">\n\t\t\t\t\t\t\t\t\t\t\t\t\t\t\t<img decoding=\"async\" width=\"24\" height=\"24\" src=\"https:\/\/swopify.com\/blog\/wp-content\/uploads\/2025\/07\/calendar_month.svg\" class=\"attachment-large size-large wp-image-4787\" alt=\"\" \/>\t\t\t\t\t\t\t\t\t\t\t\t\t\t\t<\/div>\n\t\t\t\t<\/div>\n\t\t<div class=\"elementor-element elementor-element-6e99fe5 e-con-full e-flex e-con e-child\" data-id=\"6e99fe5\" data-element_type=\"container\">\n\t\t\t\t<div class=\"elementor-element elementor-element-5e913b93 elementor-widget elementor-widget-text-editor\" data-id=\"5e913b93\" data-element_type=\"widget\" data-widget_type=\"text-editor.default\">\n\t\t\t\t\t\t\t\t\t<p>A\u00f1adido:<\/p>\t\t\t\t\t\t\t\t<\/div>\n\t\t\t\t<div class=\"elementor-element elementor-element-6a6d6747 elementor-widget elementor-widget-text-editor\" data-id=\"6a6d6747\" data-element_type=\"widget\" data-widget_type=\"text-editor.default\">\n\t\t\t\t\t\t\t\t\t27 agosto 2026\t\t\t\t\t\t\t\t<\/div>\n\t\t\t\t<\/div>\n\t\t\t\t<\/div>\n\t\t\t\t<\/div>\n\t\t\t\t<\/div>\n\t\t\t\t<\/div>\n\t\t\t\t\t<\/div>\n\t\t\t\t<\/div>\n\t\t<div class=\"elementor-element elementor-element-52080da e-flex e-con-boxed e-con e-parent\" data-id=\"52080da\" data-element_type=\"container\">\n\t\t\t\t\t<div class=\"e-con-inner\">\n\t\t\t\t<div class=\"elementor-element elementor-element-afb8e18 elementor-widget__width-initial elementor-widget-mobile__width-inherit elementor-widget elementor-widget-text-editor\" data-id=\"afb8e18\" data-element_type=\"widget\" data-widget_type=\"text-editor.default\">\n\t\t\t\t\t\t\t\t\tApple ha anunciado oficialmente la presentaci\u00f3n de los nuevos dispositivos de este a\u00f1o. <strong><span style=\"color: #9a23fb;\">El 9 de septiembre de 2026 a las 19:00, hora de Polonia,<\/span><\/strong> la empresa presentar\u00e1 la pr\u00f3xima generaci\u00f3n de sus smartphones estrella, y todo apunta a que <strong><span style=\"color: #9a23fb;\">adem\u00e1s del iPhone 18 Pro y el iPhone 18 Pro Max, tambi\u00e9n veremos el primer smartphone plegable de Apple, conocido como iPhone Ultra.<\/span><\/strong>\n\t\t\t\t\t\t\t\t<\/div>\n\t\t\t\t<div class=\"elementor-element elementor-element-7413e1f elementor-absolute elementor-widget elementor-widget-image\" data-id=\"7413e1f\" data-element_type=\"widget\" data-settings=\"{&quot;_position&quot;:&quot;absolute&quot;}\" data-widget_type=\"image.default\">\n\t\t\t\t\t\t\t\t\t\t\t\t\t\t\t<img loading=\"lazy\" decoding=\"async\" width=\"210\" height=\"210\" src=\"https:\/\/swopify.com\/blog\/wp-content\/uploads\/2025\/07\/Vector-1.svg\" class=\"attachment-large size-large wp-image-4789\" alt=\"\" \/>\t\t\t\t\t\t\t\t\t\t\t\t\t\t\t<\/div>\n\t\t\t\t\t<\/div>\n\t\t\t\t<\/div>\n\t\t<div class=\"elementor-element elementor-element-0b30c63 e-flex e-con-boxed e-con e-parent\" data-id=\"0b30c63\" data-element_type=\"container\" id=\"spis-tresci\" data-settings=\"{&quot;background_background&quot;:&quot;classic&quot;}\">\n\t\t\t\t\t<div class=\"e-con-inner\">\n\t\t<div class=\"elementor-element elementor-element-e36fba8 e-con-full e-flex e-con e-child\" data-id=\"e36fba8\" data-element_type=\"container\">\n\t\t<div class=\"elementor-element elementor-element-893e05c e-con-full e-flex e-con e-child\" data-id=\"893e05c\" data-element_type=\"container\" data-settings=\"{&quot;background_background&quot;:&quot;classic&quot;}\">\n\t\t\t\t<div class=\"elementor-element elementor-element-b1502ff elementor-widget__width-initial elementor-widget elementor-widget-heading\" data-id=\"b1502ff\" data-element_type=\"widget\" data-widget_type=\"heading.default\">\n\t\t\t\t\t<h2 class=\"elementor-heading-title elementor-size-default\">Lanzamiento oficial del iPhone 18 Pro y el iPhone Ultra: lo m\u00e1s importante\n<\/h2>\t\t\t\t<\/div>\n\t\t\t\t<div class=\"elementor-element elementor-element-b58163f elementor-widget elementor-widget-text-editor\" data-id=\"b58163f\" data-element_type=\"widget\" data-widget_type=\"text-editor.default\">\n\t\t\t\t\t\t\t\t\t<ul><li>El lanzamiento del iPhone 18 Pro y del iPhone Ultra ser\u00e1 el 9 de septiembre de 2026.<\/li><li>La presentaci\u00f3n empezar\u00e1 a las 19:00, hora de Polonia. <\/li><li>Se espera que el iPhone 18 Pro y el 18 Pro Max se presenten en la conferencia de Apple de septiembre.<\/li><li>Se dice que el iPhone Ultra va a ser el primer smartphone plegable de Apple.<\/li><li>Se espera que el iPhone 18 normal no salga al mercado hasta la primavera de 2027.<\/li><li>Durante el evento, Apple tambi\u00e9n tiene previsto presentar los nuevos modelos de Apple Watch y AirPods.<\/li><li>El lanzamiento de este a\u00f1o podr\u00eda suponer un cambio en el calendario habitual de lanzamientos de los iPhone: parece que en oto\u00f1o saldr\u00e1n al mercado sobre todo los modelos de gama alta.<\/li><\/ul>\t\t\t\t\t\t\t\t<\/div>\n\t\t\t\t<div class=\"elementor-element elementor-element-007c6df elementor-align-center elementor-widget elementor-widget-button\" data-id=\"007c6df\" data-element_type=\"widget\" data-widget_type=\"button.default\">\n\t\t\t\t\t\t\t\t\t\t<a class=\"elementor-button elementor-button-link elementor-size-sm\" href=\"https:\/\/swopify.com\/blog\/es\/cuando-saldra-el-iphone-18-y-que-sabemos-ya\/\">\n\t\t\t\t\t\t<span class=\"elementor-button-content-wrapper\">\n\t\t\t\t\t\t\t\t\t<span class=\"elementor-button-text\">\u00bfCu\u00e1ndo saldr\u00e1 el iPhone 18 y qu\u00e9 sabemos ya?<\/span>\n\t\t\t\t\t<\/span>\n\t\t\t\t\t<\/a>\n\t\t\t\t\t\t\t\t<\/div>\n\t\t\t\t<div class=\"elementor-element elementor-element-7e2131b elementor-widget elementor-widget-heading\" data-id=\"7e2131b\" data-element_type=\"widget\" data-widget_type=\"heading.default\">\n\t\t\t\t\t<h2 class=\"elementor-heading-title elementor-size-default\">\u00bfCu\u00e1ndo ser\u00e1 el lanzamiento oficial del iPhone 18 Pro?\n<\/h2>\t\t\t\t<\/div>\n\t\t\t\t<div class=\"elementor-element elementor-element-d4699dc elementor-widget elementor-widget-text-editor\" data-id=\"d4699dc\" data-element_type=\"widget\" data-widget_type=\"text-editor.default\">\n\t\t\t\t\t\t\t\t\t<p>Ya se conoce la fecha de la presentaci\u00f3n. Apple organiza un evento especial <strong>el 9 de septiembre de 2026 a las 19:00, hora de Polonia<\/strong>, bajo el lema \u00abSurprise and Shine\u00bb. La conferencia tendr\u00e1 lugar en Apple Park y tambi\u00e9n podr\u00e1s seguir el evento por internet.  <\/p><p>El lanzamiento de este a\u00f1o puede ser especialmente interesante, ya que parece que Apple va a cambiar la forma en que ha presentado hasta ahora los nuevos iPhone. En lugar de presentar toda la generaci\u00f3n a la vez, este oto\u00f1o se estrenar\u00e1n sobre todo los modelos de gama alta. <\/p><p> <\/p><p>Seg\u00fan la informaci\u00f3n m\u00e1s reciente, ser\u00e1n el <strong>iPhone 18 Pro, el iPhone 18 Pro Max y el iPhone Ultra plegable<\/strong>. El iPhone 18 normal no saldr\u00e1 hasta 2027. <\/p>\t\t\t\t\t\t\t\t<\/div>\n\t\t<div class=\"elementor-element elementor-element-749babb e-con-full e-flex e-con e-child\" data-id=\"749babb\" data-element_type=\"container\">\n\t\t<div class=\"elementor-element elementor-element-43b95af e-grid e-con-full e-con e-child\" data-id=\"43b95af\" data-element_type=\"container\">\n\t\t\t\t<div class=\"elementor-element elementor-element-eec8bd1 elementor-widget elementor-widget-image\" data-id=\"eec8bd1\" data-element_type=\"widget\" data-widget_type=\"image.default\">\n\t\t\t\t\t\t\t\t\t\t\t\t<figure class=\"wp-caption\">\n\t\t\t\t\t\t\t\t\t\t\t<a href=\"https:\/\/swopify.com\/pl-pl\/iphone-16-pro-max-512gb-tytan-czarny-3912\">\n\t\t\t\t\t\t\t<img decoding=\"async\" src=\"https:\/\/swopify.com\/publicTmp\/pictures\/600x\/0c7ee8\/73y2q5y1m0k0u1m7f4p8z631y8d419k1.jpg\" title=\"\" alt=\"iPhone 16 Pro Max 512GB Tytan Czarny\" loading=\"lazy\" \/>\t\t\t\t\t\t\t\t<\/a>\n\t\t\t\t\t\t\t\t\t\t\t<figcaption class=\"widget-image-caption wp-caption-text\">iPhone 16 Pro Max 512GB Negro Titanio<\/figcaption>\n\t\t\t\t\t\t\t\t\t\t<\/figure>\n\t\t\t\t\t\t\t\t\t<\/div>\n\t\t\t\t<div class=\"elementor-element elementor-element-8779458 elementor-widget elementor-widget-image\" data-id=\"8779458\" data-element_type=\"widget\" data-widget_type=\"image.default\">\n\t\t\t\t\t\t\t\t\t\t\t\t<figure class=\"wp-caption\">\n\t\t\t\t\t\t\t\t\t\t\t<a href=\"https:\/\/swopify.com\/pl-pl\/iphone-17-pro-max-256gb-glebinowy-blekit-8164\">\n\t\t\t\t\t\t\t<img decoding=\"async\" src=\"https:\/\/swopify.com\/publicTmp\/pictures\/300x\/66b01f\/h8w2v0g500a0f1x726f6o0h6r753u2d1.webp\" title=\"\" alt=\"iPhone 17 Pro Max 256GB G\u0142\u0119binowy B\u0142\u0119kit\" loading=\"lazy\" \/>\t\t\t\t\t\t\t\t<\/a>\n\t\t\t\t\t\t\t\t\t\t\t<figcaption class=\"widget-image-caption wp-caption-text\">iPhone 17 Pro Max 256 GB Azul Profundo<\/figcaption>\n\t\t\t\t\t\t\t\t\t\t<\/figure>\n\t\t\t\t\t\t\t\t\t<\/div>\n\t\t\t\t<div class=\"elementor-element elementor-element-fbb5866 elementor-widget elementor-widget-image\" data-id=\"fbb5866\" data-element_type=\"widget\" data-widget_type=\"image.default\">\n\t\t\t\t\t\t\t\t\t\t\t\t<figure class=\"wp-caption\">\n\t\t\t\t\t\t\t\t\t\t\t<a href=\"https:\/\/swopify.com\/pl-pl\/iphone-17-256gb-bialy-8134\">\n\t\t\t\t\t\t\t<img decoding=\"async\" src=\"https:\/\/swopify.com\/publicTmp\/pictures\/300x\/0bc37d\/g2y9z5l7v0q0i1m7r606w0e5h5v5r3j5.webp\" title=\"\" alt=\"iPhone 17 256GB Bia\u0142y\" loading=\"lazy\" \/>\t\t\t\t\t\t\t\t<\/a>\n\t\t\t\t\t\t\t\t\t\t\t<figcaption class=\"widget-image-caption wp-caption-text\">iPhone 17 de 256 GB, blanco<\/figcaption>\n\t\t\t\t\t\t\t\t\t\t<\/figure>\n\t\t\t\t\t\t\t\t\t<\/div>\n\t\t\t\t<\/div>\n\t\t\t\t<\/div>\n\t\t\t\t<div class=\"elementor-element elementor-element-7881737 elementor-widget elementor-widget-heading\" data-id=\"7881737\" data-element_type=\"widget\" data-widget_type=\"heading.default\">\n\t\t\t\t\t<h2 class=\"elementor-heading-title elementor-size-default\">\u00bfQu\u00e9 nos ense\u00f1ar\u00e1 Apple en el evento del 9 de septiembre?\n<\/h2>\t\t\t\t<\/div>\n\t\t\t\t<div class=\"elementor-element elementor-element-87e7028 elementor-widget elementor-widget-text-editor\" data-id=\"87e7028\" data-element_type=\"widget\" data-widget_type=\"text-editor.default\">\n\t\t\t\t\t\t\t\t\t<p>Aunque la mayor parte de la atenci\u00f3n se centra en los nuevos iPhone, es probable que el evento de Apple de septiembre traiga m\u00e1s novedades.<\/p><p> <\/p><p><strong>Adem\u00e1s del iPhone 18 Pro, el 18 Pro Max y el iPhone Ultra plegable, podremos ver:<\/strong><\/p><ul><li>Apple Watch Serie 12,<\/li><li>Apple Watch Ultra 4,<\/li><li>los nuevos AirPods, entre los que podr\u00eda estar la pr\u00f3xima generaci\u00f3n de AirPods Pro,<\/li><li>accesorios adicionales relacionados con los nuevos dispositivos.<\/li><\/ul><p> <\/p><p>Apple a\u00fan no ha confirmado oficialmente todos estos productos. La lista se basa en las \u00faltimas noticias del sector. MacRumors se\u00f1ala, entre otros, el Apple Watch Series 12, el Apple Watch Ultra 4 y los AirPods 5 como productos que podr\u00edan presentarse durante el evento.  <\/p><p> <\/p><p>Esto significa que el 9 de septiembre podr\u00eda ser uno de los d\u00edas m\u00e1s importantes del calendario de Apple de este a\u00f1o. La empresa no solo va a renovar sus modelos insignia de iPhone, sino que tambi\u00e9n va a adentrarse en una categor\u00eda de dispositivos totalmente nueva para ella. <\/p>\t\t\t\t\t\t\t\t<\/div>\n\t\t\t\t<div class=\"elementor-element elementor-element-ab8f692 elementor-align-center elementor-widget elementor-widget-button\" data-id=\"ab8f692\" data-element_type=\"widget\" data-widget_type=\"button.default\">\n\t\t\t\t\t\t\t\t\t\t<a class=\"elementor-button elementor-button-link elementor-size-sm\" href=\"https:\/\/swopify.com\/blog\/top-5-najlepszych-skladanych-telefonow-ranking-2026\/\">\n\t\t\t\t\t\t<span class=\"elementor-button-content-wrapper\">\n\t\t\t\t\t\t\t\t\t<span class=\"elementor-button-text\">Los 5 mejores m\u00f3viles plegables<\/span>\n\t\t\t\t\t<\/span>\n\t\t\t\t\t<\/a>\n\t\t\t\t\t\t\t\t<\/div>\n\t\t\t\t<div class=\"elementor-element elementor-element-8ae0a7c elementor-widget elementor-widget-heading\" data-id=\"8ae0a7c\" data-element_type=\"widget\" data-widget_type=\"heading.default\">\n\t\t\t\t\t<h2 class=\"elementor-heading-title elementor-size-default\">\u00bfQu\u00e9 especificaciones tendr\u00e1 el iPhone 18 Pro?\n<\/h2>\t\t\t\t<\/div>\n\t\t\t\t<div class=\"elementor-element elementor-element-708cc81 elementor-widget elementor-widget-text-editor\" data-id=\"708cc81\" data-element_type=\"widget\" data-widget_type=\"text-editor.default\">\n\t\t\t\t\t\t\t\t\t<p>Seg\u00fan las \u00faltimas noticias, el iPhone 18 Pro traer\u00e1 sobre todo cambios en el procesador, las c\u00e1maras y la tecnolog\u00eda de la pantalla. Las caracter\u00edsticas m\u00e1s importantes que se esperan son: <\/p><p> <\/p><ul><li>el procesador Apple A20 Pro fabricado con tecnolog\u00eda de 2 nm,<\/li><li>el m\u00f3dem Apple C2, que se supone que ser\u00e1 el pr\u00f3ximo m\u00f3dem propio de la empresa,<\/li><li>una c\u00e1mara principal con apertura variable, que te permite controlar mejor la cantidad de luz,<\/li><li>una Dynamic Island m\u00e1s peque\u00f1a, gracias a que los componentes de Face ID quedan parcialmente ocultos bajo la pantalla,<\/li><li>nuevos colores para la carcasa, entre los que destaca, por ejemplo, el tono Dark Cherry, <\/li><li>un dise\u00f1o parecido al del iPhone 17 Pro, aunque las medidas exactas y los materiales a\u00fan no se han confirmado.<\/li><\/ul><p> <\/p><p>Se espera que el nuevo procesador sea uno de los elementos m\u00e1s importantes de esta generaci\u00f3n. <strong>El cambio a la tecnolog\u00eda de 2 nm podr\u00eda aportar un mayor rendimiento y una mejor eficiencia energ\u00e9tica<\/strong>, lo que en la pr\u00e1ctica deber\u00eda traducirse en un funcionamiento m\u00e1s fluido del m\u00f3vil y, posiblemente, una mayor autonom\u00eda de la bater\u00eda.<\/p>\t\t\t\t\t\t\t\t<\/div>\n\t\t<div class=\"elementor-element elementor-element-d31f4b7 e-grid e-con-full e-con e-child\" data-id=\"d31f4b7\" data-element_type=\"container\">\n\t\t\t\t<div class=\"elementor-element elementor-element-6efb9d8 elementor-widget elementor-widget-image\" data-id=\"6efb9d8\" data-element_type=\"widget\" data-widget_type=\"image.default\">\n\t\t\t\t\t\t\t\t\t\t\t\t<figure class=\"wp-caption\">\n\t\t\t\t\t\t\t\t\t\t\t<a href=\"https:\/\/swopify.com\/pl-pl\/iphone-16-pro-max-256gb-tytan-czarny-3235\">\n\t\t\t\t\t\t\t<img decoding=\"async\" src=\"https:\/\/swopify.com\/publicTmp\/pictures\/600x\/6ba30f\/f6r9k8e0q0m0l1a7g4l8w6r1f8k0q686.jpg\" title=\"\" alt=\"iPhone 16 Pro Max 256GB Tytan Czarny\" loading=\"lazy\" \/>\t\t\t\t\t\t\t\t<\/a>\n\t\t\t\t\t\t\t\t\t\t\t<figcaption class=\"widget-image-caption wp-caption-text\">iPhone 16 Pro Max 256GB Negro Titanio<\/figcaption>\n\t\t\t\t\t\t\t\t\t\t<\/figure>\n\t\t\t\t\t\t\t\t\t<\/div>\n\t\t\t\t<div class=\"elementor-element elementor-element-1be9e8f elementor-widget elementor-widget-image\" data-id=\"1be9e8f\" data-element_type=\"widget\" data-widget_type=\"image.default\">\n\t\t\t\t\t\t\t\t\t\t\t\t<figure class=\"wp-caption\">\n\t\t\t\t\t\t\t\t\t\t\t<a href=\"https:\/\/swopify.com\/pl-pl\/iphone-16-pro-max-256gb-tytan-bialy-3905\">\n\t\t\t\t\t\t\t<img decoding=\"async\" src=\"https:\/\/swopify.com\/publicTmp\/pictures\/600x\/c385e1\/15i9b6i0g0v0o1v7t4l8i6n1f8t0u7u6.jpg\" title=\"\" alt=\"iPhone 16 Pro Max 256GB Tytan Bia\u0142y\" loading=\"lazy\" \/>\t\t\t\t\t\t\t\t<\/a>\n\t\t\t\t\t\t\t\t\t\t\t<figcaption class=\"widget-image-caption wp-caption-text\">iPhone 16 Pro Max 256GB Blanco Titanio<\/figcaption>\n\t\t\t\t\t\t\t\t\t\t<\/figure>\n\t\t\t\t\t\t\t\t\t<\/div>\n\t\t\t\t<div class=\"elementor-element elementor-element-68afd87 elementor-widget elementor-widget-image\" data-id=\"68afd87\" data-element_type=\"widget\" data-widget_type=\"image.default\">\n\t\t\t\t\t\t\t\t\t\t\t\t<figure class=\"wp-caption\">\n\t\t\t\t\t\t\t\t\t\t\t<a href=\"https:\/\/swopify.com\/pl-pl\/iphone-17-pro-256gb-glebinowy-blekit-8150\">\n\t\t\t\t\t\t\t<img decoding=\"async\" src=\"https:\/\/swopify.com\/publicTmp\/pictures\/300x\/54c21b\/h1j2v7u8g0e0i1d7w6o6y0n5a92849r0.webp\" title=\"\" alt=\"iPhone 17 Pro 256GB G\u0142\u0119binowy B\u0142\u0119kit\" loading=\"lazy\" \/>\t\t\t\t\t\t\t\t<\/a>\n\t\t\t\t\t\t\t\t\t\t\t<figcaption class=\"widget-image-caption wp-caption-text\">iPhone 17 Pro de 256 GB, azul profundo<\/figcaption>\n\t\t\t\t\t\t\t\t\t\t<\/figure>\n\t\t\t\t\t\t\t\t\t<\/div>\n\t\t\t\t<\/div>\n\t\t\t\t<div class=\"elementor-element elementor-element-bb9adae elementor-widget elementor-widget-heading\" data-id=\"bb9adae\" data-element_type=\"widget\" data-widget_type=\"heading.default\">\n\t\t\t\t\t<h2 class=\"elementor-heading-title elementor-size-default\">Los nuevos colores y el dise\u00f1o del iPhone 18 Pro\n<\/h2>\t\t\t\t<\/div>\n\t\t\t\t<div class=\"elementor-element elementor-element-0e2225b elementor-widget elementor-widget-text-editor\" data-id=\"0e2225b\" data-element_type=\"widget\" data-widget_type=\"text-editor.default\">\n\t\t\t\t\t\t\t\t\t<p>Los cambios tambi\u00e9n afectar\u00e1n a la gama de colores. En las filtraciones aparece, entre otros <strong>, un tono rojo intenso, conocido como \u00abDark Cherry\u00bb, as\u00ed como un azul fr\u00edo<\/strong>. <\/p><p> <\/p><p>Tambi\u00e9n hay rumores de que el nuevo modelo podr\u00eda mantener unas dimensiones lo bastante parecidas a las de su predecesor como <strong>para que sea compatible con las fundas de la generaci\u00f3n anterior<\/strong><\/p>\t\t\t\t\t\t\t\t<\/div>\n\t\t\t\t<div class=\"elementor-element elementor-element-3c6501c elementor-align-center elementor-widget elementor-widget-button\" data-id=\"3c6501c\" data-element_type=\"widget\" data-widget_type=\"button.default\">\n\t\t\t\t\t\t\t\t\t\t<a class=\"elementor-button elementor-button-link elementor-size-sm\" href=\"https:\/\/swopify.com\/blog\/kiedy-najlepiej-kupic-iphone\/\">\n\t\t\t\t\t\t<span class=\"elementor-button-content-wrapper\">\n\t\t\t\t\t\t\t\t\t<span class=\"elementor-button-text\">\u00bfCu\u00e1ndo es el mejor momento para comprar un iPhone?<\/span>\n\t\t\t\t\t<\/span>\n\t\t\t\t\t<\/a>\n\t\t\t\t\t\t\t\t<\/div>\n\t\t\t\t<div class=\"elementor-element elementor-element-5911d90 elementor-widget elementor-widget-heading\" data-id=\"5911d90\" data-element_type=\"widget\" data-widget_type=\"heading.default\">\n\t\t\t\t\t<h2 class=\"elementor-heading-title elementor-size-default\">\u00bfQu\u00e9 caracter\u00edsticas podr\u00eda tener el iPhone Ultra?\n<\/h2>\t\t\t\t<\/div>\n\t\t\t\t<div class=\"elementor-element elementor-element-38826f3 elementor-widget elementor-widget-text-editor\" data-id=\"38826f3\" data-element_type=\"widget\" data-widget_type=\"text-editor.default\">\n\t\t\t\t\t\t\t\t\t<p>Se dice que el iPhone Ultra plegable va a ser el dispositivo m\u00e1s original de la gama de Apple de este a\u00f1o. Seg\u00fan la informaci\u00f3n que tenemos hasta ahora, el smartphone <strong>tendr\u00e1 un dise\u00f1o plegable tipo libro<\/strong>, con una gran pantalla interior y una pantalla exterior adicional. <\/p><p> <\/p><p><strong>La informaci\u00f3n que suele aparecer m\u00e1s a menudo sobre las especificaciones incluye:<\/strong><\/p><p> <\/p><ul><li>una pantalla interna de unas 7,8 pulgadas de diagonal,<\/li><li>una pantalla exterior de unos 5,5 pulgadas,<\/li><li>un dise\u00f1o tipo \u00abbook-style\u00bb, parecido al de otros smartphones plegables,<\/li><li>dos c\u00e1maras traseras,<\/li><li>el chip Apple A20,<\/li><li>Touch ID integrado en el bot\u00f3n de encendido,<\/li><li>una estructura muy fina una vez desplegada,<\/li><li>una soluci\u00f3n para reducir la visibilidad del pliegue en la pantalla plegable.<\/li><\/ul><p> <\/p><p>En el caso del iPhone Ultra, hay mucha informaci\u00f3n que a\u00fan no est\u00e1 confirmada. Apple todav\u00eda no ha revelado las especificaciones oficiales de este modelo plegable, as\u00ed que las caracter\u00edsticas de la pantalla, las c\u00e1maras o el procesador que lleve podr\u00edan cambiar antes del lanzamiento. <\/p>\t\t\t\t\t\t\t\t<\/div>\n\t\t\t\t<div class=\"elementor-element elementor-element-2408663 elementor-widget elementor-widget-heading\" data-id=\"2408663\" data-element_type=\"widget\" data-widget_type=\"heading.default\">\n\t\t\t\t\t<h2 class=\"elementor-heading-title elementor-size-default\">\u00bfCu\u00e1nto pueden costar el iPhone 18 Pro y el iPhone Ultra?<\/h2>\t\t\t\t<\/div>\n\t\t\t\t<div class=\"elementor-element elementor-element-e116fea elementor-widget elementor-widget-text-editor\" data-id=\"e116fea\" data-element_type=\"widget\" data-widget_type=\"text-editor.default\">\n\t\t\t\t\t\t\t\t\t<ul><li>iPhone 18 Pro: unos 6000 z\u0142<\/li><li>iPhone 18 Pro Max: unos 8.000 z\u0142<\/li><li>iPhone Ultra: entre unos 9 000 y 11 000 zlotys<\/li><li>iPhone 18: a partir de unos 4000 z\u0142, aunque su lanzamiento no est\u00e1 previsto hasta la primavera de 2027.<\/li><\/ul><p> <\/p><p>Los precios previstos para el iPhone 18 Pro y el 18 Pro Max son m\u00e1s altos que los de la generaci\u00f3n anterior. Entre otros factores, el precio podr\u00eda verse afectado por el uso <strong>de un procesador fabricado con tecnolog\u00eda de 2 nm y el m\u00f3dem propio de Apple, el C2<\/strong>. Los precios definitivos en Polonia no se sabr\u00e1n hasta despu\u00e9s del lanzamiento oficial y tambi\u00e9n depender\u00e1n del tipo de cambio del d\u00f3lar.   <\/p>\t\t\t\t\t\t\t\t<\/div>\n\t\t\t\t<div class=\"elementor-element elementor-element-98f2dbe elementor-align-center elementor-widget elementor-widget-button\" data-id=\"98f2dbe\" data-element_type=\"widget\" data-widget_type=\"button.default\">\n\t\t\t\t\t\t\t\t\t\t<a class=\"elementor-button elementor-button-link elementor-size-sm\" href=\"https:\/\/swopify.com\/blog\/iphone-14-pro-vs-17-pro-porownanie-smartfonow-apple\/\">\n\t\t\t\t\t\t<span class=\"elementor-button-content-wrapper\">\n\t\t\t\t\t\t\t\t\t<span class=\"elementor-button-text\">iPhone 14 Pro frente al 17 Pro<\/span>\n\t\t\t\t\t<\/span>\n\t\t\t\t\t<\/a>\n\t\t\t\t\t\t\t\t<\/div>\n\t\t\t\t<div class=\"elementor-element elementor-element-5784098 elementor-widget elementor-widget-heading\" data-id=\"5784098\" data-element_type=\"widget\" data-widget_type=\"heading.default\">\n\t\t\t\t\t<h2 class=\"elementor-heading-title elementor-size-default\">\u00bfY qu\u00e9 pasa con el iPhone 18 normal?\n<\/h2>\t\t\t\t<\/div>\n\t\t\t\t<div class=\"elementor-element elementor-element-7450a21 elementor-widget elementor-widget-text-editor\" data-id=\"7450a21\" data-element_type=\"widget\" data-widget_type=\"text-editor.default\">\n\t\t\t\t\t\t\t\t\t<p>Es uno de los cambios m\u00e1s importantes en la estrategia de Apple de este a\u00f1o.<\/p><p> <\/p><p><strong>No parece que el iPhone 18 vaya a presentarse junto con los modelos Pro en septiembre.<\/strong>  Seg\u00fan las \u00faltimas noticias, los modelos b\u00e1sicos no saldr\u00e1n hasta la primavera de 2027. Por esas fechas tambi\u00e9n podr\u00edan presentarse el pr\u00f3ximo iPhone Air y el iPhone 18e. <\/p><p> <\/p><p>De esta forma, Apple podr\u00eda centrar m\u00e1s la atenci\u00f3n de los clientes en los modelos m\u00e1s caros durante el lanzamiento de oto\u00f1o. As\u00ed pues, el evento de septiembre se centrar\u00e1 m\u00e1s en el segmento premium que las presentaciones anteriores del iPhone. <\/p>\t\t\t\t\t\t\t\t<\/div>\n\t\t\t\t<div class=\"elementor-element elementor-element-34ae63d elementor-widget elementor-widget-heading\" data-id=\"34ae63d\" data-element_type=\"widget\" data-widget_type=\"heading.default\">\n\t\t\t\t\t<h2 class=\"elementor-heading-title elementor-size-default\">\u00bfCu\u00e1ndo saldr\u00e1 a la venta el iPhone 18 Pro?\n<\/h2>\t\t\t\t<\/div>\n\t\t\t\t<div class=\"elementor-element elementor-element-a528f33 elementor-widget elementor-widget-text-editor\" data-id=\"a528f33\" data-element_type=\"widget\" data-widget_type=\"text-editor.default\">\n\t\t\t\t\t\t\t\t\t<ul><li>Se espera que el iPhone 18 Pro y el iPhone 18 Pro Max salgan a la venta a finales de septiembre de 2026.<\/li><li>Apple a\u00fan no ha confirmado la fecha oficial de inicio de las ventas.<\/li><li>La preventa podr\u00eda empezar unos d\u00edas despu\u00e9s de la presentaci\u00f3n del 9 de septiembre.<\/li><\/ul><p> <\/p><p>Si Apple mantiene el calendario de lanzamientos habitual, los nuevos modelos Pro deber\u00edan llegar a las tiendas todav\u00eda en septiembre. Sin embargo, para saber la fecha exacta de inicio de las ventas habr\u00e1 que esperar a la presentaci\u00f3n oficial. <\/p>\t\t\t\t\t\t\t\t<\/div>\n\t\t\t\t<div class=\"elementor-element elementor-element-addf990 elementor-align-center elementor-widget elementor-widget-button\" data-id=\"addf990\" data-element_type=\"widget\" data-widget_type=\"button.default\">\n\t\t\t\t\t\t\t\t\t\t<a class=\"elementor-button elementor-button-link elementor-size-sm\" href=\"https:\/\/swopify.com\/blog\/apple-iphone-17-pro-vs-samsung-galaxy-s25-ultra-porownanie\/\">\n\t\t\t\t\t\t<span class=\"elementor-button-content-wrapper\">\n\t\t\t\t\t\t\t\t\t<span class=\"elementor-button-text\">Apple iPhone 17 Pro vs Samsung Galaxy S25 Ultra<\/span>\n\t\t\t\t\t<\/span>\n\t\t\t\t\t<\/a>\n\t\t\t\t\t\t\t\t<\/div>\n\t\t\t\t<div class=\"elementor-element elementor-element-9d88d5d elementor-widget elementor-widget-heading\" data-id=\"9d88d5d\" data-element_type=\"widget\" data-widget_type=\"heading.default\">\n\t\t\t\t\t<h2 class=\"elementor-heading-title elementor-size-default\">\u00bfMerece la pena esperar al lanzamiento del iPhone 18 Pro?\n<\/h2>\t\t\t\t<\/div>\n\t\t\t\t<div class=\"elementor-element elementor-element-2c773c9 elementor-widget elementor-widget-text-editor\" data-id=\"2c773c9\" data-element_type=\"widget\" data-widget_type=\"text-editor.default\">\n\t\t\t\t\t\t\t\t\t<p>Si est\u00e1s pensando en comprarte un m\u00f3vil nuevo, <strong>te conviene marcar el 9 de septiembre en tu calendario<\/strong>. Tras la presentaci\u00f3n, sabremos las especificaciones oficiales, los precios y las diferencias entre la nueva generaci\u00f3n y el iPhone 17 Pro. <\/p><p> <\/p><p>Pero eso no quiere decir que ya no valga la pena comprar un modelo m\u00e1s antiguo. Al contrario. <strong>El lanzamiento de una nueva generaci\u00f3n suele ser un buen momento para echar un vistazo a los precios de los modelos anteriores, incluidos los reacondicionados<\/strong>. <\/p><p> <\/p><p>Si no necesitas el procesador m\u00e1s nuevo ni las funciones que acaban de salir al mercado, <a href=\"https:\/\/swopify.com\/pl-pl\/apple-iphone\">un iPhone reacondicionado<\/a><strong> <\/strong>puede ofrecer una experiencia muy similar por un precio mucho m\u00e1s bajo. Es una soluci\u00f3n que te permite ahorrar dinero y, al mismo tiempo, alargar la vida \u00fatil de un dispositivo que ya est\u00e1 fabricado. <\/p>\t\t\t\t\t\t\t\t<\/div>\n\t\t\t\t<\/div>\n\t\t<div class=\"elementor-element elementor-element-18cd69d e-con-full e-flex e-con e-child\" data-id=\"18cd69d\" data-element_type=\"container\" data-settings=\"{&quot;background_background&quot;:&quot;classic&quot;}\">\n\t\t\t\t<div class=\"elementor-element elementor-element-f50921e elementor-widget__width-initial elementor-widget elementor-widget-heading\" data-id=\"f50921e\" data-element_type=\"widget\" data-widget_type=\"heading.default\">\n\t\t\t\t\t<h2 class=\"elementor-heading-title elementor-size-default\">Preguntas m\u00e1s frecuentes<\/h2>\t\t\t\t<\/div>\n\t\t\t\t<div class=\"elementor-element elementor-element-fdbafc8 elementor-widget elementor-widget-n-accordion\" data-id=\"fdbafc8\" data-element_type=\"widget\" data-settings=\"{&quot;n_accordion_animation_duration&quot;:{&quot;unit&quot;:&quot;ms&quot;,&quot;size&quot;:500,&quot;sizes&quot;:[]},&quot;default_state&quot;:&quot;expanded&quot;,&quot;max_items_expended&quot;:&quot;one&quot;}\" data-widget_type=\"nested-accordion.default\">\n\t\t\t\t\t\t\t<div class=\"e-n-accordion\" aria-label=\"Accordion. Open links with Enter or Space, close with Escape, and navigate with Arrow Keys\">\n\t\t\t\t\t\t<details id=\"e-n-accordion-item-2660\" class=\"e-n-accordion-item\" open>\n\t\t\t\t<summary class=\"e-n-accordion-item-title\" data-accordion-index=\"1\" tabindex=\"0\" aria-expanded=\"true\" aria-controls=\"e-n-accordion-item-2660\" >\n\t\t\t\t\t<span class='e-n-accordion-item-title-header'><div class=\"e-n-accordion-item-title-text\"> \u00bfCu\u00e1ndo ser\u00e1 el lanzamiento oficial del iPhone 18 Pro? <\/div><\/span>\n\t\t\t\t\t\t\t<span class='e-n-accordion-item-title-icon'>\n\t\t\t<span class='e-opened' ><svg xmlns=\"http:\/\/www.w3.org\/2000\/svg\" width=\"12\" height=\"8\" viewBox=\"0 0 12 8\" fill=\"none\"><path d=\"M6 0.000391054L12 6.00039L10.6 7.40039L6 2.80039L1.4 7.40039L-1.22392e-07 6.00039L6 0.000391054Z\" fill=\"#292D33\"><\/path><\/svg><\/span>\n\t\t\t<span class='e-closed'><svg xmlns=\"http:\/\/www.w3.org\/2000\/svg\" width=\"12\" height=\"8\" viewBox=\"0 0 12 8\" fill=\"none\"><path d=\"M6 7.4L0 1.4L1.4 0L6 4.6L10.6 0L12 1.4L6 7.4Z\" fill=\"#292D33\"><\/path><\/svg><\/span>\n\t\t<\/span>\n\n\t\t\t\t\t\t<\/summary>\n\t\t\t\t<div role=\"region\" aria-labelledby=\"e-n-accordion-item-2660\" class=\"elementor-element elementor-element-c744340 e-con-full e-flex e-con e-child\" data-id=\"c744340\" data-element_type=\"container\">\n\t\t\t\t<div class=\"elementor-element elementor-element-8036a0d elementor-widget elementor-widget-text-editor\" data-id=\"8036a0d\" data-element_type=\"widget\" data-widget_type=\"text-editor.default\">\n\t\t\t\t\t\t\t\t\t<p>La presentaci\u00f3n oficial del iPhone 18 Pro est\u00e1 prevista para el 9 de septiembre de 2026 a las 19:00, hora de Polonia. Durante el evento, Apple tambi\u00e9n tiene previsto presentar el iPhone 18 Pro Max y un modelo plegable conocido como iPhone Ultra. <\/p>\t\t\t\t\t\t\t\t<\/div>\n\t\t\t\t<\/div>\n\t\t\t\t\t<\/details>\n\t\t\t\t\t\t<details id=\"e-n-accordion-item-2661\" class=\"e-n-accordion-item\" >\n\t\t\t\t<summary class=\"e-n-accordion-item-title\" data-accordion-index=\"2\" tabindex=\"-1\" aria-expanded=\"false\" aria-controls=\"e-n-accordion-item-2661\" >\n\t\t\t\t\t<span class='e-n-accordion-item-title-header'><div class=\"e-n-accordion-item-title-text\"> \u00bfCu\u00e1ndo sale el iPhone Ultra? <\/div><\/span>\n\t\t\t\t\t\t\t<span class='e-n-accordion-item-title-icon'>\n\t\t\t<span class='e-opened' ><svg xmlns=\"http:\/\/www.w3.org\/2000\/svg\" width=\"12\" height=\"8\" viewBox=\"0 0 12 8\" fill=\"none\"><path d=\"M6 0.000391054L12 6.00039L10.6 7.40039L6 2.80039L1.4 7.40039L-1.22392e-07 6.00039L6 0.000391054Z\" fill=\"#292D33\"><\/path><\/svg><\/span>\n\t\t\t<span class='e-closed'><svg xmlns=\"http:\/\/www.w3.org\/2000\/svg\" width=\"12\" height=\"8\" viewBox=\"0 0 12 8\" fill=\"none\"><path d=\"M6 7.4L0 1.4L1.4 0L6 4.6L10.6 0L12 1.4L6 7.4Z\" fill=\"#292D33\"><\/path><\/svg><\/span>\n\t\t<\/span>\n\n\t\t\t\t\t\t<\/summary>\n\t\t\t\t<div role=\"region\" aria-labelledby=\"e-n-accordion-item-2661\" class=\"elementor-element elementor-element-928de8b e-con-full e-flex e-con e-child\" data-id=\"928de8b\" data-element_type=\"container\">\n\t\t\t\t<div class=\"elementor-element elementor-element-f20c0b9 elementor-widget elementor-widget-text-editor\" data-id=\"f20c0b9\" data-element_type=\"widget\" data-widget_type=\"text-editor.default\">\n\t\t\t\t\t\t\t\t\t<p>Se prev\u00e9 que el iPhone Ultra salga al mercado el 9 de septiembre de 2026. Se trata del primer iPhone plegable de la historia de Apple, equipado con una gran pantalla interna y una pantalla externa adicional. Ni el nombre \u00abiPhone Ultra\u00bb ni las especificaciones detalladas del dispositivo han sido confirmadas oficialmente por Apple todav\u00eda.  <\/p>\t\t\t\t\t\t\t\t<\/div>\n\t\t\t\t<\/div>\n\t\t\t\t\t<\/details>\n\t\t\t\t\t\t<details id=\"e-n-accordion-item-2662\" class=\"e-n-accordion-item\" >\n\t\t\t\t<summary class=\"e-n-accordion-item-title\" data-accordion-index=\"3\" tabindex=\"-1\" aria-expanded=\"false\" aria-controls=\"e-n-accordion-item-2662\" >\n\t\t\t\t\t<span class='e-n-accordion-item-title-header'><div class=\"e-n-accordion-item-title-text\"> \u00bfCu\u00e1nto costar\u00e1 el iPhone 18 Pro en Polonia? <\/div><\/span>\n\t\t\t\t\t\t\t<span class='e-n-accordion-item-title-icon'>\n\t\t\t<span class='e-opened' ><svg xmlns=\"http:\/\/www.w3.org\/2000\/svg\" width=\"12\" height=\"8\" viewBox=\"0 0 12 8\" fill=\"none\"><path d=\"M6 0.000391054L12 6.00039L10.6 7.40039L6 2.80039L1.4 7.40039L-1.22392e-07 6.00039L6 0.000391054Z\" fill=\"#292D33\"><\/path><\/svg><\/span>\n\t\t\t<span class='e-closed'><svg xmlns=\"http:\/\/www.w3.org\/2000\/svg\" width=\"12\" height=\"8\" viewBox=\"0 0 12 8\" fill=\"none\"><path d=\"M6 7.4L0 1.4L1.4 0L6 4.6L10.6 0L12 1.4L6 7.4Z\" fill=\"#292D33\"><\/path><\/svg><\/span>\n\t\t<\/span>\n\n\t\t\t\t\t\t<\/summary>\n\t\t\t\t<div role=\"region\" aria-labelledby=\"e-n-accordion-item-2662\" class=\"elementor-element elementor-element-31e1bbd e-con-full e-flex e-con e-child\" data-id=\"31e1bbd\" data-element_type=\"container\">\n\t\t\t\t<div class=\"elementor-element elementor-element-d2f0c95 elementor-widget elementor-widget-text-editor\" data-id=\"d2f0c95\" data-element_type=\"widget\" data-widget_type=\"text-editor.default\">\n\t\t\t\t\t\t\t\t\t<p>Se prev\u00e9 que el iPhone 18 Pro cueste unos 6.000 z\u0142 en Polonia, mientras que el iPhone 18 Pro Max podr\u00eda rondar los 8.000 z\u0142. Son precios estimados para el lanzamiento; no sabremos la lista de precios oficial de Apple hasta despu\u00e9s de la presentaci\u00f3n. <\/p>\t\t\t\t\t\t\t\t<\/div>\n\t\t\t\t<\/div>\n\t\t\t\t\t<\/details>\n\t\t\t\t\t\t<details id=\"e-n-accordion-item-2663\" class=\"e-n-accordion-item\" >\n\t\t\t\t<summary class=\"e-n-accordion-item-title\" data-accordion-index=\"4\" tabindex=\"-1\" aria-expanded=\"false\" aria-controls=\"e-n-accordion-item-2663\" >\n\t\t\t\t\t<span class='e-n-accordion-item-title-header'><div class=\"e-n-accordion-item-title-text\"> \u00bfQu\u00e9 otros dispositivos de Apple se presentar\u00e1n el 9 de septiembre? <\/div><\/span>\n\t\t\t\t\t\t\t<span class='e-n-accordion-item-title-icon'>\n\t\t\t<span class='e-opened' ><svg xmlns=\"http:\/\/www.w3.org\/2000\/svg\" width=\"12\" height=\"8\" viewBox=\"0 0 12 8\" fill=\"none\"><path d=\"M6 0.000391054L12 6.00039L10.6 7.40039L6 2.80039L1.4 7.40039L-1.22392e-07 6.00039L6 0.000391054Z\" fill=\"#292D33\"><\/path><\/svg><\/span>\n\t\t\t<span class='e-closed'><svg xmlns=\"http:\/\/www.w3.org\/2000\/svg\" width=\"12\" height=\"8\" viewBox=\"0 0 12 8\" fill=\"none\"><path d=\"M6 7.4L0 1.4L1.4 0L6 4.6L10.6 0L12 1.4L6 7.4Z\" fill=\"#292D33\"><\/path><\/svg><\/span>\n\t\t<\/span>\n\n\t\t\t\t\t\t<\/summary>\n\t\t\t\t<div role=\"region\" aria-labelledby=\"e-n-accordion-item-2663\" class=\"elementor-element elementor-element-e054d63 e-flex e-con-boxed e-con e-child\" data-id=\"e054d63\" data-element_type=\"container\">\n\t\t\t\t\t<div class=\"e-con-inner\">\n\t\t\t\t<div class=\"elementor-element elementor-element-84f073b elementor-widget elementor-widget-text-editor\" data-id=\"84f073b\" data-element_type=\"widget\" data-widget_type=\"text-editor.default\">\n\t\t\t\t\t\t\t\t\t<p>Adem\u00e1s de los nuevos iPhone, en el evento de septiembre se espera que se presenten el Apple Watch Series 12, el Apple Watch Ultra 4 y los nuevos AirPods. Apple confirmar\u00e1 la lista exacta de productos durante la presentaci\u00f3n. <\/p>\t\t\t\t\t\t\t\t<\/div>\n\t\t\t\t\t<\/div>\n\t\t\t\t<\/div>\n\t\t\t\t\t<\/details>\n\t\t\t\t\t<\/div>\n\t\t\t\t\t<script type=\"application\/ld+json\">{\"@context\":\"https:\\\/\\\/schema.org\",\"@type\":\"FAQPage\",\"mainEntity\":[{\"@type\":\"Question\",\"name\":\"\\u00bfCu\\u00e1ndo ser\\u00e1 el lanzamiento oficial del iPhone 18 Pro?\",\"acceptedAnswer\":{\"@type\":\"Answer\",\"text\":\"La presentaci\\u00f3n oficial del iPhone 18 Pro est\\u00e1 prevista para el 9 de septiembre de 2026 a las 19:00, hora de Polonia. Durante el evento, Apple tambi\\u00e9n tiene previsto presentar el iPhone 18 Pro Max y un modelo plegable conocido como iPhone Ultra.\"}},{\"@type\":\"Question\",\"name\":\"\\u00bfCu\\u00e1ndo sale el iPhone Ultra?\",\"acceptedAnswer\":{\"@type\":\"Answer\",\"text\":\"Se prev\\u00e9 que el iPhone Ultra salga al mercado el 9 de septiembre de 2026. Se trata del primer iPhone plegable de la historia de Apple, equipado con una gran pantalla interna y una pantalla externa adicional. Ni el nombre \\u00abiPhone Ultra\\u00bb ni las especificaciones detalladas del dispositivo han sido confirmadas oficialmente por Apple todav\\u00eda.\"}},{\"@type\":\"Question\",\"name\":\"\\u00bfCu\\u00e1nto costar\\u00e1 el iPhone 18 Pro en Polonia?\",\"acceptedAnswer\":{\"@type\":\"Answer\",\"text\":\"Se prev\\u00e9 que el iPhone 18 Pro cueste unos 6.000 z\\u0142 en Polonia, mientras que el iPhone 18 Pro Max podr\\u00eda rondar los 8.000 z\\u0142. Son precios estimados para el lanzamiento; no sabremos la lista de precios oficial de Apple hasta despu\\u00e9s de la presentaci\\u00f3n.\"}},{\"@type\":\"Question\",\"name\":\"\\u00bfQu\\u00e9 otros dispositivos de Apple se presentar\\u00e1n el 9 de septiembre?\",\"acceptedAnswer\":{\"@type\":\"Answer\",\"text\":\"Adem\\u00e1s de los nuevos iPhone, en el evento de septiembre se espera que se presenten el Apple Watch Series 12, el Apple Watch Ultra 4 y los nuevos AirPods. Apple confirmar\\u00e1 la lista exacta de productos durante la presentaci\\u00f3n.\"}}]}<\/script>\n\t\t\t\t\t\t\t<\/div>\n\t\t\t\t<\/div>\n\t\t<div class=\"elementor-element elementor-element-3ced5f1 e-con-full elementor-hidden-tablet elementor-hidden-mobile e-flex e-con e-child\" data-id=\"3ced5f1\" data-element_type=\"container\" data-settings=\"{&quot;background_background&quot;:&quot;classic&quot;}\">\n\t\t<div class=\"elementor-element elementor-element-3771c2c e-con-full e-flex e-con e-child\" data-id=\"3771c2c\" data-element_type=\"container\">\n\t\t\t\t<div class=\"elementor-element elementor-element-1abce59 elementor-absolute elementor-widget elementor-widget-image\" data-id=\"1abce59\" data-element_type=\"widget\" data-settings=\"{&quot;_position&quot;:&quot;absolute&quot;}\" data-widget_type=\"image.default\">\n\t\t\t\t\t\t\t\t\t\t\t\t\t\t\t<img loading=\"lazy\" decoding=\"async\" width=\"196\" height=\"143\" src=\"https:\/\/swopify.com\/blog\/wp-content\/uploads\/2025\/07\/Vector-6.svg\" class=\"attachment-large size-large wp-image-4790\" alt=\"\" \/>\t\t\t\t\t\t\t\t\t\t\t\t\t\t\t<\/div>\n\t\t\t\t<div class=\"elementor-element elementor-element-3adc862 elementor-absolute elementor-widget elementor-widget-image\" data-id=\"3adc862\" data-element_type=\"widget\" data-settings=\"{&quot;_position&quot;:&quot;absolute&quot;}\" data-widget_type=\"image.default\">\n\t\t\t\t\t\t\t\t\t\t\t\t\t\t\t<img loading=\"lazy\" decoding=\"async\" width=\"196\" height=\"143\" src=\"https:\/\/swopify.com\/blog\/wp-content\/uploads\/2025\/07\/Vector-6.svg\" class=\"attachment-large size-large wp-image-4790\" alt=\"\" \/>\t\t\t\t\t\t\t\t\t\t\t\t\t\t\t<\/div>\n\t\t\t\t<div class=\"elementor-element elementor-element-7ffb0e8 elementor-absolute elementor-widget elementor-widget-image\" data-id=\"7ffb0e8\" data-element_type=\"widget\" data-settings=\"{&quot;_position&quot;:&quot;absolute&quot;}\" data-widget_type=\"image.default\">\n\t\t\t\t\t\t\t\t\t\t\t\t\t\t\t<img loading=\"lazy\" decoding=\"async\" width=\"53\" height=\"50\" src=\"https:\/\/swopify.com\/blog\/wp-content\/uploads\/2025\/07\/Vector-7.svg\" class=\"attachment-large size-large wp-image-4791\" alt=\"\" \/>\t\t\t\t\t\t\t\t\t\t\t\t\t\t\t<\/div>\n\t\t\t\t<div class=\"elementor-element elementor-element-f0dc3a5 elementor-widget elementor-widget-image\" data-id=\"f0dc3a5\" data-element_type=\"widget\" data-widget_type=\"image.default\">\n\t\t\t\t\t\t\t\t\t\t\t\t\t\t\t<img loading=\"lazy\" decoding=\"async\" width=\"685\" height=\"676\" src=\"https:\/\/swopify.com\/blog\/wp-content\/uploads\/2025\/08\/bartek_zdj.jpg\" class=\"attachment-large size-large wp-image-4792\" alt=\"\" srcset=\"https:\/\/swopify.com\/blog\/wp-content\/uploads\/2025\/08\/bartek_zdj.jpg 685w, https:\/\/swopify.com\/blog\/wp-content\/uploads\/2025\/08\/bartek_zdj-300x296.jpg 300w\" sizes=\"(max-width: 685px) 100vw, 685px\" \/>\t\t\t\t\t\t\t\t\t\t\t\t\t\t\t<\/div>\n\t\t\t\t<\/div>\n\t\t<div class=\"elementor-element elementor-element-c7fa709 e-con-full e-flex e-con e-child\" data-id=\"c7fa709\" data-element_type=\"container\">\n\t\t<div class=\"elementor-element elementor-element-7fd3302 e-con-full e-flex e-con e-child\" data-id=\"7fd3302\" data-element_type=\"container\">\n\t\t\t\t<div class=\"elementor-element elementor-element-9a3f2b5 elementor-widget elementor-widget-text-editor\" data-id=\"9a3f2b5\" data-element_type=\"widget\" data-widget_type=\"text-editor.default\">\n\t\t\t\t\t\t\t\t\t<p>SOBRE EL AUTOR:<\/p>\t\t\t\t\t\t\t\t<\/div>\n\t\t\t\t<div class=\"elementor-element elementor-element-e6c5546 elementor-widget elementor-widget-text-editor\" data-id=\"e6c5546\" data-element_type=\"widget\" data-widget_type=\"text-editor.default\">\n\t\t\t\t\t\t\t\t\tBartek Zebrowski\t\t\t\t\t\t\t\t<\/div>\n\t\t\t\t<div class=\"elementor-element elementor-element-d6fc869 elementor-widget elementor-widget-text-editor\" data-id=\"d6fc869\" data-element_type=\"widget\" data-widget_type=\"text-editor.default\">\n\t\t\t\t\t\t\t\t\tCEO &amp; Founder SWOPiFY\t\t\t\t\t\t\t\t<\/div>\n\t\t\t\t<div class=\"elementor-element elementor-element-0f28a07 elementor-widget elementor-widget-text-editor\" data-id=\"0f28a07\" data-element_type=\"widget\" data-widget_type=\"text-editor.default\">\n\t\t\t\t\t\t\t\t\t<p>Me apasiona la electr\u00f3nica reacondicionada: demostrar que se puede tener un gran equipo sin pagar de m\u00e1s y sin a\u00f1adir m\u00e1s cacharros el\u00e9ctricos. En el blog comparto mis conocimientos y experiencia para inspirar elecciones tecnol\u00f3gicas m\u00e1s inteligentes e informadas. <\/p>\t\t\t\t\t\t\t\t<\/div>\n\t\t\t\t<\/div>\n\t\t\t\t<\/div>\n\t\t\t\t<\/div>\n\t\t<div class=\"elementor-element elementor-element-aaf9d0f e-con-full elementor-hidden-desktop e-flex e-con e-child\" data-id=\"aaf9d0f\" data-element_type=\"container\" data-settings=\"{&quot;background_background&quot;:&quot;classic&quot;}\">\n\t\t<div class=\"elementor-element elementor-element-a92490e e-con-full e-flex e-con e-child\" data-id=\"a92490e\" data-element_type=\"container\">\n\t\t\t\t<div class=\"elementor-element elementor-element-9ccff93 elementor-absolute elementor-widget elementor-widget-image\" data-id=\"9ccff93\" data-element_type=\"widget\" data-settings=\"{&quot;_position&quot;:&quot;absolute&quot;}\" data-widget_type=\"image.default\">\n\t\t\t\t\t\t\t\t\t\t\t\t\t\t\t<img loading=\"lazy\" decoding=\"async\" width=\"196\" height=\"143\" src=\"https:\/\/swopify.com\/blog\/wp-content\/uploads\/2025\/07\/Vector-6.svg\" class=\"attachment-large size-large wp-image-4790\" alt=\"\" \/>\t\t\t\t\t\t\t\t\t\t\t\t\t\t\t<\/div>\n\t\t\t\t<div class=\"elementor-element elementor-element-4f6644f elementor-absolute elementor-widget elementor-widget-image\" data-id=\"4f6644f\" data-element_type=\"widget\" data-settings=\"{&quot;_position&quot;:&quot;absolute&quot;}\" data-widget_type=\"image.default\">\n\t\t\t\t\t\t\t\t\t\t\t\t\t\t\t<img loading=\"lazy\" decoding=\"async\" width=\"196\" height=\"143\" src=\"https:\/\/swopify.com\/blog\/wp-content\/uploads\/2025\/07\/Vector-6.svg\" class=\"attachment-large size-large wp-image-4790\" alt=\"\" \/>\t\t\t\t\t\t\t\t\t\t\t\t\t\t\t<\/div>\n\t\t\t\t<div class=\"elementor-element elementor-element-9545908 elementor-absolute elementor-widget elementor-widget-image\" data-id=\"9545908\" data-element_type=\"widget\" data-settings=\"{&quot;_position&quot;:&quot;absolute&quot;}\" data-widget_type=\"image.default\">\n\t\t\t\t\t\t\t\t\t\t\t\t\t\t\t<img loading=\"lazy\" decoding=\"async\" width=\"53\" height=\"50\" src=\"https:\/\/swopify.com\/blog\/wp-content\/uploads\/2025\/07\/Vector-7.svg\" class=\"attachment-large size-large wp-image-4791\" alt=\"\" \/>\t\t\t\t\t\t\t\t\t\t\t\t\t\t\t<\/div>\n\t\t\t\t<div class=\"elementor-element elementor-element-40a2eb3 elementor-widget elementor-widget-image\" data-id=\"40a2eb3\" data-element_type=\"widget\" data-widget_type=\"image.default\">\n\t\t\t\t\t\t\t\t\t\t\t\t\t\t\t<img decoding=\"async\" src=\"https:\/\/secure.gravatar.com\/avatar\/1bd8afa4c1d6b4939151f7e8748c2d999db5bdeacaabc395e986297505ee7b4d?s=96&#038;d=mm&#038;r=g\" title=\"\" alt=\"\" loading=\"lazy\" \/>\t\t\t\t\t\t\t\t\t\t\t\t\t\t\t<\/div>\n\t\t\t\t<\/div>\n\t\t<div class=\"elementor-element elementor-element-d8018c1 e-con-full e-flex e-con e-child\" data-id=\"d8018c1\" data-element_type=\"container\">\n\t\t<div class=\"elementor-element elementor-element-4a0487a e-con-full e-flex e-con e-child\" data-id=\"4a0487a\" data-element_type=\"container\">\n\t\t\t\t<div class=\"elementor-element elementor-element-bd13085 elementor-widget elementor-widget-text-editor\" data-id=\"bd13085\" data-element_type=\"widget\" data-widget_type=\"text-editor.default\">\n\t\t\t\t\t\t\t\t\t<p>SOBRE EL AUTOR:<\/p>\t\t\t\t\t\t\t\t<\/div>\n\t\t\t\t<div class=\"elementor-element elementor-element-a8f264b elementor-widget elementor-widget-text-editor\" data-id=\"a8f264b\" data-element_type=\"widget\" data-widget_type=\"text-editor.default\">\n\t\t\t\t\t\t\t\t\tBartek Zebrowski\t\t\t\t\t\t\t\t<\/div>\n\t\t\t\t<div class=\"elementor-element elementor-element-26e3be6 elementor-widget elementor-widget-text-editor\" data-id=\"26e3be6\" data-element_type=\"widget\" data-widget_type=\"text-editor.default\">\n\t\t\t\t\t\t\t\t\tCEO &amp; Founder SWOPiFY\t\t\t\t\t\t\t\t<\/div>\n\t\t\t\t<div class=\"elementor-element elementor-element-cd82148 elementor-widget elementor-widget-text-editor\" data-id=\"cd82148\" data-element_type=\"widget\" data-widget_type=\"text-editor.default\">\n\t\t\t\t\t\t\t\t\t<p>Me apasiona la electr\u00f3nica reacondicionada: demostrar que se puede tener un gran equipo sin pagar de m\u00e1s y sin a\u00f1adir m\u00e1s cacharros el\u00e9ctricos. En el blog comparto mis conocimientos y experiencia para inspirar elecciones tecnol\u00f3gicas m\u00e1s inteligentes e informadas. <\/p>\t\t\t\t\t\t\t\t<\/div>\n\t\t\t\t<\/div>\n\t\t\t\t<\/div>\n\t\t\t\t<\/div>\n\t\t\t\t<\/div>\n\t\t<div class=\"elementor-element elementor-element-50dccb7 e-con-full e-flex e-con e-child\" data-id=\"50dccb7\" data-element_type=\"container\" data-settings=\"{&quot;sticky&quot;:&quot;top&quot;,&quot;sticky_offset&quot;:150,&quot;sticky_parent&quot;:&quot;yes&quot;,&quot;sticky_on&quot;:[&quot;desktop&quot;],&quot;sticky_effects_offset&quot;:0,&quot;sticky_anchor_link_offset&quot;:0}\">\n\t\t<div class=\"elementor-element elementor-element-225abc7 e-con-full e-flex e-con e-child\" data-id=\"225abc7\" data-element_type=\"container\" data-settings=\"{&quot;background_background&quot;:&quot;classic&quot;}\">\n\t\t\t\t<div class=\"elementor-element elementor-element-fd93494 elementor-absolute elementor-widget elementor-widget-image\" data-id=\"fd93494\" data-element_type=\"widget\" data-settings=\"{&quot;_position&quot;:&quot;absolute&quot;}\" data-widget_type=\"image.default\">\n\t\t\t\t\t\t\t\t\t\t\t\t\t\t\t<img loading=\"lazy\" decoding=\"async\" width=\"257\" height=\"226\" src=\"https:\/\/swopify.com\/blog\/wp-content\/uploads\/2025\/07\/Vector-2.svg\" class=\"attachment-large size-large wp-image-4794\" alt=\"\" \/>\t\t\t\t\t\t\t\t\t\t\t\t\t\t\t<\/div>\n\t\t\t\t<div class=\"elementor-element elementor-element-8b1898e elementor-absolute elementor-widget elementor-widget-image\" data-id=\"8b1898e\" data-element_type=\"widget\" data-settings=\"{&quot;_position&quot;:&quot;absolute&quot;}\" data-widget_type=\"image.default\">\n\t\t\t\t\t\t\t\t\t\t\t\t\t\t\t<img loading=\"lazy\" decoding=\"async\" width=\"258\" height=\"195\" src=\"https:\/\/swopify.com\/blog\/wp-content\/uploads\/2025\/07\/Vector-3.svg\" class=\"attachment-large size-large wp-image-4795\" alt=\"\" \/>\t\t\t\t\t\t\t\t\t\t\t\t\t\t\t<\/div>\n\t\t\t\t<div class=\"elementor-element elementor-element-92ef408 custom-table-of-content elementor-widget elementor-widget-table-of-contents\" data-id=\"92ef408\" data-element_type=\"widget\" data-settings=\"{&quot;headings_by_tags&quot;:[&quot;h2&quot;],&quot;exclude_headings_by_selector&quot;:&quot;.latest-post-section&quot;,&quot;marker_view&quot;:&quot;bullets&quot;,&quot;icon&quot;:{&quot;value&quot;:&quot;&quot;,&quot;library&quot;:&quot;&quot;},&quot;no_headings_message&quot;:&quot;No headings were found on this page.&quot;,&quot;hierarchical_view&quot;:&quot;yes&quot;,&quot;min_height&quot;:{&quot;unit&quot;:&quot;px&quot;,&quot;size&quot;:&quot;&quot;,&quot;sizes&quot;:[]},&quot;min_height_tablet&quot;:{&quot;unit&quot;:&quot;px&quot;,&quot;size&quot;:&quot;&quot;,&quot;sizes&quot;:[]},&quot;min_height_mobile&quot;:{&quot;unit&quot;:&quot;px&quot;,&quot;size&quot;:&quot;&quot;,&quot;sizes&quot;:[]}}\" data-widget_type=\"table-of-contents.default\">\n\t\t\t\t\t\t\t\t\t<div class=\"elementor-toc__header\">\n\t\t\t\t\t\t<div class=\"elementor-toc__header-title\">\n\t\t\t\t\u00cdndice de contenidos:\t\t\t<\/div>\n\t\t\t\t\t\t\t\t<\/div>\n\t\t\t\t<div id=\"elementor-toc__92ef408\" class=\"elementor-toc__body\">\n\t\t\t<div class=\"elementor-toc__spinner-container\">\n\t\t\t\t<svg class=\"elementor-toc__spinner eicon-animation-spin e-font-icon-svg e-eicon-loading\" aria-hidden=\"true\" viewBox=\"0 0 1000 1000\" xmlns=\"http:\/\/www.w3.org\/2000\/svg\"><path d=\"M500 975V858C696 858 858 696 858 500S696 142 500 142 142 304 142 500H25C25 237 238 25 500 25S975 237 975 500 763 975 500 975Z\"><\/path><\/svg>\t\t\t<\/div>\n\t\t<\/div>\n\t\t\t\t\t\t<\/div>\n\t\t\t\t<\/div>\n\t\t\t\t<div class=\"elementor-element elementor-element-b48d790 button-with-arrow-right elementor-align-right elementor-hidden-tablet elementor-hidden-mobile elementor-widget elementor-widget-button\" data-id=\"b48d790\" data-element_type=\"widget\" data-widget_type=\"button.default\">\n\t\t\t\t\t\t\t\t\t\t<a class=\"elementor-button elementor-button-link elementor-size-sm\" href=\"#\">\n\t\t\t\t\t\t<span class=\"elementor-button-content-wrapper\">\n\t\t\t\t\t\t<span class=\"elementor-button-icon\">\n\t\t\t\t<svg xmlns=\"http:\/\/www.w3.org\/2000\/svg\" width=\"24\" height=\"24\" viewBox=\"0 0 24 24\" fill=\"none\"><mask id=\"mask0_137_1085\" style=\"mask-type:alpha\" maskUnits=\"userSpaceOnUse\" x=\"0\" y=\"0\" width=\"24\" height=\"24\"><rect width=\"24\" height=\"24\" fill=\"#D9D9D9\"><\/rect><\/mask><g mask=\"url(#mask0_137_1085)\"><path d=\"M5.4 20L4 18.6L15.6 7H9V5H19V15H17V8.4L5.4 20Z\" fill=\"white\"><\/path><\/g><\/svg>\t\t\t<\/span>\n\t\t\t\t\t\t\t\t\t<span class=\"elementor-button-text\">Volver a la tienda<\/span>\n\t\t\t\t\t<\/span>\n\t\t\t\t\t<\/a>\n\t\t\t\t\t\t\t\t<\/div>\n\t\t\t\t<\/div>\n\t\t\t\t\t<\/div>\n\t\t\t\t<\/div>\n\t\t<div class=\"elementor-element elementor-element-b1e8d29 e-flex e-con-boxed e-con e-parent\" data-id=\"b1e8d29\" data-element_type=\"container\" data-settings=\"{&quot;background_background&quot;:&quot;classic&quot;}\">\n\t\t\t\t\t<div class=\"e-con-inner\">\n\t\t<div class=\"elementor-element elementor-element-cf40465 e-con-full elementor-hidden-desktop e-flex e-con e-child\" data-id=\"cf40465\" data-element_type=\"container\">\n\t\t<div class=\"elementor-element elementor-element-ea337e9 e-con-full e-flex e-con e-child\" data-id=\"ea337e9\" data-element_type=\"container\" data-settings=\"{&quot;background_background&quot;:&quot;classic&quot;,&quot;sticky&quot;:&quot;bottom&quot;,&quot;sticky_on&quot;:[&quot;tablet&quot;,&quot;mobile&quot;],&quot;sticky_offset_tablet&quot;:10,&quot;animation_tablet&quot;:&quot;none&quot;,&quot;sticky_offset&quot;:0,&quot;sticky_effects_offset&quot;:0,&quot;sticky_anchor_link_offset&quot;:0}\">\n\t\t\t\t<div class=\"elementor-element elementor-element-23c35b8 button-with-arrow-left elementor-align-right elementor-mobile-align-justify elementor-widget-mobile__width-auto elementor-widget elementor-widget-button\" data-id=\"23c35b8\" data-element_type=\"widget\" data-widget_type=\"button.default\">\n\t\t\t\t\t\t\t\t\t\t<a class=\"elementor-button elementor-button-link elementor-size-sm\" href=\"#spis-tresci\">\n\t\t\t\t\t\t<span class=\"elementor-button-content-wrapper\">\n\t\t\t\t\t\t<span class=\"elementor-button-icon\">\n\t\t\t\t<svg xmlns=\"http:\/\/www.w3.org\/2000\/svg\" width=\"24\" height=\"24\" viewBox=\"0 0 24 24\" fill=\"none\"><rect width=\"24\" height=\"24\" rx=\"12\" fill=\"#9A23FB\"><\/rect><path d=\"M7 15H17\" stroke=\"white\" stroke-width=\"2\" stroke-linecap=\"round\"><\/path><path d=\"M7 12H17\" stroke=\"white\" stroke-width=\"2\" stroke-linecap=\"round\"><\/path><path d=\"M7 9H17\" stroke=\"white\" stroke-width=\"2\" stroke-linecap=\"round\"><\/path><\/svg>\t\t\t<\/span>\n\t\t\t\t\t\t\t\t\t<span class=\"elementor-button-text\">\u00cdndice<\/span>\n\t\t\t\t\t<\/span>\n\t\t\t\t\t<\/a>\n\t\t\t\t\t\t\t\t<\/div>\n\t\t\t\t<div class=\"elementor-element elementor-element-99dfb18 button-with-arrow-right elementor-align-right elementor-widget-mobile__width-auto elementor-widget elementor-widget-button\" data-id=\"99dfb18\" data-element_type=\"widget\" data-widget_type=\"button.default\">\n\t\t\t\t\t\t\t\t\t\t<a class=\"elementor-button elementor-button-link elementor-size-sm\" href=\"#\">\n\t\t\t\t\t\t<span class=\"elementor-button-content-wrapper\">\n\t\t\t\t\t\t<span class=\"elementor-button-icon\">\n\t\t\t\t<svg xmlns=\"http:\/\/www.w3.org\/2000\/svg\" width=\"24\" height=\"24\" viewBox=\"0 0 24 24\" fill=\"none\"><mask id=\"mask0_137_1085\" style=\"mask-type:alpha\" maskUnits=\"userSpaceOnUse\" x=\"0\" y=\"0\" width=\"24\" height=\"24\"><rect width=\"24\" height=\"24\" fill=\"#D9D9D9\"><\/rect><\/mask><g mask=\"url(#mask0_137_1085)\"><path d=\"M5.4 20L4 18.6L15.6 7H9V5H19V15H17V8.4L5.4 20Z\" fill=\"white\"><\/path><\/g><\/svg>\t\t\t<\/span>\n\t\t\t\t\t\t\t\t\t<span class=\"elementor-button-text\">Volver a la tienda<\/span>\n\t\t\t\t\t<\/span>\n\t\t\t\t\t<\/a>\n\t\t\t\t\t\t\t\t<\/div>\n\t\t\t\t<\/div>\n\t\t\t\t<\/div>\n\t\t\t\t\t<\/div>\n\t\t\t\t<\/div>\n\t\t<div class=\"elementor-element elementor-element-677958b e-grid e-con-boxed e-con e-parent\" data-id=\"677958b\" data-element_type=\"container\">\n\t\t\t\t\t<div class=\"e-con-inner\">\n\t\t\t\t\t<\/div>\n\t\t\t\t<\/div>\n\t\t\t\t<\/div>\n\t\t","protected":false},"excerpt":{"rendered":"<p>\u00bfQu\u00e9 hay de nuevo?<\/p>\n","protected":false},"author":3,"featured_media":8119,"comment_status":"closed","ping_status":"open","sticky":false,"template":"elementor_header_footer","format":"standard","meta":{"_acf_changed":false,"footnotes":""},"categories":[125],"tags":[],"class_list":["post-8115","post","type-post","status-publish","format-standard","has-post-thumbnail","hentry","category-novedades"],"acf":[],"yoast_head":"<!-- This site is optimized with the Yoast SEO plugin v26.2 - https:\/\/yoast.com\/wordpress\/plugins\/seo\/ -->\n<title>Presentaci\u00f3n oficial del iPhone 18 Pro y el iPhone Ultra en la conferencia del 9 de septiembre de 2026 | SWOPiFY<\/title>\n<meta name=\"description\" content=\"El lanzamiento del iPhone 18 Pro y el iPhone Ultra ser\u00e1 el 9 de septiembre de 2026. Echa un vistazo a los precios, las especificaciones y el resto de novedades de Apple.\" \/>\n<meta name=\"robots\" content=\"index, follow, max-snippet:-1, max-image-preview:large, max-video-preview:-1\" \/>\n<link rel=\"canonical\" href=\"https:\/\/swopify.com\/blog\/es\/el-lanzamiento-oficial-del-iphone-18-pro-y-del-iphone-ultra-sera-el-9-de-septiembre-de-2026\/\" \/>\n<meta property=\"og:locale\" content=\"es_ES\" \/>\n<meta property=\"og:type\" content=\"article\" \/>\n<meta property=\"og:title\" content=\"Presentaci\u00f3n oficial del iPhone 18 Pro y el iPhone Ultra en la conferencia del 9 de septiembre de 2026 | SWOPiFY\" \/>\n<meta property=\"og:description\" content=\"El lanzamiento del iPhone 18 Pro y el iPhone Ultra ser\u00e1 el 9 de septiembre de 2026. Echa un vistazo a los precios, las especificaciones y el resto de novedades de Apple.\" \/>\n<meta property=\"og:url\" content=\"https:\/\/swopify.com\/blog\/es\/el-lanzamiento-oficial-del-iphone-18-pro-y-del-iphone-ultra-sera-el-9-de-septiembre-de-2026\/\" \/>\n<meta property=\"og:site_name\" content=\"SWOPiFY\" \/>\n<meta property=\"article:publisher\" content=\"https:\/\/www.facebook.com\/swopify.polska\/\" \/>\n<meta property=\"article:published_time\" content=\"2026-08-27T10:32:28+00:00\" \/>\n<meta property=\"article:modified_time\" content=\"2026-09-03T09:51:46+00:00\" \/>\n<meta property=\"og:image\" content=\"https:\/\/swopify.com\/blog\/wp-content\/uploads\/2026\/07\/premiera-iphone-18-pro-i-iphone-ultra.jpg\" \/>\n\t<meta property=\"og:image:width\" content=\"720\" \/>\n\t<meta property=\"og:image:height\" content=\"526\" \/>\n\t<meta property=\"og:image:type\" content=\"image\/jpeg\" \/>\n<meta name=\"author\" content=\"Bartek Zebrowski\" \/>\n<meta name=\"twitter:card\" content=\"summary_large_image\" \/>\n<meta name=\"twitter:label1\" content=\"Written by\" \/>\n\t<meta name=\"twitter:data1\" content=\"Bartek Zebrowski\" \/>\n\t<meta name=\"twitter:label2\" content=\"Est. reading time\" \/>\n\t<meta name=\"twitter:data2\" content=\"10 minutos\" \/>\n<script type=\"application\/ld+json\" class=\"yoast-schema-graph\">{\"@context\":\"https:\/\/schema.org\",\"@graph\":[{\"@type\":\"Article\",\"@id\":\"https:\/\/swopify.com\/blog\/es\/el-lanzamiento-oficial-del-iphone-18-pro-y-del-iphone-ultra-sera-el-9-de-septiembre-de-2026\/#article\",\"isPartOf\":{\"@id\":\"https:\/\/swopify.com\/blog\/es\/el-lanzamiento-oficial-del-iphone-18-pro-y-del-iphone-ultra-sera-el-9-de-septiembre-de-2026\/\"},\"author\":{\"name\":\"Bartek Zebrowski\",\"@id\":\"https:\/\/swopify.com\/blog\/#\/schema\/person\/33a2572ff16452bda32b9d8ef4080d16\"},\"headline\":\"El lanzamiento oficial del iPhone 18 Pro y del iPhone Ultra ser\u00e1 el 9 de septiembre de 2026\",\"datePublished\":\"2026-08-27T10:32:28+00:00\",\"dateModified\":\"2026-09-03T09:51:46+00:00\",\"mainEntityOfPage\":{\"@id\":\"https:\/\/swopify.com\/blog\/es\/el-lanzamiento-oficial-del-iphone-18-pro-y-del-iphone-ultra-sera-el-9-de-septiembre-de-2026\/\"},\"wordCount\":2079,\"publisher\":{\"@id\":\"https:\/\/swopify.com\/blog\/#organization\"},\"image\":{\"@id\":\"https:\/\/swopify.com\/blog\/es\/el-lanzamiento-oficial-del-iphone-18-pro-y-del-iphone-ultra-sera-el-9-de-septiembre-de-2026\/#primaryimage\"},\"thumbnailUrl\":\"https:\/\/swopify.com\/blog\/wp-content\/uploads\/2026\/07\/premiera-iphone-18-pro-i-iphone-ultra.jpg\",\"articleSection\":[\"Novedades\"],\"inLanguage\":\"es\"},{\"@type\":\"WebPage\",\"@id\":\"https:\/\/swopify.com\/blog\/es\/el-lanzamiento-oficial-del-iphone-18-pro-y-del-iphone-ultra-sera-el-9-de-septiembre-de-2026\/\",\"url\":\"https:\/\/swopify.com\/blog\/es\/el-lanzamiento-oficial-del-iphone-18-pro-y-del-iphone-ultra-sera-el-9-de-septiembre-de-2026\/\",\"name\":\"Presentaci\u00f3n oficial del iPhone 18 Pro y el iPhone Ultra en la conferencia del 9 de septiembre de 2026 | SWOPiFY\",\"isPartOf\":{\"@id\":\"https:\/\/swopify.com\/blog\/#website\"},\"primaryImageOfPage\":{\"@id\":\"https:\/\/swopify.com\/blog\/es\/el-lanzamiento-oficial-del-iphone-18-pro-y-del-iphone-ultra-sera-el-9-de-septiembre-de-2026\/#primaryimage\"},\"image\":{\"@id\":\"https:\/\/swopify.com\/blog\/es\/el-lanzamiento-oficial-del-iphone-18-pro-y-del-iphone-ultra-sera-el-9-de-septiembre-de-2026\/#primaryimage\"},\"thumbnailUrl\":\"https:\/\/swopify.com\/blog\/wp-content\/uploads\/2026\/07\/premiera-iphone-18-pro-i-iphone-ultra.jpg\",\"datePublished\":\"2026-08-27T10:32:28+00:00\",\"dateModified\":\"2026-09-03T09:51:46+00:00\",\"description\":\"El lanzamiento del iPhone 18 Pro y el iPhone Ultra ser\u00e1 el 9 de septiembre de 2026. Echa un vistazo a los precios, las especificaciones y el resto de novedades de Apple.\",\"breadcrumb\":{\"@id\":\"https:\/\/swopify.com\/blog\/es\/el-lanzamiento-oficial-del-iphone-18-pro-y-del-iphone-ultra-sera-el-9-de-septiembre-de-2026\/#breadcrumb\"},\"inLanguage\":\"es\",\"potentialAction\":[{\"@type\":\"ReadAction\",\"target\":[\"https:\/\/swopify.com\/blog\/es\/el-lanzamiento-oficial-del-iphone-18-pro-y-del-iphone-ultra-sera-el-9-de-septiembre-de-2026\/\"]}]},{\"@type\":\"ImageObject\",\"inLanguage\":\"es\",\"@id\":\"https:\/\/swopify.com\/blog\/es\/el-lanzamiento-oficial-del-iphone-18-pro-y-del-iphone-ultra-sera-el-9-de-septiembre-de-2026\/#primaryimage\",\"url\":\"https:\/\/swopify.com\/blog\/wp-content\/uploads\/2026\/07\/premiera-iphone-18-pro-i-iphone-ultra.jpg\",\"contentUrl\":\"https:\/\/swopify.com\/blog\/wp-content\/uploads\/2026\/07\/premiera-iphone-18-pro-i-iphone-ultra.jpg\",\"width\":720,\"height\":526,\"caption\":\"Lanzamiento del iPhone 18 Pro y del iPhone Ultra\"},{\"@type\":\"BreadcrumbList\",\"@id\":\"https:\/\/swopify.com\/blog\/es\/el-lanzamiento-oficial-del-iphone-18-pro-y-del-iphone-ultra-sera-el-9-de-septiembre-de-2026\/#breadcrumb\",\"itemListElement\":[{\"@type\":\"ListItem\",\"position\":1,\"name\":\"Strona g\u0142\u00f3wna\",\"item\":\"https:\/\/swopify.com\/blog\/uk\/\"},{\"@type\":\"ListItem\",\"position\":2,\"name\":\"El lanzamiento oficial del iPhone 18 Pro y del iPhone Ultra ser\u00e1 el 9 de septiembre de 2026\"}]},{\"@type\":\"WebSite\",\"@id\":\"https:\/\/swopify.com\/blog\/#website\",\"url\":\"https:\/\/swopify.com\/blog\/\",\"name\":\"SWOPiFY\",\"description\":\"Blog o elektronice refurbished\",\"publisher\":{\"@id\":\"https:\/\/swopify.com\/blog\/#organization\"},\"potentialAction\":[{\"@type\":\"SearchAction\",\"target\":{\"@type\":\"EntryPoint\",\"urlTemplate\":\"https:\/\/swopify.com\/blog\/?s={search_term_string}\"},\"query-input\":{\"@type\":\"PropertyValueSpecification\",\"valueRequired\":true,\"valueName\":\"search_term_string\"}}],\"inLanguage\":\"es\"},{\"@type\":\"Organization\",\"@id\":\"https:\/\/swopify.com\/blog\/#organization\",\"name\":\"SWOPiFY\",\"url\":\"https:\/\/swopify.com\/blog\/\",\"logo\":{\"@type\":\"ImageObject\",\"inLanguage\":\"es\",\"@id\":\"https:\/\/swopify.com\/blog\/#\/schema\/logo\/image\/\",\"url\":\"https:\/\/swopify.com\/blog\/wp-content\/uploads\/2025\/10\/swopify-blog-logo.png\",\"contentUrl\":\"https:\/\/swopify.com\/blog\/wp-content\/uploads\/2025\/10\/swopify-blog-logo.png\",\"width\":219,\"height\":33,\"caption\":\"SWOPiFY\"},\"image\":{\"@id\":\"https:\/\/swopify.com\/blog\/#\/schema\/logo\/image\/\"},\"sameAs\":[\"https:\/\/www.facebook.com\/swopify.polska\/\",\"https:\/\/www.instagram.com\/swopify_pl\"]},{\"@type\":\"Person\",\"@id\":\"https:\/\/swopify.com\/blog\/#\/schema\/person\/33a2572ff16452bda32b9d8ef4080d16\",\"name\":\"Bartek Zebrowski\",\"image\":{\"@type\":\"ImageObject\",\"inLanguage\":\"es\",\"@id\":\"https:\/\/swopify.com\/blog\/#\/schema\/person\/image\/\",\"url\":\"https:\/\/secure.gravatar.com\/avatar\/1bd8afa4c1d6b4939151f7e8748c2d999db5bdeacaabc395e986297505ee7b4d?s=96&d=mm&r=g\",\"contentUrl\":\"https:\/\/secure.gravatar.com\/avatar\/1bd8afa4c1d6b4939151f7e8748c2d999db5bdeacaabc395e986297505ee7b4d?s=96&d=mm&r=g\",\"caption\":\"Bartek Zebrowski\"},\"description\":\"Jestem pasjonatem odnowionej elektroniki \u2013 pokazuj\u0119, \u017ce mo\u017cna mie\u0107 \u015bwietny sprz\u0119t bez przep\u0142acania i bez dok\u0142adania kolejnych elektro\u015bmieci. Na blogu dziel\u0119 si\u0119 wiedz\u0105 i do\u015bwiadczeniem, \u017ceby inspirowa\u0107 do sprytniejszych i bardziej \u015bwiadomych wybor\u00f3w technologicznych.\"}]}<\/script>\n<!-- \/ Yoast SEO plugin. -->","yoast_head_json":{"title":"Presentaci\u00f3n oficial del iPhone 18 Pro y el iPhone Ultra en la conferencia del 9 de septiembre de 2026 | SWOPiFY","description":"El lanzamiento del iPhone 18 Pro y el iPhone Ultra ser\u00e1 el 9 de septiembre de 2026. Echa un vistazo a los precios, las especificaciones y el resto de novedades de Apple.","robots":{"index":"index","follow":"follow","max-snippet":"max-snippet:-1","max-image-preview":"max-image-preview:large","max-video-preview":"max-video-preview:-1"},"canonical":"https:\/\/swopify.com\/blog\/es\/el-lanzamiento-oficial-del-iphone-18-pro-y-del-iphone-ultra-sera-el-9-de-septiembre-de-2026\/","og_locale":"es_ES","og_type":"article","og_title":"Presentaci\u00f3n oficial del iPhone 18 Pro y el iPhone Ultra en la conferencia del 9 de septiembre de 2026 | SWOPiFY","og_description":"El lanzamiento del iPhone 18 Pro y el iPhone Ultra ser\u00e1 el 9 de septiembre de 2026. Echa un vistazo a los precios, las especificaciones y el resto de novedades de Apple.","og_url":"https:\/\/swopify.com\/blog\/es\/el-lanzamiento-oficial-del-iphone-18-pro-y-del-iphone-ultra-sera-el-9-de-septiembre-de-2026\/","og_site_name":"SWOPiFY","article_publisher":"https:\/\/www.facebook.com\/swopify.polska\/","article_published_time":"2026-08-27T10:32:28+00:00","article_modified_time":"2026-09-03T09:51:46+00:00","og_image":[{"width":720,"height":526,"url":"https:\/\/swopify.com\/blog\/wp-content\/uploads\/2026\/07\/premiera-iphone-18-pro-i-iphone-ultra.jpg","type":"image\/jpeg"}],"author":"Bartek Zebrowski","twitter_card":"summary_large_image","twitter_misc":{"Written by":"Bartek Zebrowski","Est. reading time":"10 minutos"},"schema":{"@context":"https:\/\/schema.org","@graph":[{"@type":"Article","@id":"https:\/\/swopify.com\/blog\/es\/el-lanzamiento-oficial-del-iphone-18-pro-y-del-iphone-ultra-sera-el-9-de-septiembre-de-2026\/#article","isPartOf":{"@id":"https:\/\/swopify.com\/blog\/es\/el-lanzamiento-oficial-del-iphone-18-pro-y-del-iphone-ultra-sera-el-9-de-septiembre-de-2026\/"},"author":{"name":"Bartek Zebrowski","@id":"https:\/\/swopify.com\/blog\/#\/schema\/person\/33a2572ff16452bda32b9d8ef4080d16"},"headline":"El lanzamiento oficial del iPhone 18 Pro y del iPhone Ultra ser\u00e1 el 9 de septiembre de 2026","datePublished":"2026-08-27T10:32:28+00:00","dateModified":"2026-09-03T09:51:46+00:00","mainEntityOfPage":{"@id":"https:\/\/swopify.com\/blog\/es\/el-lanzamiento-oficial-del-iphone-18-pro-y-del-iphone-ultra-sera-el-9-de-septiembre-de-2026\/"},"wordCount":2079,"publisher":{"@id":"https:\/\/swopify.com\/blog\/#organization"},"image":{"@id":"https:\/\/swopify.com\/blog\/es\/el-lanzamiento-oficial-del-iphone-18-pro-y-del-iphone-ultra-sera-el-9-de-septiembre-de-2026\/#primaryimage"},"thumbnailUrl":"https:\/\/swopify.com\/blog\/wp-content\/uploads\/2026\/07\/premiera-iphone-18-pro-i-iphone-ultra.jpg","articleSection":["Novedades"],"inLanguage":"es"},{"@type":"WebPage","@id":"https:\/\/swopify.com\/blog\/es\/el-lanzamiento-oficial-del-iphone-18-pro-y-del-iphone-ultra-sera-el-9-de-septiembre-de-2026\/","url":"https:\/\/swopify.com\/blog\/es\/el-lanzamiento-oficial-del-iphone-18-pro-y-del-iphone-ultra-sera-el-9-de-septiembre-de-2026\/","name":"Presentaci\u00f3n oficial del iPhone 18 Pro y el iPhone Ultra en la conferencia del 9 de septiembre de 2026 | SWOPiFY","isPartOf":{"@id":"https:\/\/swopify.com\/blog\/#website"},"primaryImageOfPage":{"@id":"https:\/\/swopify.com\/blog\/es\/el-lanzamiento-oficial-del-iphone-18-pro-y-del-iphone-ultra-sera-el-9-de-septiembre-de-2026\/#primaryimage"},"image":{"@id":"https:\/\/swopify.com\/blog\/es\/el-lanzamiento-oficial-del-iphone-18-pro-y-del-iphone-ultra-sera-el-9-de-septiembre-de-2026\/#primaryimage"},"thumbnailUrl":"https:\/\/swopify.com\/blog\/wp-content\/uploads\/2026\/07\/premiera-iphone-18-pro-i-iphone-ultra.jpg","datePublished":"2026-08-27T10:32:28+00:00","dateModified":"2026-09-03T09:51:46+00:00","description":"El lanzamiento del iPhone 18 Pro y el iPhone Ultra ser\u00e1 el 9 de septiembre de 2026. Echa un vistazo a los precios, las especificaciones y el resto de novedades de Apple.","breadcrumb":{"@id":"https:\/\/swopify.com\/blog\/es\/el-lanzamiento-oficial-del-iphone-18-pro-y-del-iphone-ultra-sera-el-9-de-septiembre-de-2026\/#breadcrumb"},"inLanguage":"es","potentialAction":[{"@type":"ReadAction","target":["https:\/\/swopify.com\/blog\/es\/el-lanzamiento-oficial-del-iphone-18-pro-y-del-iphone-ultra-sera-el-9-de-septiembre-de-2026\/"]}]},{"@type":"ImageObject","inLanguage":"es","@id":"https:\/\/swopify.com\/blog\/es\/el-lanzamiento-oficial-del-iphone-18-pro-y-del-iphone-ultra-sera-el-9-de-septiembre-de-2026\/#primaryimage","url":"https:\/\/swopify.com\/blog\/wp-content\/uploads\/2026\/07\/premiera-iphone-18-pro-i-iphone-ultra.jpg","contentUrl":"https:\/\/swopify.com\/blog\/wp-content\/uploads\/2026\/07\/premiera-iphone-18-pro-i-iphone-ultra.jpg","width":720,"height":526,"caption":"Lanzamiento del iPhone 18 Pro y del iPhone Ultra"},{"@type":"BreadcrumbList","@id":"https:\/\/swopify.com\/blog\/es\/el-lanzamiento-oficial-del-iphone-18-pro-y-del-iphone-ultra-sera-el-9-de-septiembre-de-2026\/#breadcrumb","itemListElement":[{"@type":"ListItem","position":1,"name":"Strona g\u0142\u00f3wna","item":"https:\/\/swopify.com\/blog\/uk\/"},{"@type":"ListItem","position":2,"name":"El lanzamiento oficial del iPhone 18 Pro y del iPhone Ultra ser\u00e1 el 9 de septiembre de 2026"}]},{"@type":"WebSite","@id":"https:\/\/swopify.com\/blog\/#website","url":"https:\/\/swopify.com\/blog\/","name":"SWOPiFY","description":"Blog o elektronice refurbished","publisher":{"@id":"https:\/\/swopify.com\/blog\/#organization"},"potentialAction":[{"@type":"SearchAction","target":{"@type":"EntryPoint","urlTemplate":"https:\/\/swopify.com\/blog\/?s={search_term_string}"},"query-input":{"@type":"PropertyValueSpecification","valueRequired":true,"valueName":"search_term_string"}}],"inLanguage":"es"},{"@type":"Organization","@id":"https:\/\/swopify.com\/blog\/#organization","name":"SWOPiFY","url":"https:\/\/swopify.com\/blog\/","logo":{"@type":"ImageObject","inLanguage":"es","@id":"https:\/\/swopify.com\/blog\/#\/schema\/logo\/image\/","url":"https:\/\/swopify.com\/blog\/wp-content\/uploads\/2025\/10\/swopify-blog-logo.png","contentUrl":"https:\/\/swopify.com\/blog\/wp-content\/uploads\/2025\/10\/swopify-blog-logo.png","width":219,"height":33,"caption":"SWOPiFY"},"image":{"@id":"https:\/\/swopify.com\/blog\/#\/schema\/logo\/image\/"},"sameAs":["https:\/\/www.facebook.com\/swopify.polska\/","https:\/\/www.instagram.com\/swopify_pl"]},{"@type":"Person","@id":"https:\/\/swopify.com\/blog\/#\/schema\/person\/33a2572ff16452bda32b9d8ef4080d16","name":"Bartek Zebrowski","image":{"@type":"ImageObject","inLanguage":"es","@id":"https:\/\/swopify.com\/blog\/#\/schema\/person\/image\/","url":"https:\/\/secure.gravatar.com\/avatar\/1bd8afa4c1d6b4939151f7e8748c2d999db5bdeacaabc395e986297505ee7b4d?s=96&d=mm&r=g","contentUrl":"https:\/\/secure.gravatar.com\/avatar\/1bd8afa4c1d6b4939151f7e8748c2d999db5bdeacaabc395e986297505ee7b4d?s=96&d=mm&r=g","caption":"Bartek Zebrowski"},"description":"Jestem pasjonatem odnowionej elektroniki \u2013 pokazuj\u0119, \u017ce mo\u017cna mie\u0107 \u015bwietny sprz\u0119t bez przep\u0142acania i bez dok\u0142adania kolejnych elektro\u015bmieci. Na blogu dziel\u0119 si\u0119 wiedz\u0105 i do\u015bwiadczeniem, \u017ceby inspirowa\u0107 do sprytniejszych i bardziej \u015bwiadomych wybor\u00f3w technologicznych."}]}},"_links":{"self":[{"href":"https:\/\/swopify.com\/blog\/es\/wp-json\/wp\/v2\/posts\/8115","targetHints":{"allow":["GET"]}}],"collection":[{"href":"https:\/\/swopify.com\/blog\/es\/wp-json\/wp\/v2\/posts"}],"about":[{"href":"https:\/\/swopify.com\/blog\/es\/wp-json\/wp\/v2\/types\/post"}],"author":[{"embeddable":true,"href":"https:\/\/swopify.com\/blog\/es\/wp-json\/wp\/v2\/users\/3"}],"replies":[{"embeddable":true,"href":"https:\/\/swopify.com\/blog\/es\/wp-json\/wp\/v2\/comments?post=8115"}],"version-history":[{"count":1,"href":"https:\/\/swopify.com\/blog\/es\/wp-json\/wp\/v2\/posts\/8115\/revisions"}],"predecessor-version":[{"id":8122,"href":"https:\/\/swopify.com\/blog\/es\/wp-json\/wp\/v2\/posts\/8115\/revisions\/8122"}],"wp:featuredmedia":[{"embeddable":true,"href":"https:\/\/swopify.com\/blog\/es\/wp-json\/wp\/v2\/media\/8119"}],"wp:attachment":[{"href":"https:\/\/swopify.com\/blog\/es\/wp-json\/wp\/v2\/media?parent=8115"}],"wp:term":[{"taxonomy":"category","embeddable":true,"href":"https:\/\/swopify.com\/blog\/es\/wp-json\/wp\/v2\/categories?post=8115"},{"taxonomy":"post_tag","embeddable":true,"href":"https:\/\/swopify.com\/blog\/es\/wp-json\/wp\/v2\/tags?post=8115"}],"curies":[{"name":"wp","href":"https:\/\/api.w.org\/{rel}","templated":true}]}}