{"id":6518,"date":"2026-04-27T15:34:37","date_gmt":"2026-04-27T15:34:37","guid":{"rendered":"https:\/\/swopify.com\/blog\/ipad-pro-ou-ipad-air-quelle-tablette-apple-dois-tu-choisir\/"},"modified":"2026-04-30T06:07:26","modified_gmt":"2026-04-30T06:07:26","slug":"ipad-pro-ou-ipad-air-quelle-tablette-apple-dois-tu-choisir","status":"publish","type":"post","link":"https:\/\/swopify.com\/blog\/fr\/ipad-pro-ou-ipad-air-quelle-tablette-apple-dois-tu-choisir\/","title":{"rendered":"iPad Pro ou iPad Air ? Quelle tablette Apple dois-tu choisir ?"},"content":{"rendered":"\t\t<div data-elementor-type=\"wp-post\" data-elementor-id=\"6518\" class=\"elementor elementor-6518 elementor-6452\" data-elementor-post-type=\"post\">\n\t\t\t\t<div class=\"elementor-element elementor-element-a068712 e-con-full latest-post-section elementor-hidden-desktop e-flex e-con e-parent\" data-id=\"a068712\" data-element_type=\"container\" data-settings=\"{&quot;background_background&quot;:&quot;classic&quot;}\">\n\t\t\t\t<div class=\"elementor-element elementor-element-96432e9 elementor-widget-tablet__width-inherit elementor-hidden-desktop elementor-widget elementor-widget-image\" data-id=\"96432e9\" data-element_type=\"widget\" data-widget_type=\"image.default\">\n\t\t\t\t\t\t\t\t\t\t\t\t\t\t\t<img fetchpriority=\"high\" decoding=\"async\" width=\"720\" height=\"526\" src=\"https:\/\/swopify.com\/blog\/wp-content\/uploads\/2026\/04\/ipad-pro-vs-ipad-air.jpg\" class=\"attachment-full size-full wp-image-6521\" alt=\"ipad pro vs ipad air\" srcset=\"https:\/\/swopify.com\/blog\/wp-content\/uploads\/2026\/04\/ipad-pro-vs-ipad-air.jpg 720w, https:\/\/swopify.com\/blog\/wp-content\/uploads\/2026\/04\/ipad-pro-vs-ipad-air-300x219.jpg 300w\" sizes=\"(max-width: 720px) 100vw, 720px\" \/>\t\t\t\t\t\t\t\t\t\t\t\t\t\t\t<\/div>\n\t\t<div class=\"elementor-element elementor-element-6bb8681 e-con-full e-flex e-con e-child\" data-id=\"6bb8681\" data-element_type=\"container\">\n\t\t\t\t<div class=\"elementor-element elementor-element-1b46a36 elementor-widget elementor-widget-theme-post-title elementor-page-title elementor-widget-heading\" data-id=\"1b46a36\" data-element_type=\"widget\" data-widget_type=\"theme-post-title.default\">\n\t\t\t\t\t<h2 class=\"elementor-heading-title elementor-size-default\">iPad Pro ou iPad Air ? Quelle tablette Apple dois-tu choisir ?<\/h2>\t\t\t\t<\/div>\n\t\t\t\t<div class=\"elementor-element elementor-element-fe62531 elementor-widget elementor-widget-theme-post-excerpt\" data-id=\"fe62531\" data-element_type=\"widget\" data-widget_type=\"theme-post-excerpt.default\">\n\t\t\t\t\tQuel mod\u00e8le choisir ?\t\t\t\t<\/div>\n\t\t<div class=\"elementor-element elementor-element-22aeab8 e-con-full e-flex e-con e-child\" data-id=\"22aeab8\" data-element_type=\"container\">\n\t\t<div class=\"elementor-element elementor-element-25da75f e-con-full custom-author-box e-flex e-con e-child\" data-id=\"25da75f\" data-element_type=\"container\" data-settings=\"{&quot;background_background&quot;:&quot;classic&quot;}\">\n\t\t<div class=\"elementor-element elementor-element-5354aaa e-con-full e-flex e-con e-child\" data-id=\"5354aaa\" data-element_type=\"container\">\n\t\t\t\t<div class=\"elementor-element elementor-element-d5efa74 elementor-widget elementor-widget-image\" data-id=\"d5efa74\" data-element_type=\"widget\" data-widget_type=\"image.default\">\n\t\t\t\t\t\t\t\t\t\t\t\t\t\t\t<img decoding=\"async\" src=\"https:\/\/secure.gravatar.com\/avatar\/1bd8afa4c1d6b4939151f7e8748c2d999db5bdeacaabc395e986297505ee7b4d?s=96&#038;d=mm&#038;r=g\" title=\"\" alt=\"\" loading=\"lazy\" \/>\t\t\t\t\t\t\t\t\t\t\t\t\t\t\t<\/div>\n\t\t\t\t<\/div>\n\t\t<div class=\"elementor-element elementor-element-6e94afd e-con-full e-flex e-con e-child\" data-id=\"6e94afd\" data-element_type=\"container\">\n\t\t\t\t<div class=\"elementor-element elementor-element-c0edeef elementor-widget elementor-widget-text-editor\" data-id=\"c0edeef\" data-element_type=\"widget\" data-widget_type=\"text-editor.default\">\n\t\t\t\t\t\t\t\t\tBartek Zebrowski\t\t\t\t\t\t\t\t<\/div>\n\t\t\t\t<\/div>\n\t\t\t\t<\/div>\n\t\t<div class=\"elementor-element elementor-element-cf6608d e-con-full custom-post-date-box e-flex e-con e-child\" data-id=\"cf6608d\" data-element_type=\"container\" data-settings=\"{&quot;background_background&quot;:&quot;classic&quot;}\">\n\t\t<div class=\"elementor-element elementor-element-fc7af8a e-con-full e-flex e-con e-child\" data-id=\"fc7af8a\" data-element_type=\"container\" data-settings=\"{&quot;background_background&quot;:&quot;classic&quot;}\">\n\t\t\t\t<div class=\"elementor-element elementor-element-8e22557 elementor-widget elementor-widget-image\" data-id=\"8e22557\" data-element_type=\"widget\" data-widget_type=\"image.default\">\n\t\t\t\t\t\t\t\t\t\t\t\t\t\t\t<img decoding=\"async\" width=\"24\" height=\"24\" src=\"https:\/\/swopify.com\/blog\/wp-content\/uploads\/2025\/07\/calendar_month.svg\" class=\"attachment-large size-large wp-image-4476\" alt=\"\" \/>\t\t\t\t\t\t\t\t\t\t\t\t\t\t\t<\/div>\n\t\t\t\t<\/div>\n\t\t<div class=\"elementor-element elementor-element-576c4a4 e-con-full e-flex e-con e-child\" data-id=\"576c4a4\" data-element_type=\"container\">\n\t\t\t\t<div class=\"elementor-element elementor-element-f3d4b85 elementor-widget elementor-widget-text-editor\" data-id=\"f3d4b85\" data-element_type=\"widget\" data-widget_type=\"text-editor.default\">\n\t\t\t\t\t\t\t\t\t<p>Ajout\u00e9 :<\/p>\t\t\t\t\t\t\t\t<\/div>\n\t\t\t\t<div class=\"elementor-element elementor-element-4248fdc elementor-widget elementor-widget-text-editor\" data-id=\"4248fdc\" data-element_type=\"widget\" data-widget_type=\"text-editor.default\">\n\t\t\t\t\t\t\t\t\t27 avril 2026\t\t\t\t\t\t\t\t<\/div>\n\t\t\t\t<\/div>\n\t\t\t\t<\/div>\n\t\t\t\t<\/div>\n\t\t\t\t<\/div>\n\t\t\t\t<\/div>\n\t\t<div class=\"elementor-element elementor-element-734dc151 elementor-hidden-tablet elementor-hidden-mobile e-flex e-con-boxed e-con e-parent\" data-id=\"734dc151\" data-element_type=\"container\" data-settings=\"{&quot;background_background&quot;:&quot;classic&quot;}\">\n\t\t\t\t\t<div class=\"e-con-inner\">\n\t\t<div class=\"elementor-element elementor-element-652d8125 e-con-full latest-post-section e-flex e-con e-child\" data-id=\"652d8125\" data-element_type=\"container\" data-settings=\"{&quot;background_background&quot;:&quot;classic&quot;}\">\n\t\t<div class=\"elementor-element elementor-element-4977ddce e-con-full e-flex e-con e-child\" data-id=\"4977ddce\" data-element_type=\"container\">\n\t\t\t\t<div class=\"elementor-element elementor-element-4f318805 elementor-widget elementor-widget-theme-post-excerpt\" data-id=\"4f318805\" data-element_type=\"widget\" data-widget_type=\"theme-post-excerpt.default\">\n\t\t\t\t\tQuel mod\u00e8le choisir ?\t\t\t\t<\/div>\n\t\t<div class=\"elementor-element elementor-element-2a9a308b e-con-full e-flex e-con e-child\" data-id=\"2a9a308b\" data-element_type=\"container\">\n\t\t<div class=\"elementor-element elementor-element-63a72ec2 e-con-full custom-author-box e-flex e-con e-child\" data-id=\"63a72ec2\" data-element_type=\"container\" data-settings=\"{&quot;background_background&quot;:&quot;classic&quot;}\">\n\t\t\t\t<div class=\"elementor-element elementor-element-520b9db elementor-widget elementor-widget-image\" data-id=\"520b9db\" data-element_type=\"widget\" data-widget_type=\"image.default\">\n\t\t\t\t\t\t\t\t\t\t\t\t\t\t\t<img decoding=\"async\" width=\"527\" height=\"661\" src=\"https:\/\/swopify.com\/blog\/wp-content\/uploads\/2025\/08\/bartek-2.png\" class=\"attachment-large size-large wp-image-4471\" alt=\"\" srcset=\"https:\/\/swopify.com\/blog\/wp-content\/uploads\/2025\/08\/bartek-2.png 527w, https:\/\/swopify.com\/blog\/wp-content\/uploads\/2025\/08\/bartek-2-239x300.png 239w\" sizes=\"(max-width: 527px) 100vw, 527px\" \/>\t\t\t\t\t\t\t\t\t\t\t\t\t\t\t<\/div>\n\t\t<div class=\"elementor-element elementor-element-45febd2e e-con-full e-flex e-con e-child\" data-id=\"45febd2e\" data-element_type=\"container\">\n\t\t\t\t<div class=\"elementor-element elementor-element-6a94c6b0 elementor-widget elementor-widget-text-editor\" data-id=\"6a94c6b0\" data-element_type=\"widget\" data-widget_type=\"text-editor.default\">\n\t\t\t\t\t\t\t\t\tBartek Zebrowski\t\t\t\t\t\t\t\t<\/div>\n\t\t\t\t<\/div>\n\t\t\t\t<\/div>\n\t\t<div class=\"elementor-element elementor-element-4dd10440 e-con-full custom-post-date-box e-flex e-con e-child\" data-id=\"4dd10440\" data-element_type=\"container\" data-settings=\"{&quot;background_background&quot;:&quot;classic&quot;}\">\n\t\t<div class=\"elementor-element elementor-element-2d72c32 e-con-full e-flex e-con e-child\" data-id=\"2d72c32\" data-element_type=\"container\" data-settings=\"{&quot;background_background&quot;:&quot;classic&quot;}\">\n\t\t\t\t<div class=\"elementor-element elementor-element-7390850b elementor-widget elementor-widget-image\" data-id=\"7390850b\" data-element_type=\"widget\" data-widget_type=\"image.default\">\n\t\t\t\t\t\t\t\t\t\t\t\t\t\t\t<img decoding=\"async\" width=\"24\" height=\"24\" src=\"https:\/\/swopify.com\/blog\/wp-content\/uploads\/2025\/07\/calendar_month.svg\" class=\"attachment-large size-large wp-image-4476\" alt=\"\" \/>\t\t\t\t\t\t\t\t\t\t\t\t\t\t\t<\/div>\n\t\t\t\t<\/div>\n\t\t<div class=\"elementor-element elementor-element-6e99fe5 e-con-full e-flex e-con e-child\" data-id=\"6e99fe5\" data-element_type=\"container\">\n\t\t\t\t<div class=\"elementor-element elementor-element-5e913b93 elementor-widget elementor-widget-text-editor\" data-id=\"5e913b93\" data-element_type=\"widget\" data-widget_type=\"text-editor.default\">\n\t\t\t\t\t\t\t\t\t<p>Ajout\u00e9 :<\/p>\t\t\t\t\t\t\t\t<\/div>\n\t\t\t\t<div class=\"elementor-element elementor-element-6a6d6747 elementor-widget elementor-widget-text-editor\" data-id=\"6a6d6747\" data-element_type=\"widget\" data-widget_type=\"text-editor.default\">\n\t\t\t\t\t\t\t\t\t27 avril 2026\t\t\t\t\t\t\t\t<\/div>\n\t\t\t\t<\/div>\n\t\t\t\t<\/div>\n\t\t\t\t<\/div>\n\t\t\t\t<\/div>\n\t\t\t\t<\/div>\n\t\t\t\t\t<\/div>\n\t\t\t\t<\/div>\n\t\t<div class=\"elementor-element elementor-element-52080da e-flex e-con-boxed e-con e-parent\" data-id=\"52080da\" data-element_type=\"container\">\n\t\t\t\t\t<div class=\"e-con-inner\">\n\t\t\t\t<div class=\"elementor-element elementor-element-afb8e18 elementor-widget__width-initial elementor-widget-mobile__width-inherit elementor-widget elementor-widget-text-editor\" data-id=\"afb8e18\" data-element_type=\"widget\" data-widget_type=\"text-editor.default\">\n\t\t\t\t\t\t\t\t\tiPad Air ou iPad Pro ? <strong><span style=\"color: #9a23fb;\">C&rsquo;est l&rsquo;un des dilemmes les plus courants pour ceux qui cherchent \u00e0 entrer dans l&rsquo;\u00e9cosyst\u00e8me Apple et \u00e0 acheter une tablette pour les ann\u00e9es \u00e0 venir<\/span><\/strong>. Les deux mod\u00e8les se ressemblent, prennent en charge l&rsquo;Apple Pencil et offrent des performances \u00e9lev\u00e9es, mais dans la pratique, ils sont faits pour des utilisateurs l\u00e9g\u00e8rement diff\u00e9rents. L&rsquo;un fonctionnera mieux pour les \u00e9tudes et l&rsquo;utilisation quotidienne, l&rsquo;autre montrera tout son potentiel pour le travail cr\u00e9atif et les t\u00e2ches exigeantes.    <strong><span style=\"color: #9a23fb;\">Voyons en quoi l&rsquo;iPad Air diff\u00e8re du Pro et quel mod\u00e8le vaut le plus la peine d&rsquo;\u00eatre achet\u00e9.<\/span><\/strong>\t\t\t\t\t\t\t\t<\/div>\n\t\t\t\t<div class=\"elementor-element elementor-element-7413e1f elementor-absolute elementor-widget elementor-widget-image\" data-id=\"7413e1f\" data-element_type=\"widget\" data-settings=\"{&quot;_position&quot;:&quot;absolute&quot;}\" data-widget_type=\"image.default\">\n\t\t\t\t\t\t\t\t\t\t\t\t\t\t\t<img loading=\"lazy\" decoding=\"async\" width=\"210\" height=\"210\" src=\"https:\/\/swopify.com\/blog\/wp-content\/uploads\/2025\/07\/Vector-1.svg\" class=\"attachment-large size-large wp-image-4479\" alt=\"\" \/>\t\t\t\t\t\t\t\t\t\t\t\t\t\t\t<\/div>\n\t\t\t\t\t<\/div>\n\t\t\t\t<\/div>\n\t\t<div class=\"elementor-element elementor-element-0b30c63 e-flex e-con-boxed e-con e-parent\" data-id=\"0b30c63\" data-element_type=\"container\" id=\"spis-tresci\" data-settings=\"{&quot;background_background&quot;:&quot;classic&quot;}\">\n\t\t\t\t\t<div class=\"e-con-inner\">\n\t\t<div class=\"elementor-element elementor-element-e36fba8 e-con-full e-flex e-con e-child\" data-id=\"e36fba8\" data-element_type=\"container\">\n\t\t<div class=\"elementor-element elementor-element-893e05c e-con-full e-flex e-con e-child\" data-id=\"893e05c\" data-element_type=\"container\" data-settings=\"{&quot;background_background&quot;:&quot;classic&quot;}\">\n\t\t\t\t<div class=\"elementor-element elementor-element-8dfa69c elementor-widget__width-initial elementor-widget elementor-widget-heading\" data-id=\"8dfa69c\" data-element_type=\"widget\" data-widget_type=\"heading.default\">\n\t\t\t\t\t<h2 class=\"elementor-heading-title elementor-size-default\">Quelle est la diff\u00e9rence entre l'iPad Air et l'iPad Pro ?<\/h2>\t\t\t\t<\/div>\n\t\t\t\t<div class=\"elementor-element elementor-element-eda451f elementor-widget elementor-widget-text-editor\" data-id=\"eda451f\" data-element_type=\"widget\" data-widget_type=\"text-editor.default\">\n\t\t\t\t\t\t\t\t\t<p>Avant de nous lancer dans une comparaison d\u00e9taill\u00e9e, vois les principales diff\u00e9rences entre la <a href=\"https:\/\/swopify.com\/pl-pl\/ipad-seria-air\">s\u00e9rie iPad Air<\/a> et la <a href=\"https:\/\/swopify.com\/pl-pl\/ipad-seria-pro\">s\u00e9rie iPad Pro.<\/a><\/p>\t\t\t\t\t\t\t\t<\/div>\n\t\t\t\t<div class=\"elementor-element elementor-element-f9d9d72 elementor-widget elementor-widget-text-editor\" data-id=\"f9d9d72\" data-element_type=\"widget\" data-widget_type=\"text-editor.default\">\n\t\t\t\t\t\t\t\t\t<table><caption>Comparaison entre l&rsquo;iPad Air et l&rsquo;iPad Pro<\/caption>\n<thead>\n<tr>\n<th>Caract\u00e9ristiques<\/th>\n<th>iPad Air (M2 \/ M3)<\/th>\n<th>iPad Pro (M2 \/ M4)<\/th>\n<\/tr>\n<\/thead>\n<tbody>\n<tr>\n<td>Pour qui<\/td>\n<td>\u00c9tudiants, travail, usage quotidien<\/td>\n<td>Professionnels, cr\u00e9atifs, utilisateurs exigeants<\/td>\n<\/tr>\n<tr>\n<td>Dimensions<\/td>\n<td>11&Prime;, 13&Prime;<\/td>\n<td>11&Prime;, 12.9&Prime;, 13&Prime;<\/td>\n<\/tr>\n<tr>\n<td>\u00c9cran<\/td>\n<td>Liquid Retina LCD, 60 Hz<\/td>\n<td>ProMotion 120 Hz, mini-LED \/ OLED<\/td>\n<\/tr>\n<tr>\n<td>Processeur<\/td>\n<td><strong>M2 :<\/strong> CPU \u00e0 8 c\u0153urs \/ GPU \u00e0 10 c\u0153urs | <strong>M3 :<\/strong> CPU \u00e0 8 c\u0153urs \/ GPU \u00e0 9 c\u0153urs<\/td>\n<td><strong>M2 :<\/strong> CPU 8 c\u0153urs \/ GPU 10 c\u0153urs | <strong>M4 :<\/strong> CPU 9\/10 c\u0153urs \/ GPU 10 c\u0153urs<\/td>\n<\/tr>\n<tr>\n<td>RAM<\/td>\n<td>8 GO<\/td>\n<td>8 GB \/ 16 GB<\/td>\n<\/tr>\n<tr>\n<td>Identification des visages<\/td>\n<td>Non<\/td>\n<td>Oui<\/td>\n<\/tr>\n<tr>\n<td>Touch ID<\/td>\n<td>Oui<\/td>\n<td>Non<\/td>\n<\/tr>\n<tr>\n<td>Haut-parleurs<\/td>\n<td>St\u00e9r\u00e9o<\/td>\n<td>4 haut-parleurs<\/td>\n<\/tr>\n<tr>\n<td>Apple Pencil<\/td>\n<td>Oui<\/td>\n<td>Oui<\/td>\n<\/tr>\n<tr>\n<td>Batterie<\/td>\n<td>jusqu&rsquo;\u00e0 10 h<\/td>\n<td>jusqu&rsquo;\u00e0 10 h<\/td>\n<\/tr>\n<\/tbody>\n<\/table>\t\t\t\t\t\t\t\t<\/div>\n\t\t<div class=\"elementor-element elementor-element-4294595 e-grid e-con-full e-con e-child\" data-id=\"4294595\" data-element_type=\"container\">\n\t\t\t\t<div class=\"elementor-element elementor-element-2ffd07c elementor-widget elementor-widget-image\" data-id=\"2ffd07c\" data-element_type=\"widget\" data-widget_type=\"image.default\">\n\t\t\t\t\t\t\t\t\t\t\t\t<figure class=\"wp-caption\">\n\t\t\t\t\t\t\t\t\t\t\t<a href=\"https:\/\/swopify.com\/pl-pl\/ipad-pro-4-8128gb-wifi-11quot-2022-gwiezdna-szarosc-3967\">\n\t\t\t\t\t\t\t<img decoding=\"async\" src=\"https:\/\/swopify.com\/publicTmp\/pictures\/300x\/3b6441\/c6w279g9n0q0s1v7d590z0y8y400y6n8.webp\" title=\"\" alt=\"iPad Pro 4 8\/128GB WiFi 11&quot; (2022) Gwiezdna Szaro\u015b\u0107\" loading=\"lazy\" \/>\t\t\t\t\t\t\t\t<\/a>\n\t\t\t\t\t\t\t\t\t\t\t<figcaption class=\"widget-image-caption wp-caption-text\">iPad Pro 4 8\/128GB WiFi 11\" (2022) Gris \u00e9toil\u00e9<\/figcaption>\n\t\t\t\t\t\t\t\t\t\t<\/figure>\n\t\t\t\t\t\t\t\t\t<\/div>\n\t\t\t\t<\/div>\n\t\t\t\t<div class=\"elementor-element elementor-element-4c28981 elementor-widget elementor-widget-heading\" data-id=\"4c28981\" data-element_type=\"widget\" data-widget_type=\"heading.default\">\n\t\t\t\t\t<h2 class=\"elementor-heading-title elementor-size-default\">Design et dimensions des iPad Air et Pro - quel mod\u00e8le est le plus pratique ?<\/h2>\t\t\t\t<\/div>\n\t\t\t\t<div class=\"elementor-element elementor-element-1c040e4 elementor-widget elementor-widget-text-editor\" data-id=\"1c040e4\" data-element_type=\"widget\" data-widget_type=\"text-editor.default\">\n\t\t\t\t\t\t\t\t\t<table><thead><tr><th>Fonctionnalit\u00e9<\/th><th>iPad Air<\/th><th>iPad Pro<\/th><\/tr><\/thead><tbody><tr><td>Dimensions<\/td><td><strong>M2 :<\/strong> 11&Prime;, 13&Prime; | <strong>M3 :<\/strong> 11&Prime;, 13&Prime;<\/td><td><strong>M2 :<\/strong> 11&Prime;, 12.9&Prime; | <strong>M4 :<\/strong> 11&Prime;, 13&Prime;<\/td><\/tr><tr><td>Epaisseur<\/td><td><strong>M2\/M3 :<\/strong> 6,1 mm<\/td><td><strong>M2 :<\/strong> 6,4 \/ 6,9 mm | <strong>M4 :<\/strong> 5,3 \/ 5,1 mm<\/td><\/tr><tr><td>Poids<\/td><td><strong>M2\/M3 :<\/strong> \u00e0 partir de 462 g<\/td><td><strong>M2 :<\/strong> \u00e0 partir de 466 g | <strong>M4 :<\/strong> \u00e0 partir de 444 g<\/td><\/tr><tr><td>Biom\u00e9trie<\/td><td>Touch ID<\/td><td>Face ID<\/td><\/tr><\/tbody><\/table><p>Les deux s\u00e9ries sont fines et tr\u00e8s bien faites, mais <strong>l&rsquo;iPad Pro M4 est actuellement le produit le plus fin d&rsquo;Apple<\/strong>. Dans l&rsquo;utilisation quotidienne, tu peux aussi ressentir l&rsquo;avantage de Face ID &#8211; surtout lorsque tu travailles \u00e0 un bureau ou avec un clavier. <\/p><p> <\/p><p><strong>L&rsquo;Air reste tr\u00e8s pratique et portable<\/strong>, surtout pour les \u00e9tudiants et les personnes qui transportent souvent une tablette dans leur sac.<\/p>\t\t\t\t\t\t\t\t<\/div>\n\t\t\t\t<div class=\"elementor-element elementor-element-39a64bb elementor-align-center elementor-widget elementor-widget-button\" data-id=\"39a64bb\" data-element_type=\"widget\" data-widget_type=\"button.default\">\n\t\t\t\t\t\t\t\t\t\t<a class=\"elementor-button elementor-button-link elementor-size-sm\" href=\"https:\/\/swopify.com\/blog\/ipad-pro-m4-vs-ipad-pro-m2-porownanie-tabletow-apple\/\">\n\t\t\t\t\t\t<span class=\"elementor-button-content-wrapper\">\n\t\t\t\t\t\t\t\t\t<span class=\"elementor-button-text\">iPad Pro M4 Vs iPad Pro M2<\/span>\n\t\t\t\t\t<\/span>\n\t\t\t\t\t<\/a>\n\t\t\t\t\t\t\t\t<\/div>\n\t\t\t\t<div class=\"elementor-element elementor-element-ff00ea5 elementor-widget elementor-widget-heading\" data-id=\"ff00ea5\" data-element_type=\"widget\" data-widget_type=\"heading.default\">\n\t\t\t\t\t<h2 class=\"elementor-heading-title elementor-size-default\">Affichage - le plus grand avantage de l'iPad Pro<\/h2>\t\t\t\t<\/div>\n\t\t\t\t<div class=\"elementor-element elementor-element-5d99fc2 elementor-widget elementor-widget-text-editor\" data-id=\"5d99fc2\" data-element_type=\"widget\" data-widget_type=\"text-editor.default\">\n\t\t\t\t\t\t\t\t\t<table><thead><tr><th>Fonctionnalit\u00e9<\/th><th>iPad Air<\/th><th>iPad Pro<\/th><\/tr><\/thead><tbody><tr><td>Type de panneau<\/td><td><strong>M2\/M3 :<\/strong> Liquid Retina LCD<\/td><td><strong>M2 :<\/strong> Liquid Retina \/ mini-LED (12.9&Prime;) | <strong>M4 :<\/strong> OLED<\/td><\/tr><tr><td>Taux de rafra\u00eechissement<\/td><td>60 Hz<\/td><td>120 Hz ProMotion<\/td><\/tr><tr><td>Luminosit\u00e9 SDR<\/td><td><strong>M2\/M3 :<\/strong> 500 nits<\/td><td><strong>M2 :<\/strong> 600 nits | <strong>M4 :<\/strong> 1000 nits<\/td><\/tr><tr><td>Contraste<\/td><td>Norme LCD<\/td><td>Nettement plus \u00e9lev\u00e9<\/td><\/tr><tr><td>V\u00e9ritable tonalit\u00e9<\/td><td>Oui<\/td><td>Oui<\/td><\/tr><\/tbody><\/table><p>C&rsquo;est l&rsquo;\u00e9cran qui d\u00e9termine le plus souvent le choix. <strong>Avec l&rsquo;Air, tu disposes d&rsquo;un tr\u00e8s bon \u00e9cran LCD<\/strong>, suffisant pour \u00e9tudier, regarder des films et naviguer sur Internet.<\/p><p> <\/p><p><strong>Le Pro offre une fr\u00e9quence de 120 Hz, ce qui signifie un d\u00e9filement plus fluide<\/strong>, de meilleures animations et un travail plus naturel avec l&rsquo;Apple Pencil. Sur les mod\u00e8les M4, l&rsquo;\u00e9cran OLED permet \u00e9galement d&rsquo;obtenir des noirs plus profonds et un contraste plus \u00e9lev\u00e9. <\/p>\t\t\t\t\t\t\t\t<\/div>\n\t\t\t\t<div class=\"elementor-element elementor-element-c692c67 elementor-widget elementor-widget-heading\" data-id=\"c692c67\" data-element_type=\"widget\" data-widget_type=\"heading.default\">\n\t\t\t\t\t<h2 class=\"elementor-heading-title elementor-size-default\">Processeur et performances - M2, M3 ou M4 ?<\/h2>\t\t\t\t<\/div>\n\t\t\t\t<div class=\"elementor-element elementor-element-8befbbe elementor-widget elementor-widget-text-editor\" data-id=\"8befbbe\" data-element_type=\"widget\" data-widget_type=\"text-editor.default\">\n\t\t\t\t\t\t\t\t\t<table><thead><tr><th>Fonctionnalit\u00e9<\/th><th>iPad Air<\/th><th>iPad Pro<\/th><\/tr><\/thead><tbody><tr><td>Puce<\/td><td><strong>M2 \/ M3<\/strong><\/td><td><strong>M2 \/ M4<\/strong><\/td><\/tr><tr><td>UNIT\u00c9 CENTRALE<\/td><td><strong>M2 :<\/strong> 8-core | <strong>M3 :<\/strong> 8-core<\/td><td><strong>M2 :<\/strong> 8-core | <strong>M4 :<\/strong> 9 ou 10-core<\/td><\/tr><tr><td>GPU<\/td><td><strong>M2 :<\/strong> 10-core | <strong>M3 :<\/strong> 9-core<\/td><td><strong>M2 :<\/strong> 10-core | <strong>M4 :<\/strong> 10-core<\/td><\/tr><tr><td>Tra\u00e7age de rayons<\/td><td><strong>M3 :<\/strong> Oui<\/td><td><strong>M4 :<\/strong> Oui<\/td><\/tr><tr><td>Moteur neuronal<\/td><td>Plus r\u00e9cent sur le M3<\/td><td>Plus puissant sur le M4<\/td><\/tr><\/tbody><\/table><p><strong>M\u00eame le M2 reste une puce tr\u00e8s rapide<\/strong> qui peut g\u00e9rer calmement le multit\u00e2che, les jeux et le travail de bureau.<\/p><p> <\/p><p>Le M3 offre une meilleure efficacit\u00e9 \u00e9nerg\u00e9tique et des graphiques plus modernes. Le M4 est d\u00e9j\u00e0 de niveau professionnel &#8211; notamment pour le montage vid\u00e9o, les travaux cr\u00e9atifs et les applications avanc\u00e9es. <\/p>\t\t\t\t\t\t\t\t<\/div>\n\t\t<div class=\"elementor-element elementor-element-89ba2a2 e-con-full e-flex e-con e-child\" data-id=\"89ba2a2\" data-element_type=\"container\">\n\t\t<div class=\"elementor-element elementor-element-01d0990 e-grid e-con-full e-con e-child\" data-id=\"01d0990\" data-element_type=\"container\">\n\t\t\t\t<div class=\"elementor-element elementor-element-01618f4 elementor-widget elementor-widget-image\" data-id=\"01618f4\" data-element_type=\"widget\" data-widget_type=\"image.default\">\n\t\t\t\t\t\t\t\t\t\t\t\t<figure class=\"wp-caption\">\n\t\t\t\t\t\t\t\t\t\t\t<a href=\"https:\/\/swopify.com\/pl-pl\/ipad-air-5-64gb-wifi-109quot-2022-rozowy-3720\">\n\t\t\t\t\t\t\t<img decoding=\"async\" src=\"https:\/\/swopify.com\/publicTmp\/pictures\/300x\/1a2d7c\/x5n4h0r8r0f0j1g7n5n0v0e7b3c3u9k6.webp\" title=\"\" alt=\"iPad Air 5 64GB WiFi 10.9&quot; (2022) R\u00f3\u017cowy\" loading=\"lazy\" \/>\t\t\t\t\t\t\t\t<\/a>\n\t\t\t\t\t\t\t\t\t\t\t<figcaption class=\"widget-image-caption wp-caption-text\">iPad Air 5 64GB WiFi 10.9\" (2022) Rose<\/figcaption>\n\t\t\t\t\t\t\t\t\t\t<\/figure>\n\t\t\t\t\t\t\t\t\t<\/div>\n\t\t\t\t<div class=\"elementor-element elementor-element-1fd061c elementor-widget elementor-widget-image\" data-id=\"1fd061c\" data-element_type=\"widget\" data-widget_type=\"image.default\">\n\t\t\t\t\t\t\t\t\t\t\t\t<figure class=\"wp-caption\">\n\t\t\t\t\t\t\t\t\t\t\t<a href=\"https:\/\/swopify.com\/pl-pl\/ipad-pro-3-8128gb-wifi-11quot-2021-gwiezdna-szarosc-3948\">\n\t\t\t\t\t\t\t<img decoding=\"async\" src=\"https:\/\/swopify.com\/publicTmp\/pictures\/300x\/ac13c5\/m6d7n72780w0m1b7l52060r8i3h6b9p3.webp\" title=\"\" alt=\"iPad Pro 3 8\/128GB WiFi 11&quot; (2021) Gwiezdna Szaro\u015b\u0107\" loading=\"lazy\" \/>\t\t\t\t\t\t\t\t<\/a>\n\t\t\t\t\t\t\t\t\t\t\t<figcaption class=\"widget-image-caption wp-caption-text\">iPad Pro 3 8\/128GB WiFi 11\" (2021) Gris \u00e9toil\u00e9<\/figcaption>\n\t\t\t\t\t\t\t\t\t\t<\/figure>\n\t\t\t\t\t\t\t\t\t<\/div>\n\t\t\t\t<\/div>\n\t\t\t\t<\/div>\n\t\t\t\t<div class=\"elementor-element elementor-element-64807d8 elementor-widget elementor-widget-heading\" data-id=\"64807d8\" data-element_type=\"widget\" data-widget_type=\"heading.default\">\n\t\t\t\t\t<h2 class=\"elementor-heading-title elementor-size-default\">iPad Air vs iPad Pro - RAM et m\u00e9moire interne  <\/h2>\t\t\t\t<\/div>\n\t\t\t\t<div class=\"elementor-element elementor-element-9086849 elementor-widget elementor-widget-text-editor\" data-id=\"9086849\" data-element_type=\"widget\" data-widget_type=\"text-editor.default\">\n\t\t\t\t\t\t\t\t\t<table><thead><tr><th>Fonctionnalit\u00e9<\/th><th>iPad Air<\/th><th>iPad Pro<\/th><\/tr><\/thead><tbody><tr><td>RAM<\/td><td><strong>M2\/M3 :<\/strong> 8 GO<\/td><td><strong>M2 :<\/strong> 8 \/ 16 GB | <strong>M4 :<\/strong> 8 \/ 16 GB<\/td><\/tr><tr><td>M\u00e9moire de d\u00e9marrage<\/td><td>128 GO<\/td><td>128 GB \/ 256 GB<\/td><\/tr><tr><td>M\u00e9moire maximale<\/td><td>1 TO<\/td><td>2 TO<\/td><\/tr><\/tbody><\/table><p>Pour une utilisation quotidienne, <strong>les 8 Go de m\u00e9moire vive de l&rsquo;Air sont tranquillement suffisants<\/strong>.<\/p><p> <\/p><p>Cependant, si tu travailles sur des fichiers volumineux, si tu fais du montage vid\u00e9o ou si tu utilises plusieurs applications en m\u00eame temps, les <strong>mod\u00e8les Pro avec 16 Go de RAM seront un meilleur choix.<\/strong><\/p>\t\t\t\t\t\t\t\t<\/div>\n\t\t\t\t<div class=\"elementor-element elementor-element-cc0e084 elementor-align-center elementor-widget elementor-widget-button\" data-id=\"cc0e084\" data-element_type=\"widget\" data-widget_type=\"button.default\">\n\t\t\t\t\t\t\t\t\t\t<a class=\"elementor-button elementor-button-link elementor-size-sm\" href=\"https:\/\/swopify.com\/blog\/ipad-czy-ipad-air-ktory-tablet-apple-wybrac\/\">\n\t\t\t\t\t\t<span class=\"elementor-button-content-wrapper\">\n\t\t\t\t\t\t\t\t\t<span class=\"elementor-button-text\">iPad ou iPad Air ?<\/span>\n\t\t\t\t\t<\/span>\n\t\t\t\t\t<\/a>\n\t\t\t\t\t\t\t\t<\/div>\n\t\t\t\t<div class=\"elementor-element elementor-element-8d07e1a elementor-widget elementor-widget-heading\" data-id=\"8d07e1a\" data-element_type=\"widget\" data-widget_type=\"heading.default\">\n\t\t\t\t\t<h2 class=\"elementor-heading-title elementor-size-default\">Cam\u00e9ras et appels vid\u00e9o sur l'iPad Air et Pro<\/h2>\t\t\t\t<\/div>\n\t\t\t\t<div class=\"elementor-element elementor-element-3627ff5 elementor-widget elementor-widget-text-editor\" data-id=\"3627ff5\" data-element_type=\"widget\" data-widget_type=\"text-editor.default\">\n\t\t\t\t\t\t\t\t\t<table><thead><tr><th>Fonctionnalit\u00e9<\/th><th>iPad Air<\/th><th>iPad Pro<\/th><\/tr><\/thead><tbody><tr><td>Appareil photo arri\u00e8re<\/td><td>12 MP<\/td><td>12 MP<\/td><\/tr><tr><td>Cam\u00e9ra frontale<\/td><td>12 MP au centre de la sc\u00e8ne<\/td><td>Centre de sc\u00e8ne 12 MP<\/td><\/tr><tr><td>LiDAR<\/td><td>Non<\/td><td><strong>M2 :<\/strong> Oui<\/td><\/tr><tr><td>Num\u00e9risation 3D<\/td><td>Non<\/td><td>Oui<\/td><\/tr><\/tbody><\/table><p>Pour les conversations en ligne, les deux mod\u00e8les se comportent tr\u00e8s bien. <strong>La cam\u00e9ra frontale de 12 MP avec Center Stage te maintient automatiquement dans le cadre pendant les vid\u00e9oconf\u00e9rences<\/strong>.<\/p><p> <\/p><p>Pro offre des capacit\u00e9s suppl\u00e9mentaires pour les d\u00e9veloppeurs et les professionnels &#8211; par exemple un scanner LiDAR dans les anciennes g\u00e9n\u00e9rations.<\/p>\t\t\t\t\t\t\t\t<\/div>\n\t\t\t\t<div class=\"elementor-element elementor-element-05495ce elementor-widget elementor-widget-heading\" data-id=\"05495ce\" data-element_type=\"widget\" data-widget_type=\"heading.default\">\n\t\t\t\t\t<h2 class=\"elementor-heading-title elementor-size-default\">Batterie et charge - l'iPad Pro dure-t-il plus longtemps que l'Air ?<\/h2>\t\t\t\t<\/div>\n\t\t\t\t<div class=\"elementor-element elementor-element-f046f9e elementor-widget elementor-widget-text-editor\" data-id=\"f046f9e\" data-element_type=\"widget\" data-widget_type=\"text-editor.default\">\n\t\t\t\t\t\t\t\t\t<table><thead><tr><th>Fonctionnalit\u00e9<\/th><th>iPad Air<\/th><th>iPad Pro<\/th><\/tr><\/thead><tbody><tr><td>Dur\u00e9e de fonctionnement du Wi-Fi<\/td><td>jusqu&rsquo;\u00e0 10 h<\/td><td>jusqu&rsquo;\u00e0 10 h<\/td><\/tr><tr><td>Chargement<\/td><td>USB-C<\/td><td>USB-C \/ Thunderbolt (sur certains mod\u00e8les Pro)<\/td><\/tr><tr><td>Travail mobile<\/td><td>Oui<\/td><td>Oui<\/td><\/tr><\/tbody><\/table><p>En ce qui concerne la batterie, les deux mod\u00e8les ont des performances similaires. <strong>Une journ\u00e9e de travail, d&rsquo;universit\u00e9 ou de voyage ne devrait pas poser de probl\u00e8me<\/strong>.<\/p><p> <\/p><p>La s\u00e9rie Pro te donne l&rsquo;avantage avec des ports plus rapides et une meilleure interop\u00e9rabilit\u00e9 avec les accessoires externes.<\/p>\t\t\t\t\t\t\t\t<\/div>\n\t\t\t\t<div class=\"elementor-element elementor-element-30f545d elementor-align-center elementor-widget elementor-widget-button\" data-id=\"30f545d\" data-element_type=\"widget\" data-widget_type=\"button.default\">\n\t\t\t\t\t\t\t\t\t\t<a class=\"elementor-button elementor-button-link elementor-size-sm\" href=\"https:\/\/swopify.com\/blog\/ipad-9-czy-10-generacji-ktory-tablet-apple-wybrac\/\">\n\t\t\t\t\t\t<span class=\"elementor-button-content-wrapper\">\n\t\t\t\t\t\t\t\t\t<span class=\"elementor-button-text\">iPad de 9e ou 10e g\u00e9n\u00e9ration ?  <\/span>\n\t\t\t\t\t<\/span>\n\t\t\t\t\t<\/a>\n\t\t\t\t\t\t\t\t<\/div>\n\t\t\t\t<div class=\"elementor-element elementor-element-e111a73 elementor-widget elementor-widget-heading\" data-id=\"e111a73\" data-element_type=\"widget\" data-widget_type=\"heading.default\">\n\t\t\t\t\t<h2 class=\"elementor-heading-title elementor-size-default\">Apple Pencil et claviers<\/h2>\t\t\t\t<\/div>\n\t\t\t\t<div class=\"elementor-element elementor-element-99db6a3 elementor-widget elementor-widget-text-editor\" data-id=\"99db6a3\" data-element_type=\"widget\" data-widget_type=\"text-editor.default\">\n\t\t\t\t\t\t\t\t\t<table><thead><tr><th>Fonctionnalit\u00e9<\/th><th>iPad Air<\/th><th>iPad Pro<\/th><\/tr><\/thead><tbody><tr><td>Apple Pencil<\/td><td>Oui<\/td><td>Oui<\/td><\/tr><tr><td>Clavier magique<\/td><td>Oui<\/td><td>Oui<\/td><\/tr><tr><td>Dessin<\/td><td>Tr\u00e8s bien<\/td><td>Meilleur<\/td><\/tr><tr><td>\u00c9criture<\/td><td>Tr\u00e8s bien<\/td><td>Tr\u00e8s bien<\/td><\/tr><\/tbody><\/table><p>Si tu prends des notes, \u00e9tudies ou travailles en d\u00e9placement &#8211; ces deux mod\u00e8les constituent un tr\u00e8s bon choix.<\/p><p> <\/p><p>Pour le dessin professionnel, le <strong>Pro avec un \u00e9cran 120Hz donne une sensation plus naturelle<\/strong> et moins de d\u00e9calage.<\/p>\t\t\t\t\t\t\t\t<\/div>\n\t\t<div class=\"elementor-element elementor-element-d0c2a7d e-grid e-con-full e-con e-child\" data-id=\"d0c2a7d\" data-element_type=\"container\">\n\t\t\t\t<div class=\"elementor-element elementor-element-131d876 elementor-widget elementor-widget-image\" data-id=\"131d876\" data-element_type=\"widget\" data-widget_type=\"image.default\">\n\t\t\t\t\t\t\t\t\t\t\t\t<figure class=\"wp-caption\">\n\t\t\t\t\t\t\t\t\t\t\t<a href=\"https:\/\/swopify.com\/pl-pl\/ipad-air-5-64gb-wifi-109quot-2022-ksiezycowa-poswiata-3721\">\n\t\t\t\t\t\t\t<img decoding=\"async\" src=\"https:\/\/swopify.com\/publicTmp\/pictures\/300x\/2d457e\/n5p4t630h070w1l715t0d0n7m3s4f1a6.webp\" title=\"\" alt=\"iPad Air 5 64GB WiFi 10.9&quot; (2022) Ksi\u0119\u017cycowa Po\u015bwiata\" loading=\"lazy\" \/>\t\t\t\t\t\t\t\t<\/a>\n\t\t\t\t\t\t\t\t\t\t\t<figcaption class=\"widget-image-caption wp-caption-text\">iPad Air 5 64GB WiFi 10.9\" (2022) Clair de lune<\/figcaption>\n\t\t\t\t\t\t\t\t\t\t<\/figure>\n\t\t\t\t\t\t\t\t\t<\/div>\n\t\t\t\t<div class=\"elementor-element elementor-element-2c63431 elementor-widget elementor-widget-image\" data-id=\"2c63431\" data-element_type=\"widget\" data-widget_type=\"image.default\">\n\t\t\t\t\t\t\t\t\t\t\t\t<figure class=\"wp-caption\">\n\t\t\t\t\t\t\t\t\t\t\t<a href=\"https:\/\/swopify.com\/pl-pl\/ipad-air-5-64gb-wifi-109quot-2022-gwiezdna-szarosc-3722\">\n\t\t\t\t\t\t\t<img decoding=\"async\" src=\"https:\/\/swopify.com\/publicTmp\/pictures\/300x\/0e1f18\/n2d5s9q0g050o1s7w5o0c0b7a3f493r6.webp\" title=\"\" alt=\"iPad Air 5 64GB WiFi 10.9&quot; (2022) Gwiezdna Szaro\u015b\u0107\" loading=\"lazy\" \/>\t\t\t\t\t\t\t\t<\/a>\n\t\t\t\t\t\t\t\t\t\t\t<figcaption class=\"widget-image-caption wp-caption-text\">iPad Air 5 64GB WiFi 10.9\" (2022) Gris \u00e9toil\u00e9<\/figcaption>\n\t\t\t\t\t\t\t\t\t\t<\/figure>\n\t\t\t\t\t\t\t\t\t<\/div>\n\t\t\t\t<\/div>\n\t\t\t\t<div class=\"elementor-element elementor-element-d1120a1 elementor-widget elementor-widget-heading\" data-id=\"d1120a1\" data-element_type=\"widget\" data-widget_type=\"heading.default\">\n\t\t\t\t\t<h2 class=\"elementor-heading-title elementor-size-default\">Lequel choisir - iPad Pro ou iPad Air ?\n<\/h2>\t\t\t\t<\/div>\n\t\t\t\t<div class=\"elementor-element elementor-element-d90f265 elementor-widget elementor-widget-text-editor\" data-id=\"d90f265\" data-element_type=\"widget\" data-widget_type=\"text-editor.default\">\n\t\t\t\t\t\t\t\t\t<p><strong>Choisis la s\u00e9rie Air si :<\/strong><\/p><ul><li>\u00e0 la recherche du meilleur rapport qualit\u00e9-prix<\/li><li>tu \u00e9tudies ou travailles dans un bureau<\/li><li>tu prends des notes<\/li><li>Tu regardes des films et tu utilises Internet<\/li><li>tu n&rsquo;as pas besoin de 120Hz<\/li><\/ul><p> <\/p><p><strong>Choisis la s\u00e9rie Pro si :<\/strong><\/p><ul><li>tu travailles de mani\u00e8re cr\u00e9ative<\/li><li>tu montes des vid\u00e9os<\/li><li>tu dessines professionnellement<\/li><li>tu veux le meilleur \u00e9cran d&rsquo;Apple<\/li><li>tu utilises ta tablette pendant de nombreuses heures chaque jour<\/li><\/ul>\t\t\t\t\t\t\t\t<\/div>\n\t\t\t\t<div class=\"elementor-element elementor-element-ac501c5 elementor-widget elementor-widget-heading\" data-id=\"ac501c5\" data-element_type=\"widget\" data-widget_type=\"heading.default\">\n\t\t\t\t\t<h2 class=\"elementor-heading-title elementor-size-default\">Acheter moins cher et plus intelligemment - pourquoi miser sur un iPad reconditionn\u00e9 ?<\/h2>\t\t\t\t<\/div>\n\t\t\t\t<div class=\"elementor-element elementor-element-22fcedf elementor-widget elementor-widget-text-editor\" data-id=\"22fcedf\" data-element_type=\"widget\" data-widget_type=\"text-editor.default\">\n\t\t\t\t\t\t\t\t\t<p>L&rsquo;achat d&rsquo;une nouvelle tablette Apple repr\u00e9sente une d\u00e9pense importante, c&rsquo;est pourquoi de plus en plus de personnes optent pour des <a href=\"https:\/\/swopify.com\/pl-pl\/tablety-apple\">iPad reconditionn\u00e9s<\/a>. C&rsquo;est une option judicieuse pour ceux qui veulent profiter de la qualit\u00e9 Apple, mais sans payer le prix fort pour un appareil tout droit sorti de la bo\u00eete. En pratique, cela signifie qu&rsquo;avec le budget d&rsquo;un nouvel iPad Air, tu peux souvent acheter un mod\u00e8le Pro plus puissant, comme l&rsquo;<a href=\"https:\/\/swopify.com\/pl-pl\/ipad-pro-2022-seria-m2\">iPad Pro M2<\/a> avec un meilleur \u00e9cran, Face ID ou plus de m\u00e9moire.  <\/p><p> <\/p><p><strong>Lorsque tu ach\u00e8tes chez SWOPiFY, tu n&rsquo;obtiens pas seulement un prix plus bas, mais aussi la tranquillit\u00e9 d&rsquo;esprit apr\u00e8s l&rsquo;achat<\/strong>. C&rsquo;est particuli\u00e8rement important pour les produits \u00e9lectroniques haut de gamme. <\/p><p> <\/p><p><strong>Les avantages d&rsquo;acheter chez SWOPiFY :<\/strong><\/p><ul><li>les appareils apr\u00e8s une inspection technique professionnelle<\/li><li>garantie et assistance apr\u00e8s achat<\/li><li>un \u00e9tat visuel et technique clair du produit<\/li><li>prix plus attractif que les nouveaux \u00e9quipements<\/li><li>achat s\u00e9curis\u00e9 aupr\u00e8s d&rsquo;un vendeur v\u00e9rifi\u00e9<\/li><li>un choix \u00e9cologique en accord avec le concept de r\u00e9duction des d\u00e9chets<\/li><\/ul><p> <\/p><p>Si tu souhaites b\u00e9n\u00e9ficier du meilleur rapport qualit\u00e9-prix, un iPad reconditionn\u00e9 de SWOPiFY s&rsquo;av\u00e8re souvent \u00eatre un choix plus judicieux qu&rsquo;un mod\u00e8le neuf de gamme inf\u00e9rieure. <strong>Cela signifie que tu peux acheter un meilleur mat\u00e9riel, payer moins cher et profiter de ton appareil pendant des ann\u00e9es<\/strong>.<\/p>\t\t\t\t\t\t\t\t<\/div>\n\t\t<div class=\"elementor-element elementor-element-75b87af e-con-full e-flex e-con e-child\" data-id=\"75b87af\" data-element_type=\"container\">\n\t\t<div class=\"elementor-element elementor-element-a85155f e-grid e-con-full e-con e-child\" data-id=\"a85155f\" data-element_type=\"container\">\n\t\t\t\t<div class=\"elementor-element elementor-element-06f7cfb elementor-widget elementor-widget-image\" data-id=\"06f7cfb\" data-element_type=\"widget\" data-widget_type=\"image.default\">\n\t\t\t\t\t\t\t\t\t\t\t\t<figure class=\"wp-caption\">\n\t\t\t\t\t\t\t\t\t\t\t<a href=\"https:\/\/swopify.com\/pl-pl\/ipad-air-5-256gb-wifi-109quot-2022-gwiezdna-szarosc-3727\">\n\t\t\t\t\t\t\t<img decoding=\"async\" src=\"https:\/\/swopify.com\/publicTmp\/pictures\/300x\/3d8195\/z5m7l619v0w031x7q5h0w0n7o3l5n2z4.webp\" title=\"\" alt=\"iPad Air 5 256GB WiFi 10.9&quot; (2022) Gwiezdna Szaro\u015b\u0107\" loading=\"lazy\" \/>\t\t\t\t\t\t\t\t<\/a>\n\t\t\t\t\t\t\t\t\t\t\t<figcaption class=\"widget-image-caption wp-caption-text\">iPad Air 5 256GB WiFi 10.9\" (2022) Gris \u00e9toil\u00e9<\/figcaption>\n\t\t\t\t\t\t\t\t\t\t<\/figure>\n\t\t\t\t\t\t\t\t\t<\/div>\n\t\t\t\t<div class=\"elementor-element elementor-element-7569122 elementor-widget elementor-widget-image\" data-id=\"7569122\" data-element_type=\"widget\" data-widget_type=\"image.default\">\n\t\t\t\t\t\t\t\t\t\t\t\t<figure class=\"wp-caption\">\n\t\t\t\t\t\t\t\t\t\t\t<a href=\"https:\/\/swopify.com\/pl-pl\/ipad-air-5-256gb-wifi-109quot-2022-fioletowy-3724\">\n\t\t\t\t\t\t\t<img decoding=\"async\" src=\"https:\/\/swopify.com\/publicTmp\/pictures\/300x\/72e698\/p8z447k4m080o1d7c5x0x0l79334y5h9.webp\" title=\"\" alt=\"iPad Air 5 256GB WiFi 10.9&quot; (2022) Fioletowy\" loading=\"lazy\" \/>\t\t\t\t\t\t\t\t<\/a>\n\t\t\t\t\t\t\t\t\t\t\t<figcaption class=\"widget-image-caption wp-caption-text\">iPad Air 5 256GB WiFi 10.9\" (2022) Mauve<\/figcaption>\n\t\t\t\t\t\t\t\t\t\t<\/figure>\n\t\t\t\t\t\t\t\t\t<\/div>\n\t\t\t\t<\/div>\n\t\t\t\t<\/div>\n\t\t\t\t<\/div>\n\t\t<div class=\"elementor-element elementor-element-18cd69d e-con-full e-flex e-con e-child\" data-id=\"18cd69d\" data-element_type=\"container\" data-settings=\"{&quot;background_background&quot;:&quot;classic&quot;}\">\n\t\t\t\t<div class=\"elementor-element elementor-element-f50921e elementor-widget__width-initial elementor-widget elementor-widget-heading\" data-id=\"f50921e\" data-element_type=\"widget\" data-widget_type=\"heading.default\">\n\t\t\t\t\t<h2 class=\"elementor-heading-title elementor-size-default\">Questions fr\u00e9quemment pos\u00e9es<\/h2>\t\t\t\t<\/div>\n\t\t\t\t<div class=\"elementor-element elementor-element-fe1af02 elementor-widget elementor-widget-n-accordion\" data-id=\"fe1af02\" data-element_type=\"widget\" data-settings=\"{&quot;n_accordion_animation_duration&quot;:{&quot;unit&quot;:&quot;ms&quot;,&quot;size&quot;:500,&quot;sizes&quot;:[]},&quot;default_state&quot;:&quot;expanded&quot;,&quot;max_items_expended&quot;:&quot;one&quot;}\" data-widget_type=\"nested-accordion.default\">\n\t\t\t\t\t\t\t<div class=\"e-n-accordion\" aria-label=\"Accordion. Open links with Enter or Space, close with Escape, and navigate with Arrow Keys\">\n\t\t\t\t\t\t<details id=\"e-n-accordion-item-2660\" class=\"e-n-accordion-item\" open>\n\t\t\t\t<summary class=\"e-n-accordion-item-title\" data-accordion-index=\"1\" tabindex=\"0\" aria-expanded=\"true\" aria-controls=\"e-n-accordion-item-2660\" >\n\t\t\t\t\t<span class='e-n-accordion-item-title-header'><div class=\"e-n-accordion-item-title-text\"> L'iPad Air est-il suffisant pour les \u00e9tudes ? <\/div><\/span>\n\t\t\t\t\t\t\t<span class='e-n-accordion-item-title-icon'>\n\t\t\t<span class='e-opened' ><svg xmlns=\"http:\/\/www.w3.org\/2000\/svg\" width=\"12\" height=\"8\" viewBox=\"0 0 12 8\" fill=\"none\"><path d=\"M6 0.000391054L12 6.00039L10.6 7.40039L6 2.80039L1.4 7.40039L-1.22392e-07 6.00039L6 0.000391054Z\" fill=\"#292D33\"><\/path><\/svg><\/span>\n\t\t\t<span class='e-closed'><svg xmlns=\"http:\/\/www.w3.org\/2000\/svg\" width=\"12\" height=\"8\" viewBox=\"0 0 12 8\" fill=\"none\"><path d=\"M6 7.4L0 1.4L1.4 0L6 4.6L10.6 0L12 1.4L6 7.4Z\" fill=\"#292D33\"><\/path><\/svg><\/span>\n\t\t<\/span>\n\n\t\t\t\t\t\t<\/summary>\n\t\t\t\t<div role=\"region\" aria-labelledby=\"e-n-accordion-item-2660\" class=\"elementor-element elementor-element-b87f5c7 e-con-full e-flex e-con e-child\" data-id=\"b87f5c7\" data-element_type=\"container\">\n\t\t\t\t<div class=\"elementor-element elementor-element-51be02f elementor-widget elementor-widget-text-editor\" data-id=\"51be02f\" data-element_type=\"widget\" data-widget_type=\"text-editor.default\">\n\t\t\t\t\t\t\t\t\t<p>Oui. Les notes, les PDF, Teams, Zoom, les recherches et les documents fonctionnent sans probl\u00e8me. <\/p>\t\t\t\t\t\t\t\t<\/div>\n\t\t\t\t<\/div>\n\t\t\t\t\t<\/details>\n\t\t\t\t\t\t<details id=\"e-n-accordion-item-2661\" class=\"e-n-accordion-item\" >\n\t\t\t\t<summary class=\"e-n-accordion-item-title\" data-accordion-index=\"2\" tabindex=\"-1\" aria-expanded=\"false\" aria-controls=\"e-n-accordion-item-2661\" >\n\t\t\t\t\t<span class='e-n-accordion-item-title-header'><div class=\"e-n-accordion-item-title-text\"> Cela vaut-il la peine de payer un suppl\u00e9ment pour un iPad Pro ? <\/div><\/span>\n\t\t\t\t\t\t\t<span class='e-n-accordion-item-title-icon'>\n\t\t\t<span class='e-opened' ><svg xmlns=\"http:\/\/www.w3.org\/2000\/svg\" width=\"12\" height=\"8\" viewBox=\"0 0 12 8\" fill=\"none\"><path d=\"M6 0.000391054L12 6.00039L10.6 7.40039L6 2.80039L1.4 7.40039L-1.22392e-07 6.00039L6 0.000391054Z\" fill=\"#292D33\"><\/path><\/svg><\/span>\n\t\t\t<span class='e-closed'><svg xmlns=\"http:\/\/www.w3.org\/2000\/svg\" width=\"12\" height=\"8\" viewBox=\"0 0 12 8\" fill=\"none\"><path d=\"M6 7.4L0 1.4L1.4 0L6 4.6L10.6 0L12 1.4L6 7.4Z\" fill=\"#292D33\"><\/path><\/svg><\/span>\n\t\t<\/span>\n\n\t\t\t\t\t\t<\/summary>\n\t\t\t\t<div role=\"region\" aria-labelledby=\"e-n-accordion-item-2661\" class=\"elementor-element elementor-element-78c7be3 e-con-full e-flex e-con e-child\" data-id=\"78c7be3\" data-element_type=\"container\">\n\t\t\t\t<div class=\"elementor-element elementor-element-eaddd67 elementor-widget elementor-widget-text-editor\" data-id=\"eaddd67\" data-element_type=\"widget\" data-widget_type=\"text-editor.default\">\n\t\t\t\t\t\t\t\t\t<p>Oui, si tu veux un \u00e9cran de 120 Hz, Face ID et des performances de pointe.<\/p>\t\t\t\t\t\t\t\t<\/div>\n\t\t\t\t<\/div>\n\t\t\t\t\t<\/details>\n\t\t\t\t\t\t<details id=\"e-n-accordion-item-2662\" class=\"e-n-accordion-item\" >\n\t\t\t\t<summary class=\"e-n-accordion-item-title\" data-accordion-index=\"3\" tabindex=\"-1\" aria-expanded=\"false\" aria-controls=\"e-n-accordion-item-2662\" >\n\t\t\t\t\t<span class='e-n-accordion-item-title-header'><div class=\"e-n-accordion-item-title-text\"> Quelle est la plus grande diff\u00e9rence entre l'iPad Air et l'iPad Pro ? <\/div><\/span>\n\t\t\t\t\t\t\t<span class='e-n-accordion-item-title-icon'>\n\t\t\t<span class='e-opened' ><svg xmlns=\"http:\/\/www.w3.org\/2000\/svg\" width=\"12\" height=\"8\" viewBox=\"0 0 12 8\" fill=\"none\"><path d=\"M6 0.000391054L12 6.00039L10.6 7.40039L6 2.80039L1.4 7.40039L-1.22392e-07 6.00039L6 0.000391054Z\" fill=\"#292D33\"><\/path><\/svg><\/span>\n\t\t\t<span class='e-closed'><svg xmlns=\"http:\/\/www.w3.org\/2000\/svg\" width=\"12\" height=\"8\" viewBox=\"0 0 12 8\" fill=\"none\"><path d=\"M6 7.4L0 1.4L1.4 0L6 4.6L10.6 0L12 1.4L6 7.4Z\" fill=\"#292D33\"><\/path><\/svg><\/span>\n\t\t<\/span>\n\n\t\t\t\t\t\t<\/summary>\n\t\t\t\t<div role=\"region\" aria-labelledby=\"e-n-accordion-item-2662\" class=\"elementor-element elementor-element-bc80998 e-flex e-con-boxed e-con e-child\" data-id=\"bc80998\" data-element_type=\"container\">\n\t\t\t\t\t<div class=\"e-con-inner\">\n\t\t\t\t<div class=\"elementor-element elementor-element-c33a885 elementor-widget elementor-widget-text-editor\" data-id=\"c33a885\" data-element_type=\"widget\" data-widget_type=\"text-editor.default\">\n\t\t\t\t\t\t\t\t\t<p>Les plus grandes diff\u00e9rences sont l&rsquo;\u00e9cran, les haut-parleurs, Face ID et les capacit\u00e9s professionnelles.<\/p>\t\t\t\t\t\t\t\t<\/div>\n\t\t\t\t\t<\/div>\n\t\t\t\t<\/div>\n\t\t\t\t\t<\/details>\n\t\t\t\t\t\t<details id=\"e-n-accordion-item-2663\" class=\"e-n-accordion-item\" >\n\t\t\t\t<summary class=\"e-n-accordion-item-title\" data-accordion-index=\"4\" tabindex=\"-1\" aria-expanded=\"false\" aria-controls=\"e-n-accordion-item-2663\" >\n\t\t\t\t\t<span class='e-n-accordion-item-title-header'><div class=\"e-n-accordion-item-title-text\"> Est-ce qu'un iPad Pro reconditionn\u00e9 a du sens ? <\/div><\/span>\n\t\t\t\t\t\t\t<span class='e-n-accordion-item-title-icon'>\n\t\t\t<span class='e-opened' ><svg xmlns=\"http:\/\/www.w3.org\/2000\/svg\" width=\"12\" height=\"8\" viewBox=\"0 0 12 8\" fill=\"none\"><path d=\"M6 0.000391054L12 6.00039L10.6 7.40039L6 2.80039L1.4 7.40039L-1.22392e-07 6.00039L6 0.000391054Z\" fill=\"#292D33\"><\/path><\/svg><\/span>\n\t\t\t<span class='e-closed'><svg xmlns=\"http:\/\/www.w3.org\/2000\/svg\" width=\"12\" height=\"8\" viewBox=\"0 0 12 8\" fill=\"none\"><path d=\"M6 7.4L0 1.4L1.4 0L6 4.6L10.6 0L12 1.4L6 7.4Z\" fill=\"#292D33\"><\/path><\/svg><\/span>\n\t\t<\/span>\n\n\t\t\t\t\t\t<\/summary>\n\t\t\t\t<div role=\"region\" aria-labelledby=\"e-n-accordion-item-2663\" class=\"elementor-element elementor-element-c7b7a98 e-con-full e-flex e-con e-child\" data-id=\"c7b7a98\" data-element_type=\"container\">\n\t\t\t\t<div class=\"elementor-element elementor-element-7f3160e elementor-widget elementor-widget-text-editor\" data-id=\"7f3160e\" data-element_type=\"widget\" data-widget_type=\"text-editor.default\">\n\t\t\t\t\t\t\t\t\t<p data-start=\"5861\" data-end=\"6046\">Oui, surtout si tu veux un mod\u00e8le haut de gamme pour un budget proche de celui du nouvel iPad Air.<\/p>\t\t\t\t\t\t\t\t<\/div>\n\t\t\t\t<\/div>\n\t\t\t\t\t<\/details>\n\t\t\t\t\t<\/div>\n\t\t\t\t\t<script type=\"application\/ld+json\">{\"@context\":\"https:\\\/\\\/schema.org\",\"@type\":\"FAQPage\",\"mainEntity\":[{\"@type\":\"Question\",\"name\":\"L'iPad Air est-il suffisant pour les \\u00e9tudes ?\",\"acceptedAnswer\":{\"@type\":\"Answer\",\"text\":\"Oui. Les notes, les PDF, Teams, Zoom, les recherches et les documents fonctionnent sans probl\\u00e8me.\"}},{\"@type\":\"Question\",\"name\":\"Cela vaut-il la peine de payer un suppl\\u00e9ment pour un iPad Pro ?\",\"acceptedAnswer\":{\"@type\":\"Answer\",\"text\":\"Oui, si tu veux un \\u00e9cran de 120 Hz, Face ID et des performances de pointe.\"}},{\"@type\":\"Question\",\"name\":\"Quelle est la plus grande diff\\u00e9rence entre l'iPad Air et l'iPad Pro ?\",\"acceptedAnswer\":{\"@type\":\"Answer\",\"text\":\"Les plus grandes diff\\u00e9rences sont l&rsquo;\\u00e9cran, les haut-parleurs, Face ID et les capacit\\u00e9s professionnelles.\"}},{\"@type\":\"Question\",\"name\":\"Est-ce qu'un iPad Pro reconditionn\\u00e9 a du sens ?\",\"acceptedAnswer\":{\"@type\":\"Answer\",\"text\":\"Oui, surtout si tu veux un mod\\u00e8le haut de gamme pour un budget proche de celui du nouvel iPad Air.\"}}]}<\/script>\n\t\t\t\t\t\t\t<\/div>\n\t\t\t\t<\/div>\n\t\t<div class=\"elementor-element elementor-element-3ced5f1 e-con-full elementor-hidden-tablet elementor-hidden-mobile e-flex e-con e-child\" data-id=\"3ced5f1\" data-element_type=\"container\" data-settings=\"{&quot;background_background&quot;:&quot;classic&quot;}\">\n\t\t<div class=\"elementor-element elementor-element-3771c2c e-con-full e-flex e-con e-child\" data-id=\"3771c2c\" data-element_type=\"container\">\n\t\t\t\t<div class=\"elementor-element elementor-element-1abce59 elementor-absolute elementor-widget elementor-widget-image\" data-id=\"1abce59\" data-element_type=\"widget\" data-settings=\"{&quot;_position&quot;:&quot;absolute&quot;}\" data-widget_type=\"image.default\">\n\t\t\t\t\t\t\t\t\t\t\t\t\t\t\t<img loading=\"lazy\" decoding=\"async\" width=\"196\" height=\"143\" src=\"https:\/\/swopify.com\/blog\/wp-content\/uploads\/2025\/07\/Vector-6.svg\" class=\"attachment-large size-large wp-image-4481\" alt=\"\" \/>\t\t\t\t\t\t\t\t\t\t\t\t\t\t\t<\/div>\n\t\t\t\t<div class=\"elementor-element elementor-element-3adc862 elementor-absolute elementor-widget elementor-widget-image\" data-id=\"3adc862\" data-element_type=\"widget\" data-settings=\"{&quot;_position&quot;:&quot;absolute&quot;}\" data-widget_type=\"image.default\">\n\t\t\t\t\t\t\t\t\t\t\t\t\t\t\t<img loading=\"lazy\" decoding=\"async\" width=\"196\" height=\"143\" src=\"https:\/\/swopify.com\/blog\/wp-content\/uploads\/2025\/07\/Vector-6.svg\" class=\"attachment-large size-large wp-image-4481\" alt=\"\" \/>\t\t\t\t\t\t\t\t\t\t\t\t\t\t\t<\/div>\n\t\t\t\t<div class=\"elementor-element elementor-element-7ffb0e8 elementor-absolute elementor-widget elementor-widget-image\" data-id=\"7ffb0e8\" data-element_type=\"widget\" data-settings=\"{&quot;_position&quot;:&quot;absolute&quot;}\" data-widget_type=\"image.default\">\n\t\t\t\t\t\t\t\t\t\t\t\t\t\t\t<img loading=\"lazy\" decoding=\"async\" width=\"53\" height=\"50\" src=\"https:\/\/swopify.com\/blog\/wp-content\/uploads\/2025\/07\/Vector-7.svg\" class=\"attachment-large size-large wp-image-4483\" alt=\"\" \/>\t\t\t\t\t\t\t\t\t\t\t\t\t\t\t<\/div>\n\t\t\t\t<div class=\"elementor-element elementor-element-f0dc3a5 elementor-widget elementor-widget-image\" data-id=\"f0dc3a5\" data-element_type=\"widget\" data-widget_type=\"image.default\">\n\t\t\t\t\t\t\t\t\t\t\t\t\t\t\t<img loading=\"lazy\" decoding=\"async\" width=\"685\" height=\"676\" src=\"https:\/\/swopify.com\/blog\/wp-content\/uploads\/2025\/08\/bartek_zdj.jpg\" class=\"attachment-large size-large wp-image-4484\" alt=\"\" srcset=\"https:\/\/swopify.com\/blog\/wp-content\/uploads\/2025\/08\/bartek_zdj.jpg 685w, https:\/\/swopify.com\/blog\/wp-content\/uploads\/2025\/08\/bartek_zdj-300x296.jpg 300w\" sizes=\"(max-width: 685px) 100vw, 685px\" \/>\t\t\t\t\t\t\t\t\t\t\t\t\t\t\t<\/div>\n\t\t\t\t<\/div>\n\t\t<div class=\"elementor-element elementor-element-c7fa709 e-con-full e-flex e-con e-child\" data-id=\"c7fa709\" data-element_type=\"container\">\n\t\t<div class=\"elementor-element elementor-element-7fd3302 e-con-full e-flex e-con e-child\" data-id=\"7fd3302\" data-element_type=\"container\">\n\t\t\t\t<div class=\"elementor-element elementor-element-9a3f2b5 elementor-widget elementor-widget-text-editor\" data-id=\"9a3f2b5\" data-element_type=\"widget\" data-widget_type=\"text-editor.default\">\n\t\t\t\t\t\t\t\t\t<p>\u00c0 PROPOS DE L&rsquo;AUTEUR :<\/p>\t\t\t\t\t\t\t\t<\/div>\n\t\t\t\t<div class=\"elementor-element elementor-element-e6c5546 elementor-widget elementor-widget-text-editor\" data-id=\"e6c5546\" data-element_type=\"widget\" data-widget_type=\"text-editor.default\">\n\t\t\t\t\t\t\t\t\tBartek Zebrowski\t\t\t\t\t\t\t\t<\/div>\n\t\t\t\t<div class=\"elementor-element elementor-element-0f28a07 elementor-widget elementor-widget-text-editor\" data-id=\"0f28a07\" data-element_type=\"widget\" data-widget_type=\"text-editor.default\">\n\t\t\t\t\t\t\t\t\t<p>Je suis passionn\u00e9 par l&rsquo;\u00e9lectronique reconditionn\u00e9e, montrant qu&rsquo;il est possible d&rsquo;avoir du bon mat\u00e9riel sans payer trop cher et sans ajouter d&rsquo;autres d\u00e9chets \u00e9lectroniques. Sur le blog, je partage mes connaissances et mon exp\u00e9rience pour vous aider \u00e0 faire des choix technologiques plus intelligents et plus \u00e9clair\u00e9s. <\/p>\t\t\t\t\t\t\t\t<\/div>\n\t\t\t\t<\/div>\n\t\t\t\t<\/div>\n\t\t\t\t<\/div>\n\t\t<div class=\"elementor-element elementor-element-aaf9d0f e-con-full elementor-hidden-desktop e-flex e-con e-child\" data-id=\"aaf9d0f\" data-element_type=\"container\" data-settings=\"{&quot;background_background&quot;:&quot;classic&quot;}\">\n\t\t<div class=\"elementor-element elementor-element-a92490e e-con-full e-flex e-con e-child\" data-id=\"a92490e\" data-element_type=\"container\">\n\t\t\t\t<div class=\"elementor-element elementor-element-9ccff93 elementor-absolute elementor-widget elementor-widget-image\" data-id=\"9ccff93\" data-element_type=\"widget\" data-settings=\"{&quot;_position&quot;:&quot;absolute&quot;}\" data-widget_type=\"image.default\">\n\t\t\t\t\t\t\t\t\t\t\t\t\t\t\t<img loading=\"lazy\" decoding=\"async\" width=\"196\" height=\"143\" src=\"https:\/\/swopify.com\/blog\/wp-content\/uploads\/2025\/07\/Vector-6.svg\" class=\"attachment-large size-large wp-image-4481\" alt=\"\" \/>\t\t\t\t\t\t\t\t\t\t\t\t\t\t\t<\/div>\n\t\t\t\t<div class=\"elementor-element elementor-element-4f6644f elementor-absolute elementor-widget elementor-widget-image\" data-id=\"4f6644f\" data-element_type=\"widget\" data-settings=\"{&quot;_position&quot;:&quot;absolute&quot;}\" data-widget_type=\"image.default\">\n\t\t\t\t\t\t\t\t\t\t\t\t\t\t\t<img loading=\"lazy\" decoding=\"async\" width=\"196\" height=\"143\" src=\"https:\/\/swopify.com\/blog\/wp-content\/uploads\/2025\/07\/Vector-6.svg\" class=\"attachment-large size-large wp-image-4481\" alt=\"\" \/>\t\t\t\t\t\t\t\t\t\t\t\t\t\t\t<\/div>\n\t\t\t\t<div class=\"elementor-element elementor-element-9545908 elementor-absolute elementor-widget elementor-widget-image\" data-id=\"9545908\" data-element_type=\"widget\" data-settings=\"{&quot;_position&quot;:&quot;absolute&quot;}\" data-widget_type=\"image.default\">\n\t\t\t\t\t\t\t\t\t\t\t\t\t\t\t<img loading=\"lazy\" decoding=\"async\" width=\"53\" height=\"50\" src=\"https:\/\/swopify.com\/blog\/wp-content\/uploads\/2025\/07\/Vector-7.svg\" class=\"attachment-large size-large wp-image-4483\" alt=\"\" \/>\t\t\t\t\t\t\t\t\t\t\t\t\t\t\t<\/div>\n\t\t\t\t<div class=\"elementor-element elementor-element-40a2eb3 elementor-widget elementor-widget-image\" data-id=\"40a2eb3\" data-element_type=\"widget\" data-widget_type=\"image.default\">\n\t\t\t\t\t\t\t\t\t\t\t\t\t\t\t<img decoding=\"async\" src=\"https:\/\/secure.gravatar.com\/avatar\/1bd8afa4c1d6b4939151f7e8748c2d999db5bdeacaabc395e986297505ee7b4d?s=96&#038;d=mm&#038;r=g\" title=\"\" alt=\"\" loading=\"lazy\" \/>\t\t\t\t\t\t\t\t\t\t\t\t\t\t\t<\/div>\n\t\t\t\t<\/div>\n\t\t<div class=\"elementor-element elementor-element-d8018c1 e-con-full e-flex e-con e-child\" data-id=\"d8018c1\" data-element_type=\"container\">\n\t\t<div class=\"elementor-element elementor-element-4a0487a e-con-full e-flex e-con e-child\" data-id=\"4a0487a\" data-element_type=\"container\">\n\t\t\t\t<div class=\"elementor-element elementor-element-bd13085 elementor-widget elementor-widget-text-editor\" data-id=\"bd13085\" data-element_type=\"widget\" data-widget_type=\"text-editor.default\">\n\t\t\t\t\t\t\t\t\t<p>\u00c0 PROPOS DE L&rsquo;AUTEUR :<\/p>\t\t\t\t\t\t\t\t<\/div>\n\t\t\t\t<div class=\"elementor-element elementor-element-a8f264b elementor-widget elementor-widget-text-editor\" data-id=\"a8f264b\" data-element_type=\"widget\" data-widget_type=\"text-editor.default\">\n\t\t\t\t\t\t\t\t\tBartek Zebrowski\t\t\t\t\t\t\t\t<\/div>\n\t\t\t\t<div class=\"elementor-element elementor-element-cd82148 elementor-widget elementor-widget-text-editor\" data-id=\"cd82148\" data-element_type=\"widget\" data-widget_type=\"text-editor.default\">\n\t\t\t\t\t\t\t\t\t<p>Je suis passionn\u00e9 par l&rsquo;\u00e9lectronique reconditionn\u00e9e, montrant qu&rsquo;il est possible d&rsquo;avoir du bon mat\u00e9riel sans payer trop cher et sans ajouter d&rsquo;autres d\u00e9chets \u00e9lectroniques. Sur le blog, je partage mes connaissances et mon exp\u00e9rience pour vous aider \u00e0 faire des choix technologiques plus intelligents et plus \u00e9clair\u00e9s. <\/p>\t\t\t\t\t\t\t\t<\/div>\n\t\t\t\t<\/div>\n\t\t\t\t<\/div>\n\t\t\t\t<\/div>\n\t\t\t\t<\/div>\n\t\t<div class=\"elementor-element elementor-element-50dccb7 e-con-full e-flex e-con e-child\" data-id=\"50dccb7\" data-element_type=\"container\" data-settings=\"{&quot;sticky&quot;:&quot;top&quot;,&quot;sticky_offset&quot;:150,&quot;sticky_parent&quot;:&quot;yes&quot;,&quot;sticky_on&quot;:[&quot;desktop&quot;],&quot;sticky_effects_offset&quot;:0,&quot;sticky_anchor_link_offset&quot;:0}\">\n\t\t<div class=\"elementor-element elementor-element-225abc7 e-con-full e-flex e-con e-child\" data-id=\"225abc7\" data-element_type=\"container\" data-settings=\"{&quot;background_background&quot;:&quot;classic&quot;}\">\n\t\t\t\t<div class=\"elementor-element elementor-element-fd93494 elementor-absolute elementor-widget elementor-widget-image\" data-id=\"fd93494\" data-element_type=\"widget\" data-settings=\"{&quot;_position&quot;:&quot;absolute&quot;}\" data-widget_type=\"image.default\">\n\t\t\t\t\t\t\t\t\t\t\t\t\t\t\t<img loading=\"lazy\" decoding=\"async\" width=\"257\" height=\"226\" src=\"https:\/\/swopify.com\/blog\/wp-content\/uploads\/2025\/07\/Vector-2.svg\" class=\"attachment-large size-large wp-image-4486\" alt=\"\" \/>\t\t\t\t\t\t\t\t\t\t\t\t\t\t\t<\/div>\n\t\t\t\t<div class=\"elementor-element elementor-element-8b1898e elementor-absolute elementor-widget elementor-widget-image\" data-id=\"8b1898e\" data-element_type=\"widget\" data-settings=\"{&quot;_position&quot;:&quot;absolute&quot;}\" data-widget_type=\"image.default\">\n\t\t\t\t\t\t\t\t\t\t\t\t\t\t\t<img loading=\"lazy\" decoding=\"async\" width=\"258\" height=\"195\" src=\"https:\/\/swopify.com\/blog\/wp-content\/uploads\/2025\/07\/Vector-3.svg\" class=\"attachment-large size-large wp-image-4487\" alt=\"\" \/>\t\t\t\t\t\t\t\t\t\t\t\t\t\t\t<\/div>\n\t\t\t\t<div class=\"elementor-element elementor-element-92ef408 custom-table-of-content elementor-widget elementor-widget-table-of-contents\" data-id=\"92ef408\" data-element_type=\"widget\" data-settings=\"{&quot;headings_by_tags&quot;:[&quot;h2&quot;],&quot;exclude_headings_by_selector&quot;:&quot;.latest-post-section&quot;,&quot;marker_view&quot;:&quot;bullets&quot;,&quot;icon&quot;:{&quot;value&quot;:&quot;&quot;,&quot;library&quot;:&quot;&quot;},&quot;no_headings_message&quot;:&quot;No headings were found on this page.&quot;,&quot;hierarchical_view&quot;:&quot;yes&quot;,&quot;min_height&quot;:{&quot;unit&quot;:&quot;px&quot;,&quot;size&quot;:&quot;&quot;,&quot;sizes&quot;:[]},&quot;min_height_tablet&quot;:{&quot;unit&quot;:&quot;px&quot;,&quot;size&quot;:&quot;&quot;,&quot;sizes&quot;:[]},&quot;min_height_mobile&quot;:{&quot;unit&quot;:&quot;px&quot;,&quot;size&quot;:&quot;&quot;,&quot;sizes&quot;:[]}}\" data-widget_type=\"table-of-contents.default\">\n\t\t\t\t\t\t\t\t\t<div class=\"elementor-toc__header\">\n\t\t\t\t\t\t<div class=\"elementor-toc__header-title\">\n\t\t\t\tTable des mati\u00e8res :\t\t\t<\/div>\n\t\t\t\t\t\t\t\t<\/div>\n\t\t\t\t<div id=\"elementor-toc__92ef408\" class=\"elementor-toc__body\">\n\t\t\t<div class=\"elementor-toc__spinner-container\">\n\t\t\t\t<svg class=\"elementor-toc__spinner eicon-animation-spin e-font-icon-svg e-eicon-loading\" aria-hidden=\"true\" viewBox=\"0 0 1000 1000\" xmlns=\"http:\/\/www.w3.org\/2000\/svg\"><path d=\"M500 975V858C696 858 858 696 858 500S696 142 500 142 142 304 142 500H25C25 237 238 25 500 25S975 237 975 500 763 975 500 975Z\"><\/path><\/svg>\t\t\t<\/div>\n\t\t<\/div>\n\t\t\t\t\t\t<\/div>\n\t\t\t\t<\/div>\n\t\t\t\t<div class=\"elementor-element elementor-element-b48d790 button-with-arrow-right elementor-align-right elementor-hidden-tablet elementor-hidden-mobile elementor-widget elementor-widget-button\" data-id=\"b48d790\" data-element_type=\"widget\" data-widget_type=\"button.default\">\n\t\t\t\t\t\t\t\t\t\t<a class=\"elementor-button elementor-button-link elementor-size-sm\" href=\"#\">\n\t\t\t\t\t\t<span class=\"elementor-button-content-wrapper\">\n\t\t\t\t\t\t<span class=\"elementor-button-icon\">\n\t\t\t\t<svg xmlns=\"http:\/\/www.w3.org\/2000\/svg\" width=\"24\" height=\"24\" viewBox=\"0 0 24 24\" fill=\"none\"><mask id=\"mask0_137_1085\" style=\"mask-type:alpha\" maskUnits=\"userSpaceOnUse\" x=\"0\" y=\"0\" width=\"24\" height=\"24\"><rect width=\"24\" height=\"24\" fill=\"#D9D9D9\"><\/rect><\/mask><g mask=\"url(#mask0_137_1085)\"><path d=\"M5.4 20L4 18.6L15.6 7H9V5H19V15H17V8.4L5.4 20Z\" fill=\"white\"><\/path><\/g><\/svg>\t\t\t<\/span>\n\t\t\t\t\t\t\t\t\t<span class=\"elementor-button-text\">Retour \u00e0 la boutique<\/span>\n\t\t\t\t\t<\/span>\n\t\t\t\t\t<\/a>\n\t\t\t\t\t\t\t\t<\/div>\n\t\t\t\t<\/div>\n\t\t\t\t\t<\/div>\n\t\t\t\t<\/div>\n\t\t<div class=\"elementor-element elementor-element-b1e8d29 e-flex e-con-boxed e-con e-parent\" data-id=\"b1e8d29\" data-element_type=\"container\" data-settings=\"{&quot;background_background&quot;:&quot;classic&quot;}\">\n\t\t\t\t\t<div class=\"e-con-inner\">\n\t\t<div class=\"elementor-element elementor-element-cf40465 e-con-full elementor-hidden-desktop e-flex e-con e-child\" data-id=\"cf40465\" data-element_type=\"container\">\n\t\t<div class=\"elementor-element elementor-element-ea337e9 e-con-full e-flex e-con e-child\" data-id=\"ea337e9\" data-element_type=\"container\" data-settings=\"{&quot;background_background&quot;:&quot;classic&quot;,&quot;sticky&quot;:&quot;bottom&quot;,&quot;sticky_on&quot;:[&quot;tablet&quot;,&quot;mobile&quot;],&quot;sticky_offset_tablet&quot;:10,&quot;animation_tablet&quot;:&quot;none&quot;,&quot;sticky_offset&quot;:0,&quot;sticky_effects_offset&quot;:0,&quot;sticky_anchor_link_offset&quot;:0}\">\n\t\t\t\t<div class=\"elementor-element elementor-element-23c35b8 button-with-arrow-left elementor-align-right elementor-mobile-align-justify elementor-widget-mobile__width-auto elementor-widget elementor-widget-button\" data-id=\"23c35b8\" data-element_type=\"widget\" data-widget_type=\"button.default\">\n\t\t\t\t\t\t\t\t\t\t<a class=\"elementor-button elementor-button-link elementor-size-sm\" href=\"#spis-tresci\">\n\t\t\t\t\t\t<span class=\"elementor-button-content-wrapper\">\n\t\t\t\t\t\t<span class=\"elementor-button-icon\">\n\t\t\t\t<svg xmlns=\"http:\/\/www.w3.org\/2000\/svg\" width=\"24\" height=\"24\" viewBox=\"0 0 24 24\" fill=\"none\"><rect width=\"24\" height=\"24\" rx=\"12\" fill=\"#9A23FB\"><\/rect><path d=\"M7 15H17\" stroke=\"white\" stroke-width=\"2\" stroke-linecap=\"round\"><\/path><path d=\"M7 12H17\" stroke=\"white\" stroke-width=\"2\" stroke-linecap=\"round\"><\/path><path d=\"M7 9H17\" stroke=\"white\" stroke-width=\"2\" stroke-linecap=\"round\"><\/path><\/svg>\t\t\t<\/span>\n\t\t\t\t\t\t\t\t\t<span class=\"elementor-button-text\">Table des mati\u00e8res<\/span>\n\t\t\t\t\t<\/span>\n\t\t\t\t\t<\/a>\n\t\t\t\t\t\t\t\t<\/div>\n\t\t\t\t<div class=\"elementor-element elementor-element-99dfb18 button-with-arrow-right elementor-align-right elementor-widget-mobile__width-auto elementor-widget elementor-widget-button\" data-id=\"99dfb18\" data-element_type=\"widget\" data-widget_type=\"button.default\">\n\t\t\t\t\t\t\t\t\t\t<a class=\"elementor-button elementor-button-link elementor-size-sm\" href=\"#\">\n\t\t\t\t\t\t<span class=\"elementor-button-content-wrapper\">\n\t\t\t\t\t\t<span class=\"elementor-button-icon\">\n\t\t\t\t<svg xmlns=\"http:\/\/www.w3.org\/2000\/svg\" width=\"24\" height=\"24\" viewBox=\"0 0 24 24\" fill=\"none\"><mask id=\"mask0_137_1085\" style=\"mask-type:alpha\" maskUnits=\"userSpaceOnUse\" x=\"0\" y=\"0\" width=\"24\" height=\"24\"><rect width=\"24\" height=\"24\" fill=\"#D9D9D9\"><\/rect><\/mask><g mask=\"url(#mask0_137_1085)\"><path d=\"M5.4 20L4 18.6L15.6 7H9V5H19V15H17V8.4L5.4 20Z\" fill=\"white\"><\/path><\/g><\/svg>\t\t\t<\/span>\n\t\t\t\t\t\t\t\t\t<span class=\"elementor-button-text\">Retour \u00e0 la boutique<\/span>\n\t\t\t\t\t<\/span>\n\t\t\t\t\t<\/a>\n\t\t\t\t\t\t\t\t<\/div>\n\t\t\t\t<\/div>\n\t\t\t\t<\/div>\n\t\t\t\t\t<\/div>\n\t\t\t\t<\/div>\n\t\t\t\t<\/div>\n\t\t","protected":false},"excerpt":{"rendered":"<p>Quel mod\u00e8le choisir ?<\/p>\n","protected":false},"author":3,"featured_media":6521,"comment_status":"closed","ping_status":"open","sticky":false,"template":"elementor_header_footer","format":"standard","meta":{"_acf_changed":false,"footnotes":""},"categories":[96],"tags":[],"class_list":["post-6518","post","type-post","status-publish","format-standard","has-post-thumbnail","hentry","category-comparatifs-de-tablettes"],"acf":[],"yoast_head":"<!-- This site is optimized with the Yoast SEO plugin v26.2 - https:\/\/yoast.com\/wordpress\/plugins\/seo\/ -->\n<title>iPad Pro ou iPad Air ? Quelle s\u00e9rie de tablettes Apple choisir | SWOPiFY<\/title>\n<meta name=\"description\" content=\"iPad Air ou iPad Pro ? L&#039;un tente par son prix, l&#039;autre par ses caract\u00e9ristiques. D\u00e9couvre quelle tablette Apple vaut vraiment la peine d&#039;\u00eatre achet\u00e9e et explore l&#039;option reconditionn\u00e9e.\" \/>\n<meta name=\"robots\" content=\"index, follow, max-snippet:-1, max-image-preview:large, max-video-preview:-1\" \/>\n<link rel=\"canonical\" href=\"https:\/\/swopify.com\/blog\/fr\/ipad-pro-ou-ipad-air-quelle-tablette-apple-dois-tu-choisir\/\" \/>\n<meta property=\"og:locale\" content=\"fr_FR\" \/>\n<meta property=\"og:type\" content=\"article\" \/>\n<meta property=\"og:title\" content=\"iPad Pro ou iPad Air ? Quelle s\u00e9rie de tablettes Apple choisir | SWOPiFY\" \/>\n<meta property=\"og:description\" content=\"iPad Air ou iPad Pro ? L&#039;un tente par son prix, l&#039;autre par ses caract\u00e9ristiques. D\u00e9couvre quelle tablette Apple vaut vraiment la peine d&#039;\u00eatre achet\u00e9e et explore l&#039;option reconditionn\u00e9e.\" \/>\n<meta property=\"og:url\" content=\"https:\/\/swopify.com\/blog\/fr\/ipad-pro-ou-ipad-air-quelle-tablette-apple-dois-tu-choisir\/\" \/>\n<meta property=\"og:site_name\" content=\"SWOPiFY\" \/>\n<meta property=\"article:publisher\" content=\"https:\/\/www.facebook.com\/swopify.polska\/\" \/>\n<meta property=\"article:published_time\" content=\"2026-04-27T15:34:37+00:00\" \/>\n<meta property=\"article:modified_time\" content=\"2026-04-30T06:07:26+00:00\" \/>\n<meta property=\"og:image\" content=\"https:\/\/swopify.com\/blog\/wp-content\/uploads\/2026\/04\/ipad-pro-vs-ipad-air.jpg\" \/>\n\t<meta property=\"og:image:width\" content=\"720\" \/>\n\t<meta property=\"og:image:height\" content=\"526\" \/>\n\t<meta property=\"og:image:type\" content=\"image\/jpeg\" \/>\n<meta name=\"author\" content=\"Bartek Zebrowski\" \/>\n<meta name=\"twitter:card\" content=\"summary_large_image\" \/>\n<meta name=\"twitter:label1\" content=\"Written by\" \/>\n\t<meta name=\"twitter:data1\" content=\"Bartek Zebrowski\" \/>\n\t<meta name=\"twitter:label2\" content=\"Est. reading time\" \/>\n\t<meta name=\"twitter:data2\" content=\"8 minutes\" \/>\n<script type=\"application\/ld+json\" class=\"yoast-schema-graph\">{\"@context\":\"https:\/\/schema.org\",\"@graph\":[{\"@type\":\"Article\",\"@id\":\"https:\/\/swopify.com\/blog\/fr\/ipad-pro-ou-ipad-air-quelle-tablette-apple-dois-tu-choisir\/#article\",\"isPartOf\":{\"@id\":\"https:\/\/swopify.com\/blog\/fr\/ipad-pro-ou-ipad-air-quelle-tablette-apple-dois-tu-choisir\/\"},\"author\":{\"name\":\"Bartek Zebrowski\",\"@id\":\"https:\/\/swopify.com\/blog\/#\/schema\/person\/33a2572ff16452bda32b9d8ef4080d16\"},\"headline\":\"iPad Pro ou iPad Air ? Quelle tablette Apple dois-tu choisir ?\",\"datePublished\":\"2026-04-27T15:34:37+00:00\",\"dateModified\":\"2026-04-30T06:07:26+00:00\",\"mainEntityOfPage\":{\"@id\":\"https:\/\/swopify.com\/blog\/fr\/ipad-pro-ou-ipad-air-quelle-tablette-apple-dois-tu-choisir\/\"},\"wordCount\":1738,\"publisher\":{\"@id\":\"https:\/\/swopify.com\/blog\/#organization\"},\"image\":{\"@id\":\"https:\/\/swopify.com\/blog\/fr\/ipad-pro-ou-ipad-air-quelle-tablette-apple-dois-tu-choisir\/#primaryimage\"},\"thumbnailUrl\":\"https:\/\/swopify.com\/blog\/wp-content\/uploads\/2026\/04\/ipad-pro-vs-ipad-air.jpg\",\"articleSection\":[\"Comparatifs de tablettes\"],\"inLanguage\":\"fr-FR\"},{\"@type\":\"WebPage\",\"@id\":\"https:\/\/swopify.com\/blog\/fr\/ipad-pro-ou-ipad-air-quelle-tablette-apple-dois-tu-choisir\/\",\"url\":\"https:\/\/swopify.com\/blog\/fr\/ipad-pro-ou-ipad-air-quelle-tablette-apple-dois-tu-choisir\/\",\"name\":\"iPad Pro ou iPad Air ? Quelle s\u00e9rie de tablettes Apple choisir | SWOPiFY\",\"isPartOf\":{\"@id\":\"https:\/\/swopify.com\/blog\/#website\"},\"primaryImageOfPage\":{\"@id\":\"https:\/\/swopify.com\/blog\/fr\/ipad-pro-ou-ipad-air-quelle-tablette-apple-dois-tu-choisir\/#primaryimage\"},\"image\":{\"@id\":\"https:\/\/swopify.com\/blog\/fr\/ipad-pro-ou-ipad-air-quelle-tablette-apple-dois-tu-choisir\/#primaryimage\"},\"thumbnailUrl\":\"https:\/\/swopify.com\/blog\/wp-content\/uploads\/2026\/04\/ipad-pro-vs-ipad-air.jpg\",\"datePublished\":\"2026-04-27T15:34:37+00:00\",\"dateModified\":\"2026-04-30T06:07:26+00:00\",\"description\":\"iPad Air ou iPad Pro ? L'un tente par son prix, l'autre par ses caract\u00e9ristiques. D\u00e9couvre quelle tablette Apple vaut vraiment la peine d'\u00eatre achet\u00e9e et explore l'option reconditionn\u00e9e.\",\"breadcrumb\":{\"@id\":\"https:\/\/swopify.com\/blog\/fr\/ipad-pro-ou-ipad-air-quelle-tablette-apple-dois-tu-choisir\/#breadcrumb\"},\"inLanguage\":\"fr-FR\",\"potentialAction\":[{\"@type\":\"ReadAction\",\"target\":[\"https:\/\/swopify.com\/blog\/fr\/ipad-pro-ou-ipad-air-quelle-tablette-apple-dois-tu-choisir\/\"]}]},{\"@type\":\"ImageObject\",\"inLanguage\":\"fr-FR\",\"@id\":\"https:\/\/swopify.com\/blog\/fr\/ipad-pro-ou-ipad-air-quelle-tablette-apple-dois-tu-choisir\/#primaryimage\",\"url\":\"https:\/\/swopify.com\/blog\/wp-content\/uploads\/2026\/04\/ipad-pro-vs-ipad-air.jpg\",\"contentUrl\":\"https:\/\/swopify.com\/blog\/wp-content\/uploads\/2026\/04\/ipad-pro-vs-ipad-air.jpg\",\"width\":720,\"height\":526,\"caption\":\"ipad pro vs ipad air\"},{\"@type\":\"BreadcrumbList\",\"@id\":\"https:\/\/swopify.com\/blog\/fr\/ipad-pro-ou-ipad-air-quelle-tablette-apple-dois-tu-choisir\/#breadcrumb\",\"itemListElement\":[{\"@type\":\"ListItem\",\"position\":1,\"name\":\"Strona g\u0142\u00f3wna\",\"item\":\"https:\/\/swopify.com\/blog\/fr\/\"},{\"@type\":\"ListItem\",\"position\":2,\"name\":\"iPad Pro ou iPad Air ? Quelle tablette Apple dois-tu choisir ?\"}]},{\"@type\":\"WebSite\",\"@id\":\"https:\/\/swopify.com\/blog\/#website\",\"url\":\"https:\/\/swopify.com\/blog\/\",\"name\":\"SWOPiFY\",\"description\":\"Blog o elektronice refurbished\",\"publisher\":{\"@id\":\"https:\/\/swopify.com\/blog\/#organization\"},\"potentialAction\":[{\"@type\":\"SearchAction\",\"target\":{\"@type\":\"EntryPoint\",\"urlTemplate\":\"https:\/\/swopify.com\/blog\/?s={search_term_string}\"},\"query-input\":{\"@type\":\"PropertyValueSpecification\",\"valueRequired\":true,\"valueName\":\"search_term_string\"}}],\"inLanguage\":\"fr-FR\"},{\"@type\":\"Organization\",\"@id\":\"https:\/\/swopify.com\/blog\/#organization\",\"name\":\"SWOPiFY\",\"url\":\"https:\/\/swopify.com\/blog\/\",\"logo\":{\"@type\":\"ImageObject\",\"inLanguage\":\"fr-FR\",\"@id\":\"https:\/\/swopify.com\/blog\/#\/schema\/logo\/image\/\",\"url\":\"https:\/\/swopify.com\/blog\/wp-content\/uploads\/2025\/10\/swopify-blog-logo.png\",\"contentUrl\":\"https:\/\/swopify.com\/blog\/wp-content\/uploads\/2025\/10\/swopify-blog-logo.png\",\"width\":219,\"height\":33,\"caption\":\"SWOPiFY\"},\"image\":{\"@id\":\"https:\/\/swopify.com\/blog\/#\/schema\/logo\/image\/\"},\"sameAs\":[\"https:\/\/www.facebook.com\/swopify.polska\/\",\"https:\/\/www.instagram.com\/swopify_pl\"]},{\"@type\":\"Person\",\"@id\":\"https:\/\/swopify.com\/blog\/#\/schema\/person\/33a2572ff16452bda32b9d8ef4080d16\",\"name\":\"Bartek Zebrowski\",\"image\":{\"@type\":\"ImageObject\",\"inLanguage\":\"fr-FR\",\"@id\":\"https:\/\/swopify.com\/blog\/#\/schema\/person\/image\/\",\"url\":\"https:\/\/secure.gravatar.com\/avatar\/1bd8afa4c1d6b4939151f7e8748c2d999db5bdeacaabc395e986297505ee7b4d?s=96&d=mm&r=g\",\"contentUrl\":\"https:\/\/secure.gravatar.com\/avatar\/1bd8afa4c1d6b4939151f7e8748c2d999db5bdeacaabc395e986297505ee7b4d?s=96&d=mm&r=g\",\"caption\":\"Bartek Zebrowski\"},\"description\":\"Jestem pasjonatem odnowionej elektroniki \u2013 pokazuj\u0119, \u017ce mo\u017cna mie\u0107 \u015bwietny sprz\u0119t bez przep\u0142acania i bez dok\u0142adania kolejnych elektro\u015bmieci. Na blogu dziel\u0119 si\u0119 wiedz\u0105 i do\u015bwiadczeniem, \u017ceby inspirowa\u0107 do sprytniejszych i bardziej \u015bwiadomych wybor\u00f3w technologicznych.\"}]}<\/script>\n<!-- \/ Yoast SEO plugin. -->","yoast_head_json":{"title":"iPad Pro ou iPad Air ? Quelle s\u00e9rie de tablettes Apple choisir | SWOPiFY","description":"iPad Air ou iPad Pro ? L'un tente par son prix, l'autre par ses caract\u00e9ristiques. D\u00e9couvre quelle tablette Apple vaut vraiment la peine d'\u00eatre achet\u00e9e et explore l'option reconditionn\u00e9e.","robots":{"index":"index","follow":"follow","max-snippet":"max-snippet:-1","max-image-preview":"max-image-preview:large","max-video-preview":"max-video-preview:-1"},"canonical":"https:\/\/swopify.com\/blog\/fr\/ipad-pro-ou-ipad-air-quelle-tablette-apple-dois-tu-choisir\/","og_locale":"fr_FR","og_type":"article","og_title":"iPad Pro ou iPad Air ? Quelle s\u00e9rie de tablettes Apple choisir | SWOPiFY","og_description":"iPad Air ou iPad Pro ? L'un tente par son prix, l'autre par ses caract\u00e9ristiques. D\u00e9couvre quelle tablette Apple vaut vraiment la peine d'\u00eatre achet\u00e9e et explore l'option reconditionn\u00e9e.","og_url":"https:\/\/swopify.com\/blog\/fr\/ipad-pro-ou-ipad-air-quelle-tablette-apple-dois-tu-choisir\/","og_site_name":"SWOPiFY","article_publisher":"https:\/\/www.facebook.com\/swopify.polska\/","article_published_time":"2026-04-27T15:34:37+00:00","article_modified_time":"2026-04-30T06:07:26+00:00","og_image":[{"width":720,"height":526,"url":"https:\/\/swopify.com\/blog\/wp-content\/uploads\/2026\/04\/ipad-pro-vs-ipad-air.jpg","type":"image\/jpeg"}],"author":"Bartek Zebrowski","twitter_card":"summary_large_image","twitter_misc":{"Written by":"Bartek Zebrowski","Est. reading time":"8 minutes"},"schema":{"@context":"https:\/\/schema.org","@graph":[{"@type":"Article","@id":"https:\/\/swopify.com\/blog\/fr\/ipad-pro-ou-ipad-air-quelle-tablette-apple-dois-tu-choisir\/#article","isPartOf":{"@id":"https:\/\/swopify.com\/blog\/fr\/ipad-pro-ou-ipad-air-quelle-tablette-apple-dois-tu-choisir\/"},"author":{"name":"Bartek Zebrowski","@id":"https:\/\/swopify.com\/blog\/#\/schema\/person\/33a2572ff16452bda32b9d8ef4080d16"},"headline":"iPad Pro ou iPad Air ? Quelle tablette Apple dois-tu choisir ?","datePublished":"2026-04-27T15:34:37+00:00","dateModified":"2026-04-30T06:07:26+00:00","mainEntityOfPage":{"@id":"https:\/\/swopify.com\/blog\/fr\/ipad-pro-ou-ipad-air-quelle-tablette-apple-dois-tu-choisir\/"},"wordCount":1738,"publisher":{"@id":"https:\/\/swopify.com\/blog\/#organization"},"image":{"@id":"https:\/\/swopify.com\/blog\/fr\/ipad-pro-ou-ipad-air-quelle-tablette-apple-dois-tu-choisir\/#primaryimage"},"thumbnailUrl":"https:\/\/swopify.com\/blog\/wp-content\/uploads\/2026\/04\/ipad-pro-vs-ipad-air.jpg","articleSection":["Comparatifs de tablettes"],"inLanguage":"fr-FR"},{"@type":"WebPage","@id":"https:\/\/swopify.com\/blog\/fr\/ipad-pro-ou-ipad-air-quelle-tablette-apple-dois-tu-choisir\/","url":"https:\/\/swopify.com\/blog\/fr\/ipad-pro-ou-ipad-air-quelle-tablette-apple-dois-tu-choisir\/","name":"iPad Pro ou iPad Air ? Quelle s\u00e9rie de tablettes Apple choisir | SWOPiFY","isPartOf":{"@id":"https:\/\/swopify.com\/blog\/#website"},"primaryImageOfPage":{"@id":"https:\/\/swopify.com\/blog\/fr\/ipad-pro-ou-ipad-air-quelle-tablette-apple-dois-tu-choisir\/#primaryimage"},"image":{"@id":"https:\/\/swopify.com\/blog\/fr\/ipad-pro-ou-ipad-air-quelle-tablette-apple-dois-tu-choisir\/#primaryimage"},"thumbnailUrl":"https:\/\/swopify.com\/blog\/wp-content\/uploads\/2026\/04\/ipad-pro-vs-ipad-air.jpg","datePublished":"2026-04-27T15:34:37+00:00","dateModified":"2026-04-30T06:07:26+00:00","description":"iPad Air ou iPad Pro ? L'un tente par son prix, l'autre par ses caract\u00e9ristiques. D\u00e9couvre quelle tablette Apple vaut vraiment la peine d'\u00eatre achet\u00e9e et explore l'option reconditionn\u00e9e.","breadcrumb":{"@id":"https:\/\/swopify.com\/blog\/fr\/ipad-pro-ou-ipad-air-quelle-tablette-apple-dois-tu-choisir\/#breadcrumb"},"inLanguage":"fr-FR","potentialAction":[{"@type":"ReadAction","target":["https:\/\/swopify.com\/blog\/fr\/ipad-pro-ou-ipad-air-quelle-tablette-apple-dois-tu-choisir\/"]}]},{"@type":"ImageObject","inLanguage":"fr-FR","@id":"https:\/\/swopify.com\/blog\/fr\/ipad-pro-ou-ipad-air-quelle-tablette-apple-dois-tu-choisir\/#primaryimage","url":"https:\/\/swopify.com\/blog\/wp-content\/uploads\/2026\/04\/ipad-pro-vs-ipad-air.jpg","contentUrl":"https:\/\/swopify.com\/blog\/wp-content\/uploads\/2026\/04\/ipad-pro-vs-ipad-air.jpg","width":720,"height":526,"caption":"ipad pro vs ipad air"},{"@type":"BreadcrumbList","@id":"https:\/\/swopify.com\/blog\/fr\/ipad-pro-ou-ipad-air-quelle-tablette-apple-dois-tu-choisir\/#breadcrumb","itemListElement":[{"@type":"ListItem","position":1,"name":"Strona g\u0142\u00f3wna","item":"https:\/\/swopify.com\/blog\/fr\/"},{"@type":"ListItem","position":2,"name":"iPad Pro ou iPad Air ? Quelle tablette Apple dois-tu choisir ?"}]},{"@type":"WebSite","@id":"https:\/\/swopify.com\/blog\/#website","url":"https:\/\/swopify.com\/blog\/","name":"SWOPiFY","description":"Blog o elektronice refurbished","publisher":{"@id":"https:\/\/swopify.com\/blog\/#organization"},"potentialAction":[{"@type":"SearchAction","target":{"@type":"EntryPoint","urlTemplate":"https:\/\/swopify.com\/blog\/?s={search_term_string}"},"query-input":{"@type":"PropertyValueSpecification","valueRequired":true,"valueName":"search_term_string"}}],"inLanguage":"fr-FR"},{"@type":"Organization","@id":"https:\/\/swopify.com\/blog\/#organization","name":"SWOPiFY","url":"https:\/\/swopify.com\/blog\/","logo":{"@type":"ImageObject","inLanguage":"fr-FR","@id":"https:\/\/swopify.com\/blog\/#\/schema\/logo\/image\/","url":"https:\/\/swopify.com\/blog\/wp-content\/uploads\/2025\/10\/swopify-blog-logo.png","contentUrl":"https:\/\/swopify.com\/blog\/wp-content\/uploads\/2025\/10\/swopify-blog-logo.png","width":219,"height":33,"caption":"SWOPiFY"},"image":{"@id":"https:\/\/swopify.com\/blog\/#\/schema\/logo\/image\/"},"sameAs":["https:\/\/www.facebook.com\/swopify.polska\/","https:\/\/www.instagram.com\/swopify_pl"]},{"@type":"Person","@id":"https:\/\/swopify.com\/blog\/#\/schema\/person\/33a2572ff16452bda32b9d8ef4080d16","name":"Bartek Zebrowski","image":{"@type":"ImageObject","inLanguage":"fr-FR","@id":"https:\/\/swopify.com\/blog\/#\/schema\/person\/image\/","url":"https:\/\/secure.gravatar.com\/avatar\/1bd8afa4c1d6b4939151f7e8748c2d999db5bdeacaabc395e986297505ee7b4d?s=96&d=mm&r=g","contentUrl":"https:\/\/secure.gravatar.com\/avatar\/1bd8afa4c1d6b4939151f7e8748c2d999db5bdeacaabc395e986297505ee7b4d?s=96&d=mm&r=g","caption":"Bartek Zebrowski"},"description":"Jestem pasjonatem odnowionej elektroniki \u2013 pokazuj\u0119, \u017ce mo\u017cna mie\u0107 \u015bwietny sprz\u0119t bez przep\u0142acania i bez dok\u0142adania kolejnych elektro\u015bmieci. Na blogu dziel\u0119 si\u0119 wiedz\u0105 i do\u015bwiadczeniem, \u017ceby inspirowa\u0107 do sprytniejszych i bardziej \u015bwiadomych wybor\u00f3w technologicznych."}]}},"_links":{"self":[{"href":"https:\/\/swopify.com\/blog\/fr\/wp-json\/wp\/v2\/posts\/6518","targetHints":{"allow":["GET"]}}],"collection":[{"href":"https:\/\/swopify.com\/blog\/fr\/wp-json\/wp\/v2\/posts"}],"about":[{"href":"https:\/\/swopify.com\/blog\/fr\/wp-json\/wp\/v2\/types\/post"}],"author":[{"embeddable":true,"href":"https:\/\/swopify.com\/blog\/fr\/wp-json\/wp\/v2\/users\/3"}],"replies":[{"embeddable":true,"href":"https:\/\/swopify.com\/blog\/fr\/wp-json\/wp\/v2\/comments?post=6518"}],"version-history":[{"count":1,"href":"https:\/\/swopify.com\/blog\/fr\/wp-json\/wp\/v2\/posts\/6518\/revisions"}],"predecessor-version":[{"id":6524,"href":"https:\/\/swopify.com\/blog\/fr\/wp-json\/wp\/v2\/posts\/6518\/revisions\/6524"}],"wp:featuredmedia":[{"embeddable":true,"href":"https:\/\/swopify.com\/blog\/fr\/wp-json\/wp\/v2\/media\/6521"}],"wp:attachment":[{"href":"https:\/\/swopify.com\/blog\/fr\/wp-json\/wp\/v2\/media?parent=6518"}],"wp:term":[{"taxonomy":"category","embeddable":true,"href":"https:\/\/swopify.com\/blog\/fr\/wp-json\/wp\/v2\/categories?post=6518"},{"taxonomy":"post_tag","embeddable":true,"href":"https:\/\/swopify.com\/blog\/fr\/wp-json\/wp\/v2\/tags?post=6518"}],"curies":[{"name":"wp","href":"https:\/\/api.w.org\/{rel}","templated":true}]}}