{"id":8111,"date":"2026-08-27T10:32:28","date_gmt":"2026-08-27T10:32:28","guid":{"rendered":"https:\/\/swopify.com\/blog\/lancement-officiel-de-liphone-18-pro-et-de-liphone-ultra-le-9-septembre-2026\/"},"modified":"2026-09-03T09:51:51","modified_gmt":"2026-09-03T09:51:51","slug":"lancement-officiel-de-liphone-18-pro-et-de-liphone-ultra-le-9-septembre-2026","status":"publish","type":"post","link":"https:\/\/swopify.com\/blog\/fr\/lancement-officiel-de-liphone-18-pro-et-de-liphone-ultra-le-9-septembre-2026\/","title":{"rendered":"Lancement officiel de l&rsquo;iPhone 18 Pro et de l&rsquo;iPhone Ultra le 9 septembre 2026"},"content":{"rendered":"\t\t<div data-elementor-type=\"wp-post\" data-elementor-id=\"8111\" class=\"elementor elementor-8111 elementor-5862\" data-elementor-post-type=\"post\">\n\t\t\t\t<div class=\"elementor-element elementor-element-a068712 e-con-full latest-post-section elementor-hidden-desktop e-flex e-con e-parent\" data-id=\"a068712\" data-element_type=\"container\" data-settings=\"{&quot;background_background&quot;:&quot;classic&quot;}\">\n\t\t\t\t<div class=\"elementor-element elementor-element-96432e9 elementor-widget-tablet__width-inherit elementor-hidden-desktop elementor-widget elementor-widget-image\" data-id=\"96432e9\" data-element_type=\"widget\" data-widget_type=\"image.default\">\n\t\t\t\t\t\t\t\t\t\t\t\t\t\t\t<img fetchpriority=\"high\" decoding=\"async\" width=\"720\" height=\"526\" src=\"https:\/\/swopify.com\/blog\/wp-content\/uploads\/2026\/07\/premiera-iphone-18-pro-i-iphone-ultra.jpg\" class=\"attachment-full size-full wp-image-8114\" alt=\"Lancement de l&#039;iPhone 18 Pro et de l&#039;iPhone Ultra\" srcset=\"https:\/\/swopify.com\/blog\/wp-content\/uploads\/2026\/07\/premiera-iphone-18-pro-i-iphone-ultra.jpg 720w, https:\/\/swopify.com\/blog\/wp-content\/uploads\/2026\/07\/premiera-iphone-18-pro-i-iphone-ultra-300x219.jpg 300w\" sizes=\"(max-width: 720px) 100vw, 720px\" \/>\t\t\t\t\t\t\t\t\t\t\t\t\t\t\t<\/div>\n\t\t<div class=\"elementor-element elementor-element-6bb8681 e-con-full e-flex e-con e-child\" data-id=\"6bb8681\" data-element_type=\"container\">\n\t\t\t\t<div class=\"elementor-element elementor-element-1b46a36 elementor-widget elementor-widget-theme-post-title elementor-page-title elementor-widget-heading\" data-id=\"1b46a36\" data-element_type=\"widget\" data-widget_type=\"theme-post-title.default\">\n\t\t\t\t\t<h2 class=\"elementor-heading-title elementor-size-default\">Lancement officiel de l&rsquo;iPhone 18 Pro et de l&rsquo;iPhone Ultra le 9 septembre 2026<\/h2>\t\t\t\t<\/div>\n\t\t\t\t<div class=\"elementor-element elementor-element-fe62531 elementor-widget elementor-widget-theme-post-excerpt\" data-id=\"fe62531\" data-element_type=\"widget\" data-widget_type=\"theme-post-excerpt.default\">\n\t\t\t\t\tQuoi de neuf ?\t\t\t\t<\/div>\n\t\t<div class=\"elementor-element elementor-element-22aeab8 e-con-full e-flex e-con e-child\" data-id=\"22aeab8\" data-element_type=\"container\">\n\t\t<div class=\"elementor-element elementor-element-25da75f e-con-full custom-author-box e-flex e-con e-child\" data-id=\"25da75f\" data-element_type=\"container\" data-settings=\"{&quot;background_background&quot;:&quot;classic&quot;}\">\n\t\t<div class=\"elementor-element elementor-element-5354aaa e-con-full e-flex e-con e-child\" data-id=\"5354aaa\" data-element_type=\"container\">\n\t\t\t\t<div class=\"elementor-element elementor-element-d5efa74 elementor-widget elementor-widget-image\" data-id=\"d5efa74\" data-element_type=\"widget\" data-widget_type=\"image.default\">\n\t\t\t\t\t\t\t\t\t\t\t\t\t\t\t<img decoding=\"async\" src=\"https:\/\/secure.gravatar.com\/avatar\/1bd8afa4c1d6b4939151f7e8748c2d999db5bdeacaabc395e986297505ee7b4d?s=96&#038;d=mm&#038;r=g\" title=\"\" alt=\"\" loading=\"lazy\" \/>\t\t\t\t\t\t\t\t\t\t\t\t\t\t\t<\/div>\n\t\t\t\t<\/div>\n\t\t<div class=\"elementor-element elementor-element-6e94afd e-con-full e-flex e-con e-child\" data-id=\"6e94afd\" data-element_type=\"container\">\n\t\t\t\t<div class=\"elementor-element elementor-element-c0edeef elementor-widget elementor-widget-text-editor\" data-id=\"c0edeef\" data-element_type=\"widget\" data-widget_type=\"text-editor.default\">\n\t\t\t\t\t\t\t\t\tBartek Zebrowski\t\t\t\t\t\t\t\t<\/div>\n\t\t\t\t<div class=\"elementor-element elementor-element-646ebb9 elementor-widget elementor-widget-text-editor\" data-id=\"646ebb9\" data-element_type=\"widget\" data-widget_type=\"text-editor.default\">\n\t\t\t\t\t\t\t\t\tCEO &amp; Founder SWOPiFY\t\t\t\t\t\t\t\t<\/div>\n\t\t\t\t<\/div>\n\t\t\t\t<\/div>\n\t\t<div class=\"elementor-element elementor-element-cf6608d e-con-full custom-post-date-box e-flex e-con e-child\" data-id=\"cf6608d\" data-element_type=\"container\" data-settings=\"{&quot;background_background&quot;:&quot;classic&quot;}\">\n\t\t<div class=\"elementor-element elementor-element-fc7af8a e-con-full e-flex e-con e-child\" data-id=\"fc7af8a\" data-element_type=\"container\" data-settings=\"{&quot;background_background&quot;:&quot;classic&quot;}\">\n\t\t\t\t<div class=\"elementor-element elementor-element-8e22557 elementor-widget elementor-widget-image\" data-id=\"8e22557\" data-element_type=\"widget\" data-widget_type=\"image.default\">\n\t\t\t\t\t\t\t\t\t\t\t\t\t\t\t<img decoding=\"async\" width=\"24\" height=\"24\" src=\"https:\/\/swopify.com\/blog\/wp-content\/uploads\/2025\/07\/calendar_month.svg\" class=\"attachment-large size-large wp-image-4476\" alt=\"\" \/>\t\t\t\t\t\t\t\t\t\t\t\t\t\t\t<\/div>\n\t\t\t\t<\/div>\n\t\t<div class=\"elementor-element elementor-element-576c4a4 e-con-full e-flex e-con e-child\" data-id=\"576c4a4\" data-element_type=\"container\">\n\t\t\t\t<div class=\"elementor-element elementor-element-f3d4b85 elementor-widget elementor-widget-text-editor\" data-id=\"f3d4b85\" data-element_type=\"widget\" data-widget_type=\"text-editor.default\">\n\t\t\t\t\t\t\t\t\t<p>Ajout\u00e9 :<\/p>\t\t\t\t\t\t\t\t<\/div>\n\t\t\t\t<div class=\"elementor-element elementor-element-4248fdc elementor-widget elementor-widget-text-editor\" data-id=\"4248fdc\" data-element_type=\"widget\" data-widget_type=\"text-editor.default\">\n\t\t\t\t\t\t\t\t\t27 ao\u00fbt 2026\t\t\t\t\t\t\t\t<\/div>\n\t\t\t\t<\/div>\n\t\t\t\t<\/div>\n\t\t\t\t<\/div>\n\t\t\t\t<\/div>\n\t\t\t\t<\/div>\n\t\t<div class=\"elementor-element elementor-element-734dc151 elementor-hidden-tablet elementor-hidden-mobile e-flex e-con-boxed e-con e-parent\" data-id=\"734dc151\" data-element_type=\"container\" data-settings=\"{&quot;background_background&quot;:&quot;classic&quot;}\">\n\t\t\t\t\t<div class=\"e-con-inner\">\n\t\t<div class=\"elementor-element elementor-element-652d8125 e-con-full latest-post-section e-flex e-con e-child\" data-id=\"652d8125\" data-element_type=\"container\" data-settings=\"{&quot;background_background&quot;:&quot;classic&quot;}\">\n\t\t<div class=\"elementor-element elementor-element-4977ddce e-con-full e-flex e-con e-child\" data-id=\"4977ddce\" data-element_type=\"container\">\n\t\t\t\t<div class=\"elementor-element elementor-element-4f318805 elementor-widget elementor-widget-theme-post-excerpt\" data-id=\"4f318805\" data-element_type=\"widget\" data-widget_type=\"theme-post-excerpt.default\">\n\t\t\t\t\tQuoi de neuf ?\t\t\t\t<\/div>\n\t\t<div class=\"elementor-element elementor-element-2a9a308b e-con-full e-flex e-con e-child\" data-id=\"2a9a308b\" data-element_type=\"container\">\n\t\t<div class=\"elementor-element elementor-element-63a72ec2 e-con-full custom-author-box e-flex e-con e-child\" data-id=\"63a72ec2\" data-element_type=\"container\" data-settings=\"{&quot;background_background&quot;:&quot;classic&quot;}\">\n\t\t\t\t<div class=\"elementor-element elementor-element-520b9db elementor-widget elementor-widget-image\" data-id=\"520b9db\" data-element_type=\"widget\" data-widget_type=\"image.default\">\n\t\t\t\t\t\t\t\t\t\t\t\t\t\t\t<img decoding=\"async\" width=\"527\" height=\"661\" src=\"https:\/\/swopify.com\/blog\/wp-content\/uploads\/2025\/08\/bartek-2.png\" class=\"attachment-large size-large wp-image-4471\" alt=\"\" srcset=\"https:\/\/swopify.com\/blog\/wp-content\/uploads\/2025\/08\/bartek-2.png 527w, https:\/\/swopify.com\/blog\/wp-content\/uploads\/2025\/08\/bartek-2-239x300.png 239w\" sizes=\"(max-width: 527px) 100vw, 527px\" \/>\t\t\t\t\t\t\t\t\t\t\t\t\t\t\t<\/div>\n\t\t<div class=\"elementor-element elementor-element-45febd2e e-con-full e-flex e-con e-child\" data-id=\"45febd2e\" data-element_type=\"container\">\n\t\t\t\t<div class=\"elementor-element elementor-element-6a94c6b0 elementor-widget elementor-widget-text-editor\" data-id=\"6a94c6b0\" data-element_type=\"widget\" data-widget_type=\"text-editor.default\">\n\t\t\t\t\t\t\t\t\tBartek Zebrowski\t\t\t\t\t\t\t\t<\/div>\n\t\t\t\t<\/div>\n\t\t\t\t<\/div>\n\t\t<div class=\"elementor-element elementor-element-4dd10440 e-con-full custom-post-date-box e-flex e-con e-child\" data-id=\"4dd10440\" data-element_type=\"container\" data-settings=\"{&quot;background_background&quot;:&quot;classic&quot;}\">\n\t\t<div class=\"elementor-element elementor-element-2d72c32 e-con-full e-flex e-con e-child\" data-id=\"2d72c32\" data-element_type=\"container\" data-settings=\"{&quot;background_background&quot;:&quot;classic&quot;}\">\n\t\t\t\t<div class=\"elementor-element elementor-element-7390850b elementor-widget elementor-widget-image\" data-id=\"7390850b\" data-element_type=\"widget\" data-widget_type=\"image.default\">\n\t\t\t\t\t\t\t\t\t\t\t\t\t\t\t<img decoding=\"async\" width=\"24\" height=\"24\" src=\"https:\/\/swopify.com\/blog\/wp-content\/uploads\/2025\/07\/calendar_month.svg\" class=\"attachment-large size-large wp-image-4476\" alt=\"\" \/>\t\t\t\t\t\t\t\t\t\t\t\t\t\t\t<\/div>\n\t\t\t\t<\/div>\n\t\t<div class=\"elementor-element elementor-element-6e99fe5 e-con-full e-flex e-con e-child\" data-id=\"6e99fe5\" data-element_type=\"container\">\n\t\t\t\t<div class=\"elementor-element elementor-element-5e913b93 elementor-widget elementor-widget-text-editor\" data-id=\"5e913b93\" data-element_type=\"widget\" data-widget_type=\"text-editor.default\">\n\t\t\t\t\t\t\t\t\t<p>Ajout\u00e9 :<\/p>\t\t\t\t\t\t\t\t<\/div>\n\t\t\t\t<div class=\"elementor-element elementor-element-6a6d6747 elementor-widget elementor-widget-text-editor\" data-id=\"6a6d6747\" data-element_type=\"widget\" data-widget_type=\"text-editor.default\">\n\t\t\t\t\t\t\t\t\t27 ao\u00fbt 2026\t\t\t\t\t\t\t\t<\/div>\n\t\t\t\t<\/div>\n\t\t\t\t<\/div>\n\t\t\t\t<\/div>\n\t\t\t\t<\/div>\n\t\t\t\t<\/div>\n\t\t\t\t\t<\/div>\n\t\t\t\t<\/div>\n\t\t<div class=\"elementor-element elementor-element-52080da e-flex e-con-boxed e-con e-parent\" data-id=\"52080da\" data-element_type=\"container\">\n\t\t\t\t\t<div class=\"e-con-inner\">\n\t\t\t\t<div class=\"elementor-element elementor-element-afb8e18 elementor-widget__width-initial elementor-widget-mobile__width-inherit elementor-widget elementor-widget-text-editor\" data-id=\"afb8e18\" data-element_type=\"widget\" data-widget_type=\"text-editor.default\">\n\t\t\t\t\t\t\t\t\tApple a officiellement annonc\u00e9 la pr\u00e9sentation de ses nouveaux appareils cette ann\u00e9e. <strong><span style=\"color: #9a23fb;\">Le 9 septembre 2026 \u00e0 19 h, heure polonaise,<\/span><\/strong> , la soci\u00e9t\u00e9 d\u00e9voilera la nouvelle g\u00e9n\u00e9ration de ses smartphones phares, et tout porte \u00e0 croire que <strong><span style=\"color: #9a23fb;\">outre l\u2019iPhone 18 Pro et l\u2019iPhone 18 Pro Max, on d\u00e9couvrira aussi le premier smartphone pliable d\u2019Apple, baptis\u00e9 iPhone Ultra.<\/span><\/strong>\n\t\t\t\t\t\t\t\t<\/div>\n\t\t\t\t<div class=\"elementor-element elementor-element-7413e1f elementor-absolute elementor-widget elementor-widget-image\" data-id=\"7413e1f\" data-element_type=\"widget\" data-settings=\"{&quot;_position&quot;:&quot;absolute&quot;}\" data-widget_type=\"image.default\">\n\t\t\t\t\t\t\t\t\t\t\t\t\t\t\t<img loading=\"lazy\" decoding=\"async\" width=\"210\" height=\"210\" src=\"https:\/\/swopify.com\/blog\/wp-content\/uploads\/2025\/07\/Vector-1.svg\" class=\"attachment-large size-large wp-image-4479\" alt=\"\" \/>\t\t\t\t\t\t\t\t\t\t\t\t\t\t\t<\/div>\n\t\t\t\t\t<\/div>\n\t\t\t\t<\/div>\n\t\t<div class=\"elementor-element elementor-element-0b30c63 e-flex e-con-boxed e-con e-parent\" data-id=\"0b30c63\" data-element_type=\"container\" id=\"spis-tresci\" data-settings=\"{&quot;background_background&quot;:&quot;classic&quot;}\">\n\t\t\t\t\t<div class=\"e-con-inner\">\n\t\t<div class=\"elementor-element elementor-element-e36fba8 e-con-full e-flex e-con e-child\" data-id=\"e36fba8\" data-element_type=\"container\">\n\t\t<div class=\"elementor-element elementor-element-893e05c e-con-full e-flex e-con e-child\" data-id=\"893e05c\" data-element_type=\"container\" data-settings=\"{&quot;background_background&quot;:&quot;classic&quot;}\">\n\t\t\t\t<div class=\"elementor-element elementor-element-b1502ff elementor-widget__width-initial elementor-widget elementor-widget-heading\" data-id=\"b1502ff\" data-element_type=\"widget\" data-widget_type=\"heading.default\">\n\t\t\t\t\t<h2 class=\"elementor-heading-title elementor-size-default\">Lancement officiel de l'iPhone 18 Pro et de l'iPhone Ultra : l'essentiel \u00e0 savoir\n<\/h2>\t\t\t\t<\/div>\n\t\t\t\t<div class=\"elementor-element elementor-element-b58163f elementor-widget elementor-widget-text-editor\" data-id=\"b58163f\" data-element_type=\"widget\" data-widget_type=\"text-editor.default\">\n\t\t\t\t\t\t\t\t\t<ul><li>Le lancement de l&rsquo;iPhone 18 Pro et de l&rsquo;iPhone Ultra aura lieu le 9 septembre 2026.<\/li><li>La pr\u00e9sentation commencera \u00e0 19 h, heure polonaise. <\/li><li>L&rsquo;iPhone 18 Pro et l&rsquo;iPhone 18 Pro Max devraient \u00eatre d\u00e9voil\u00e9s lors de la conf\u00e9rence Apple de septembre.<\/li><li>L&rsquo;iPhone Ultra devrait \u00eatre le premier smartphone pliable d&rsquo;Apple.<\/li><li>L&rsquo;iPhone 18 standard ne devrait faire ses d\u00e9buts qu&rsquo;au printemps 2027.<\/li><li>Pendant cet \u00e9v\u00e9nement, Apple devrait aussi pr\u00e9senter de nouveaux mod\u00e8les d&rsquo;Apple Watch et d&rsquo;AirPods.<\/li><li>La sortie de cette ann\u00e9e pourrait bien changer le calendrier habituel des lancements d&rsquo;iPhone : cet automne, ce sont surtout les mod\u00e8les haut de gamme qui devraient faire leur apparition.<\/li><\/ul>\t\t\t\t\t\t\t\t<\/div>\n\t\t\t\t<div class=\"elementor-element elementor-element-007c6df elementor-align-center elementor-widget elementor-widget-button\" data-id=\"007c6df\" data-element_type=\"widget\" data-widget_type=\"button.default\">\n\t\t\t\t\t\t\t\t\t\t<a class=\"elementor-button elementor-button-link elementor-size-sm\" href=\"https:\/\/swopify.com\/blog\/fr\/quand-sortira-liphone-18-et-quest-ce-quon-sait-deja\/\">\n\t\t\t\t\t\t<span class=\"elementor-button-content-wrapper\">\n\t\t\t\t\t\t\t\t\t<span class=\"elementor-button-text\">Quand sortira l'iPhone 18 et qu'est-ce qu'on sait d\u00e9j\u00e0 ?<\/span>\n\t\t\t\t\t<\/span>\n\t\t\t\t\t<\/a>\n\t\t\t\t\t\t\t\t<\/div>\n\t\t\t\t<div class=\"elementor-element elementor-element-7e2131b elementor-widget elementor-widget-heading\" data-id=\"7e2131b\" data-element_type=\"widget\" data-widget_type=\"heading.default\">\n\t\t\t\t\t<h2 class=\"elementor-heading-title elementor-size-default\">C'est quand que l'iPhone 18 Pro sortira officiellement ?\n<\/h2>\t\t\t\t<\/div>\n\t\t\t\t<div class=\"elementor-element elementor-element-d4699dc elementor-widget elementor-widget-text-editor\" data-id=\"d4699dc\" data-element_type=\"widget\" data-widget_type=\"text-editor.default\">\n\t\t\t\t\t\t\t\t\t<p>La date de la pr\u00e9sentation est d\u00e9j\u00e0 connue. Apple organise un \u00e9v\u00e9nement sp\u00e9cial <strong>le 9 septembre 2026 \u00e0 19 h, heure polonaise<\/strong>, sous le slogan \u00ab Surprise and Shine \u00bb. La conf\u00e9rence aura lieu \u00e0 l&rsquo;Apple Park, et tu pourras aussi suivre l&rsquo;\u00e9v\u00e9nement en ligne.  <\/p><p>Le lancement de cette ann\u00e9e pourrait \u00eatre particuli\u00e8rement int\u00e9ressant, car Apple s&rsquo;appr\u00eate \u00e0 changer sa fa\u00e7on habituelle de commercialiser ses nouveaux iPhone. Au lieu de pr\u00e9senter toute la gamme en m\u00eame temps, ce sont surtout les mod\u00e8les haut de gamme qui devraient faire leur apparition \u00e0 l&rsquo;automne. <\/p><p> <\/p><p>D&rsquo;apr\u00e8s les derni\u00e8res infos, il s&rsquo;agira de <strong>l&rsquo;iPhone 18 Pro,<\/strong> de <strong>l&rsquo;iPhone 18 Pro Max et<\/strong> de <strong>l&rsquo;iPhone Ultra pliable<\/strong>. L&rsquo;iPhone 18 standard ne devrait pas sortir avant 2027. <\/p>\t\t\t\t\t\t\t\t<\/div>\n\t\t<div class=\"elementor-element elementor-element-749babb e-con-full e-flex e-con e-child\" data-id=\"749babb\" data-element_type=\"container\">\n\t\t<div class=\"elementor-element elementor-element-43b95af e-grid e-con-full e-con e-child\" data-id=\"43b95af\" data-element_type=\"container\">\n\t\t\t\t<div class=\"elementor-element elementor-element-eec8bd1 elementor-widget elementor-widget-image\" data-id=\"eec8bd1\" data-element_type=\"widget\" data-widget_type=\"image.default\">\n\t\t\t\t\t\t\t\t\t\t\t\t<figure class=\"wp-caption\">\n\t\t\t\t\t\t\t\t\t\t\t<a href=\"https:\/\/swopify.com\/pl-pl\/iphone-16-pro-max-512gb-tytan-czarny-3912\">\n\t\t\t\t\t\t\t<img decoding=\"async\" src=\"https:\/\/swopify.com\/publicTmp\/pictures\/600x\/0c7ee8\/73y2q5y1m0k0u1m7f4p8z631y8d419k1.jpg\" title=\"\" alt=\"iPhone 16 Pro Max 512GB Tytan Czarny\" loading=\"lazy\" \/>\t\t\t\t\t\t\t\t<\/a>\n\t\t\t\t\t\t\t\t\t\t\t<figcaption class=\"widget-image-caption wp-caption-text\">iPhone 16 Pro Max 512 Go Titane Noir<\/figcaption>\n\t\t\t\t\t\t\t\t\t\t<\/figure>\n\t\t\t\t\t\t\t\t\t<\/div>\n\t\t\t\t<div class=\"elementor-element elementor-element-8779458 elementor-widget elementor-widget-image\" data-id=\"8779458\" data-element_type=\"widget\" data-widget_type=\"image.default\">\n\t\t\t\t\t\t\t\t\t\t\t\t<figure class=\"wp-caption\">\n\t\t\t\t\t\t\t\t\t\t\t<a href=\"https:\/\/swopify.com\/pl-pl\/iphone-17-pro-max-256gb-glebinowy-blekit-8164\">\n\t\t\t\t\t\t\t<img decoding=\"async\" src=\"https:\/\/swopify.com\/publicTmp\/pictures\/300x\/66b01f\/h8w2v0g500a0f1x726f6o0h6r753u2d1.webp\" title=\"\" alt=\"iPhone 17 Pro Max 256GB G\u0142\u0119binowy B\u0142\u0119kit\" loading=\"lazy\" \/>\t\t\t\t\t\t\t\t<\/a>\n\t\t\t\t\t\t\t\t\t\t\t<figcaption class=\"widget-image-caption wp-caption-text\">iPhone 17 Pro Max 256 Go Bleu des profondeurs<\/figcaption>\n\t\t\t\t\t\t\t\t\t\t<\/figure>\n\t\t\t\t\t\t\t\t\t<\/div>\n\t\t\t\t<div class=\"elementor-element elementor-element-fbb5866 elementor-widget elementor-widget-image\" data-id=\"fbb5866\" data-element_type=\"widget\" data-widget_type=\"image.default\">\n\t\t\t\t\t\t\t\t\t\t\t\t<figure class=\"wp-caption\">\n\t\t\t\t\t\t\t\t\t\t\t<a href=\"https:\/\/swopify.com\/pl-pl\/iphone-17-256gb-bialy-8134\">\n\t\t\t\t\t\t\t<img decoding=\"async\" src=\"https:\/\/swopify.com\/publicTmp\/pictures\/300x\/0bc37d\/g2y9z5l7v0q0i1m7r606w0e5h5v5r3j5.webp\" title=\"\" alt=\"iPhone 17 256GB Bia\u0142y\" loading=\"lazy\" \/>\t\t\t\t\t\t\t\t<\/a>\n\t\t\t\t\t\t\t\t\t\t\t<figcaption class=\"widget-image-caption wp-caption-text\">iPhone 17 256 Go Blanc<\/figcaption>\n\t\t\t\t\t\t\t\t\t\t<\/figure>\n\t\t\t\t\t\t\t\t\t<\/div>\n\t\t\t\t<\/div>\n\t\t\t\t<\/div>\n\t\t\t\t<div class=\"elementor-element elementor-element-7881737 elementor-widget elementor-widget-heading\" data-id=\"7881737\" data-element_type=\"widget\" data-widget_type=\"heading.default\">\n\t\t\t\t\t<h2 class=\"elementor-heading-title elementor-size-default\">Qu'est-ce qu'Apple va d\u00e9voiler lors de la conf\u00e9rence du 9 septembre ?\n<\/h2>\t\t\t\t<\/div>\n\t\t\t\t<div class=\"elementor-element elementor-element-87e7028 elementor-widget elementor-widget-text-editor\" data-id=\"87e7028\" data-element_type=\"widget\" data-widget_type=\"text-editor.default\">\n\t\t\t\t\t\t\t\t\t<p>M\u00eame si l&rsquo;attention se concentre surtout sur les nouveaux iPhone, l&rsquo;\u00e9v\u00e9nement d&rsquo;Apple de septembre devrait r\u00e9server d&rsquo;autres nouveaut\u00e9s.<\/p><p> <\/p><p><strong>En plus de l&rsquo;iPhone 18 Pro, de l&rsquo;iPhone 18 Pro Max et de l&rsquo;iPhone Ultra pliable, on pourrait voir :<\/strong><\/p><ul><li>Apple Watch S\u00e9rie 12,<\/li><li>Apple Watch Ultra 4,<\/li><li>les nouveaux AirPods, dont peut-\u00eatre la prochaine g\u00e9n\u00e9ration d&rsquo;AirPods Pro,<\/li><li>des accessoires suppl\u00e9mentaires pour les nouveaux appareils.<\/li><\/ul><p> <\/p><p>Tous ces produits n\u2019ont pas encore \u00e9t\u00e9 officiellement confirm\u00e9s par Apple. Cette liste est tir\u00e9e des derni\u00e8res rumeurs du secteur. MacRumors cite notamment l\u2019Apple Watch Series 12, l\u2019Apple Watch Ultra 4 et les AirPods 5 comme des produits qui pourraient \u00eatre pr\u00e9sent\u00e9s lors de l\u2019\u00e9v\u00e9nement.  <\/p><p> <\/p><p>\u00c7a veut dire que le 9 septembre pourrait bien \u00eatre l&rsquo;un des jours les plus importants du calendrier Apple de cette ann\u00e9e. La bo\u00eete devrait non seulement renouveler ses iPhone phares, mais aussi se lancer dans une toute nouvelle cat\u00e9gorie d&rsquo;appareils. <\/p>\t\t\t\t\t\t\t\t<\/div>\n\t\t\t\t<div class=\"elementor-element elementor-element-ab8f692 elementor-align-center elementor-widget elementor-widget-button\" data-id=\"ab8f692\" data-element_type=\"widget\" data-widget_type=\"button.default\">\n\t\t\t\t\t\t\t\t\t\t<a class=\"elementor-button elementor-button-link elementor-size-sm\" href=\"https:\/\/swopify.com\/blog\/top-5-najlepszych-skladanych-telefonow-ranking-2026\/\">\n\t\t\t\t\t\t<span class=\"elementor-button-content-wrapper\">\n\t\t\t\t\t\t\t\t\t<span class=\"elementor-button-text\">Top 5 des meilleurs t\u00e9l\u00e9phones pliables<\/span>\n\t\t\t\t\t<\/span>\n\t\t\t\t\t<\/a>\n\t\t\t\t\t\t\t\t<\/div>\n\t\t\t\t<div class=\"elementor-element elementor-element-8ae0a7c elementor-widget elementor-widget-heading\" data-id=\"8ae0a7c\" data-element_type=\"widget\" data-widget_type=\"heading.default\">\n\t\t\t\t\t<h2 class=\"elementor-heading-title elementor-size-default\">Quelles seront les caract\u00e9ristiques techniques de l'iPhone 18 Pro ?\n<\/h2>\t\t\t\t<\/div>\n\t\t\t\t<div class=\"elementor-element elementor-element-708cc81 elementor-widget elementor-widget-text-editor\" data-id=\"708cc81\" data-element_type=\"widget\" data-widget_type=\"text-editor.default\">\n\t\t\t\t\t\t\t\t\t<p>D&rsquo;apr\u00e8s les derni\u00e8res infos, l&rsquo;iPhone 18 Pro devrait surtout apporter des changements au niveau du processeur, des appareils photo et de la technologie d&rsquo;\u00e9cran. Voici les principales caract\u00e9ristiques techniques attendues : <\/p><p> <\/p><ul><li>le processeur Apple A20 Pro, fabriqu\u00e9 en 2 nm,<\/li><li>le modem Apple C2, qui devrait \u00eatre le prochain modem d\u00e9velopp\u00e9 en interne par l&rsquo;entreprise,<\/li><li>un appareil photo principal avec une ouverture variable, ce qui permet de mieux contr\u00f4ler la quantit\u00e9 de lumi\u00e8re,<\/li><li>une Dynamic Island plus petite, gr\u00e2ce au fait que les \u00e9l\u00e9ments Face ID sont partiellement dissimul\u00e9s sous l&rsquo;\u00e9cran,<\/li><li>de nouvelles couleurs de bo\u00eetier, parmi lesquelles on trouve notamment la teinte Dark Cherry, <\/li><li>un design similaire \u00e0 celui de l&rsquo;iPhone 17 Pro, m\u00eame si les dimensions exactes et les mat\u00e9riaux n&rsquo;ont pas encore \u00e9t\u00e9 confirm\u00e9s.<\/li><\/ul><p> <\/p><p>Le nouveau processeur devrait \u00eatre l&rsquo;un des \u00e9l\u00e9ments cl\u00e9s de cette g\u00e9n\u00e9ration. <strong>Le passage \u00e0 la technologie 2 nm pourrait apporter plus de puissance et une meilleure efficacit\u00e9 \u00e9nerg\u00e9tique<\/strong>, ce qui, concr\u00e8tement, devrait se traduire par un fonctionnement plus fluide du t\u00e9l\u00e9phone et une autonomie potentiellement plus longue.<\/p>\t\t\t\t\t\t\t\t<\/div>\n\t\t<div class=\"elementor-element elementor-element-d31f4b7 e-grid e-con-full e-con e-child\" data-id=\"d31f4b7\" data-element_type=\"container\">\n\t\t\t\t<div class=\"elementor-element elementor-element-6efb9d8 elementor-widget elementor-widget-image\" data-id=\"6efb9d8\" data-element_type=\"widget\" data-widget_type=\"image.default\">\n\t\t\t\t\t\t\t\t\t\t\t\t<figure class=\"wp-caption\">\n\t\t\t\t\t\t\t\t\t\t\t<a href=\"https:\/\/swopify.com\/pl-pl\/iphone-16-pro-max-256gb-tytan-czarny-3235\">\n\t\t\t\t\t\t\t<img decoding=\"async\" src=\"https:\/\/swopify.com\/publicTmp\/pictures\/600x\/6ba30f\/f6r9k8e0q0m0l1a7g4l8w6r1f8k0q686.jpg\" title=\"\" alt=\"iPhone 16 Pro Max 256GB Tytan Czarny\" loading=\"lazy\" \/>\t\t\t\t\t\t\t\t<\/a>\n\t\t\t\t\t\t\t\t\t\t\t<figcaption class=\"widget-image-caption wp-caption-text\">iPhone 16 Pro Max 256GB Titanium Black<\/figcaption>\n\t\t\t\t\t\t\t\t\t\t<\/figure>\n\t\t\t\t\t\t\t\t\t<\/div>\n\t\t\t\t<div class=\"elementor-element elementor-element-1be9e8f elementor-widget elementor-widget-image\" data-id=\"1be9e8f\" data-element_type=\"widget\" data-widget_type=\"image.default\">\n\t\t\t\t\t\t\t\t\t\t\t\t<figure class=\"wp-caption\">\n\t\t\t\t\t\t\t\t\t\t\t<a href=\"https:\/\/swopify.com\/pl-pl\/iphone-16-pro-max-256gb-tytan-bialy-3905\">\n\t\t\t\t\t\t\t<img decoding=\"async\" src=\"https:\/\/swopify.com\/publicTmp\/pictures\/600x\/c385e1\/15i9b6i0g0v0o1v7t4l8i6n1f8t0u7u6.jpg\" title=\"\" alt=\"iPhone 16 Pro Max 256GB Tytan Bia\u0142y\" loading=\"lazy\" \/>\t\t\t\t\t\t\t\t<\/a>\n\t\t\t\t\t\t\t\t\t\t\t<figcaption class=\"widget-image-caption wp-caption-text\">iPhone 16 Pro Max 256GB Blanc Titane<\/figcaption>\n\t\t\t\t\t\t\t\t\t\t<\/figure>\n\t\t\t\t\t\t\t\t\t<\/div>\n\t\t\t\t<div class=\"elementor-element elementor-element-68afd87 elementor-widget elementor-widget-image\" data-id=\"68afd87\" data-element_type=\"widget\" data-widget_type=\"image.default\">\n\t\t\t\t\t\t\t\t\t\t\t\t<figure class=\"wp-caption\">\n\t\t\t\t\t\t\t\t\t\t\t<a href=\"https:\/\/swopify.com\/pl-pl\/iphone-17-pro-256gb-glebinowy-blekit-8150\">\n\t\t\t\t\t\t\t<img decoding=\"async\" src=\"https:\/\/swopify.com\/publicTmp\/pictures\/300x\/54c21b\/h1j2v7u8g0e0i1d7w6o6y0n5a92849r0.webp\" title=\"\" alt=\"iPhone 17 Pro 256GB G\u0142\u0119binowy B\u0142\u0119kit\" loading=\"lazy\" \/>\t\t\t\t\t\t\t\t<\/a>\n\t\t\t\t\t\t\t\t\t\t\t<figcaption class=\"widget-image-caption wp-caption-text\">iPhone 17 Pro 256 Go Bleu des profondeurs<\/figcaption>\n\t\t\t\t\t\t\t\t\t\t<\/figure>\n\t\t\t\t\t\t\t\t\t<\/div>\n\t\t\t\t<\/div>\n\t\t\t\t<div class=\"elementor-element elementor-element-bb9adae elementor-widget elementor-widget-heading\" data-id=\"bb9adae\" data-element_type=\"widget\" data-widget_type=\"heading.default\">\n\t\t\t\t\t<h2 class=\"elementor-heading-title elementor-size-default\">Les nouvelles couleurs et le nouveau design de l'iPhone 18 Pro\n<\/h2>\t\t\t\t<\/div>\n\t\t\t\t<div class=\"elementor-element elementor-element-0e2225b elementor-widget elementor-widget-text-editor\" data-id=\"0e2225b\" data-element_type=\"widget\" data-widget_type=\"text-editor.default\">\n\t\t\t\t\t\t\t\t\t<p>Les changements devraient aussi concerner les couleurs. Parmi les fuites, on voit notamment appara\u00eetre <strong>une teinte rouge fonc\u00e9, appel\u00e9e \u00ab Dark Cherry \u00bb, ainsi qu&rsquo;un bleu froid<\/strong>. <\/p><p> <\/p><p>On entend aussi dire que le nouveau mod\u00e8le pourrait garder des dimensions assez proches de celles de son pr\u00e9d\u00e9cesseur, ce qui <strong>permettrait de l&rsquo;utiliser avec les coques de la g\u00e9n\u00e9ration pr\u00e9c\u00e9dente<\/strong><\/p>\t\t\t\t\t\t\t\t<\/div>\n\t\t\t\t<div class=\"elementor-element elementor-element-3c6501c elementor-align-center elementor-widget elementor-widget-button\" data-id=\"3c6501c\" data-element_type=\"widget\" data-widget_type=\"button.default\">\n\t\t\t\t\t\t\t\t\t\t<a class=\"elementor-button elementor-button-link elementor-size-sm\" href=\"https:\/\/swopify.com\/blog\/kiedy-najlepiej-kupic-iphone\/\">\n\t\t\t\t\t\t<span class=\"elementor-button-content-wrapper\">\n\t\t\t\t\t\t\t\t\t<span class=\"elementor-button-text\">Quel est le meilleur moment pour acheter un iPhone ?<\/span>\n\t\t\t\t\t<\/span>\n\t\t\t\t\t<\/a>\n\t\t\t\t\t\t\t\t<\/div>\n\t\t\t\t<div class=\"elementor-element elementor-element-5911d90 elementor-widget elementor-widget-heading\" data-id=\"5911d90\" data-element_type=\"widget\" data-widget_type=\"heading.default\">\n\t\t\t\t\t<h2 class=\"elementor-heading-title elementor-size-default\">Quelles pourraient \u00eatre les caract\u00e9ristiques techniques de l'iPhone Ultra ?\n<\/h2>\t\t\t\t<\/div>\n\t\t\t\t<div class=\"elementor-element elementor-element-38826f3 elementor-widget elementor-widget-text-editor\" data-id=\"38826f3\" data-element_type=\"widget\" data-widget_type=\"text-editor.default\">\n\t\t\t\t\t\t\t\t\t<p>L&rsquo;iPhone Ultra pliable devrait \u00eatre l&rsquo;appareil le plus original de la gamme Apple de cette ann\u00e9e. D&rsquo;apr\u00e8s les infos qu&rsquo;on a pour l&rsquo;instant, ce smartphone <strong>aura une conception pliable comme un livre<\/strong>, avec un grand \u00e9cran interne et un \u00e9cran externe suppl\u00e9mentaire. <\/p><p> <\/p><p><strong>Les infos qui reviennent le plus souvent sur les caract\u00e9ristiques techniques, c&rsquo;est :<\/strong><\/p><p> <\/p><ul><li>un \u00e9cran interne d&rsquo;environ 7,8 pouces,<\/li><li>un \u00e9cran externe d&rsquo;environ 5,5 pouces,<\/li><li>une conception de type \u00ab book-style \u00bb, similaire \u00e0 celle d&rsquo;autres smartphones pliables,<\/li><li>deux cam\u00e9ras arri\u00e8re,<\/li><li>la puce Apple A20,<\/li><li>Touch ID int\u00e9gr\u00e9 au bouton d&rsquo;alimentation,<\/li><li>une structure tr\u00e8s fine une fois d\u00e9pli\u00e9e,<\/li><li>une solution destin\u00e9e \u00e0 att\u00e9nuer la visibilit\u00e9 du pli sur l&rsquo;\u00e9cran pliable.<\/li><\/ul><p> <\/p><p>En ce qui concerne l&rsquo;iPhone Ultra, il y a encore beaucoup d&rsquo;infos qui n&rsquo;ont pas \u00e9t\u00e9 confirm\u00e9es. Apple n&rsquo;a pas encore d\u00e9voil\u00e9 les caract\u00e9ristiques techniques officielles de ce mod\u00e8le pliable, donc les sp\u00e9cifications de l&rsquo;\u00e9cran, des appareils photo ou du processeur utilis\u00e9 pourraient changer avant sa sortie. <\/p>\t\t\t\t\t\t\t\t<\/div>\n\t\t\t\t<div class=\"elementor-element elementor-element-2408663 elementor-widget elementor-widget-heading\" data-id=\"2408663\" data-element_type=\"widget\" data-widget_type=\"heading.default\">\n\t\t\t\t\t<h2 class=\"elementor-heading-title elementor-size-default\">Combien pourraient co\u00fbter l'iPhone 18 Pro et l'iPhone Ultra ?<\/h2>\t\t\t\t<\/div>\n\t\t\t\t<div class=\"elementor-element elementor-element-e116fea elementor-widget elementor-widget-text-editor\" data-id=\"e116fea\" data-element_type=\"widget\" data-widget_type=\"text-editor.default\">\n\t\t\t\t\t\t\t\t\t<ul><li>iPhone 18 Pro \u2013 environ 6 000 z\u0142<\/li><li>iPhone 18 Pro Max \u2013 environ 8 000 z\u0142<\/li><li>iPhone Ultra \u2013 environ 9 000 \u00e0 11 000 zlotys<\/li><li>iPhone 18 \u2013 \u00e0 partir d&rsquo;environ 4 000 z\u0142, mais sa sortie n&rsquo;est pr\u00e9vue qu&rsquo;au printemps 2027.<\/li><\/ul><p> <\/p><p>Les prix pr\u00e9vus pour l&rsquo;iPhone 18 Pro et l&rsquo;iPhone 18 Pro Max sont plus \u00e9lev\u00e9s que ceux de la g\u00e9n\u00e9ration pr\u00e9c\u00e9dente. Le prix pourrait notamment \u00eatre influenc\u00e9 par l&rsquo;utilisation <strong>d&rsquo;un processeur fabriqu\u00e9 en technologie 2 nm et du modem C2 d\u00e9velopp\u00e9 par Apple<\/strong>. On ne conna\u00eetra les prix d\u00e9finitifs en Pologne qu\u2019apr\u00e8s le lancement officiel, et ils d\u00e9pendront aussi du cours du dollar.   <\/p>\t\t\t\t\t\t\t\t<\/div>\n\t\t\t\t<div class=\"elementor-element elementor-element-98f2dbe elementor-align-center elementor-widget elementor-widget-button\" data-id=\"98f2dbe\" data-element_type=\"widget\" data-widget_type=\"button.default\">\n\t\t\t\t\t\t\t\t\t\t<a class=\"elementor-button elementor-button-link elementor-size-sm\" href=\"https:\/\/swopify.com\/blog\/iphone-14-pro-vs-17-pro-porownanie-smartfonow-apple\/\">\n\t\t\t\t\t\t<span class=\"elementor-button-content-wrapper\">\n\t\t\t\t\t\t\t\t\t<span class=\"elementor-button-text\">iPhone 14 Pro vs 17 Pro<\/span>\n\t\t\t\t\t<\/span>\n\t\t\t\t\t<\/a>\n\t\t\t\t\t\t\t\t<\/div>\n\t\t\t\t<div class=\"elementor-element elementor-element-5784098 elementor-widget elementor-widget-heading\" data-id=\"5784098\" data-element_type=\"widget\" data-widget_type=\"heading.default\">\n\t\t\t\t\t<h2 class=\"elementor-heading-title elementor-size-default\">Et qu'en est-il du simple iPhone 18 ?\n<\/h2>\t\t\t\t<\/div>\n\t\t\t\t<div class=\"elementor-element elementor-element-7450a21 elementor-widget elementor-widget-text-editor\" data-id=\"7450a21\" data-element_type=\"widget\" data-widget_type=\"text-editor.default\">\n\t\t\t\t\t\t\t\t\t<p>C&rsquo;est l&rsquo;un des changements les plus importants de la strat\u00e9gie d&rsquo;Apple cette ann\u00e9e.<\/p><p> <\/p><p><strong>L&rsquo;iPhone 18 ne devrait pas \u00eatre pr\u00e9sent\u00e9 en m\u00eame temps que les mod\u00e8les Pro en septembre.<\/strong>  D&rsquo;apr\u00e8s les derni\u00e8res infos, les mod\u00e8les de base ne devraient pas sortir avant le printemps 2027. C&rsquo;est \u00e0 peu pr\u00e8s \u00e0 cette p\u00e9riode que le prochain iPhone Air et l&rsquo;iPhone 18e pourraient \u00eatre d\u00e9voil\u00e9s. <\/p><p> <\/p><p>Apple pourrait ainsi attirer davantage l&rsquo;attention des clients sur les mod\u00e8les les plus chers lors du lancement de l&rsquo;automne. L&rsquo;\u00e9v\u00e9nement de septembre sera donc davantage ax\u00e9 sur le segment haut de gamme que les pr\u00e9sentations pr\u00e9c\u00e9dentes de l&rsquo;iPhone. <\/p>\t\t\t\t\t\t\t\t<\/div>\n\t\t\t\t<div class=\"elementor-element elementor-element-34ae63d elementor-widget elementor-widget-heading\" data-id=\"34ae63d\" data-element_type=\"widget\" data-widget_type=\"heading.default\">\n\t\t\t\t\t<h2 class=\"elementor-heading-title elementor-size-default\">Quand l'iPhone 18 Pro sera-t-il disponible \u00e0 la vente ?\n<\/h2>\t\t\t\t<\/div>\n\t\t\t\t<div class=\"elementor-element elementor-element-a528f33 elementor-widget elementor-widget-text-editor\" data-id=\"a528f33\" data-element_type=\"widget\" data-widget_type=\"text-editor.default\">\n\t\t\t\t\t\t\t\t\t<ul><li>L&rsquo;iPhone 18 Pro et l&rsquo;iPhone 18 Pro Max devraient \u00eatre commercialis\u00e9s fin septembre 2026.<\/li><li>La date officielle de lancement n&rsquo;a pas encore \u00e9t\u00e9 confirm\u00e9e par Apple.<\/li><li>La pr\u00e9vente pourrait commencer quelques jours apr\u00e8s la pr\u00e9sentation du 9 septembre.<\/li><\/ul><p> <\/p><p>Si Apple s&rsquo;en tient \u00e0 son calendrier de lancement habituel, les nouveaux mod\u00e8les Pro devraient arriver en magasin d\u00e8s septembre. Il faudra toutefois attendre la pr\u00e9sentation officielle pour conna\u00eetre la date exacte de mise en vente. <\/p>\t\t\t\t\t\t\t\t<\/div>\n\t\t\t\t<div class=\"elementor-element elementor-element-addf990 elementor-align-center elementor-widget elementor-widget-button\" data-id=\"addf990\" data-element_type=\"widget\" data-widget_type=\"button.default\">\n\t\t\t\t\t\t\t\t\t\t<a class=\"elementor-button elementor-button-link elementor-size-sm\" href=\"https:\/\/swopify.com\/blog\/apple-iphone-17-pro-vs-samsung-galaxy-s25-ultra-porownanie\/\">\n\t\t\t\t\t\t<span class=\"elementor-button-content-wrapper\">\n\t\t\t\t\t\t\t\t\t<span class=\"elementor-button-text\">Apple iPhone 17 Pro vs Samsung Galaxy S25 Ultra<\/span>\n\t\t\t\t\t<\/span>\n\t\t\t\t\t<\/a>\n\t\t\t\t\t\t\t\t<\/div>\n\t\t\t\t<div class=\"elementor-element elementor-element-9d88d5d elementor-widget elementor-widget-heading\" data-id=\"9d88d5d\" data-element_type=\"widget\" data-widget_type=\"heading.default\">\n\t\t\t\t\t<h2 class=\"elementor-heading-title elementor-size-default\">Est-ce que \u00e7a vaut le coup d'attendre la sortie de l'iPhone 18 Pro ?\n<\/h2>\t\t\t\t<\/div>\n\t\t\t\t<div class=\"elementor-element elementor-element-2c773c9 elementor-widget elementor-widget-text-editor\" data-id=\"2c773c9\" data-element_type=\"widget\" data-widget_type=\"text-editor.default\">\n\t\t\t\t\t\t\t\t\t<p>Si tu pr\u00e9vois d&rsquo;acheter un nouveau t\u00e9l\u00e9phone, <strong>le 9 septembre est une date \u00e0 ne pas manquer<\/strong>. Apr\u00e8s la pr\u00e9sentation, on conna\u00eetra les caract\u00e9ristiques techniques officielles, les prix et les diff\u00e9rences entre la nouvelle g\u00e9n\u00e9ration et l&rsquo;iPhone 17 Pro. <\/p><p> <\/p><p>\u00c7a ne veut pas dire pour autant que \u00e7a ne vaut plus le coup d&rsquo;acheter un mod\u00e8le plus ancien. Bien au contraire. <strong>Le lancement d&rsquo;une nouvelle g\u00e9n\u00e9ration, c&rsquo;est souvent le bon moment pour jeter un \u0153il aux prix des anciens mod\u00e8les, y compris les appareils reconditionn\u00e9s<\/strong>. <\/p><p> <\/p><p>Si tu n&rsquo;as pas besoin du tout dernier processeur ni des fonctionnalit\u00e9s qui viennent tout juste de sortir, <a href=\"https:\/\/swopify.com\/pl-pl\/apple-iphone\">un iPhone reconditionn\u00e9<\/a><strong> <\/strong>peut offrir une exp\u00e9rience tr\u00e8s similaire \u00e0 un prix bien moins \u00e9lev\u00e9. C&rsquo;est une solution qui permet de r\u00e9duire les d\u00e9penses tout en prolongeant la dur\u00e9e de vie d&rsquo;un appareil d\u00e9j\u00e0 fabriqu\u00e9. <\/p>\t\t\t\t\t\t\t\t<\/div>\n\t\t\t\t<\/div>\n\t\t<div class=\"elementor-element elementor-element-18cd69d e-con-full e-flex e-con e-child\" data-id=\"18cd69d\" data-element_type=\"container\" data-settings=\"{&quot;background_background&quot;:&quot;classic&quot;}\">\n\t\t\t\t<div class=\"elementor-element elementor-element-f50921e elementor-widget__width-initial elementor-widget elementor-widget-heading\" data-id=\"f50921e\" data-element_type=\"widget\" data-widget_type=\"heading.default\">\n\t\t\t\t\t<h2 class=\"elementor-heading-title elementor-size-default\">Questions fr\u00e9quemment pos\u00e9es<\/h2>\t\t\t\t<\/div>\n\t\t\t\t<div class=\"elementor-element elementor-element-fdbafc8 elementor-widget elementor-widget-n-accordion\" data-id=\"fdbafc8\" data-element_type=\"widget\" data-settings=\"{&quot;n_accordion_animation_duration&quot;:{&quot;unit&quot;:&quot;ms&quot;,&quot;size&quot;:500,&quot;sizes&quot;:[]},&quot;default_state&quot;:&quot;expanded&quot;,&quot;max_items_expended&quot;:&quot;one&quot;}\" data-widget_type=\"nested-accordion.default\">\n\t\t\t\t\t\t\t<div class=\"e-n-accordion\" aria-label=\"Accordion. Open links with Enter or Space, close with Escape, and navigate with Arrow Keys\">\n\t\t\t\t\t\t<details id=\"e-n-accordion-item-2660\" class=\"e-n-accordion-item\" open>\n\t\t\t\t<summary class=\"e-n-accordion-item-title\" data-accordion-index=\"1\" tabindex=\"0\" aria-expanded=\"true\" aria-controls=\"e-n-accordion-item-2660\" >\n\t\t\t\t\t<span class='e-n-accordion-item-title-header'><div class=\"e-n-accordion-item-title-text\"> C'est quand que l'iPhone 18 Pro sortira officiellement ? <\/div><\/span>\n\t\t\t\t\t\t\t<span class='e-n-accordion-item-title-icon'>\n\t\t\t<span class='e-opened' ><svg xmlns=\"http:\/\/www.w3.org\/2000\/svg\" width=\"12\" height=\"8\" viewBox=\"0 0 12 8\" fill=\"none\"><path d=\"M6 0.000391054L12 6.00039L10.6 7.40039L6 2.80039L1.4 7.40039L-1.22392e-07 6.00039L6 0.000391054Z\" fill=\"#292D33\"><\/path><\/svg><\/span>\n\t\t\t<span class='e-closed'><svg xmlns=\"http:\/\/www.w3.org\/2000\/svg\" width=\"12\" height=\"8\" viewBox=\"0 0 12 8\" fill=\"none\"><path d=\"M6 7.4L0 1.4L1.4 0L6 4.6L10.6 0L12 1.4L6 7.4Z\" fill=\"#292D33\"><\/path><\/svg><\/span>\n\t\t<\/span>\n\n\t\t\t\t\t\t<\/summary>\n\t\t\t\t<div role=\"region\" aria-labelledby=\"e-n-accordion-item-2660\" class=\"elementor-element elementor-element-c744340 e-con-full e-flex e-con e-child\" data-id=\"c744340\" data-element_type=\"container\">\n\t\t\t\t<div class=\"elementor-element elementor-element-8036a0d elementor-widget elementor-widget-text-editor\" data-id=\"8036a0d\" data-element_type=\"widget\" data-widget_type=\"text-editor.default\">\n\t\t\t\t\t\t\t\t\t<p>La pr\u00e9sentation officielle de l&rsquo;iPhone 18 Pro devrait avoir lieu le 9 septembre 2026 \u00e0 19 h, heure polonaise. Lors de cet \u00e9v\u00e9nement, Apple devrait \u00e9galement d\u00e9voiler l&rsquo;iPhone 18 Pro Max ainsi qu&rsquo;un mod\u00e8le pliable baptis\u00e9 iPhone Ultra. <\/p>\t\t\t\t\t\t\t\t<\/div>\n\t\t\t\t<\/div>\n\t\t\t\t\t<\/details>\n\t\t\t\t\t\t<details id=\"e-n-accordion-item-2661\" class=\"e-n-accordion-item\" >\n\t\t\t\t<summary class=\"e-n-accordion-item-title\" data-accordion-index=\"2\" tabindex=\"-1\" aria-expanded=\"false\" aria-controls=\"e-n-accordion-item-2661\" >\n\t\t\t\t\t<span class='e-n-accordion-item-title-header'><div class=\"e-n-accordion-item-title-text\"> C'est pour quand la sortie de l'iPhone Ultra ? <\/div><\/span>\n\t\t\t\t\t\t\t<span class='e-n-accordion-item-title-icon'>\n\t\t\t<span class='e-opened' ><svg xmlns=\"http:\/\/www.w3.org\/2000\/svg\" width=\"12\" height=\"8\" viewBox=\"0 0 12 8\" fill=\"none\"><path d=\"M6 0.000391054L12 6.00039L10.6 7.40039L6 2.80039L1.4 7.40039L-1.22392e-07 6.00039L6 0.000391054Z\" fill=\"#292D33\"><\/path><\/svg><\/span>\n\t\t\t<span class='e-closed'><svg xmlns=\"http:\/\/www.w3.org\/2000\/svg\" width=\"12\" height=\"8\" viewBox=\"0 0 12 8\" fill=\"none\"><path d=\"M6 7.4L0 1.4L1.4 0L6 4.6L10.6 0L12 1.4L6 7.4Z\" fill=\"#292D33\"><\/path><\/svg><\/span>\n\t\t<\/span>\n\n\t\t\t\t\t\t<\/summary>\n\t\t\t\t<div role=\"region\" aria-labelledby=\"e-n-accordion-item-2661\" class=\"elementor-element elementor-element-928de8b e-con-full e-flex e-con e-child\" data-id=\"928de8b\" data-element_type=\"container\">\n\t\t\t\t<div class=\"elementor-element elementor-element-f20c0b9 elementor-widget elementor-widget-text-editor\" data-id=\"f20c0b9\" data-element_type=\"widget\" data-widget_type=\"text-editor.default\">\n\t\t\t\t\t\t\t\t\t<p>La sortie de l&rsquo;iPhone Ultra est pr\u00e9vue pour le 9 septembre 2026. Ce serait le premier iPhone pliable de l&rsquo;histoire d&rsquo;Apple, \u00e9quip\u00e9 d&rsquo;un grand \u00e9cran interne et d&rsquo;un \u00e9cran externe suppl\u00e9mentaire. Le nom \u00ab iPhone Ultra \u00bb et les caract\u00e9ristiques techniques d\u00e9taill\u00e9es de l&rsquo;appareil n&rsquo;ont pas encore \u00e9t\u00e9 officiellement confirm\u00e9s par Apple.  <\/p>\t\t\t\t\t\t\t\t<\/div>\n\t\t\t\t<\/div>\n\t\t\t\t\t<\/details>\n\t\t\t\t\t\t<details id=\"e-n-accordion-item-2662\" class=\"e-n-accordion-item\" >\n\t\t\t\t<summary class=\"e-n-accordion-item-title\" data-accordion-index=\"3\" tabindex=\"-1\" aria-expanded=\"false\" aria-controls=\"e-n-accordion-item-2662\" >\n\t\t\t\t\t<span class='e-n-accordion-item-title-header'><div class=\"e-n-accordion-item-title-text\"> Combien co\u00fbtera l'iPhone 18 Pro en Pologne ? <\/div><\/span>\n\t\t\t\t\t\t\t<span class='e-n-accordion-item-title-icon'>\n\t\t\t<span class='e-opened' ><svg xmlns=\"http:\/\/www.w3.org\/2000\/svg\" width=\"12\" height=\"8\" viewBox=\"0 0 12 8\" fill=\"none\"><path d=\"M6 0.000391054L12 6.00039L10.6 7.40039L6 2.80039L1.4 7.40039L-1.22392e-07 6.00039L6 0.000391054Z\" fill=\"#292D33\"><\/path><\/svg><\/span>\n\t\t\t<span class='e-closed'><svg xmlns=\"http:\/\/www.w3.org\/2000\/svg\" width=\"12\" height=\"8\" viewBox=\"0 0 12 8\" fill=\"none\"><path d=\"M6 7.4L0 1.4L1.4 0L6 4.6L10.6 0L12 1.4L6 7.4Z\" fill=\"#292D33\"><\/path><\/svg><\/span>\n\t\t<\/span>\n\n\t\t\t\t\t\t<\/summary>\n\t\t\t\t<div role=\"region\" aria-labelledby=\"e-n-accordion-item-2662\" class=\"elementor-element elementor-element-31e1bbd e-con-full e-flex e-con e-child\" data-id=\"31e1bbd\" data-element_type=\"container\">\n\t\t\t\t<div class=\"elementor-element elementor-element-d2f0c95 elementor-widget elementor-widget-text-editor\" data-id=\"d2f0c95\" data-element_type=\"widget\" data-widget_type=\"text-editor.default\">\n\t\t\t\t\t\t\t\t\t<p>Le prix pr\u00e9vu pour l&rsquo;iPhone 18 Pro en Pologne est d&rsquo;environ 6 000 z\u0142, tandis que l&rsquo;iPhone 18 Pro Max pourrait co\u00fbter environ 8 000 z\u0142. Ce sont des estimations de prix de lancement : on ne conna\u00eetra la liste de prix officielle d&rsquo;Apple qu&rsquo;apr\u00e8s la pr\u00e9sentation. <\/p>\t\t\t\t\t\t\t\t<\/div>\n\t\t\t\t<\/div>\n\t\t\t\t\t<\/details>\n\t\t\t\t\t\t<details id=\"e-n-accordion-item-2663\" class=\"e-n-accordion-item\" >\n\t\t\t\t<summary class=\"e-n-accordion-item-title\" data-accordion-index=\"4\" tabindex=\"-1\" aria-expanded=\"false\" aria-controls=\"e-n-accordion-item-2663\" >\n\t\t\t\t\t<span class='e-n-accordion-item-title-header'><div class=\"e-n-accordion-item-title-text\"> Quels autres appareils Apple vont \u00eatre pr\u00e9sent\u00e9s le 9 septembre ? <\/div><\/span>\n\t\t\t\t\t\t\t<span class='e-n-accordion-item-title-icon'>\n\t\t\t<span class='e-opened' ><svg xmlns=\"http:\/\/www.w3.org\/2000\/svg\" width=\"12\" height=\"8\" viewBox=\"0 0 12 8\" fill=\"none\"><path d=\"M6 0.000391054L12 6.00039L10.6 7.40039L6 2.80039L1.4 7.40039L-1.22392e-07 6.00039L6 0.000391054Z\" fill=\"#292D33\"><\/path><\/svg><\/span>\n\t\t\t<span class='e-closed'><svg xmlns=\"http:\/\/www.w3.org\/2000\/svg\" width=\"12\" height=\"8\" viewBox=\"0 0 12 8\" fill=\"none\"><path d=\"M6 7.4L0 1.4L1.4 0L6 4.6L10.6 0L12 1.4L6 7.4Z\" fill=\"#292D33\"><\/path><\/svg><\/span>\n\t\t<\/span>\n\n\t\t\t\t\t\t<\/summary>\n\t\t\t\t<div role=\"region\" aria-labelledby=\"e-n-accordion-item-2663\" class=\"elementor-element elementor-element-e054d63 e-flex e-con-boxed e-con e-child\" data-id=\"e054d63\" data-element_type=\"container\">\n\t\t\t\t\t<div class=\"e-con-inner\">\n\t\t\t\t<div class=\"elementor-element elementor-element-84f073b elementor-widget elementor-widget-text-editor\" data-id=\"84f073b\" data-element_type=\"widget\" data-widget_type=\"text-editor.default\">\n\t\t\t\t\t\t\t\t\t<p>En plus des nouveaux iPhone, on s&rsquo;attend \u00e0 voir l&rsquo;Apple Watch Series 12, l&rsquo;Apple Watch Ultra 4 et les nouveaux AirPods lors de l&rsquo;\u00e9v\u00e9nement de septembre. La liste exacte des produits sera confirm\u00e9e par Apple lors de la pr\u00e9sentation. <\/p>\t\t\t\t\t\t\t\t<\/div>\n\t\t\t\t\t<\/div>\n\t\t\t\t<\/div>\n\t\t\t\t\t<\/details>\n\t\t\t\t\t<\/div>\n\t\t\t\t\t<script type=\"application\/ld+json\">{\"@context\":\"https:\\\/\\\/schema.org\",\"@type\":\"FAQPage\",\"mainEntity\":[{\"@type\":\"Question\",\"name\":\"C'est quand que l'iPhone 18 Pro sortira officiellement ?\",\"acceptedAnswer\":{\"@type\":\"Answer\",\"text\":\"La pr\\u00e9sentation officielle de l&rsquo;iPhone 18 Pro devrait avoir lieu le 9 septembre 2026 \\u00e0 19 h, heure polonaise. Lors de cet \\u00e9v\\u00e9nement, Apple devrait \\u00e9galement d\\u00e9voiler l&rsquo;iPhone 18 Pro Max ainsi qu&rsquo;un mod\\u00e8le pliable baptis\\u00e9 iPhone Ultra.\"}},{\"@type\":\"Question\",\"name\":\"C'est pour quand la sortie de l'iPhone Ultra ?\",\"acceptedAnswer\":{\"@type\":\"Answer\",\"text\":\"La sortie de l&rsquo;iPhone Ultra est pr\\u00e9vue pour le 9 septembre 2026. Ce serait le premier iPhone pliable de l&rsquo;histoire d&rsquo;Apple, \\u00e9quip\\u00e9 d&rsquo;un grand \\u00e9cran interne et d&rsquo;un \\u00e9cran externe suppl\\u00e9mentaire. Le nom \\u00ab iPhone Ultra \\u00bb et les caract\\u00e9ristiques techniques d\\u00e9taill\\u00e9es de l&rsquo;appareil n&rsquo;ont pas encore \\u00e9t\\u00e9 officiellement confirm\\u00e9s par Apple.\"}},{\"@type\":\"Question\",\"name\":\"Combien co\\u00fbtera l'iPhone 18 Pro en Pologne ?\",\"acceptedAnswer\":{\"@type\":\"Answer\",\"text\":\"Le prix pr\\u00e9vu pour l&rsquo;iPhone 18 Pro en Pologne est d&rsquo;environ 6 000 z\\u0142, tandis que l&rsquo;iPhone 18 Pro Max pourrait co\\u00fbter environ 8 000 z\\u0142. Ce sont des estimations de prix de lancement : on ne conna\\u00eetra la liste de prix officielle d&rsquo;Apple qu&rsquo;apr\\u00e8s la pr\\u00e9sentation.\"}},{\"@type\":\"Question\",\"name\":\"Quels autres appareils Apple vont \\u00eatre pr\\u00e9sent\\u00e9s le 9 septembre ?\",\"acceptedAnswer\":{\"@type\":\"Answer\",\"text\":\"En plus des nouveaux iPhone, on s&rsquo;attend \\u00e0 voir l&rsquo;Apple Watch Series 12, l&rsquo;Apple Watch Ultra 4 et les nouveaux AirPods lors de l&rsquo;\\u00e9v\\u00e9nement de septembre. La liste exacte des produits sera confirm\\u00e9e par Apple lors de la pr\\u00e9sentation.\"}}]}<\/script>\n\t\t\t\t\t\t\t<\/div>\n\t\t\t\t<\/div>\n\t\t<div class=\"elementor-element elementor-element-3ced5f1 e-con-full elementor-hidden-tablet elementor-hidden-mobile e-flex e-con e-child\" data-id=\"3ced5f1\" data-element_type=\"container\" data-settings=\"{&quot;background_background&quot;:&quot;classic&quot;}\">\n\t\t<div class=\"elementor-element elementor-element-3771c2c e-con-full e-flex e-con e-child\" data-id=\"3771c2c\" data-element_type=\"container\">\n\t\t\t\t<div class=\"elementor-element elementor-element-1abce59 elementor-absolute elementor-widget elementor-widget-image\" data-id=\"1abce59\" data-element_type=\"widget\" data-settings=\"{&quot;_position&quot;:&quot;absolute&quot;}\" data-widget_type=\"image.default\">\n\t\t\t\t\t\t\t\t\t\t\t\t\t\t\t<img loading=\"lazy\" decoding=\"async\" width=\"196\" height=\"143\" src=\"https:\/\/swopify.com\/blog\/wp-content\/uploads\/2025\/07\/Vector-6.svg\" class=\"attachment-large size-large wp-image-4481\" alt=\"\" \/>\t\t\t\t\t\t\t\t\t\t\t\t\t\t\t<\/div>\n\t\t\t\t<div class=\"elementor-element elementor-element-3adc862 elementor-absolute elementor-widget elementor-widget-image\" data-id=\"3adc862\" data-element_type=\"widget\" data-settings=\"{&quot;_position&quot;:&quot;absolute&quot;}\" data-widget_type=\"image.default\">\n\t\t\t\t\t\t\t\t\t\t\t\t\t\t\t<img loading=\"lazy\" decoding=\"async\" width=\"196\" height=\"143\" src=\"https:\/\/swopify.com\/blog\/wp-content\/uploads\/2025\/07\/Vector-6.svg\" class=\"attachment-large size-large wp-image-4481\" alt=\"\" \/>\t\t\t\t\t\t\t\t\t\t\t\t\t\t\t<\/div>\n\t\t\t\t<div class=\"elementor-element elementor-element-7ffb0e8 elementor-absolute elementor-widget elementor-widget-image\" data-id=\"7ffb0e8\" data-element_type=\"widget\" data-settings=\"{&quot;_position&quot;:&quot;absolute&quot;}\" data-widget_type=\"image.default\">\n\t\t\t\t\t\t\t\t\t\t\t\t\t\t\t<img loading=\"lazy\" decoding=\"async\" width=\"53\" height=\"50\" src=\"https:\/\/swopify.com\/blog\/wp-content\/uploads\/2025\/07\/Vector-7.svg\" class=\"attachment-large size-large wp-image-4483\" alt=\"\" \/>\t\t\t\t\t\t\t\t\t\t\t\t\t\t\t<\/div>\n\t\t\t\t<div class=\"elementor-element elementor-element-f0dc3a5 elementor-widget elementor-widget-image\" data-id=\"f0dc3a5\" data-element_type=\"widget\" data-widget_type=\"image.default\">\n\t\t\t\t\t\t\t\t\t\t\t\t\t\t\t<img loading=\"lazy\" decoding=\"async\" width=\"685\" height=\"676\" src=\"https:\/\/swopify.com\/blog\/wp-content\/uploads\/2025\/08\/bartek_zdj.jpg\" class=\"attachment-large size-large wp-image-4484\" alt=\"\" srcset=\"https:\/\/swopify.com\/blog\/wp-content\/uploads\/2025\/08\/bartek_zdj.jpg 685w, https:\/\/swopify.com\/blog\/wp-content\/uploads\/2025\/08\/bartek_zdj-300x296.jpg 300w\" sizes=\"(max-width: 685px) 100vw, 685px\" \/>\t\t\t\t\t\t\t\t\t\t\t\t\t\t\t<\/div>\n\t\t\t\t<\/div>\n\t\t<div class=\"elementor-element elementor-element-c7fa709 e-con-full e-flex e-con e-child\" data-id=\"c7fa709\" data-element_type=\"container\">\n\t\t<div class=\"elementor-element elementor-element-7fd3302 e-con-full e-flex e-con e-child\" data-id=\"7fd3302\" data-element_type=\"container\">\n\t\t\t\t<div class=\"elementor-element elementor-element-9a3f2b5 elementor-widget elementor-widget-text-editor\" data-id=\"9a3f2b5\" data-element_type=\"widget\" data-widget_type=\"text-editor.default\">\n\t\t\t\t\t\t\t\t\t<p>\u00c0 PROPOS DE L&rsquo;AUTEUR :<\/p>\t\t\t\t\t\t\t\t<\/div>\n\t\t\t\t<div class=\"elementor-element elementor-element-e6c5546 elementor-widget elementor-widget-text-editor\" data-id=\"e6c5546\" data-element_type=\"widget\" data-widget_type=\"text-editor.default\">\n\t\t\t\t\t\t\t\t\tBartek Zebrowski\t\t\t\t\t\t\t\t<\/div>\n\t\t\t\t<div class=\"elementor-element elementor-element-d6fc869 elementor-widget elementor-widget-text-editor\" data-id=\"d6fc869\" data-element_type=\"widget\" data-widget_type=\"text-editor.default\">\n\t\t\t\t\t\t\t\t\tCEO &amp; Founder SWOPiFY\t\t\t\t\t\t\t\t<\/div>\n\t\t\t\t<div class=\"elementor-element elementor-element-0f28a07 elementor-widget elementor-widget-text-editor\" data-id=\"0f28a07\" data-element_type=\"widget\" data-widget_type=\"text-editor.default\">\n\t\t\t\t\t\t\t\t\t<p>Je suis passionn\u00e9 par l&rsquo;\u00e9lectronique reconditionn\u00e9e, montrant qu&rsquo;il est possible d&rsquo;avoir du bon mat\u00e9riel sans payer trop cher et sans ajouter d&rsquo;autres d\u00e9chets \u00e9lectroniques. Sur le blog, je partage mes connaissances et mon exp\u00e9rience pour vous aider \u00e0 faire des choix technologiques plus intelligents et plus \u00e9clair\u00e9s. <\/p>\t\t\t\t\t\t\t\t<\/div>\n\t\t\t\t<\/div>\n\t\t\t\t<\/div>\n\t\t\t\t<\/div>\n\t\t<div class=\"elementor-element elementor-element-aaf9d0f e-con-full elementor-hidden-desktop e-flex e-con e-child\" data-id=\"aaf9d0f\" data-element_type=\"container\" data-settings=\"{&quot;background_background&quot;:&quot;classic&quot;}\">\n\t\t<div class=\"elementor-element elementor-element-a92490e e-con-full e-flex e-con e-child\" data-id=\"a92490e\" data-element_type=\"container\">\n\t\t\t\t<div class=\"elementor-element elementor-element-9ccff93 elementor-absolute elementor-widget elementor-widget-image\" data-id=\"9ccff93\" data-element_type=\"widget\" data-settings=\"{&quot;_position&quot;:&quot;absolute&quot;}\" data-widget_type=\"image.default\">\n\t\t\t\t\t\t\t\t\t\t\t\t\t\t\t<img loading=\"lazy\" decoding=\"async\" width=\"196\" height=\"143\" src=\"https:\/\/swopify.com\/blog\/wp-content\/uploads\/2025\/07\/Vector-6.svg\" class=\"attachment-large size-large wp-image-4481\" alt=\"\" \/>\t\t\t\t\t\t\t\t\t\t\t\t\t\t\t<\/div>\n\t\t\t\t<div class=\"elementor-element elementor-element-4f6644f elementor-absolute elementor-widget elementor-widget-image\" data-id=\"4f6644f\" data-element_type=\"widget\" data-settings=\"{&quot;_position&quot;:&quot;absolute&quot;}\" data-widget_type=\"image.default\">\n\t\t\t\t\t\t\t\t\t\t\t\t\t\t\t<img loading=\"lazy\" decoding=\"async\" width=\"196\" height=\"143\" src=\"https:\/\/swopify.com\/blog\/wp-content\/uploads\/2025\/07\/Vector-6.svg\" class=\"attachment-large size-large wp-image-4481\" alt=\"\" \/>\t\t\t\t\t\t\t\t\t\t\t\t\t\t\t<\/div>\n\t\t\t\t<div class=\"elementor-element elementor-element-9545908 elementor-absolute elementor-widget elementor-widget-image\" data-id=\"9545908\" data-element_type=\"widget\" data-settings=\"{&quot;_position&quot;:&quot;absolute&quot;}\" data-widget_type=\"image.default\">\n\t\t\t\t\t\t\t\t\t\t\t\t\t\t\t<img loading=\"lazy\" decoding=\"async\" width=\"53\" height=\"50\" src=\"https:\/\/swopify.com\/blog\/wp-content\/uploads\/2025\/07\/Vector-7.svg\" class=\"attachment-large size-large wp-image-4483\" alt=\"\" \/>\t\t\t\t\t\t\t\t\t\t\t\t\t\t\t<\/div>\n\t\t\t\t<div class=\"elementor-element elementor-element-40a2eb3 elementor-widget elementor-widget-image\" data-id=\"40a2eb3\" data-element_type=\"widget\" data-widget_type=\"image.default\">\n\t\t\t\t\t\t\t\t\t\t\t\t\t\t\t<img decoding=\"async\" src=\"https:\/\/secure.gravatar.com\/avatar\/1bd8afa4c1d6b4939151f7e8748c2d999db5bdeacaabc395e986297505ee7b4d?s=96&#038;d=mm&#038;r=g\" title=\"\" alt=\"\" loading=\"lazy\" \/>\t\t\t\t\t\t\t\t\t\t\t\t\t\t\t<\/div>\n\t\t\t\t<\/div>\n\t\t<div class=\"elementor-element elementor-element-d8018c1 e-con-full e-flex e-con e-child\" data-id=\"d8018c1\" data-element_type=\"container\">\n\t\t<div class=\"elementor-element elementor-element-4a0487a e-con-full e-flex e-con e-child\" data-id=\"4a0487a\" data-element_type=\"container\">\n\t\t\t\t<div class=\"elementor-element elementor-element-bd13085 elementor-widget elementor-widget-text-editor\" data-id=\"bd13085\" data-element_type=\"widget\" data-widget_type=\"text-editor.default\">\n\t\t\t\t\t\t\t\t\t<p>\u00c0 PROPOS DE L&rsquo;AUTEUR :<\/p>\t\t\t\t\t\t\t\t<\/div>\n\t\t\t\t<div class=\"elementor-element elementor-element-a8f264b elementor-widget elementor-widget-text-editor\" data-id=\"a8f264b\" data-element_type=\"widget\" data-widget_type=\"text-editor.default\">\n\t\t\t\t\t\t\t\t\tBartek Zebrowski\t\t\t\t\t\t\t\t<\/div>\n\t\t\t\t<div class=\"elementor-element elementor-element-26e3be6 elementor-widget elementor-widget-text-editor\" data-id=\"26e3be6\" data-element_type=\"widget\" data-widget_type=\"text-editor.default\">\n\t\t\t\t\t\t\t\t\tCEO &amp; Founder SWOPiFY\t\t\t\t\t\t\t\t<\/div>\n\t\t\t\t<div class=\"elementor-element elementor-element-cd82148 elementor-widget elementor-widget-text-editor\" data-id=\"cd82148\" data-element_type=\"widget\" data-widget_type=\"text-editor.default\">\n\t\t\t\t\t\t\t\t\t<p>Je suis passionn\u00e9 par l&rsquo;\u00e9lectronique reconditionn\u00e9e, montrant qu&rsquo;il est possible d&rsquo;avoir du bon mat\u00e9riel sans payer trop cher et sans ajouter d&rsquo;autres d\u00e9chets \u00e9lectroniques. Sur le blog, je partage mes connaissances et mon exp\u00e9rience pour vous aider \u00e0 faire des choix technologiques plus intelligents et plus \u00e9clair\u00e9s. <\/p>\t\t\t\t\t\t\t\t<\/div>\n\t\t\t\t<\/div>\n\t\t\t\t<\/div>\n\t\t\t\t<\/div>\n\t\t\t\t<\/div>\n\t\t<div class=\"elementor-element elementor-element-50dccb7 e-con-full e-flex e-con e-child\" data-id=\"50dccb7\" data-element_type=\"container\" data-settings=\"{&quot;sticky&quot;:&quot;top&quot;,&quot;sticky_offset&quot;:150,&quot;sticky_parent&quot;:&quot;yes&quot;,&quot;sticky_on&quot;:[&quot;desktop&quot;],&quot;sticky_effects_offset&quot;:0,&quot;sticky_anchor_link_offset&quot;:0}\">\n\t\t<div class=\"elementor-element elementor-element-225abc7 e-con-full e-flex e-con e-child\" data-id=\"225abc7\" data-element_type=\"container\" data-settings=\"{&quot;background_background&quot;:&quot;classic&quot;}\">\n\t\t\t\t<div class=\"elementor-element elementor-element-fd93494 elementor-absolute elementor-widget elementor-widget-image\" data-id=\"fd93494\" data-element_type=\"widget\" data-settings=\"{&quot;_position&quot;:&quot;absolute&quot;}\" data-widget_type=\"image.default\">\n\t\t\t\t\t\t\t\t\t\t\t\t\t\t\t<img loading=\"lazy\" decoding=\"async\" width=\"257\" height=\"226\" src=\"https:\/\/swopify.com\/blog\/wp-content\/uploads\/2025\/07\/Vector-2.svg\" class=\"attachment-large size-large wp-image-4486\" alt=\"\" \/>\t\t\t\t\t\t\t\t\t\t\t\t\t\t\t<\/div>\n\t\t\t\t<div class=\"elementor-element elementor-element-8b1898e elementor-absolute elementor-widget elementor-widget-image\" data-id=\"8b1898e\" data-element_type=\"widget\" data-settings=\"{&quot;_position&quot;:&quot;absolute&quot;}\" data-widget_type=\"image.default\">\n\t\t\t\t\t\t\t\t\t\t\t\t\t\t\t<img loading=\"lazy\" decoding=\"async\" width=\"258\" height=\"195\" src=\"https:\/\/swopify.com\/blog\/wp-content\/uploads\/2025\/07\/Vector-3.svg\" class=\"attachment-large size-large wp-image-4487\" alt=\"\" \/>\t\t\t\t\t\t\t\t\t\t\t\t\t\t\t<\/div>\n\t\t\t\t<div class=\"elementor-element elementor-element-92ef408 custom-table-of-content elementor-widget elementor-widget-table-of-contents\" data-id=\"92ef408\" data-element_type=\"widget\" data-settings=\"{&quot;headings_by_tags&quot;:[&quot;h2&quot;],&quot;exclude_headings_by_selector&quot;:&quot;.latest-post-section&quot;,&quot;marker_view&quot;:&quot;bullets&quot;,&quot;icon&quot;:{&quot;value&quot;:&quot;&quot;,&quot;library&quot;:&quot;&quot;},&quot;no_headings_message&quot;:&quot;No headings were found on this page.&quot;,&quot;hierarchical_view&quot;:&quot;yes&quot;,&quot;min_height&quot;:{&quot;unit&quot;:&quot;px&quot;,&quot;size&quot;:&quot;&quot;,&quot;sizes&quot;:[]},&quot;min_height_tablet&quot;:{&quot;unit&quot;:&quot;px&quot;,&quot;size&quot;:&quot;&quot;,&quot;sizes&quot;:[]},&quot;min_height_mobile&quot;:{&quot;unit&quot;:&quot;px&quot;,&quot;size&quot;:&quot;&quot;,&quot;sizes&quot;:[]}}\" data-widget_type=\"table-of-contents.default\">\n\t\t\t\t\t\t\t\t\t<div class=\"elementor-toc__header\">\n\t\t\t\t\t\t<div class=\"elementor-toc__header-title\">\n\t\t\t\tTable des mati\u00e8res :\t\t\t<\/div>\n\t\t\t\t\t\t\t\t<\/div>\n\t\t\t\t<div id=\"elementor-toc__92ef408\" class=\"elementor-toc__body\">\n\t\t\t<div class=\"elementor-toc__spinner-container\">\n\t\t\t\t<svg class=\"elementor-toc__spinner eicon-animation-spin e-font-icon-svg e-eicon-loading\" aria-hidden=\"true\" viewBox=\"0 0 1000 1000\" xmlns=\"http:\/\/www.w3.org\/2000\/svg\"><path d=\"M500 975V858C696 858 858 696 858 500S696 142 500 142 142 304 142 500H25C25 237 238 25 500 25S975 237 975 500 763 975 500 975Z\"><\/path><\/svg>\t\t\t<\/div>\n\t\t<\/div>\n\t\t\t\t\t\t<\/div>\n\t\t\t\t<\/div>\n\t\t\t\t<div class=\"elementor-element elementor-element-b48d790 button-with-arrow-right elementor-align-right elementor-hidden-tablet elementor-hidden-mobile elementor-widget elementor-widget-button\" data-id=\"b48d790\" data-element_type=\"widget\" data-widget_type=\"button.default\">\n\t\t\t\t\t\t\t\t\t\t<a class=\"elementor-button elementor-button-link elementor-size-sm\" href=\"#\">\n\t\t\t\t\t\t<span class=\"elementor-button-content-wrapper\">\n\t\t\t\t\t\t<span class=\"elementor-button-icon\">\n\t\t\t\t<svg xmlns=\"http:\/\/www.w3.org\/2000\/svg\" width=\"24\" height=\"24\" viewBox=\"0 0 24 24\" fill=\"none\"><mask id=\"mask0_137_1085\" style=\"mask-type:alpha\" maskUnits=\"userSpaceOnUse\" x=\"0\" y=\"0\" width=\"24\" height=\"24\"><rect width=\"24\" height=\"24\" fill=\"#D9D9D9\"><\/rect><\/mask><g mask=\"url(#mask0_137_1085)\"><path d=\"M5.4 20L4 18.6L15.6 7H9V5H19V15H17V8.4L5.4 20Z\" fill=\"white\"><\/path><\/g><\/svg>\t\t\t<\/span>\n\t\t\t\t\t\t\t\t\t<span class=\"elementor-button-text\">Retour \u00e0 la boutique<\/span>\n\t\t\t\t\t<\/span>\n\t\t\t\t\t<\/a>\n\t\t\t\t\t\t\t\t<\/div>\n\t\t\t\t<\/div>\n\t\t\t\t\t<\/div>\n\t\t\t\t<\/div>\n\t\t<div class=\"elementor-element elementor-element-b1e8d29 e-flex e-con-boxed e-con e-parent\" data-id=\"b1e8d29\" data-element_type=\"container\" data-settings=\"{&quot;background_background&quot;:&quot;classic&quot;}\">\n\t\t\t\t\t<div class=\"e-con-inner\">\n\t\t<div class=\"elementor-element elementor-element-cf40465 e-con-full elementor-hidden-desktop e-flex e-con e-child\" data-id=\"cf40465\" data-element_type=\"container\">\n\t\t<div class=\"elementor-element elementor-element-ea337e9 e-con-full e-flex e-con e-child\" data-id=\"ea337e9\" data-element_type=\"container\" data-settings=\"{&quot;background_background&quot;:&quot;classic&quot;,&quot;sticky&quot;:&quot;bottom&quot;,&quot;sticky_on&quot;:[&quot;tablet&quot;,&quot;mobile&quot;],&quot;sticky_offset_tablet&quot;:10,&quot;animation_tablet&quot;:&quot;none&quot;,&quot;sticky_offset&quot;:0,&quot;sticky_effects_offset&quot;:0,&quot;sticky_anchor_link_offset&quot;:0}\">\n\t\t\t\t<div class=\"elementor-element elementor-element-23c35b8 button-with-arrow-left elementor-align-right elementor-mobile-align-justify elementor-widget-mobile__width-auto elementor-widget elementor-widget-button\" data-id=\"23c35b8\" data-element_type=\"widget\" data-widget_type=\"button.default\">\n\t\t\t\t\t\t\t\t\t\t<a class=\"elementor-button elementor-button-link elementor-size-sm\" href=\"#spis-tresci\">\n\t\t\t\t\t\t<span class=\"elementor-button-content-wrapper\">\n\t\t\t\t\t\t<span class=\"elementor-button-icon\">\n\t\t\t\t<svg xmlns=\"http:\/\/www.w3.org\/2000\/svg\" width=\"24\" height=\"24\" viewBox=\"0 0 24 24\" fill=\"none\"><rect width=\"24\" height=\"24\" rx=\"12\" fill=\"#9A23FB\"><\/rect><path d=\"M7 15H17\" stroke=\"white\" stroke-width=\"2\" stroke-linecap=\"round\"><\/path><path d=\"M7 12H17\" stroke=\"white\" stroke-width=\"2\" stroke-linecap=\"round\"><\/path><path d=\"M7 9H17\" stroke=\"white\" stroke-width=\"2\" stroke-linecap=\"round\"><\/path><\/svg>\t\t\t<\/span>\n\t\t\t\t\t\t\t\t\t<span class=\"elementor-button-text\">Table des mati\u00e8res<\/span>\n\t\t\t\t\t<\/span>\n\t\t\t\t\t<\/a>\n\t\t\t\t\t\t\t\t<\/div>\n\t\t\t\t<div class=\"elementor-element elementor-element-99dfb18 button-with-arrow-right elementor-align-right elementor-widget-mobile__width-auto elementor-widget elementor-widget-button\" data-id=\"99dfb18\" data-element_type=\"widget\" data-widget_type=\"button.default\">\n\t\t\t\t\t\t\t\t\t\t<a class=\"elementor-button elementor-button-link elementor-size-sm\" href=\"#\">\n\t\t\t\t\t\t<span class=\"elementor-button-content-wrapper\">\n\t\t\t\t\t\t<span class=\"elementor-button-icon\">\n\t\t\t\t<svg xmlns=\"http:\/\/www.w3.org\/2000\/svg\" width=\"24\" height=\"24\" viewBox=\"0 0 24 24\" fill=\"none\"><mask id=\"mask0_137_1085\" style=\"mask-type:alpha\" maskUnits=\"userSpaceOnUse\" x=\"0\" y=\"0\" width=\"24\" height=\"24\"><rect width=\"24\" height=\"24\" fill=\"#D9D9D9\"><\/rect><\/mask><g mask=\"url(#mask0_137_1085)\"><path d=\"M5.4 20L4 18.6L15.6 7H9V5H19V15H17V8.4L5.4 20Z\" fill=\"white\"><\/path><\/g><\/svg>\t\t\t<\/span>\n\t\t\t\t\t\t\t\t\t<span class=\"elementor-button-text\">Retour \u00e0 la boutique<\/span>\n\t\t\t\t\t<\/span>\n\t\t\t\t\t<\/a>\n\t\t\t\t\t\t\t\t<\/div>\n\t\t\t\t<\/div>\n\t\t\t\t<\/div>\n\t\t\t\t\t<\/div>\n\t\t\t\t<\/div>\n\t\t<div class=\"elementor-element elementor-element-677958b e-grid e-con-boxed e-con e-parent\" data-id=\"677958b\" data-element_type=\"container\">\n\t\t\t\t\t<div class=\"e-con-inner\">\n\t\t\t\t\t<\/div>\n\t\t\t\t<\/div>\n\t\t\t\t<\/div>\n\t\t","protected":false},"excerpt":{"rendered":"<p>Quoi de neuf ?<\/p>\n","protected":false},"author":3,"featured_media":8114,"comment_status":"closed","ping_status":"open","sticky":false,"template":"elementor_header_footer","format":"standard","meta":{"_acf_changed":false,"footnotes":""},"categories":[86],"tags":[],"class_list":["post-8111","post","type-post","status-publish","format-standard","has-post-thumbnail","hentry","category-actualites"],"acf":[],"yoast_head":"<!-- This site is optimized with the Yoast SEO plugin v26.2 - https:\/\/yoast.com\/wordpress\/plugins\/seo\/ -->\n<title>Lancement officiel de l&#039;iPhone 18 Pro et de l&#039;iPhone Ultra lors de la conf\u00e9rence du 9 septembre 2026 | SWOPiFY<\/title>\n<meta name=\"description\" content=\"L&#039;iPhone 18 Pro et l&#039;iPhone Ultra sortent le 9 septembre 2026. D\u00e9couvre les prix, les caract\u00e9ristiques techniques et les autres nouveaut\u00e9s Apple.\" \/>\n<meta name=\"robots\" content=\"index, follow, max-snippet:-1, max-image-preview:large, max-video-preview:-1\" \/>\n<link rel=\"canonical\" href=\"https:\/\/swopify.com\/blog\/fr\/lancement-officiel-de-liphone-18-pro-et-de-liphone-ultra-le-9-septembre-2026\/\" \/>\n<meta property=\"og:locale\" content=\"fr_FR\" \/>\n<meta property=\"og:type\" content=\"article\" \/>\n<meta property=\"og:title\" content=\"Lancement officiel de l&#039;iPhone 18 Pro et de l&#039;iPhone Ultra lors de la conf\u00e9rence du 9 septembre 2026 | SWOPiFY\" \/>\n<meta property=\"og:description\" content=\"L&#039;iPhone 18 Pro et l&#039;iPhone Ultra sortent le 9 septembre 2026. D\u00e9couvre les prix, les caract\u00e9ristiques techniques et les autres nouveaut\u00e9s Apple.\" \/>\n<meta property=\"og:url\" content=\"https:\/\/swopify.com\/blog\/fr\/lancement-officiel-de-liphone-18-pro-et-de-liphone-ultra-le-9-septembre-2026\/\" \/>\n<meta property=\"og:site_name\" content=\"SWOPiFY\" \/>\n<meta property=\"article:publisher\" content=\"https:\/\/www.facebook.com\/swopify.polska\/\" \/>\n<meta property=\"article:published_time\" content=\"2026-08-27T10:32:28+00:00\" \/>\n<meta property=\"article:modified_time\" content=\"2026-09-03T09:51:51+00:00\" \/>\n<meta property=\"og:image\" content=\"https:\/\/swopify.com\/blog\/wp-content\/uploads\/2026\/07\/premiera-iphone-18-pro-i-iphone-ultra.jpg\" \/>\n\t<meta property=\"og:image:width\" content=\"720\" \/>\n\t<meta property=\"og:image:height\" content=\"526\" \/>\n\t<meta property=\"og:image:type\" content=\"image\/jpeg\" \/>\n<meta name=\"author\" content=\"Bartek Zebrowski\" \/>\n<meta name=\"twitter:card\" content=\"summary_large_image\" \/>\n<meta name=\"twitter:label1\" content=\"Written by\" \/>\n\t<meta name=\"twitter:data1\" content=\"Bartek Zebrowski\" \/>\n\t<meta name=\"twitter:label2\" content=\"Est. reading time\" \/>\n\t<meta name=\"twitter:data2\" content=\"10 minutes\" \/>\n<script type=\"application\/ld+json\" class=\"yoast-schema-graph\">{\"@context\":\"https:\/\/schema.org\",\"@graph\":[{\"@type\":\"Article\",\"@id\":\"https:\/\/swopify.com\/blog\/fr\/lancement-officiel-de-liphone-18-pro-et-de-liphone-ultra-le-9-septembre-2026\/#article\",\"isPartOf\":{\"@id\":\"https:\/\/swopify.com\/blog\/fr\/lancement-officiel-de-liphone-18-pro-et-de-liphone-ultra-le-9-septembre-2026\/\"},\"author\":{\"name\":\"Bartek Zebrowski\",\"@id\":\"https:\/\/swopify.com\/blog\/#\/schema\/person\/33a2572ff16452bda32b9d8ef4080d16\"},\"headline\":\"Lancement officiel de l&rsquo;iPhone 18 Pro et de l&rsquo;iPhone Ultra le 9 septembre 2026\",\"datePublished\":\"2026-08-27T10:32:28+00:00\",\"dateModified\":\"2026-09-03T09:51:51+00:00\",\"mainEntityOfPage\":{\"@id\":\"https:\/\/swopify.com\/blog\/fr\/lancement-officiel-de-liphone-18-pro-et-de-liphone-ultra-le-9-septembre-2026\/\"},\"wordCount\":2166,\"publisher\":{\"@id\":\"https:\/\/swopify.com\/blog\/#organization\"},\"image\":{\"@id\":\"https:\/\/swopify.com\/blog\/fr\/lancement-officiel-de-liphone-18-pro-et-de-liphone-ultra-le-9-septembre-2026\/#primaryimage\"},\"thumbnailUrl\":\"https:\/\/swopify.com\/blog\/wp-content\/uploads\/2026\/07\/premiera-iphone-18-pro-i-iphone-ultra.jpg\",\"articleSection\":[\"Actualit\u00e9s\"],\"inLanguage\":\"fr-FR\"},{\"@type\":\"WebPage\",\"@id\":\"https:\/\/swopify.com\/blog\/fr\/lancement-officiel-de-liphone-18-pro-et-de-liphone-ultra-le-9-septembre-2026\/\",\"url\":\"https:\/\/swopify.com\/blog\/fr\/lancement-officiel-de-liphone-18-pro-et-de-liphone-ultra-le-9-septembre-2026\/\",\"name\":\"Lancement officiel de l'iPhone 18 Pro et de l'iPhone Ultra lors de la conf\u00e9rence du 9 septembre 2026 | SWOPiFY\",\"isPartOf\":{\"@id\":\"https:\/\/swopify.com\/blog\/#website\"},\"primaryImageOfPage\":{\"@id\":\"https:\/\/swopify.com\/blog\/fr\/lancement-officiel-de-liphone-18-pro-et-de-liphone-ultra-le-9-septembre-2026\/#primaryimage\"},\"image\":{\"@id\":\"https:\/\/swopify.com\/blog\/fr\/lancement-officiel-de-liphone-18-pro-et-de-liphone-ultra-le-9-septembre-2026\/#primaryimage\"},\"thumbnailUrl\":\"https:\/\/swopify.com\/blog\/wp-content\/uploads\/2026\/07\/premiera-iphone-18-pro-i-iphone-ultra.jpg\",\"datePublished\":\"2026-08-27T10:32:28+00:00\",\"dateModified\":\"2026-09-03T09:51:51+00:00\",\"description\":\"L'iPhone 18 Pro et l'iPhone Ultra sortent le 9 septembre 2026. D\u00e9couvre les prix, les caract\u00e9ristiques techniques et les autres nouveaut\u00e9s Apple.\",\"breadcrumb\":{\"@id\":\"https:\/\/swopify.com\/blog\/fr\/lancement-officiel-de-liphone-18-pro-et-de-liphone-ultra-le-9-septembre-2026\/#breadcrumb\"},\"inLanguage\":\"fr-FR\",\"potentialAction\":[{\"@type\":\"ReadAction\",\"target\":[\"https:\/\/swopify.com\/blog\/fr\/lancement-officiel-de-liphone-18-pro-et-de-liphone-ultra-le-9-septembre-2026\/\"]}]},{\"@type\":\"ImageObject\",\"inLanguage\":\"fr-FR\",\"@id\":\"https:\/\/swopify.com\/blog\/fr\/lancement-officiel-de-liphone-18-pro-et-de-liphone-ultra-le-9-septembre-2026\/#primaryimage\",\"url\":\"https:\/\/swopify.com\/blog\/wp-content\/uploads\/2026\/07\/premiera-iphone-18-pro-i-iphone-ultra.jpg\",\"contentUrl\":\"https:\/\/swopify.com\/blog\/wp-content\/uploads\/2026\/07\/premiera-iphone-18-pro-i-iphone-ultra.jpg\",\"width\":720,\"height\":526,\"caption\":\"Lancement de l'iPhone 18 Pro et de l'iPhone Ultra\"},{\"@type\":\"BreadcrumbList\",\"@id\":\"https:\/\/swopify.com\/blog\/fr\/lancement-officiel-de-liphone-18-pro-et-de-liphone-ultra-le-9-septembre-2026\/#breadcrumb\",\"itemListElement\":[{\"@type\":\"ListItem\",\"position\":1,\"name\":\"Strona g\u0142\u00f3wna\",\"item\":\"https:\/\/swopify.com\/blog\/fr\/\"},{\"@type\":\"ListItem\",\"position\":2,\"name\":\"Lancement officiel de l&#8217;iPhone 18 Pro et de l&#8217;iPhone Ultra le 9 septembre 2026\"}]},{\"@type\":\"WebSite\",\"@id\":\"https:\/\/swopify.com\/blog\/#website\",\"url\":\"https:\/\/swopify.com\/blog\/\",\"name\":\"SWOPiFY\",\"description\":\"Blog o elektronice refurbished\",\"publisher\":{\"@id\":\"https:\/\/swopify.com\/blog\/#organization\"},\"potentialAction\":[{\"@type\":\"SearchAction\",\"target\":{\"@type\":\"EntryPoint\",\"urlTemplate\":\"https:\/\/swopify.com\/blog\/?s={search_term_string}\"},\"query-input\":{\"@type\":\"PropertyValueSpecification\",\"valueRequired\":true,\"valueName\":\"search_term_string\"}}],\"inLanguage\":\"fr-FR\"},{\"@type\":\"Organization\",\"@id\":\"https:\/\/swopify.com\/blog\/#organization\",\"name\":\"SWOPiFY\",\"url\":\"https:\/\/swopify.com\/blog\/\",\"logo\":{\"@type\":\"ImageObject\",\"inLanguage\":\"fr-FR\",\"@id\":\"https:\/\/swopify.com\/blog\/#\/schema\/logo\/image\/\",\"url\":\"https:\/\/swopify.com\/blog\/wp-content\/uploads\/2025\/10\/swopify-blog-logo.png\",\"contentUrl\":\"https:\/\/swopify.com\/blog\/wp-content\/uploads\/2025\/10\/swopify-blog-logo.png\",\"width\":219,\"height\":33,\"caption\":\"SWOPiFY\"},\"image\":{\"@id\":\"https:\/\/swopify.com\/blog\/#\/schema\/logo\/image\/\"},\"sameAs\":[\"https:\/\/www.facebook.com\/swopify.polska\/\",\"https:\/\/www.instagram.com\/swopify_pl\"]},{\"@type\":\"Person\",\"@id\":\"https:\/\/swopify.com\/blog\/#\/schema\/person\/33a2572ff16452bda32b9d8ef4080d16\",\"name\":\"Bartek Zebrowski\",\"image\":{\"@type\":\"ImageObject\",\"inLanguage\":\"fr-FR\",\"@id\":\"https:\/\/swopify.com\/blog\/#\/schema\/person\/image\/\",\"url\":\"https:\/\/secure.gravatar.com\/avatar\/1bd8afa4c1d6b4939151f7e8748c2d999db5bdeacaabc395e986297505ee7b4d?s=96&d=mm&r=g\",\"contentUrl\":\"https:\/\/secure.gravatar.com\/avatar\/1bd8afa4c1d6b4939151f7e8748c2d999db5bdeacaabc395e986297505ee7b4d?s=96&d=mm&r=g\",\"caption\":\"Bartek Zebrowski\"},\"description\":\"Jestem pasjonatem odnowionej elektroniki \u2013 pokazuj\u0119, \u017ce mo\u017cna mie\u0107 \u015bwietny sprz\u0119t bez przep\u0142acania i bez dok\u0142adania kolejnych elektro\u015bmieci. Na blogu dziel\u0119 si\u0119 wiedz\u0105 i do\u015bwiadczeniem, \u017ceby inspirowa\u0107 do sprytniejszych i bardziej \u015bwiadomych wybor\u00f3w technologicznych.\"}]}<\/script>\n<!-- \/ Yoast SEO plugin. -->","yoast_head_json":{"title":"Lancement officiel de l'iPhone 18 Pro et de l'iPhone Ultra lors de la conf\u00e9rence du 9 septembre 2026 | SWOPiFY","description":"L'iPhone 18 Pro et l'iPhone Ultra sortent le 9 septembre 2026. D\u00e9couvre les prix, les caract\u00e9ristiques techniques et les autres nouveaut\u00e9s Apple.","robots":{"index":"index","follow":"follow","max-snippet":"max-snippet:-1","max-image-preview":"max-image-preview:large","max-video-preview":"max-video-preview:-1"},"canonical":"https:\/\/swopify.com\/blog\/fr\/lancement-officiel-de-liphone-18-pro-et-de-liphone-ultra-le-9-septembre-2026\/","og_locale":"fr_FR","og_type":"article","og_title":"Lancement officiel de l'iPhone 18 Pro et de l'iPhone Ultra lors de la conf\u00e9rence du 9 septembre 2026 | SWOPiFY","og_description":"L'iPhone 18 Pro et l'iPhone Ultra sortent le 9 septembre 2026. D\u00e9couvre les prix, les caract\u00e9ristiques techniques et les autres nouveaut\u00e9s Apple.","og_url":"https:\/\/swopify.com\/blog\/fr\/lancement-officiel-de-liphone-18-pro-et-de-liphone-ultra-le-9-septembre-2026\/","og_site_name":"SWOPiFY","article_publisher":"https:\/\/www.facebook.com\/swopify.polska\/","article_published_time":"2026-08-27T10:32:28+00:00","article_modified_time":"2026-09-03T09:51:51+00:00","og_image":[{"width":720,"height":526,"url":"https:\/\/swopify.com\/blog\/wp-content\/uploads\/2026\/07\/premiera-iphone-18-pro-i-iphone-ultra.jpg","type":"image\/jpeg"}],"author":"Bartek Zebrowski","twitter_card":"summary_large_image","twitter_misc":{"Written by":"Bartek Zebrowski","Est. reading time":"10 minutes"},"schema":{"@context":"https:\/\/schema.org","@graph":[{"@type":"Article","@id":"https:\/\/swopify.com\/blog\/fr\/lancement-officiel-de-liphone-18-pro-et-de-liphone-ultra-le-9-septembre-2026\/#article","isPartOf":{"@id":"https:\/\/swopify.com\/blog\/fr\/lancement-officiel-de-liphone-18-pro-et-de-liphone-ultra-le-9-septembre-2026\/"},"author":{"name":"Bartek Zebrowski","@id":"https:\/\/swopify.com\/blog\/#\/schema\/person\/33a2572ff16452bda32b9d8ef4080d16"},"headline":"Lancement officiel de l&rsquo;iPhone 18 Pro et de l&rsquo;iPhone Ultra le 9 septembre 2026","datePublished":"2026-08-27T10:32:28+00:00","dateModified":"2026-09-03T09:51:51+00:00","mainEntityOfPage":{"@id":"https:\/\/swopify.com\/blog\/fr\/lancement-officiel-de-liphone-18-pro-et-de-liphone-ultra-le-9-septembre-2026\/"},"wordCount":2166,"publisher":{"@id":"https:\/\/swopify.com\/blog\/#organization"},"image":{"@id":"https:\/\/swopify.com\/blog\/fr\/lancement-officiel-de-liphone-18-pro-et-de-liphone-ultra-le-9-septembre-2026\/#primaryimage"},"thumbnailUrl":"https:\/\/swopify.com\/blog\/wp-content\/uploads\/2026\/07\/premiera-iphone-18-pro-i-iphone-ultra.jpg","articleSection":["Actualit\u00e9s"],"inLanguage":"fr-FR"},{"@type":"WebPage","@id":"https:\/\/swopify.com\/blog\/fr\/lancement-officiel-de-liphone-18-pro-et-de-liphone-ultra-le-9-septembre-2026\/","url":"https:\/\/swopify.com\/blog\/fr\/lancement-officiel-de-liphone-18-pro-et-de-liphone-ultra-le-9-septembre-2026\/","name":"Lancement officiel de l'iPhone 18 Pro et de l'iPhone Ultra lors de la conf\u00e9rence du 9 septembre 2026 | SWOPiFY","isPartOf":{"@id":"https:\/\/swopify.com\/blog\/#website"},"primaryImageOfPage":{"@id":"https:\/\/swopify.com\/blog\/fr\/lancement-officiel-de-liphone-18-pro-et-de-liphone-ultra-le-9-septembre-2026\/#primaryimage"},"image":{"@id":"https:\/\/swopify.com\/blog\/fr\/lancement-officiel-de-liphone-18-pro-et-de-liphone-ultra-le-9-septembre-2026\/#primaryimage"},"thumbnailUrl":"https:\/\/swopify.com\/blog\/wp-content\/uploads\/2026\/07\/premiera-iphone-18-pro-i-iphone-ultra.jpg","datePublished":"2026-08-27T10:32:28+00:00","dateModified":"2026-09-03T09:51:51+00:00","description":"L'iPhone 18 Pro et l'iPhone Ultra sortent le 9 septembre 2026. D\u00e9couvre les prix, les caract\u00e9ristiques techniques et les autres nouveaut\u00e9s Apple.","breadcrumb":{"@id":"https:\/\/swopify.com\/blog\/fr\/lancement-officiel-de-liphone-18-pro-et-de-liphone-ultra-le-9-septembre-2026\/#breadcrumb"},"inLanguage":"fr-FR","potentialAction":[{"@type":"ReadAction","target":["https:\/\/swopify.com\/blog\/fr\/lancement-officiel-de-liphone-18-pro-et-de-liphone-ultra-le-9-septembre-2026\/"]}]},{"@type":"ImageObject","inLanguage":"fr-FR","@id":"https:\/\/swopify.com\/blog\/fr\/lancement-officiel-de-liphone-18-pro-et-de-liphone-ultra-le-9-septembre-2026\/#primaryimage","url":"https:\/\/swopify.com\/blog\/wp-content\/uploads\/2026\/07\/premiera-iphone-18-pro-i-iphone-ultra.jpg","contentUrl":"https:\/\/swopify.com\/blog\/wp-content\/uploads\/2026\/07\/premiera-iphone-18-pro-i-iphone-ultra.jpg","width":720,"height":526,"caption":"Lancement de l'iPhone 18 Pro et de l'iPhone Ultra"},{"@type":"BreadcrumbList","@id":"https:\/\/swopify.com\/blog\/fr\/lancement-officiel-de-liphone-18-pro-et-de-liphone-ultra-le-9-septembre-2026\/#breadcrumb","itemListElement":[{"@type":"ListItem","position":1,"name":"Strona g\u0142\u00f3wna","item":"https:\/\/swopify.com\/blog\/fr\/"},{"@type":"ListItem","position":2,"name":"Lancement officiel de l&#8217;iPhone 18 Pro et de l&#8217;iPhone Ultra le 9 septembre 2026"}]},{"@type":"WebSite","@id":"https:\/\/swopify.com\/blog\/#website","url":"https:\/\/swopify.com\/blog\/","name":"SWOPiFY","description":"Blog o elektronice refurbished","publisher":{"@id":"https:\/\/swopify.com\/blog\/#organization"},"potentialAction":[{"@type":"SearchAction","target":{"@type":"EntryPoint","urlTemplate":"https:\/\/swopify.com\/blog\/?s={search_term_string}"},"query-input":{"@type":"PropertyValueSpecification","valueRequired":true,"valueName":"search_term_string"}}],"inLanguage":"fr-FR"},{"@type":"Organization","@id":"https:\/\/swopify.com\/blog\/#organization","name":"SWOPiFY","url":"https:\/\/swopify.com\/blog\/","logo":{"@type":"ImageObject","inLanguage":"fr-FR","@id":"https:\/\/swopify.com\/blog\/#\/schema\/logo\/image\/","url":"https:\/\/swopify.com\/blog\/wp-content\/uploads\/2025\/10\/swopify-blog-logo.png","contentUrl":"https:\/\/swopify.com\/blog\/wp-content\/uploads\/2025\/10\/swopify-blog-logo.png","width":219,"height":33,"caption":"SWOPiFY"},"image":{"@id":"https:\/\/swopify.com\/blog\/#\/schema\/logo\/image\/"},"sameAs":["https:\/\/www.facebook.com\/swopify.polska\/","https:\/\/www.instagram.com\/swopify_pl"]},{"@type":"Person","@id":"https:\/\/swopify.com\/blog\/#\/schema\/person\/33a2572ff16452bda32b9d8ef4080d16","name":"Bartek Zebrowski","image":{"@type":"ImageObject","inLanguage":"fr-FR","@id":"https:\/\/swopify.com\/blog\/#\/schema\/person\/image\/","url":"https:\/\/secure.gravatar.com\/avatar\/1bd8afa4c1d6b4939151f7e8748c2d999db5bdeacaabc395e986297505ee7b4d?s=96&d=mm&r=g","contentUrl":"https:\/\/secure.gravatar.com\/avatar\/1bd8afa4c1d6b4939151f7e8748c2d999db5bdeacaabc395e986297505ee7b4d?s=96&d=mm&r=g","caption":"Bartek Zebrowski"},"description":"Jestem pasjonatem odnowionej elektroniki \u2013 pokazuj\u0119, \u017ce mo\u017cna mie\u0107 \u015bwietny sprz\u0119t bez przep\u0142acania i bez dok\u0142adania kolejnych elektro\u015bmieci. Na blogu dziel\u0119 si\u0119 wiedz\u0105 i do\u015bwiadczeniem, \u017ceby inspirowa\u0107 do sprytniejszych i bardziej \u015bwiadomych wybor\u00f3w technologicznych."}]}},"_links":{"self":[{"href":"https:\/\/swopify.com\/blog\/fr\/wp-json\/wp\/v2\/posts\/8111","targetHints":{"allow":["GET"]}}],"collection":[{"href":"https:\/\/swopify.com\/blog\/fr\/wp-json\/wp\/v2\/posts"}],"about":[{"href":"https:\/\/swopify.com\/blog\/fr\/wp-json\/wp\/v2\/types\/post"}],"author":[{"embeddable":true,"href":"https:\/\/swopify.com\/blog\/fr\/wp-json\/wp\/v2\/users\/3"}],"replies":[{"embeddable":true,"href":"https:\/\/swopify.com\/blog\/fr\/wp-json\/wp\/v2\/comments?post=8111"}],"version-history":[{"count":1,"href":"https:\/\/swopify.com\/blog\/fr\/wp-json\/wp\/v2\/posts\/8111\/revisions"}],"predecessor-version":[{"id":8121,"href":"https:\/\/swopify.com\/blog\/fr\/wp-json\/wp\/v2\/posts\/8111\/revisions\/8121"}],"wp:featuredmedia":[{"embeddable":true,"href":"https:\/\/swopify.com\/blog\/fr\/wp-json\/wp\/v2\/media\/8114"}],"wp:attachment":[{"href":"https:\/\/swopify.com\/blog\/fr\/wp-json\/wp\/v2\/media?parent=8111"}],"wp:term":[{"taxonomy":"category","embeddable":true,"href":"https:\/\/swopify.com\/blog\/fr\/wp-json\/wp\/v2\/categories?post=8111"},{"taxonomy":"post_tag","embeddable":true,"href":"https:\/\/swopify.com\/blog\/fr\/wp-json\/wp\/v2\/tags?post=8111"}],"curies":[{"name":"wp","href":"https:\/\/api.w.org\/{rel}","templated":true}]}}