{"id":5528,"date":"2026-03-04T08:24:15","date_gmt":"2026-03-04T08:24:15","guid":{"rendered":"https:\/\/swopify.com\/blog\/iphone-17-pro-vs-iphone-17-pro-max-osszehasonlitas\/"},"modified":"2026-03-06T11:34:47","modified_gmt":"2026-03-06T11:34:47","slug":"iphone-17-pro-vs-iphone-17-pro-max-osszehasonlitas","status":"publish","type":"post","link":"https:\/\/swopify.com\/blog\/hu\/iphone-17-pro-vs-iphone-17-pro-max-osszehasonlitas\/","title":{"rendered":"iPhone 17 Pro vs iPhone 17 Pro Max &#8211; \u00f6sszehasonl\u00edt\u00e1s"},"content":{"rendered":"\t\t<div data-elementor-type=\"wp-post\" data-elementor-id=\"5528\" class=\"elementor elementor-5528 elementor-1862\" data-elementor-post-type=\"post\">\n\t\t\t\t<div class=\"elementor-element elementor-element-a068712 e-con-full latest-post-section elementor-hidden-desktop e-flex e-con e-parent\" data-id=\"a068712\" data-element_type=\"container\" data-settings=\"{&quot;background_background&quot;:&quot;classic&quot;}\">\n\t\t\t\t<div class=\"elementor-element elementor-element-96432e9 elementor-widget-tablet__width-inherit elementor-hidden-desktop elementor-widget elementor-widget-image\" data-id=\"96432e9\" data-element_type=\"widget\" data-widget_type=\"image.default\">\n\t\t\t\t\t\t\t\t\t\t\t\t\t\t\t<img fetchpriority=\"high\" decoding=\"async\" width=\"720\" height=\"526\" src=\"https:\/\/swopify.com\/blog\/wp-content\/uploads\/2025\/09\/iphone-17-pro-vs-17-pro-max-porownanie.jpg\" class=\"attachment-full size-full wp-image-5530\" alt=\"iPhone 17 Pro vs 17 Pro Max \u00f6sszehasonl\u00edt\u00e1s\" srcset=\"https:\/\/swopify.com\/blog\/wp-content\/uploads\/2025\/09\/iphone-17-pro-vs-17-pro-max-porownanie.jpg 720w, https:\/\/swopify.com\/blog\/wp-content\/uploads\/2025\/09\/iphone-17-pro-vs-17-pro-max-porownanie-300x219.jpg 300w\" sizes=\"(max-width: 720px) 100vw, 720px\" \/>\t\t\t\t\t\t\t\t\t\t\t\t\t\t\t<\/div>\n\t\t<div class=\"elementor-element elementor-element-6bb8681 e-con-full e-flex e-con e-child\" data-id=\"6bb8681\" data-element_type=\"container\">\n\t\t\t\t<div class=\"elementor-element elementor-element-1b46a36 elementor-widget elementor-widget-theme-post-title elementor-page-title elementor-widget-heading\" data-id=\"1b46a36\" data-element_type=\"widget\" data-widget_type=\"theme-post-title.default\">\n\t\t\t\t\t<h2 class=\"elementor-heading-title elementor-size-default\">iPhone 17 Pro vs iPhone 17 Pro Max &#8211; \u00f6sszehasonl\u00edt\u00e1s<\/h2>\t\t\t\t<\/div>\n\t\t\t\t<div class=\"elementor-element elementor-element-fe62531 elementor-widget elementor-widget-theme-post-excerpt\" data-id=\"fe62531\" data-element_type=\"widget\" data-widget_type=\"theme-post-excerpt.default\">\n\t\t\t\t\tMelyik modellt v\u00e1lasszuk?\t\t\t\t<\/div>\n\t\t<div class=\"elementor-element elementor-element-22aeab8 e-con-full e-flex e-con e-child\" data-id=\"22aeab8\" data-element_type=\"container\">\n\t\t<div class=\"elementor-element elementor-element-25da75f e-con-full custom-author-box e-flex e-con e-child\" data-id=\"25da75f\" data-element_type=\"container\" data-settings=\"{&quot;background_background&quot;:&quot;classic&quot;}\">\n\t\t<div class=\"elementor-element elementor-element-5354aaa e-con-full e-flex e-con e-child\" data-id=\"5354aaa\" data-element_type=\"container\">\n\t\t\t\t<div class=\"elementor-element elementor-element-d5efa74 elementor-widget elementor-widget-image\" data-id=\"d5efa74\" data-element_type=\"widget\" data-widget_type=\"image.default\">\n\t\t\t\t\t\t\t\t\t\t\t\t\t\t\t<img decoding=\"async\" src=\"https:\/\/secure.gravatar.com\/avatar\/1bd8afa4c1d6b4939151f7e8748c2d999db5bdeacaabc395e986297505ee7b4d?s=96&#038;d=mm&#038;r=g\" title=\"\" alt=\"\" loading=\"lazy\" \/>\t\t\t\t\t\t\t\t\t\t\t\t\t\t\t<\/div>\n\t\t\t\t<\/div>\n\t\t<div class=\"elementor-element elementor-element-6e94afd e-con-full e-flex e-con e-child\" data-id=\"6e94afd\" data-element_type=\"container\">\n\t\t\t\t<div class=\"elementor-element elementor-element-c0edeef elementor-widget elementor-widget-text-editor\" data-id=\"c0edeef\" data-element_type=\"widget\" data-widget_type=\"text-editor.default\">\n\t\t\t\t\t\t\t\t\tBartek Zebrowski\t\t\t\t\t\t\t\t<\/div>\n\t\t\t\t<\/div>\n\t\t\t\t<\/div>\n\t\t<div class=\"elementor-element elementor-element-cf6608d e-con-full custom-post-date-box e-flex e-con e-child\" data-id=\"cf6608d\" data-element_type=\"container\" data-settings=\"{&quot;background_background&quot;:&quot;classic&quot;}\">\n\t\t<div class=\"elementor-element elementor-element-fc7af8a e-con-full e-flex e-con e-child\" data-id=\"fc7af8a\" data-element_type=\"container\" data-settings=\"{&quot;background_background&quot;:&quot;classic&quot;}\">\n\t\t\t\t<div class=\"elementor-element elementor-element-8e22557 elementor-widget elementor-widget-image\" data-id=\"8e22557\" data-element_type=\"widget\" data-widget_type=\"image.default\">\n\t\t\t\t\t\t\t\t\t\t\t\t\t\t\t<img decoding=\"async\" width=\"24\" height=\"24\" src=\"https:\/\/swopify.com\/blog\/wp-content\/uploads\/2025\/07\/calendar_month.svg\" class=\"attachment-large size-large wp-image-5510\" alt=\"\" \/>\t\t\t\t\t\t\t\t\t\t\t\t\t\t\t<\/div>\n\t\t\t\t<\/div>\n\t\t<div class=\"elementor-element elementor-element-576c4a4 e-con-full e-flex e-con e-child\" data-id=\"576c4a4\" data-element_type=\"container\">\n\t\t\t\t<div class=\"elementor-element elementor-element-f3d4b85 elementor-widget elementor-widget-text-editor\" data-id=\"f3d4b85\" data-element_type=\"widget\" data-widget_type=\"text-editor.default\">\n\t\t\t\t\t\t\t\t\t<p>Hozz\u00e1adva:<\/p>\t\t\t\t\t\t\t\t<\/div>\n\t\t\t\t<div class=\"elementor-element elementor-element-4248fdc elementor-widget elementor-widget-text-editor\" data-id=\"4248fdc\" data-element_type=\"widget\" data-widget_type=\"text-editor.default\">\n\t\t\t\t\t\t\t\t\t4 m\u00e1rcius 2026\t\t\t\t\t\t\t\t<\/div>\n\t\t\t\t<\/div>\n\t\t\t\t<\/div>\n\t\t\t\t<\/div>\n\t\t\t\t<\/div>\n\t\t\t\t<\/div>\n\t\t<div class=\"elementor-element elementor-element-734dc151 elementor-hidden-tablet elementor-hidden-mobile e-flex e-con-boxed e-con e-parent\" data-id=\"734dc151\" data-element_type=\"container\" data-settings=\"{&quot;background_background&quot;:&quot;classic&quot;}\">\n\t\t\t\t\t<div class=\"e-con-inner\">\n\t\t<div class=\"elementor-element elementor-element-652d8125 e-con-full latest-post-section e-flex e-con e-child\" data-id=\"652d8125\" data-element_type=\"container\" data-settings=\"{&quot;background_background&quot;:&quot;classic&quot;}\">\n\t\t<div class=\"elementor-element elementor-element-4977ddce e-con-full e-flex e-con e-child\" data-id=\"4977ddce\" data-element_type=\"container\">\n\t\t\t\t<div class=\"elementor-element elementor-element-4f318805 elementor-widget elementor-widget-theme-post-excerpt\" data-id=\"4f318805\" data-element_type=\"widget\" data-widget_type=\"theme-post-excerpt.default\">\n\t\t\t\t\tMelyik modellt v\u00e1lasszuk?\t\t\t\t<\/div>\n\t\t<div class=\"elementor-element elementor-element-2a9a308b e-con-full e-flex e-con e-child\" data-id=\"2a9a308b\" data-element_type=\"container\">\n\t\t<div class=\"elementor-element elementor-element-63a72ec2 e-con-full custom-author-box e-flex e-con e-child\" data-id=\"63a72ec2\" data-element_type=\"container\" data-settings=\"{&quot;background_background&quot;:&quot;classic&quot;}\">\n\t\t\t\t<div class=\"elementor-element elementor-element-520b9db elementor-widget elementor-widget-image\" data-id=\"520b9db\" data-element_type=\"widget\" data-widget_type=\"image.default\">\n\t\t\t\t\t\t\t\t\t\t\t\t\t\t\t<img decoding=\"async\" width=\"527\" height=\"661\" src=\"https:\/\/swopify.com\/blog\/wp-content\/uploads\/2025\/08\/bartek-2.png\" class=\"attachment-large size-large wp-image-5511\" alt=\"\" srcset=\"https:\/\/swopify.com\/blog\/wp-content\/uploads\/2025\/08\/bartek-2.png 527w, https:\/\/swopify.com\/blog\/wp-content\/uploads\/2025\/08\/bartek-2-239x300.png 239w\" sizes=\"(max-width: 527px) 100vw, 527px\" \/>\t\t\t\t\t\t\t\t\t\t\t\t\t\t\t<\/div>\n\t\t<div class=\"elementor-element elementor-element-45febd2e e-con-full e-flex e-con e-child\" data-id=\"45febd2e\" data-element_type=\"container\">\n\t\t\t\t<div class=\"elementor-element elementor-element-6a94c6b0 elementor-widget elementor-widget-text-editor\" data-id=\"6a94c6b0\" data-element_type=\"widget\" data-widget_type=\"text-editor.default\">\n\t\t\t\t\t\t\t\t\tBartek Zebrowski\t\t\t\t\t\t\t\t<\/div>\n\t\t\t\t<\/div>\n\t\t\t\t<\/div>\n\t\t<div class=\"elementor-element elementor-element-4dd10440 e-con-full custom-post-date-box e-flex e-con e-child\" data-id=\"4dd10440\" data-element_type=\"container\" data-settings=\"{&quot;background_background&quot;:&quot;classic&quot;}\">\n\t\t<div class=\"elementor-element elementor-element-2d72c32 e-con-full e-flex e-con e-child\" data-id=\"2d72c32\" data-element_type=\"container\" data-settings=\"{&quot;background_background&quot;:&quot;classic&quot;}\">\n\t\t\t\t<div class=\"elementor-element elementor-element-7390850b elementor-widget elementor-widget-image\" data-id=\"7390850b\" data-element_type=\"widget\" data-widget_type=\"image.default\">\n\t\t\t\t\t\t\t\t\t\t\t\t\t\t\t<img decoding=\"async\" width=\"24\" height=\"24\" src=\"https:\/\/swopify.com\/blog\/wp-content\/uploads\/2025\/07\/calendar_month.svg\" class=\"attachment-large size-large wp-image-5510\" alt=\"\" \/>\t\t\t\t\t\t\t\t\t\t\t\t\t\t\t<\/div>\n\t\t\t\t<\/div>\n\t\t<div class=\"elementor-element elementor-element-6e99fe5 e-con-full e-flex e-con e-child\" data-id=\"6e99fe5\" data-element_type=\"container\">\n\t\t\t\t<div class=\"elementor-element elementor-element-5e913b93 elementor-widget elementor-widget-text-editor\" data-id=\"5e913b93\" data-element_type=\"widget\" data-widget_type=\"text-editor.default\">\n\t\t\t\t\t\t\t\t\t<p>Hozz\u00e1adva:<\/p>\t\t\t\t\t\t\t\t<\/div>\n\t\t\t\t<div class=\"elementor-element elementor-element-6a6d6747 elementor-widget elementor-widget-text-editor\" data-id=\"6a6d6747\" data-element_type=\"widget\" data-widget_type=\"text-editor.default\">\n\t\t\t\t\t\t\t\t\t4 m\u00e1rcius 2026\t\t\t\t\t\t\t\t<\/div>\n\t\t\t\t<\/div>\n\t\t\t\t<\/div>\n\t\t\t\t<\/div>\n\t\t\t\t<\/div>\n\t\t\t\t<\/div>\n\t\t\t\t\t<\/div>\n\t\t\t\t<\/div>\n\t\t<div class=\"elementor-element elementor-element-52080da e-flex e-con-boxed e-con e-parent\" data-id=\"52080da\" data-element_type=\"container\">\n\t\t\t\t\t<div class=\"e-con-inner\">\n\t\t\t\t<div class=\"elementor-element elementor-element-afb8e18 elementor-widget__width-initial elementor-widget-mobile__width-inherit elementor-widget elementor-widget-text-editor\" data-id=\"afb8e18\" data-element_type=\"widget\" data-widget_type=\"text-editor.default\">\n\t\t\t\t\t\t\t\t\t<p>A nagyobb mindig jobbat jelent? Vagy a finomra hangolt kompromisszum a siker kulcsa? V\u00e1laszt\u00e1s el\u0151tt \u00e1ll: <strong><span style=\"color: #9a23fb;\">iPhone 17 Pro vagy iPhone 17 Pro Max. Mindkett\u0151 a cs\u00facskateg\u00f3ri\u00e1s okostelefonok k\u00f6z\u00e9 tartozik, de olyan kulcsfontoss\u00e1g\u00fa dolgokban k\u00fcl\u00f6nb\u00f6znek, amelyek a k\u00fcl\u00f6nbs\u00e9get jelenthetik.<\/span><\/strong>amelyek befoly\u00e1solhatj\u00e1k a d\u00f6nt\u00e9s\u00e9t. Nem mindenkinek van sz\u00fcks\u00e9ge a legnagyobb k\u00e9perny\u0151re \u00e9s a legnagyobb akkumul\u00e1torra, \u00e9s a t\u00e1j\u00e9kozott v\u00e1laszt\u00e1s seg\u00edthet elker\u00fclni, hogy t\u00fal sokat fizessen olyan funkci\u00f3k\u00e9rt, amelyekre nincs sz\u00fcks\u00e9ge. Az al\u00e1bbiakban r\u00e9szletes \u00f6sszehasonl\u00edt\u00e1s k\u00f6vetkezik, hogy a sz\u00e1modra legjobb d\u00f6nt\u00e9st hozhasd meg.      <\/p>\t\t\t\t\t\t\t\t<\/div>\n\t\t\t\t<div class=\"elementor-element elementor-element-7413e1f elementor-absolute elementor-widget elementor-widget-image\" data-id=\"7413e1f\" data-element_type=\"widget\" data-settings=\"{&quot;_position&quot;:&quot;absolute&quot;}\" data-widget_type=\"image.default\">\n\t\t\t\t\t\t\t\t\t\t\t\t\t\t\t<img loading=\"lazy\" decoding=\"async\" width=\"210\" height=\"210\" src=\"https:\/\/swopify.com\/blog\/wp-content\/uploads\/2025\/07\/Vector-1.svg\" class=\"attachment-large size-large wp-image-5512\" alt=\"\" \/>\t\t\t\t\t\t\t\t\t\t\t\t\t\t\t<\/div>\n\t\t\t\t\t<\/div>\n\t\t\t\t<\/div>\n\t\t<div class=\"elementor-element elementor-element-0b30c63 e-flex e-con-boxed e-con e-parent\" data-id=\"0b30c63\" data-element_type=\"container\" id=\"spis-tresci\" data-settings=\"{&quot;background_background&quot;:&quot;classic&quot;}\">\n\t\t\t\t\t<div class=\"e-con-inner\">\n\t\t<div class=\"elementor-element elementor-element-e36fba8 e-con-full e-flex e-con e-child\" data-id=\"e36fba8\" data-element_type=\"container\">\n\t\t<div class=\"elementor-element elementor-element-893e05c e-con-full e-flex e-con e-child\" data-id=\"893e05c\" data-element_type=\"container\" data-settings=\"{&quot;background_background&quot;:&quot;classic&quot;}\">\n\t\t\t\t<div class=\"elementor-element elementor-element-8dfa69c elementor-widget__width-initial elementor-widget elementor-widget-heading\" data-id=\"8dfa69c\" data-element_type=\"widget\" data-widget_type=\"heading.default\">\n\t\t\t\t\t<h2 class=\"elementor-heading-title elementor-size-default\">Mi a k\u00fcl\u00f6nbs\u00e9g az iPhone 17 Pro \u00e9s az iPhone 17 Pro Max k\u00f6z\u00f6tt?<\/h2>\t\t\t\t<\/div>\n\t\t\t\t<div class=\"elementor-element elementor-element-1c73569 elementor-widget elementor-widget-text-editor\" data-id=\"1c73569\" data-element_type=\"widget\" data-widget_type=\"text-editor.default\">\n\t\t\t\t\t\t\t\t\t<p><strong>Az <a href=\"https:\/\/swopify.com\/hu-hu\/iphone-17-pro\">iPhone 17 Pro<\/a> \u00e9s az <a href=\"https:\/\/swopify.com\/hu-hu\/iphone-17-pro-max\">iPhone 17 Pro Max<\/a> legfontosabb jellemz\u0151it egy egyszer\u0171 t\u00e1bl\u00e1zatba foglaltuk<\/strong>, hogy \u00d6n nyugodtan eld\u00f6nthesse, melyik modell felel meg az \u00d6n ig\u00e9nyeinek.<\/p>\t\t\t\t\t\t\t\t<\/div>\n\t\t\t\t<div class=\"elementor-element elementor-element-a08194e elementor-widget elementor-widget-text-editor\" data-id=\"a08194e\" data-element_type=\"widget\" data-widget_type=\"text-editor.default\">\n\t\t\t\t\t\t\t\t\t<table><caption>iPhone 17 Pro vs iPhone 17 Pro Max \u00f6sszehasonl\u00edt\u00e1s<\/caption>\n<thead>\n<tr>\n<th>Jellemz\u0151<\/th>\n<th>iPhone 17 Pro<\/th>\n<th>iPhone 17 Pro Max<\/th>\n<\/tr>\n<\/thead>\n<tbody>\n<tr>\n<td><strong>Premier<\/strong><\/td>\n<td>2025<\/td>\n<td>2025<\/td>\n<\/tr>\n<tr>\n<td><strong>Megjelen\u00edt\u00e9s<\/strong><\/td>\n<td>6,3&#8243; Super Retina XDR OLED XDR kijelz\u0151<\/td>\n<td>6,9&#8243; Super Retina XDR OLED kijelz\u0151<\/td>\n<\/tr>\n<tr>\n<td><strong>Felbont\u00e1s<\/strong><\/td>\n<td>kb. 2622 \u00d7 1206 px<\/td>\n<td>kb. 2868 \u00d7 1320 px<\/td>\n<\/tr>\n<tr>\n<td><strong>Pixel s\u0171r\u0171s\u00e9g<\/strong><\/td>\n<td>~460 ppi<\/td>\n<td>~460 ppi<\/td>\n<\/tr>\n<tr>\n<td><strong>Friss\u00edt\u00e9si sebess\u00e9g<\/strong><\/td>\n<td>1-120 Hz ProMotion<\/td>\n<td>1-120 Hz ProMotion<\/td>\n<\/tr>\n<tr>\n<td><strong>Processzor<\/strong><\/td>\n<td>Apple A19 Pro<\/td>\n<td>Apple A19 Pro<\/td>\n<\/tr>\n<tr>\n<td><strong>RAM<\/strong><\/td>\n<td>12 GB<\/td>\n<td>12 GB<\/td>\n<\/tr>\n<tr>\n<td><strong>Bels\u0151 mem\u00f3ria<\/strong><\/td>\n<td>256 GB \/ 512 GB \/ 1 TB<\/td>\n<td>256 GB \/ 512 GB \/ 1 TB \/ 2 TB<\/td>\n<\/tr>\n<tr>\n<td><strong>F\u0151kamera<\/strong><\/td>\n<td>48 MP<\/td>\n<td>48 MP<\/td>\n<\/tr>\n<tr>\n<td><strong>Ultra-sz\u00e9les l\u00e1t\u00f3sz\u00f6g\u0171 kamera<\/strong><\/td>\n<td>48 MP<\/td>\n<td>48 MP<\/td>\n<\/tr>\n<tr>\n<td><strong>Teleobjekt\u00edv<\/strong><\/td>\n<td>48 MP<\/td>\n<td>48 MP<\/td>\n<\/tr>\n<tr>\n<td><strong>Optikai zoom<\/strong><\/td>\n<td>kb. 5\u00d7-ig<\/td>\n<td>kb. 8\u00d7-ig<\/td>\n<\/tr>\n<tr>\n<td><strong>El\u00fcls\u0151 kamera<\/strong><\/td>\n<td>24 MP<\/td>\n<td>24 MP<\/td>\n<\/tr>\n<tr>\n<td><strong>Vide\u00f3felv\u00e9tel<\/strong><\/td>\n<td>4K 60 fps \/ ProRes<\/td>\n<td>4K 60 fps \/ ProRes<\/td>\n<\/tr>\n<tr>\n<td><strong>Akkumul\u00e1tor<\/strong><\/td>\n<td>kb. 3800 mAh<\/td>\n<td>kb. 5000 mAh<\/td>\n<\/tr>\n<tr>\n<td><strong>Vide\u00f3 lej\u00e1tsz\u00e1si id\u0151<\/strong><\/td>\n<td>kb. 32 \u00f3r\u00e1ig<\/td>\n<td>kb. 39 \u00f3r\u00e1ig<\/td>\n<\/tr>\n<tr>\n<td><strong>T\u00f6lt\u00e9s<\/strong><\/td>\n<td>USB-C, MagSafe<\/td>\n<td>USB-C, MagSafe<\/td>\n<\/tr>\n<tr>\n<td><strong>Magass\u00e1g<\/strong><\/td>\n<td>kb. 147 mm<\/td>\n<td>kb. 163 mm<\/td>\n<\/tr>\n<tr>\n<td><strong>Sz\u00e9less\u00e9g<\/strong><\/td>\n<td>kb. 71 mm<\/td>\n<td>kb. 78 mm<\/td>\n<\/tr>\n<tr>\n<td><strong>Vastags\u00e1g<\/strong><\/td>\n<td>kb. 8,3 mm<\/td>\n<td>kb. 8,7 mm<\/td>\n<\/tr>\n<tr>\n<td><strong>S\u00faly<\/strong><\/td>\n<td>kb. 200 g<\/td>\n<td>kb. 230 g<\/td>\n<\/tr>\n<tr>\n<td><strong>Lak\u00f3anyagok<\/strong><\/td>\n<td>tit\u00e1n + \u00fcveg<\/td>\n<td>tit\u00e1n + \u00fcveg<\/td>\n<\/tr>\n<tr>\n<td><strong>Ellen\u00e1ll\u00e1s<\/strong><\/td>\n<td>IP68<\/td>\n<td>IP68<\/td>\n<\/tr>\n<tr>\n<td><strong>Rendszer<\/strong><\/td>\n<td>iOS 19<\/td>\n<td>iOS 19<\/td>\n<\/tr>\n<\/tbody>\n<\/table>\t\t\t\t\t\t\t\t<\/div>\n\t\t<div class=\"elementor-element elementor-element-5577229 e-grid e-con-full e-con e-child\" data-id=\"5577229\" data-element_type=\"container\">\n\t\t\t\t<div class=\"elementor-element elementor-element-72b2268 elementor-widget elementor-widget-image\" data-id=\"72b2268\" data-element_type=\"widget\" data-widget_type=\"image.default\">\n\t\t\t\t\t\t\t\t\t\t\t\t<figure class=\"wp-caption\">\n\t\t\t\t\t\t\t\t\t\t\t<a href=\"https:\/\/swopify.com\/hu-hu\/iphone-17-pro-256-gb-kozmikus-narancs-8153\">\n\t\t\t\t\t\t\t<img decoding=\"async\" src=\"https:\/\/swopify.com\/publicTmp\/pictures\/600x\/df9c6c\/q7c074w7b0d0y1j7k6l600q6c1x1x1n2.jpg\" title=\"\" alt=\"iPhone 17 Pro 256 GB Kozmikus Narancs\" loading=\"lazy\" \/>\t\t\t\t\t\t\t\t<\/a>\n\t\t\t\t\t\t\t\t\t\t\t<figcaption class=\"widget-image-caption wp-caption-text\">iPhone 17 Pro 256 GB Kozmikus Narancs<\/figcaption>\n\t\t\t\t\t\t\t\t\t\t<\/figure>\n\t\t\t\t\t\t\t\t\t<\/div>\n\t\t\t\t<div class=\"elementor-element elementor-element-d275f52 elementor-widget elementor-widget-image\" data-id=\"d275f52\" data-element_type=\"widget\" data-widget_type=\"image.default\">\n\t\t\t\t\t\t\t\t\t\t\t\t<figure class=\"wp-caption\">\n\t\t\t\t\t\t\t\t\t\t\t<a href=\"https:\/\/swopify.com\/hu-hu\/iphone-17-pro-max-256-gb-melytengeri-kek-8164\">\n\t\t\t\t\t\t\t<img decoding=\"async\" src=\"https:\/\/swopify.com\/publicTmp\/pictures\/600x\/d8aa2f\/h1j2v7u8g0e0i1d7w6o6y0n5a92849r0.jpg\" title=\"\" alt=\"iPhone 17 Pro Max 256 GB M\u00e9lytengeri K\u00e9k\" loading=\"lazy\" \/>\t\t\t\t\t\t\t\t<\/a>\n\t\t\t\t\t\t\t\t\t\t\t<figcaption class=\"widget-image-caption wp-caption-text\">iPhone 17 Pro Max 256 GB M\u00e9lytengeri K\u00e9k<\/figcaption>\n\t\t\t\t\t\t\t\t\t\t<\/figure>\n\t\t\t\t\t\t\t\t\t<\/div>\n\t\t\t\t<div class=\"elementor-element elementor-element-025f44f elementor-widget elementor-widget-image\" data-id=\"025f44f\" data-element_type=\"widget\" data-widget_type=\"image.default\">\n\t\t\t\t\t\t\t\t\t\t\t\t<figure class=\"wp-caption\">\n\t\t\t\t\t\t\t\t\t\t\t<a href=\"https:\/\/swopify.com\/hu-hu\/iphone-17-pro-max-256-gb-ezust-8156\">\n\t\t\t\t\t\t\t<img decoding=\"async\" src=\"https:\/\/swopify.com\/publicTmp\/pictures\/600x\/af47b3\/w8f1b5y2u0j0n177x6v6s0m6u3k4h4g9.jpg\" title=\"\" alt=\"iPhone 17 Pro Max 256 GB Ez\u00fcst\" loading=\"lazy\" \/>\t\t\t\t\t\t\t\t<\/a>\n\t\t\t\t\t\t\t\t\t\t\t<figcaption class=\"widget-image-caption wp-caption-text\">iPhone 17 Pro Max 256 GB Ez\u00fcst<\/figcaption>\n\t\t\t\t\t\t\t\t\t\t<\/figure>\n\t\t\t\t\t\t\t\t\t<\/div>\n\t\t\t\t<\/div>\n\t\t\t\t<div class=\"elementor-element elementor-element-f3e852b elementor-widget elementor-widget-heading\" data-id=\"f3e852b\" data-element_type=\"widget\" data-widget_type=\"heading.default\">\n\t\t\t\t\t<h2 class=\"elementor-heading-title elementor-size-default\">tok \u00e9s m\u00e9retek - nagyobb k\u00e9perny\u0151 nagyobb telefont jelent<\/h2>\t\t\t\t<\/div>\n\t\t\t\t<div class=\"elementor-element elementor-element-3e70dd6 elementor-widget elementor-widget-text-editor\" data-id=\"3e70dd6\" data-element_type=\"widget\" data-widget_type=\"text-editor.default\">\n\t\t\t\t\t\t\t\t\t<p><strong>Az iPhone 17 Pro \u00e9s az iPhone 17 Pro Max k\u00f6z\u00f6tt a legszembet\u0171n\u0151bb k\u00fcl\u00f6nbs\u00e9g a k\u00e9sz\u00fcl\u00e9k m\u00e9rete<\/strong>. A Pro Max modell \u00e9rezhet\u0151en nagyobb \u00e9s nehezebb, mivel nagyobb k\u00e9perny\u0151t \u00e9s nagyobb akkumul\u00e1tort k\u00edn\u00e1l. <\/p><p> <\/p><table><thead><tr><th>Modell<\/th><th>Magass\u00e1g<\/th><th>Sz\u00e9less\u00e9g<\/th><th>S\u00faly<\/th><\/tr><\/thead><tbody><tr><td>iPhone 17 Pro<\/td><td>kb. 147 mm <\/td><td>kb. 71 mm <\/td><td>kb. 200 g <\/td><\/tr><tr><td>iPhone 17 Pro Max<\/td><td>kb. 163 mm <\/td><td>kb. 78 mm <\/td><td>kb. 230 g <\/td><\/tr><\/tbody><\/table><p>Ez azt jelenti, hogy az <strong>iPhone 17 Pro kompaktabb<\/strong> \u00e9s k\u00e9nyelmesebben haszn\u00e1lhat\u00f3 egy k\u00e9zzel. Az <strong>iPhone 17 Pro Max viszont t\u00f6bb munkater\u00fcletet k\u00edn\u00e1l<\/strong>, amit azok fognak \u00e9rt\u00e9kelni, akik sok vide\u00f3t n\u00e9znek vagy munk\u00e1ra haszn\u00e1lj\u00e1k a telefont. <\/p><p> <\/p><p>Mindk\u00e9t modell <strong>tit\u00e1nium burkolattal<\/strong> rendelkezik, amely k\u00f6nnyebb \u00e9s tart\u00f3sabb, mint az iPhone-ok r\u00e9gebbi gener\u00e1ci\u00f3iban haszn\u00e1lt ac\u00e9l.<\/p>\t\t\t\t\t\t\t\t<\/div>\n\t\t\t\t<div class=\"elementor-element elementor-element-894b0cd elementor-widget elementor-widget-heading\" data-id=\"894b0cd\" data-element_type=\"widget\" data-widget_type=\"heading.default\">\n\t\t\t\t\t<h2 class=\"elementor-heading-title elementor-size-default\">Kijelz\u0151 - 6,3 h\u00fcvelyk a 17 Pro \u00e9s 6,9 h\u00fcvelyk a 17 Pro Max eset\u00e9ben<\/h2>\t\t\t\t<\/div>\n\t\t\t\t<div class=\"elementor-element elementor-element-b9ee2d2 elementor-widget elementor-widget-text-editor\" data-id=\"b9ee2d2\" data-element_type=\"widget\" data-widget_type=\"text-editor.default\">\n\t\t\t\t\t\t\t\t\t<p><strong>Az iPhone 17 Pro \u00e9s az iPhone 17 Pro Max k\u00f6z\u00f6tti k\u00fcl\u00f6nbs\u00e9g els\u0151sorban a k\u00e9perny\u0151 m\u00e9ret\u00e9ben \u00e9s felbont\u00e1s\u00e1ban rejlik<\/strong>. Mindk\u00e9t modell Super Retina XDR OLED technol\u00f3gi\u00e1t haszn\u00e1l, de elt\u00e9r\u0151 kijelz\u0151\u00e1tl\u00f3t k\u00edn\u00e1l.<\/p><table><thead><tr><th>Modell<\/th><th>Diagon\u00e1lis<\/th><th>Felbont\u00e1s<\/th><th>Pixel s\u0171r\u0171s\u00e9g<\/th><\/tr><\/thead><tbody><tr><td>iPhone 17 Pro<\/td><td>6,3 h\u00fcvelyk<\/td><td>kb. 2622 \u00d7 1206 px<\/td><td>~460 ppi<\/td><\/tr><tr><td>iPhone 17 Pro Max<\/td><td>6,9 h\u00fcvelyk<\/td><td>kb. 2868 \u00d7 1320 px<\/td><td>~460 ppi<\/td><\/tr><\/tbody><\/table><p>A <strong>Pro Max<\/strong> nagyobb k\u00e9perny\u0151je <strong>nagyobb munkater\u00fcletet biztos\u00edt<\/strong>, ami k\u00e9nyelmes lehet vide\u00f3n\u00e9z\u00e9s, j\u00e1t\u00e9k vagy f\u00e9nyk\u00e9pszerkeszt\u00e9s k\u00f6zben.<\/p><p>\u00a0<\/p><p>Ugyanakkor a hasonl\u00f3 pixels\u0171r\u0171s\u00e9gnek<strong>(kb. 460 ppi)<\/strong> k\u00f6sz\u00f6nhet\u0151en a k\u00e9t modell k\u00e9pmin\u0151s\u00e9ge nagyon hasonl\u00f3 marad. Ez azt jelenti, hogy <strong>a k\u00fcl\u00f6nbs\u00e9g els\u0151sorban a k\u00e9perny\u0151 m\u00e9ret\u00e9ben<\/strong>, nem pedig az \u00e9less\u00e9g\u00e9ben <strong>rejlik<\/strong>.<\/p>\t\t\t\t\t\t\t\t<\/div>\n\t\t\t\t<div class=\"elementor-element elementor-element-649de79 elementor-widget elementor-widget-heading\" data-id=\"649de79\" data-element_type=\"widget\" data-widget_type=\"heading.default\">\n\t\t\t\t\t<h2 class=\"elementor-heading-title elementor-size-default\">Teljes\u00edtm\u00e9ny - ugyanaz az A19 Pro processzor mindk\u00e9t modellben<\/h2>\t\t\t\t<\/div>\n\t\t\t\t<div class=\"elementor-element elementor-element-3a51ff3 elementor-widget elementor-widget-text-editor\" data-id=\"3a51ff3\" data-element_type=\"widget\" data-widget_type=\"text-editor.default\">\n\t\t\t\t\t\t\t\t\t<p>Teljes\u00edtm\u00e9ny szempontj\u00e1b\u00f3l <strong>az iPhone 17 Pro \u00e9s az iPhone 17 Pro Max gyakorlatilag megegyezik<\/strong>. Mindk\u00e9t modell ugyanazt az <strong>Apple A19 Pro<\/strong> processzort \u00e9s ugyanannyi RAM-ot haszn\u00e1l. <\/p><p> <\/p><table><thead><tr><th>Paramount<\/th><th>iPhone 17 Pro<\/th><th>iPhone 17 Pro Max<\/th><\/tr><\/thead><tbody><tr><td>Processzor<\/td><td>Apple A19 Pro<\/td><td>Apple A19 Pro<\/td><\/tr><tr><td>RAM<\/td><td>12 GB<\/td><td>12 GB<\/td><\/tr><\/tbody><\/table><p>A gyakorlatban ez azt jelenti, hogy <strong>mindk\u00e9t okostelefon teljes\u00edtm\u00e9nye megegyezik<\/strong>. Mind az iPhone 17 Pro, mind a Pro Max olyan ig\u00e9nyes feladatokkal is megbirk\u00f3zik, mint p\u00e9ld\u00e1ul: <\/p><ul><li><p>fejlett grafik\u00e1j\u00fa mobilj\u00e1t\u00e9kok<\/p><\/li><li><p>4K vide\u00f3 szerkeszt\u00e9s<\/p><\/li><li><p>nagy felbont\u00e1s\u00fa k\u00e9pfeldolgoz\u00e1s<\/p><\/li><\/ul><p> <\/p><p>A modellek k\u00f6z\u00f6tti k\u00fcl\u00f6nbs\u00e9gek <strong>teh\u00e1t nem a teljes\u00edtm\u00e9nyben<\/strong>, hanem els\u0151sorban a <strong>k\u00e9sz\u00fcl\u00e9k m\u00e9ret\u00e9ben, az akkumul\u00e1tor \u00fczemidej\u00e9ben \u00e9s a kamera zoomol\u00e1si k\u00e9pess\u00e9geiben<\/strong> <strong>rejlenek<\/strong>.<\/p>\t\t\t\t\t\t\t\t<\/div>\n\t\t<div class=\"elementor-element elementor-element-58e4fd9 e-grid e-con-full e-con e-child\" data-id=\"58e4fd9\" data-element_type=\"container\">\n\t\t\t\t<div class=\"elementor-element elementor-element-38a1d4d elementor-widget elementor-widget-image\" data-id=\"38a1d4d\" data-element_type=\"widget\" data-widget_type=\"image.default\">\n\t\t\t\t\t\t\t\t\t\t\t\t<figure class=\"wp-caption\">\n\t\t\t\t\t\t\t\t\t\t\t<a href=\"https:\/\/swopify.com\/hu-hu\/iphone-17-pro-256-gb-ezust-8144\">\n\t\t\t\t\t\t\t<img decoding=\"async\" src=\"https:\/\/swopify.com\/publicTmp\/pictures\/600x\/483f59\/g0v3o1z220u0n117y6n6y0d56814k958.jpg\" title=\"\" alt=\"iPhone 17 Pro 256 GB Ez\u00fcst\" loading=\"lazy\" \/>\t\t\t\t\t\t\t\t<\/a>\n\t\t\t\t\t\t\t\t\t\t\t<figcaption class=\"widget-image-caption wp-caption-text\">iPhone 17 Pro 256 GB Ez\u00fcst<\/figcaption>\n\t\t\t\t\t\t\t\t\t\t<\/figure>\n\t\t\t\t\t\t\t\t\t<\/div>\n\t\t\t\t<div class=\"elementor-element elementor-element-a322339 elementor-widget elementor-widget-image\" data-id=\"a322339\" data-element_type=\"widget\" data-widget_type=\"image.default\">\n\t\t\t\t\t\t\t\t\t\t\t\t<figure class=\"wp-caption\">\n\t\t\t\t\t\t\t\t\t\t\t<a href=\"https:\/\/swopify.com\/hu-hu\/iphone-17-pro-256-gb-melytengeri-kek-8150\">\n\t\t\t\t\t\t\t<img decoding=\"async\" src=\"https:\/\/swopify.com\/publicTmp\/pictures\/600x\/8d2cde\/e1h8r3i670y0q1f7m6b9f4o3k0o6k0y7.jpg\" title=\"\" alt=\"iPhone 17 Pro 256 GB M\u00e9lytengeri K\u00e9k\" loading=\"lazy\" \/>\t\t\t\t\t\t\t\t<\/a>\n\t\t\t\t\t\t\t\t\t\t\t<figcaption class=\"widget-image-caption wp-caption-text\">iPhone 17 Pro 256 GB M\u00e9lytengeri K\u00e9k<\/figcaption>\n\t\t\t\t\t\t\t\t\t\t<\/figure>\n\t\t\t\t\t\t\t\t\t<\/div>\n\t\t\t\t<div class=\"elementor-element elementor-element-7696b6c elementor-widget elementor-widget-image\" data-id=\"7696b6c\" data-element_type=\"widget\" data-widget_type=\"image.default\">\n\t\t\t\t\t\t\t\t\t\t\t\t<figure class=\"wp-caption\">\n\t\t\t\t\t\t\t\t\t\t\t<a href=\"https:\/\/swopify.com\/hu-hu\/iphone-17-pro-max-256-gb-kozmikus-narancs-8160\">\n\t\t\t\t\t\t\t<img decoding=\"async\" src=\"https:\/\/swopify.com\/publicTmp\/pictures\/600x\/23f0c9\/v5g8y4b6e0s0x107j6k6j0f6l6m0k5p0.jpg\" title=\"\" alt=\"iPhone 17 Pro Max 256 GB Kozmikus Narancs\" loading=\"lazy\" \/>\t\t\t\t\t\t\t\t<\/a>\n\t\t\t\t\t\t\t\t\t\t\t<figcaption class=\"widget-image-caption wp-caption-text\">iPhone 17 Pro Max 256 GB Kozmikus Narancs<\/figcaption>\n\t\t\t\t\t\t\t\t\t\t<\/figure>\n\t\t\t\t\t\t\t\t\t<\/div>\n\t\t\t\t<\/div>\n\t\t\t\t<div class=\"elementor-element elementor-element-907bd75 elementor-widget elementor-widget-heading\" data-id=\"907bd75\" data-element_type=\"widget\" data-widget_type=\"heading.default\">\n\t\t\t\t\t<h2 class=\"elementor-heading-title elementor-size-default\">Kamer\u00e1k - hasonl\u00f3 rendszer, de nagyobb zoom a Pro Max-on<\/h2>\t\t\t\t<\/div>\n\t\t\t\t<div class=\"elementor-element elementor-element-121e522 elementor-widget elementor-widget-text-editor\" data-id=\"121e522\" data-element_type=\"widget\" data-widget_type=\"text-editor.default\">\n\t\t\t\t\t\t\t\t\t<p><strong>Mind az iPhone 17 Pro, mind az iPhone 17 Pro Max nagyon hasonl\u00f3 kamerarendszert haszn\u00e1l<\/strong>. Az Apple mindk\u00e9t modelln\u00e9l <strong>h\u00e1rmas, 48 MP-es kamerabe\u00e1ll\u00edt\u00e1st<\/strong> haszn\u00e1lt, amely egy f\u0151 kamer\u00e1t, egy ultrasz\u00e9les l\u00e1t\u00f3sz\u00f6g\u0171 kamer\u00e1t \u00e9s egy teleobjekt\u00edvet tartalmaz. <\/p><p> <\/p><table><thead><tr><th>Kamera<\/th><th>iPhone 17 Pro<\/th><th>iPhone 17 Pro Max<\/th><\/tr><\/thead><tbody><tr><td>F\u0151oldal<\/td><td>48 MP<\/td><td>48 MP<\/td><\/tr><tr><td>Ultra sz\u00e9les l\u00e1t\u00f3sz\u00f6g<\/td><td>48 MP<\/td><td>48 MP<\/td><\/tr><tr><td>Teleobjekt\u00edv<\/td><td>48 MP<\/td><td>48 MP<\/td><\/tr><tr><td>Optikai zoom<\/td><td>kb. 5\u00d7-ig<\/td><td>kb. 8\u00d7-ig<\/td><\/tr><\/tbody><\/table><p><strong>A Pro Max modell azonban nagyobb optikai zoomtartom\u00e1nyt k\u00edn\u00e1l<\/strong>, \u00edgy a felhaszn\u00e1l\u00f3t\u00f3l t\u00e1volabbi t\u00e9m\u00e1kr\u00f3l is tiszt\u00e1bb felv\u00e9teleket k\u00e9sz\u00edthet. Ez k\u00fcl\u00f6n\u00f6sen j\u00f3l m\u0171k\u00f6dik f\u00e9nyk\u00e9pez\u00e9shez: <\/p><ul><li><p>sportesem\u00e9nyek<\/p><\/li><li><p>koncertek<\/p><\/li><li><p>term\u00e9szet vagy \u00e9p\u00edt\u00e9szet<\/p><\/li><\/ul><p> <\/p><p>A mindennapi fot\u00f3z\u00e1s sor\u00e1n a modellek k\u00f6z\u00f6tti k\u00fcl\u00f6nbs\u00e9gek nem nagyok, de azok, akik gyakran haszn\u00e1lj\u00e1k a <strong>f\u00e9nyk\u00e9pez\u0151g\u00e9p zoomj\u00e1t<\/strong>, \u00e9szrevehetik a Pro Max modell el\u0151ny\u00e9t.<\/p>\t\t\t\t\t\t\t\t<\/div>\n\t\t\t\t<div class=\"elementor-element elementor-element-1f3feb4 elementor-widget elementor-widget-heading\" data-id=\"1f3feb4\" data-element_type=\"widget\" data-widget_type=\"heading.default\">\n\t\t\t\t\t<h2 class=\"elementor-heading-title elementor-size-default\">Akkumul\u00e1tor - a Pro Max modell el\u0151nye<\/h2>\t\t\t\t<\/div>\n\t\t\t\t<div class=\"elementor-element elementor-element-6a9d161 elementor-widget elementor-widget-text-editor\" data-id=\"6a9d161\" data-element_type=\"widget\" data-widget_type=\"text-editor.default\">\n\t\t\t\t\t\t\t\t\t<table><thead><tr><th>Modell<\/th><th>Akkumul\u00e1tor<\/th><th>Vide\u00f3 lej\u00e1tsz\u00e1s<\/th><\/tr><\/thead><tbody><tr><td>iPhone 17 Pro<\/td><td>kb. 3800 mAh<\/td><td>kb. 32 \u00f3r\u00e1n \u00e1t<\/td><\/tr><tr><td>iPhone 17 Pro Max<\/td><td>kb. 5000 mAh<\/td><td>kb. 39 \u00f3r\u00e1n \u00e1t<\/td><\/tr><\/tbody><\/table><p>A k\u00fcl\u00f6nbs\u00e9g ak\u00e1r <strong>t\u00f6bb \u00f3r\u00e1nyi haszn\u00e1latot<\/strong> is jelenthet <strong>egy t\u00f6lt\u00e9s alatt<\/strong>, k\u00fcl\u00f6n\u00f6sen vide\u00f3n\u00e9z\u00e9s vagy sz\u00e1m\u00edt\u00e1sig\u00e9nyes alkalmaz\u00e1sok haszn\u00e1lata eset\u00e9n.<\/p><p> <\/p><p>Ez\u00e9rt azok, akik gyakran haszn\u00e1lj\u00e1k a telefonjukat otthonukt\u00f3l t\u00e1vol, <strong>gyakran \u00e9ppen az akkumul\u00e1tor miatt v\u00e1lasztj\u00e1k a Pro Max modellt<\/strong>.<\/p>\t\t\t\t\t\t\t\t<\/div>\n\t\t\t\t<div class=\"elementor-element elementor-element-62e73d2 elementor-widget elementor-widget-heading\" data-id=\"62e73d2\" data-element_type=\"widget\" data-widget_type=\"heading.default\">\n\t\t\t\t\t<h2 class=\"elementor-heading-title elementor-size-default\">Kinek k\u00e9sz\u00fclt az iPhone 17 Pro \u00e9s kinek az iPhone 17 Pro Max?\n<\/h2>\t\t\t\t<\/div>\n\t\t\t\t<div class=\"elementor-element elementor-element-85986c4 elementor-widget elementor-widget-text-editor\" data-id=\"85986c4\" data-element_type=\"widget\" data-widget_type=\"text-editor.default\">\n\t\t\t\t\t\t\t\t\t<p data-start=\"324\" data-end=\"757\">Els\u0151 pillant\u00e1sra a k\u00e9t modell nagyon hasonl\u00f3, de els\u0151sorban <strong data-start=\"410\" data-end=\"458\">m\u00e9retben, s\u00falyban \u00e9s akkumul\u00e1tor-\u00fczemid\u0151ben<\/strong> k\u00fcl\u00f6nb\u00f6znek. Az iPhone 17 Pro Max nagyobb k\u00e9perny\u0151t \u00e9s nagyobb akkumul\u00e1tort k\u00edn\u00e1l, ami nagyobb k\u00e9nyelmet jelent filmn\u00e9z\u00e9s, j\u00e1t\u00e9k vagy multim\u00e9di\u00e1s munka k\u00f6zben. Az iPhone 17 Pro viszont jobb v\u00e1laszt\u00e1s lesz azoknak, akik <strong data-start=\"685\" data-end=\"717\">egy kompaktabb<\/strong>, a mindennapi haszn\u00e1lathoz k\u00e9nyelmesebb <strong data-start=\"685\" data-end=\"717\">okostelefont<\/strong> kedvelnek.<br \/><br \/><\/p><p data-start=\"759\" data-end=\"773\"><strong data-start=\"759\" data-end=\"773\">Di\u00f3h\u00e9jban:<br \/><br \/><\/strong><\/p><ul data-start=\"775\" data-end=\"1000\"><li data-start=\"775\" data-end=\"872\"><p data-start=\"777\" data-end=\"872\"><strong data-start=\"777\" data-end=\"794\">iPhone 17 Pro<\/strong> &#8211; azok sz\u00e1m\u00e1ra, akik z\u00e1szl\u00f3shaj\u00f3 teljes\u00edtm\u00e9nyt szeretn\u00e9nek egy kompaktabb m\u00e9ret\u0171 k\u00e9sz\u00fcl\u00e9kben<\/p><\/li><li data-start=\"873\" data-end=\"1000\"><p data-start=\"875\" data-end=\"1000\"><strong data-start=\"875\" data-end=\"896\">iPhone 17 Pro Max<\/strong> &#8211; a nagyobb k\u00e9perny\u0151t, hosszabb akkumul\u00e1tor-\u00fczemid\u0151t \u00e9s nagyobb kamerazoomot kedvel\u0151 felhaszn\u00e1l\u00f3k sz\u00e1m\u00e1ra.<\/p><\/li><\/ul>\t\t\t\t\t\t\t\t<\/div>\n\t\t\t\t<div class=\"elementor-element elementor-element-e885f3f elementor-widget elementor-widget-heading\" data-id=\"e885f3f\" data-element_type=\"widget\" data-widget_type=\"heading.default\">\n\t\t\t\t\t<h2 class=\"elementor-heading-title elementor-size-default\">\u00c9rdemes megvenni az \u00faj 17-es sorozat\u00fa modelleket?\n<\/h2>\t\t\t\t<\/div>\n\t\t\t\t<div class=\"elementor-element elementor-element-b1988e0 elementor-widget elementor-widget-text-editor\" data-id=\"b1988e0\" data-element_type=\"widget\" data-widget_type=\"text-editor.default\">\n\t\t\t\t\t\t\t\t\t<p data-start=\"284\" data-end=\"751\">A<strong> SWOPiFY-n\u00e1l nem vagyunk az \u00faj technol\u00f3gi\u00e1k ellen &#8211; \u00e9ppen ellenkez\u0151leg, azt szeretn\u00e9nk, ha mindenki hozz\u00e1f\u00e9rhetne hozz\u00e1j<\/strong>uk. A k\u00e9rd\u00e9s azonban az, hogy a lehet\u0151 legmagasabb \u00e1rat kell-e fizetni \u00e9rt\u00fck? A 17-es sorozat\u00fa modellek m\u00e1r egy ideje a piacon vannak, \u00e9s az \u00e1raik gyakran m\u00e1r n\u00e9h\u00e1ny h\u00f3nappal a megjelen\u00e9s\u00fck ut\u00e1n fokozatosan cs\u00f6kkenni kezdenek. Ez\u00e9rt azok, akiknek fontos a leg\u00fajabb iPhone, <strong>sokat sp\u00f3rolhatnak, ha a k\u00e9sz\u00fcl\u00e9k deb\u00fct\u00e1l\u00e1s\u00e1nak napja helyett kicsit k\u00e9s\u0151bb d\u00f6ntenek a v\u00e1s\u00e1rl\u00e1s mellett<\/strong>.<br \/><br \/><\/p><p data-start=\"753\" data-end=\"1142\">Ugyanakkor <strong>sok felhaszn\u00e1l\u00f3 eladja kor\u00e1bbi modellj\u00e9t, hogy finansz\u00edrozza az \u00faj okostelefon v\u00e1s\u00e1rl\u00e1s\u00e1t<\/strong>. Ennek eredm\u00e9nyek\u00e9ppen nagysz\u00e1m\u00fa nagyszer\u0171 technol\u00f3giai k\u00e9sz\u00fcl\u00e9k van a piacon, p\u00e9ld\u00e1ul fel\u00faj\u00edtott <a href=\"https:\/\/swopify.com\/hu-hu\/iphone-15\">iPhone-ok a 15-\u00f6s<\/a>, 14-es vagy ak\u00e1r a 13-as sorozatb\u00f3l. Ez gyakran ide\u00e1lis alkalom arra, hogy z\u00e1szl\u00f3shaj\u00f3 telefonokat v\u00e1s\u00e1roljunk sokkal olcs\u00f3bban, an\u00e9lk\u00fcl, hogy a nagy teljes\u00edtm\u00e9ny \u00e9s a min\u0151s\u00e9g rov\u00e1s\u00e1ra menne.<\/p><p data-start=\"753\" data-end=\"1142\">\u00a0<\/p><p data-start=\"1144\" data-end=\"1575\">K\u00fcldet\u00e9s\u00fcnk t\u00f6bb, mint fel\u00faj\u00edtott elektronikai cikkek \u00e9rt\u00e9kes\u00edt\u00e9se. Hisz\u00fcnk abban, hogy k\u00f6z\u00f6sen tudatosabb\u00e1 tudjuk v\u00e1ltoztatni a v\u00e1s\u00e1rl\u00e1si szok\u00e1sokat. Amikor fel\u00faj\u00edtott <a href=\"https:\/\/swopify.com\/pl-pl\/smartfony\">telefont<\/a> v\u00e1s\u00e1rol, nemcsak p\u00e9nzt takar\u00edt meg, amelyet szenved\u00e9lyeire vagy utaz\u00e1sokra k\u00f6lthet, hanem a k\u00e9sz\u00fcl\u00e9knek egy m\u00e1sodik \u00e9letet is ad. Ily m\u00f3don <strong>val\u00f3ban hozz\u00e1j\u00e1rulsz az elektromos hullad\u00e9k cs\u00f6kkent\u00e9s\u00e9hez \u00e9s a technol\u00f3gi\u00e1val kapcsolatos felel\u0151ss\u00e9gteljesebb szeml\u00e9letm\u00f3d t\u00e1mogat\u00e1s\u00e1hoz<\/strong>.<\/p>\t\t\t\t\t\t\t\t<\/div>\n\t\t<div class=\"elementor-element elementor-element-154a758 e-grid e-con-full e-con e-child\" data-id=\"154a758\" data-element_type=\"container\">\n\t\t\t\t<div class=\"elementor-element elementor-element-430f3a7 elementor-widget elementor-widget-image\" data-id=\"430f3a7\" data-element_type=\"widget\" data-widget_type=\"image.default\">\n\t\t\t\t\t\t\t\t\t\t\t\t<figure class=\"wp-caption\">\n\t\t\t\t\t\t\t\t\t\t\t<a href=\"https:\/\/swopify.com\/hu-hu\/iphone-16-pro-256gb-fekete-titan-3901\">\n\t\t\t\t\t\t\t<img decoding=\"async\" src=\"https:\/\/swopify.com\/publicTmp\/pictures\/600x\/01311a\/e2w0n6p4i0x0o1h7j4q8u641k7g0c9l9.jpg\" title=\"\" alt=\"iPhone 16 Pro 256GB Fekete Tit\u00e1n\" loading=\"lazy\" \/>\t\t\t\t\t\t\t\t<\/a>\n\t\t\t\t\t\t\t\t\t\t\t<figcaption class=\"widget-image-caption wp-caption-text\">iPhone 16 Pro 256GB Fekete Tit\u00e1n<\/figcaption>\n\t\t\t\t\t\t\t\t\t\t<\/figure>\n\t\t\t\t\t\t\t\t\t<\/div>\n\t\t\t\t<div class=\"elementor-element elementor-element-76faef5 elementor-widget elementor-widget-image\" data-id=\"76faef5\" data-element_type=\"widget\" data-widget_type=\"image.default\">\n\t\t\t\t\t\t\t\t\t\t\t\t<figure class=\"wp-caption\">\n\t\t\t\t\t\t\t\t\t\t\t<a href=\"https:\/\/swopify.com\/hu-hu\/iphone-16-pro-max-256gb-sivatagszin-titan-3907\">\n\t\t\t\t\t\t\t<img decoding=\"async\" src=\"https:\/\/swopify.com\/publicTmp\/pictures\/600x\/32869a\/k5c3e1u4t0p0g147c6p9g1h7h9p958n9.jpg\" title=\"\" alt=\"iPhone 16 Pro Max 256GB Sivatagsz\u00edn\u0171 Tit\u00e1n\" loading=\"lazy\" \/>\t\t\t\t\t\t\t\t<\/a>\n\t\t\t\t\t\t\t\t\t\t\t<figcaption class=\"widget-image-caption wp-caption-text\">iPhone 16 Pro Max 256GB Sivatagsz\u00edn\u0171 Tit\u00e1n<\/figcaption>\n\t\t\t\t\t\t\t\t\t\t<\/figure>\n\t\t\t\t\t\t\t\t\t<\/div>\n\t\t\t\t<div class=\"elementor-element elementor-element-f4ae90b elementor-widget elementor-widget-image\" data-id=\"f4ae90b\" data-element_type=\"widget\" data-widget_type=\"image.default\">\n\t\t\t\t\t\t\t\t\t\t\t\t<figure class=\"wp-caption\">\n\t\t\t\t\t\t\t\t\t\t\t<a href=\"https:\/\/swopify.com\/hu-hu\/iphone-15-pro-128gb-kek-titan-603\">\n\t\t\t\t\t\t\t<img decoding=\"async\" src=\"https:\/\/swopify.com\/publicTmp\/pictures\/600x\/782e24\/y7z8n9u6u0w001u7g4g6n5j4h7d272k0.jpg\" title=\"\" alt=\"iPhone 15 Pro 128GB K\u00e9k Tit\u00e1n\" loading=\"lazy\" \/>\t\t\t\t\t\t\t\t<\/a>\n\t\t\t\t\t\t\t\t\t\t\t<figcaption class=\"widget-image-caption wp-caption-text\">iPhone 15 Pro 128GB K\u00e9k Tit\u00e1n<\/figcaption>\n\t\t\t\t\t\t\t\t\t\t<\/figure>\n\t\t\t\t\t\t\t\t\t<\/div>\n\t\t\t\t<\/div>\n\t\t\t\t<\/div>\n\t\t<div class=\"elementor-element elementor-element-18cd69d e-con-full e-flex e-con e-child\" data-id=\"18cd69d\" data-element_type=\"container\" data-settings=\"{&quot;background_background&quot;:&quot;classic&quot;}\">\n\t\t\t\t<div class=\"elementor-element elementor-element-f50921e elementor-widget__width-initial elementor-widget elementor-widget-heading\" data-id=\"f50921e\" data-element_type=\"widget\" data-widget_type=\"heading.default\">\n\t\t\t\t\t<h2 class=\"elementor-heading-title elementor-size-default\">Gyakran ism\u00e9telt k\u00e9rd\u00e9sek<\/h2>\t\t\t\t<\/div>\n\t\t\t\t<div class=\"elementor-element elementor-element-fdbafc8 elementor-widget elementor-widget-n-accordion\" data-id=\"fdbafc8\" data-element_type=\"widget\" data-settings=\"{&quot;n_accordion_animation_duration&quot;:{&quot;unit&quot;:&quot;ms&quot;,&quot;size&quot;:500,&quot;sizes&quot;:[]},&quot;default_state&quot;:&quot;expanded&quot;,&quot;max_items_expended&quot;:&quot;one&quot;}\" data-widget_type=\"nested-accordion.default\">\n\t\t\t\t\t\t\t<div class=\"e-n-accordion\" aria-label=\"Accordion. Open links with Enter or Space, close with Escape, and navigate with Arrow Keys\">\n\t\t\t\t\t\t<details id=\"e-n-accordion-item-2660\" class=\"e-n-accordion-item\" open>\n\t\t\t\t<summary class=\"e-n-accordion-item-title\" data-accordion-index=\"1\" tabindex=\"0\" aria-expanded=\"true\" aria-controls=\"e-n-accordion-item-2660\" >\n\t\t\t\t\t<span class='e-n-accordion-item-title-header'><div class=\"e-n-accordion-item-title-text\"> Mi a k\u00fcl\u00f6nbs\u00e9g az iPhone 17 Pro \u00e9s a 17 Pro Max k\u00f6z\u00f6tt? <\/div><\/span>\n\t\t\t\t\t\t\t<span class='e-n-accordion-item-title-icon'>\n\t\t\t<span class='e-opened' ><svg xmlns=\"http:\/\/www.w3.org\/2000\/svg\" width=\"12\" height=\"8\" viewBox=\"0 0 12 8\" fill=\"none\"><path d=\"M6 0.000391054L12 6.00039L10.6 7.40039L6 2.80039L1.4 7.40039L-1.22392e-07 6.00039L6 0.000391054Z\" fill=\"#292D33\"><\/path><\/svg><\/span>\n\t\t\t<span class='e-closed'><svg xmlns=\"http:\/\/www.w3.org\/2000\/svg\" width=\"12\" height=\"8\" viewBox=\"0 0 12 8\" fill=\"none\"><path d=\"M6 7.4L0 1.4L1.4 0L6 4.6L10.6 0L12 1.4L6 7.4Z\" fill=\"#292D33\"><\/path><\/svg><\/span>\n\t\t<\/span>\n\n\t\t\t\t\t\t<\/summary>\n\t\t\t\t<div role=\"region\" aria-labelledby=\"e-n-accordion-item-2660\" class=\"elementor-element elementor-element-c744340 e-con-full e-flex e-con e-child\" data-id=\"c744340\" data-element_type=\"container\">\n\t\t\t\t<div class=\"elementor-element elementor-element-8036a0d elementor-widget elementor-widget-text-editor\" data-id=\"8036a0d\" data-element_type=\"widget\" data-widget_type=\"text-editor.default\">\n\t\t\t\t\t\t\t\t\t<p>A Pro \u00e9s Pro Max modellek k\u00f6z\u00f6tti f\u0151 k\u00fcl\u00f6nbs\u00e9g a m\u00e9ret, a s\u00faly \u00e9s az akkumul\u00e1tor kapacit\u00e1sa. Az iPhone 17 Pro Max l\u00e9nyegesen nagyobb \u00e9s nehezebb, 221 grammot nyom, m\u00edg az iPhone 17 Pro 196 grammot. Ez a m\u00e9retbeli k\u00fcl\u00f6nbs\u00e9g nagyobb kijelz\u0151t \u00e9s sokkal nagyobb kapacit\u00e1s\u00fa akkumul\u00e1tort jelent a Pro Max modelln\u00e9l.  <\/p>\t\t\t\t\t\t\t\t<\/div>\n\t\t\t\t<\/div>\n\t\t\t\t\t<\/details>\n\t\t\t\t\t\t<details id=\"e-n-accordion-item-2661\" class=\"e-n-accordion-item\" >\n\t\t\t\t<summary class=\"e-n-accordion-item-title\" data-accordion-index=\"2\" tabindex=\"-1\" aria-expanded=\"false\" aria-controls=\"e-n-accordion-item-2661\" >\n\t\t\t\t\t<span class='e-n-accordion-item-title-header'><div class=\"e-n-accordion-item-title-text\"> Mennyibe ker\u00fcl az \u00faj iPhone 17 Pro Max, \u00e9s meg\u00e9ri-e fel\u00e1rat fizetni \u00e9rte? <\/div><\/span>\n\t\t\t\t\t\t\t<span class='e-n-accordion-item-title-icon'>\n\t\t\t<span class='e-opened' ><svg xmlns=\"http:\/\/www.w3.org\/2000\/svg\" width=\"12\" height=\"8\" viewBox=\"0 0 12 8\" fill=\"none\"><path d=\"M6 0.000391054L12 6.00039L10.6 7.40039L6 2.80039L1.4 7.40039L-1.22392e-07 6.00039L6 0.000391054Z\" fill=\"#292D33\"><\/path><\/svg><\/span>\n\t\t\t<span class='e-closed'><svg xmlns=\"http:\/\/www.w3.org\/2000\/svg\" width=\"12\" height=\"8\" viewBox=\"0 0 12 8\" fill=\"none\"><path d=\"M6 7.4L0 1.4L1.4 0L6 4.6L10.6 0L12 1.4L6 7.4Z\" fill=\"#292D33\"><\/path><\/svg><\/span>\n\t\t<\/span>\n\n\t\t\t\t\t\t<\/summary>\n\t\t\t\t<div role=\"region\" aria-labelledby=\"e-n-accordion-item-2661\" class=\"elementor-element elementor-element-928de8b e-con-full e-flex e-con e-child\" data-id=\"928de8b\" data-element_type=\"container\">\n\t\t\t\t<div class=\"elementor-element elementor-element-f20c0b9 elementor-widget elementor-widget-text-editor\" data-id=\"f20c0b9\" data-element_type=\"widget\" data-widget_type=\"text-editor.default\">\n\t\t\t\t\t\t\t\t\t<p>Az \u00e1r az iPhone 17 Pro Max Lengyelorsz\u00e1gban a bevezet\u00e9s napj\u00e1n indult \u00a3 6999 a 256 GB-os v\u00e1ltozat. Hogy meg\u00e9ri-e fel\u00e1rat fizetni \u00e9rte, az az \u00d6n ig\u00e9nyeit\u0151l f\u00fcgg. Ha a legnagyobb k\u00e9perny\u0151re van sz\u00fcks\u00e9ge j\u00e1t\u00e9khoz, filmn\u00e9z\u00e9shez vagy videoszerkeszt\u00e9shez, \u00e9s a leghosszabb akkumul\u00e1tor-\u00fczemid\u0151t szeretn\u00e9, akkor ez a modell az \u00d6n sz\u00e1m\u00e1ra. Ellenkez\u0151 esetben az iPhone 17 Pro ugyanezeket a fejlett funkci\u00f3kat k\u00edn\u00e1lja kisebb, k\u00f6nnyebb form\u00e1tumban \u00e9s alacsonyabb \u00e1ron.   <\/p>\t\t\t\t\t\t\t\t<\/div>\n\t\t\t\t<\/div>\n\t\t\t\t\t<\/details>\n\t\t\t\t\t\t<details id=\"e-n-accordion-item-2662\" class=\"e-n-accordion-item\" >\n\t\t\t\t<summary class=\"e-n-accordion-item-title\" data-accordion-index=\"3\" tabindex=\"-1\" aria-expanded=\"false\" aria-controls=\"e-n-accordion-item-2662\" >\n\t\t\t\t\t<span class='e-n-accordion-item-title-header'><div class=\"e-n-accordion-item-title-text\"> Mennyivel nagyobb az iPhone 17 Pro Max, mint a 17 Pro? <\/div><\/span>\n\t\t\t\t\t\t\t<span class='e-n-accordion-item-title-icon'>\n\t\t\t<span class='e-opened' ><svg xmlns=\"http:\/\/www.w3.org\/2000\/svg\" width=\"12\" height=\"8\" viewBox=\"0 0 12 8\" fill=\"none\"><path d=\"M6 0.000391054L12 6.00039L10.6 7.40039L6 2.80039L1.4 7.40039L-1.22392e-07 6.00039L6 0.000391054Z\" fill=\"#292D33\"><\/path><\/svg><\/span>\n\t\t\t<span class='e-closed'><svg xmlns=\"http:\/\/www.w3.org\/2000\/svg\" width=\"12\" height=\"8\" viewBox=\"0 0 12 8\" fill=\"none\"><path d=\"M6 7.4L0 1.4L1.4 0L6 4.6L10.6 0L12 1.4L6 7.4Z\" fill=\"#292D33\"><\/path><\/svg><\/span>\n\t\t<\/span>\n\n\t\t\t\t\t\t<\/summary>\n\t\t\t\t<div role=\"region\" aria-labelledby=\"e-n-accordion-item-2662\" class=\"elementor-element elementor-element-31e1bbd e-con-full e-flex e-con e-child\" data-id=\"31e1bbd\" data-element_type=\"container\">\n\t\t\t\t<div class=\"elementor-element elementor-element-d2f0c95 elementor-widget elementor-widget-text-editor\" data-id=\"d2f0c95\" data-element_type=\"widget\" data-widget_type=\"text-editor.default\">\n\t\t\t\t\t\t\t\t\t<p>Az iPhone 17 Pro Max 6,9 h\u00fcvelykes, m\u00edg az iPhone 17 Pro 6,3 h\u00fcvelykes kijelz\u0151vel rendelkezik. Emellett a Pro Max modell 25 grammal nehezebb, ami a mindennapi haszn\u00e1lat sor\u00e1n \u00e9rezhet\u0151. <\/p><p> <\/p>\t\t\t\t\t\t\t\t<\/div>\n\t\t\t\t<\/div>\n\t\t\t\t\t<\/details>\n\t\t\t\t\t\t<details id=\"e-n-accordion-item-2663\" class=\"e-n-accordion-item\" >\n\t\t\t\t<summary class=\"e-n-accordion-item-title\" data-accordion-index=\"4\" tabindex=\"-1\" aria-expanded=\"false\" aria-controls=\"e-n-accordion-item-2663\" >\n\t\t\t\t\t<span class='e-n-accordion-item-title-header'><div class=\"e-n-accordion-item-title-text\"> \u00c9rdemes fel\u00faj\u00edtott k\u00e9sz\u00fcl\u00e9keket v\u00e1s\u00e1rolni? <\/div><\/span>\n\t\t\t\t\t\t\t<span class='e-n-accordion-item-title-icon'>\n\t\t\t<span class='e-opened' ><svg xmlns=\"http:\/\/www.w3.org\/2000\/svg\" width=\"12\" height=\"8\" viewBox=\"0 0 12 8\" fill=\"none\"><path d=\"M6 0.000391054L12 6.00039L10.6 7.40039L6 2.80039L1.4 7.40039L-1.22392e-07 6.00039L6 0.000391054Z\" fill=\"#292D33\"><\/path><\/svg><\/span>\n\t\t\t<span class='e-closed'><svg xmlns=\"http:\/\/www.w3.org\/2000\/svg\" width=\"12\" height=\"8\" viewBox=\"0 0 12 8\" fill=\"none\"><path d=\"M6 7.4L0 1.4L1.4 0L6 4.6L10.6 0L12 1.4L6 7.4Z\" fill=\"#292D33\"><\/path><\/svg><\/span>\n\t\t<\/span>\n\n\t\t\t\t\t\t<\/summary>\n\t\t\t\t<div role=\"region\" aria-labelledby=\"e-n-accordion-item-2663\" class=\"elementor-element elementor-element-21879f0 e-con-full e-flex e-con e-child\" data-id=\"21879f0\" data-element_type=\"container\">\n\t\t\t\t<div class=\"elementor-element elementor-element-f7385f1 elementor-widget elementor-widget-text-editor\" data-id=\"f7385f1\" data-element_type=\"widget\" data-widget_type=\"text-editor.default\">\n\t\t\t\t\t\t\t\t\t<p>Igen, meg\u00e9ri. A fel\u00faj\u00edtott k\u00e9sz\u00fcl\u00e9kek v\u00e1s\u00e1rl\u00e1sa okos \u00e9s tudatos fogyaszt\u00e1s. Az olyan fel\u00faj\u00edtott telefonok, mint amilyeneket a SWOPiFY k\u00edn\u00e1l, teljes k\u00f6r\u0171en teszteltek \u00e9s ellen\u0151rz\u00f6ttek, r\u00e1ad\u00e1sul sokkal kevesebbe ker\u00fclnek, mint az \u00fajak. Ez is t\u00e1mogatja a k\u00f6rnyezetv\u00e9delemmel kapcsolatos k\u00fcldet\u00e9s\u00fcnket, hiszen azzal, hogy a k\u00e9sz\u00fcl\u00e9keknek m\u00e1sodik \u00e9letet adunk, cs\u00f6kkentj\u00fck az elektromos hullad\u00e9k mennyis\u00e9g\u00e9t.   <\/p>\t\t\t\t\t\t\t\t<\/div>\n\t\t\t\t<\/div>\n\t\t\t\t\t<\/details>\n\t\t\t\t\t<\/div>\n\t\t\t\t\t<script type=\"application\/ld+json\">{\"@context\":\"https:\\\/\\\/schema.org\",\"@type\":\"FAQPage\",\"mainEntity\":[{\"@type\":\"Question\",\"name\":\"Mi a k\\u00fcl\\u00f6nbs\\u00e9g az iPhone 17 Pro \\u00e9s a 17 Pro Max k\\u00f6z\\u00f6tt?\",\"acceptedAnswer\":{\"@type\":\"Answer\",\"text\":\"A Pro \\u00e9s Pro Max modellek k\\u00f6z\\u00f6tti f\\u0151 k\\u00fcl\\u00f6nbs\\u00e9g a m\\u00e9ret, a s\\u00faly \\u00e9s az akkumul\\u00e1tor kapacit\\u00e1sa. Az iPhone 17 Pro Max l\\u00e9nyegesen nagyobb \\u00e9s nehezebb, 221 grammot nyom, m\\u00edg az iPhone 17 Pro 196 grammot. Ez a m\\u00e9retbeli k\\u00fcl\\u00f6nbs\\u00e9g nagyobb kijelz\\u0151t \\u00e9s sokkal nagyobb kapacit\\u00e1s\\u00fa akkumul\\u00e1tort jelent a Pro Max modelln\\u00e9l.\"}},{\"@type\":\"Question\",\"name\":\"Mennyibe ker\\u00fcl az \\u00faj iPhone 17 Pro Max, \\u00e9s meg\\u00e9ri-e fel\\u00e1rat fizetni \\u00e9rte?\",\"acceptedAnswer\":{\"@type\":\"Answer\",\"text\":\"Az \\u00e1r az iPhone 17 Pro Max Lengyelorsz\\u00e1gban a bevezet\\u00e9s napj\\u00e1n indult \\u00a3 6999 a 256 GB-os v\\u00e1ltozat. Hogy meg\\u00e9ri-e fel\\u00e1rat fizetni \\u00e9rte, az az \\u00d6n ig\\u00e9nyeit\\u0151l f\\u00fcgg. Ha a legnagyobb k\\u00e9perny\\u0151re van sz\\u00fcks\\u00e9ge j\\u00e1t\\u00e9khoz, filmn\\u00e9z\\u00e9shez vagy videoszerkeszt\\u00e9shez, \\u00e9s a leghosszabb akkumul\\u00e1tor-\\u00fczemid\\u0151t szeretn\\u00e9, akkor ez a modell az \\u00d6n sz\\u00e1m\\u00e1ra. Ellenkez\\u0151 esetben az iPhone 17 Pro ugyanezeket a fejlett funkci\\u00f3kat k\\u00edn\\u00e1lja kisebb, k\\u00f6nnyebb form\\u00e1tumban \\u00e9s alacsonyabb \\u00e1ron.\"}},{\"@type\":\"Question\",\"name\":\"Mennyivel nagyobb az iPhone 17 Pro Max, mint a 17 Pro?\",\"acceptedAnswer\":{\"@type\":\"Answer\",\"text\":\"Az iPhone 17 Pro Max 6,9 h\\u00fcvelykes, m\\u00edg az iPhone 17 Pro 6,3 h\\u00fcvelykes kijelz\\u0151vel rendelkezik. Emellett a Pro Max modell 25 grammal nehezebb, ami a mindennapi haszn\\u00e1lat sor\\u00e1n \\u00e9rezhet\\u0151.\"}},{\"@type\":\"Question\",\"name\":\"\\u00c9rdemes fel\\u00faj\\u00edtott k\\u00e9sz\\u00fcl\\u00e9keket v\\u00e1s\\u00e1rolni?\",\"acceptedAnswer\":{\"@type\":\"Answer\",\"text\":\"Igen, meg\\u00e9ri. A fel\\u00faj\\u00edtott k\\u00e9sz\\u00fcl\\u00e9kek v\\u00e1s\\u00e1rl\\u00e1sa okos \\u00e9s tudatos fogyaszt\\u00e1s. Az olyan fel\\u00faj\\u00edtott telefonok, mint amilyeneket a SWOPiFY k\\u00edn\\u00e1l, teljes k\\u00f6r\\u0171en teszteltek \\u00e9s ellen\\u0151rz\\u00f6ttek, r\\u00e1ad\\u00e1sul sokkal kevesebbe ker\\u00fclnek, mint az \\u00fajak. Ez is t\\u00e1mogatja a k\\u00f6rnyezetv\\u00e9delemmel kapcsolatos k\\u00fcldet\\u00e9s\\u00fcnket, hiszen azzal, hogy a k\\u00e9sz\\u00fcl\\u00e9keknek m\\u00e1sodik \\u00e9letet adunk, cs\\u00f6kkentj\\u00fck az elektromos hullad\\u00e9k mennyis\\u00e9g\\u00e9t.\"}}]}<\/script>\n\t\t\t\t\t\t\t<\/div>\n\t\t\t\t<\/div>\n\t\t<div class=\"elementor-element elementor-element-3ced5f1 e-con-full elementor-hidden-tablet elementor-hidden-mobile e-flex e-con e-child\" data-id=\"3ced5f1\" data-element_type=\"container\" data-settings=\"{&quot;background_background&quot;:&quot;classic&quot;}\">\n\t\t<div class=\"elementor-element elementor-element-3771c2c e-con-full e-flex e-con e-child\" data-id=\"3771c2c\" data-element_type=\"container\">\n\t\t\t\t<div class=\"elementor-element elementor-element-1abce59 elementor-absolute elementor-widget elementor-widget-image\" data-id=\"1abce59\" data-element_type=\"widget\" data-settings=\"{&quot;_position&quot;:&quot;absolute&quot;}\" data-widget_type=\"image.default\">\n\t\t\t\t\t\t\t\t\t\t\t\t\t\t\t<img loading=\"lazy\" decoding=\"async\" width=\"196\" height=\"143\" src=\"https:\/\/swopify.com\/blog\/wp-content\/uploads\/2025\/07\/Vector-6.svg\" class=\"attachment-large size-large wp-image-5513\" alt=\"\" \/>\t\t\t\t\t\t\t\t\t\t\t\t\t\t\t<\/div>\n\t\t\t\t<div class=\"elementor-element elementor-element-3adc862 elementor-absolute elementor-widget elementor-widget-image\" data-id=\"3adc862\" data-element_type=\"widget\" data-settings=\"{&quot;_position&quot;:&quot;absolute&quot;}\" data-widget_type=\"image.default\">\n\t\t\t\t\t\t\t\t\t\t\t\t\t\t\t<img loading=\"lazy\" decoding=\"async\" width=\"196\" height=\"143\" src=\"https:\/\/swopify.com\/blog\/wp-content\/uploads\/2025\/07\/Vector-6.svg\" class=\"attachment-large size-large wp-image-5513\" alt=\"\" \/>\t\t\t\t\t\t\t\t\t\t\t\t\t\t\t<\/div>\n\t\t\t\t<div class=\"elementor-element elementor-element-7ffb0e8 elementor-absolute elementor-widget elementor-widget-image\" data-id=\"7ffb0e8\" data-element_type=\"widget\" data-settings=\"{&quot;_position&quot;:&quot;absolute&quot;}\" data-widget_type=\"image.default\">\n\t\t\t\t\t\t\t\t\t\t\t\t\t\t\t<img loading=\"lazy\" decoding=\"async\" width=\"53\" height=\"50\" src=\"https:\/\/swopify.com\/blog\/wp-content\/uploads\/2025\/07\/Vector-7.svg\" class=\"attachment-large size-large wp-image-5514\" alt=\"\" \/>\t\t\t\t\t\t\t\t\t\t\t\t\t\t\t<\/div>\n\t\t\t\t<div class=\"elementor-element elementor-element-f0dc3a5 elementor-widget elementor-widget-image\" data-id=\"f0dc3a5\" data-element_type=\"widget\" data-widget_type=\"image.default\">\n\t\t\t\t\t\t\t\t\t\t\t\t\t\t\t<img loading=\"lazy\" decoding=\"async\" width=\"685\" height=\"676\" src=\"https:\/\/swopify.com\/blog\/wp-content\/uploads\/2025\/08\/bartek_zdj.jpg\" class=\"attachment-large size-large wp-image-5515\" alt=\"\" srcset=\"https:\/\/swopify.com\/blog\/wp-content\/uploads\/2025\/08\/bartek_zdj.jpg 685w, https:\/\/swopify.com\/blog\/wp-content\/uploads\/2025\/08\/bartek_zdj-300x296.jpg 300w\" sizes=\"(max-width: 685px) 100vw, 685px\" \/>\t\t\t\t\t\t\t\t\t\t\t\t\t\t\t<\/div>\n\t\t\t\t<\/div>\n\t\t<div class=\"elementor-element elementor-element-c7fa709 e-con-full e-flex e-con e-child\" data-id=\"c7fa709\" data-element_type=\"container\">\n\t\t<div class=\"elementor-element elementor-element-7fd3302 e-con-full e-flex e-con e-child\" data-id=\"7fd3302\" data-element_type=\"container\">\n\t\t\t\t<div class=\"elementor-element elementor-element-9a3f2b5 elementor-widget elementor-widget-text-editor\" data-id=\"9a3f2b5\" data-element_type=\"widget\" data-widget_type=\"text-editor.default\">\n\t\t\t\t\t\t\t\t\t<p>A SZERZ\u0150R\u0150L:<\/p>\t\t\t\t\t\t\t\t<\/div>\n\t\t\t\t<div class=\"elementor-element elementor-element-e6c5546 elementor-widget elementor-widget-text-editor\" data-id=\"e6c5546\" data-element_type=\"widget\" data-widget_type=\"text-editor.default\">\n\t\t\t\t\t\t\t\t\tBartek Zebrowski\t\t\t\t\t\t\t\t<\/div>\n\t\t\t\t<div class=\"elementor-element elementor-element-0f28a07 elementor-widget elementor-widget-text-editor\" data-id=\"0f28a07\" data-element_type=\"widget\" data-widget_type=\"text-editor.default\">\n\t\t\t\t\t\t\t\t\t<p>Szenved\u00e9lyesen rajongok a fel\u00faj\u00edtott elektronik\u00e1\u00e9rt &#8211; megmutatom, hogy nagyszer\u0171 felszerel\u00e9ssel rendelkezhetsz an\u00e9lk\u00fcl, hogy t\u00falfizetn\u00e9l, \u00e9s an\u00e9lk\u00fcl, hogy m\u00e9g t\u00f6bb elektroszemetet adn\u00e1l hozz\u00e1. A blogon megosztom tud\u00e1somat \u00e9s tapasztalataimat, hogy okosabb \u00e9s t\u00e1j\u00e9kozottabb technol\u00f3giai d\u00f6nt\u00e9sekre \u00f6szt\u00f6n\u00f6zzek. <\/p>\t\t\t\t\t\t\t\t<\/div>\n\t\t\t\t<\/div>\n\t\t\t\t<\/div>\n\t\t\t\t<\/div>\n\t\t<div class=\"elementor-element elementor-element-aaf9d0f e-con-full elementor-hidden-desktop e-flex e-con e-child\" data-id=\"aaf9d0f\" data-element_type=\"container\" data-settings=\"{&quot;background_background&quot;:&quot;classic&quot;}\">\n\t\t<div class=\"elementor-element elementor-element-a92490e e-con-full e-flex e-con e-child\" data-id=\"a92490e\" data-element_type=\"container\">\n\t\t\t\t<div class=\"elementor-element elementor-element-9ccff93 elementor-absolute elementor-widget elementor-widget-image\" data-id=\"9ccff93\" data-element_type=\"widget\" data-settings=\"{&quot;_position&quot;:&quot;absolute&quot;}\" data-widget_type=\"image.default\">\n\t\t\t\t\t\t\t\t\t\t\t\t\t\t\t<img loading=\"lazy\" decoding=\"async\" width=\"196\" height=\"143\" src=\"https:\/\/swopify.com\/blog\/wp-content\/uploads\/2025\/07\/Vector-6.svg\" class=\"attachment-large size-large wp-image-5513\" alt=\"\" \/>\t\t\t\t\t\t\t\t\t\t\t\t\t\t\t<\/div>\n\t\t\t\t<div class=\"elementor-element elementor-element-4f6644f elementor-absolute elementor-widget elementor-widget-image\" data-id=\"4f6644f\" data-element_type=\"widget\" data-settings=\"{&quot;_position&quot;:&quot;absolute&quot;}\" data-widget_type=\"image.default\">\n\t\t\t\t\t\t\t\t\t\t\t\t\t\t\t<img loading=\"lazy\" decoding=\"async\" width=\"196\" height=\"143\" src=\"https:\/\/swopify.com\/blog\/wp-content\/uploads\/2025\/07\/Vector-6.svg\" class=\"attachment-large size-large wp-image-5513\" alt=\"\" \/>\t\t\t\t\t\t\t\t\t\t\t\t\t\t\t<\/div>\n\t\t\t\t<div class=\"elementor-element elementor-element-9545908 elementor-absolute elementor-widget elementor-widget-image\" data-id=\"9545908\" data-element_type=\"widget\" data-settings=\"{&quot;_position&quot;:&quot;absolute&quot;}\" data-widget_type=\"image.default\">\n\t\t\t\t\t\t\t\t\t\t\t\t\t\t\t<img loading=\"lazy\" decoding=\"async\" width=\"53\" height=\"50\" src=\"https:\/\/swopify.com\/blog\/wp-content\/uploads\/2025\/07\/Vector-7.svg\" class=\"attachment-large size-large wp-image-5514\" alt=\"\" \/>\t\t\t\t\t\t\t\t\t\t\t\t\t\t\t<\/div>\n\t\t\t\t<div class=\"elementor-element elementor-element-40a2eb3 elementor-widget elementor-widget-image\" data-id=\"40a2eb3\" data-element_type=\"widget\" data-widget_type=\"image.default\">\n\t\t\t\t\t\t\t\t\t\t\t\t\t\t\t<img decoding=\"async\" src=\"https:\/\/secure.gravatar.com\/avatar\/1bd8afa4c1d6b4939151f7e8748c2d999db5bdeacaabc395e986297505ee7b4d?s=96&#038;d=mm&#038;r=g\" title=\"\" alt=\"\" loading=\"lazy\" \/>\t\t\t\t\t\t\t\t\t\t\t\t\t\t\t<\/div>\n\t\t\t\t<\/div>\n\t\t<div class=\"elementor-element elementor-element-d8018c1 e-con-full e-flex e-con e-child\" data-id=\"d8018c1\" data-element_type=\"container\">\n\t\t<div class=\"elementor-element elementor-element-4a0487a e-con-full e-flex e-con e-child\" data-id=\"4a0487a\" data-element_type=\"container\">\n\t\t\t\t<div class=\"elementor-element elementor-element-bd13085 elementor-widget elementor-widget-text-editor\" data-id=\"bd13085\" data-element_type=\"widget\" data-widget_type=\"text-editor.default\">\n\t\t\t\t\t\t\t\t\t<p>A SZERZ\u0150R\u0150L:<\/p>\t\t\t\t\t\t\t\t<\/div>\n\t\t\t\t<div class=\"elementor-element elementor-element-a8f264b elementor-widget elementor-widget-text-editor\" data-id=\"a8f264b\" data-element_type=\"widget\" data-widget_type=\"text-editor.default\">\n\t\t\t\t\t\t\t\t\tBartek Zebrowski\t\t\t\t\t\t\t\t<\/div>\n\t\t\t\t<div class=\"elementor-element elementor-element-cd82148 elementor-widget elementor-widget-text-editor\" data-id=\"cd82148\" data-element_type=\"widget\" data-widget_type=\"text-editor.default\">\n\t\t\t\t\t\t\t\t\t<p>Szenved\u00e9lyesen rajongok a fel\u00faj\u00edtott elektronik\u00e1\u00e9rt &#8211; megmutatom, hogy nagyszer\u0171 felszerel\u00e9ssel rendelkezhetsz an\u00e9lk\u00fcl, hogy t\u00falfizetn\u00e9l, \u00e9s an\u00e9lk\u00fcl, hogy m\u00e9g t\u00f6bb elektroszemetet adn\u00e1l hozz\u00e1. A blogon megosztom tud\u00e1somat \u00e9s tapasztalataimat, hogy okosabb \u00e9s t\u00e1j\u00e9kozottabb technol\u00f3giai d\u00f6nt\u00e9sekre \u00f6szt\u00f6n\u00f6zzek. <\/p>\t\t\t\t\t\t\t\t<\/div>\n\t\t\t\t<\/div>\n\t\t\t\t<\/div>\n\t\t\t\t<\/div>\n\t\t\t\t<\/div>\n\t\t<div class=\"elementor-element elementor-element-50dccb7 e-con-full e-flex e-con e-child\" data-id=\"50dccb7\" data-element_type=\"container\" data-settings=\"{&quot;sticky&quot;:&quot;top&quot;,&quot;sticky_offset&quot;:150,&quot;sticky_parent&quot;:&quot;yes&quot;,&quot;sticky_on&quot;:[&quot;desktop&quot;],&quot;sticky_effects_offset&quot;:0,&quot;sticky_anchor_link_offset&quot;:0}\">\n\t\t<div class=\"elementor-element elementor-element-225abc7 e-con-full e-flex e-con e-child\" data-id=\"225abc7\" data-element_type=\"container\" data-settings=\"{&quot;background_background&quot;:&quot;classic&quot;}\">\n\t\t\t\t<div class=\"elementor-element elementor-element-fd93494 elementor-absolute elementor-widget elementor-widget-image\" data-id=\"fd93494\" data-element_type=\"widget\" data-settings=\"{&quot;_position&quot;:&quot;absolute&quot;}\" data-widget_type=\"image.default\">\n\t\t\t\t\t\t\t\t\t\t\t\t\t\t\t<img loading=\"lazy\" decoding=\"async\" width=\"257\" height=\"226\" src=\"https:\/\/swopify.com\/blog\/wp-content\/uploads\/2025\/07\/Vector-2.svg\" class=\"attachment-large size-large wp-image-5517\" alt=\"\" \/>\t\t\t\t\t\t\t\t\t\t\t\t\t\t\t<\/div>\n\t\t\t\t<div class=\"elementor-element elementor-element-8b1898e elementor-absolute elementor-widget elementor-widget-image\" data-id=\"8b1898e\" data-element_type=\"widget\" data-settings=\"{&quot;_position&quot;:&quot;absolute&quot;}\" data-widget_type=\"image.default\">\n\t\t\t\t\t\t\t\t\t\t\t\t\t\t\t<img loading=\"lazy\" decoding=\"async\" width=\"258\" height=\"195\" src=\"https:\/\/swopify.com\/blog\/wp-content\/uploads\/2025\/07\/Vector-3.svg\" class=\"attachment-large size-large wp-image-5518\" alt=\"\" \/>\t\t\t\t\t\t\t\t\t\t\t\t\t\t\t<\/div>\n\t\t\t\t<div class=\"elementor-element elementor-element-92ef408 custom-table-of-content elementor-widget elementor-widget-table-of-contents\" data-id=\"92ef408\" data-element_type=\"widget\" data-settings=\"{&quot;headings_by_tags&quot;:[&quot;h2&quot;],&quot;exclude_headings_by_selector&quot;:&quot;.latest-post-section&quot;,&quot;marker_view&quot;:&quot;bullets&quot;,&quot;icon&quot;:{&quot;value&quot;:&quot;&quot;,&quot;library&quot;:&quot;&quot;},&quot;no_headings_message&quot;:&quot;No headings were found on this page.&quot;,&quot;hierarchical_view&quot;:&quot;yes&quot;,&quot;min_height&quot;:{&quot;unit&quot;:&quot;px&quot;,&quot;size&quot;:&quot;&quot;,&quot;sizes&quot;:[]},&quot;min_height_tablet&quot;:{&quot;unit&quot;:&quot;px&quot;,&quot;size&quot;:&quot;&quot;,&quot;sizes&quot;:[]},&quot;min_height_mobile&quot;:{&quot;unit&quot;:&quot;px&quot;,&quot;size&quot;:&quot;&quot;,&quot;sizes&quot;:[]}}\" data-widget_type=\"table-of-contents.default\">\n\t\t\t\t\t\t\t\t\t<div class=\"elementor-toc__header\">\n\t\t\t\t\t\t<div class=\"elementor-toc__header-title\">\n\t\t\t\tTartalomjegyz\u00e9k:\t\t\t<\/div>\n\t\t\t\t\t\t\t\t<\/div>\n\t\t\t\t<div id=\"elementor-toc__92ef408\" class=\"elementor-toc__body\">\n\t\t\t<div class=\"elementor-toc__spinner-container\">\n\t\t\t\t<svg class=\"elementor-toc__spinner eicon-animation-spin e-font-icon-svg e-eicon-loading\" aria-hidden=\"true\" viewBox=\"0 0 1000 1000\" xmlns=\"http:\/\/www.w3.org\/2000\/svg\"><path d=\"M500 975V858C696 858 858 696 858 500S696 142 500 142 142 304 142 500H25C25 237 238 25 500 25S975 237 975 500 763 975 500 975Z\"><\/path><\/svg>\t\t\t<\/div>\n\t\t<\/div>\n\t\t\t\t\t\t<\/div>\n\t\t\t\t<\/div>\n\t\t\t\t<div class=\"elementor-element elementor-element-b48d790 button-with-arrow-right elementor-align-right elementor-hidden-tablet elementor-hidden-mobile elementor-widget elementor-widget-button\" data-id=\"b48d790\" data-element_type=\"widget\" data-widget_type=\"button.default\">\n\t\t\t\t\t\t\t\t\t\t<a class=\"elementor-button elementor-button-link elementor-size-sm\" href=\"https:\/\/swopify.com\/hu-hu\/\">\n\t\t\t\t\t\t<span class=\"elementor-button-content-wrapper\">\n\t\t\t\t\t\t<span class=\"elementor-button-icon\">\n\t\t\t\t<svg xmlns=\"http:\/\/www.w3.org\/2000\/svg\" width=\"24\" height=\"24\" viewBox=\"0 0 24 24\" fill=\"none\"><mask id=\"mask0_137_1085\" style=\"mask-type:alpha\" maskUnits=\"userSpaceOnUse\" x=\"0\" y=\"0\" width=\"24\" height=\"24\"><rect width=\"24\" height=\"24\" fill=\"#D9D9D9\"><\/rect><\/mask><g mask=\"url(#mask0_137_1085)\"><path d=\"M5.4 20L4 18.6L15.6 7H9V5H19V15H17V8.4L5.4 20Z\" fill=\"white\"><\/path><\/g><\/svg>\t\t\t<\/span>\n\t\t\t\t\t\t\t\t\t<span class=\"elementor-button-text\">Vissza a boltba<\/span>\n\t\t\t\t\t<\/span>\n\t\t\t\t\t<\/a>\n\t\t\t\t\t\t\t\t<\/div>\n\t\t\t\t<\/div>\n\t\t\t\t\t<\/div>\n\t\t\t\t<\/div>\n\t\t<div class=\"elementor-element elementor-element-b1e8d29 e-flex e-con-boxed e-con e-parent\" data-id=\"b1e8d29\" data-element_type=\"container\" data-settings=\"{&quot;background_background&quot;:&quot;classic&quot;}\">\n\t\t\t\t\t<div class=\"e-con-inner\">\n\t\t<div class=\"elementor-element elementor-element-cf40465 e-con-full elementor-hidden-desktop e-flex e-con e-child\" data-id=\"cf40465\" data-element_type=\"container\">\n\t\t<div class=\"elementor-element elementor-element-ea337e9 e-con-full e-flex e-con e-child\" data-id=\"ea337e9\" data-element_type=\"container\" data-settings=\"{&quot;background_background&quot;:&quot;classic&quot;,&quot;sticky&quot;:&quot;bottom&quot;,&quot;sticky_on&quot;:[&quot;tablet&quot;,&quot;mobile&quot;],&quot;sticky_offset_tablet&quot;:10,&quot;animation_tablet&quot;:&quot;none&quot;,&quot;sticky_offset&quot;:0,&quot;sticky_effects_offset&quot;:0,&quot;sticky_anchor_link_offset&quot;:0}\">\n\t\t\t\t<div class=\"elementor-element elementor-element-23c35b8 button-with-arrow-left elementor-align-right elementor-mobile-align-justify elementor-widget-mobile__width-auto elementor-widget elementor-widget-button\" data-id=\"23c35b8\" data-element_type=\"widget\" data-widget_type=\"button.default\">\n\t\t\t\t\t\t\t\t\t\t<a class=\"elementor-button elementor-button-link elementor-size-sm\" href=\"#spis-tresci\">\n\t\t\t\t\t\t<span class=\"elementor-button-content-wrapper\">\n\t\t\t\t\t\t<span class=\"elementor-button-icon\">\n\t\t\t\t<svg xmlns=\"http:\/\/www.w3.org\/2000\/svg\" width=\"24\" height=\"24\" viewBox=\"0 0 24 24\" fill=\"none\"><rect width=\"24\" height=\"24\" rx=\"12\" fill=\"#9A23FB\"><\/rect><path d=\"M7 15H17\" stroke=\"white\" stroke-width=\"2\" stroke-linecap=\"round\"><\/path><path d=\"M7 12H17\" stroke=\"white\" stroke-width=\"2\" stroke-linecap=\"round\"><\/path><path d=\"M7 9H17\" stroke=\"white\" stroke-width=\"2\" stroke-linecap=\"round\"><\/path><\/svg>\t\t\t<\/span>\n\t\t\t\t\t\t\t\t\t<span class=\"elementor-button-text\">Tartalomjegyz\u00e9k<\/span>\n\t\t\t\t\t<\/span>\n\t\t\t\t\t<\/a>\n\t\t\t\t\t\t\t\t<\/div>\n\t\t\t\t<div class=\"elementor-element elementor-element-99dfb18 button-with-arrow-right elementor-align-right elementor-widget-mobile__width-auto elementor-widget elementor-widget-button\" data-id=\"99dfb18\" data-element_type=\"widget\" data-widget_type=\"button.default\">\n\t\t\t\t\t\t\t\t\t\t<a class=\"elementor-button elementor-button-link elementor-size-sm\" href=\"#\">\n\t\t\t\t\t\t<span class=\"elementor-button-content-wrapper\">\n\t\t\t\t\t\t<span class=\"elementor-button-icon\">\n\t\t\t\t<svg xmlns=\"http:\/\/www.w3.org\/2000\/svg\" width=\"24\" height=\"24\" viewBox=\"0 0 24 24\" fill=\"none\"><mask id=\"mask0_137_1085\" style=\"mask-type:alpha\" maskUnits=\"userSpaceOnUse\" x=\"0\" y=\"0\" width=\"24\" height=\"24\"><rect width=\"24\" height=\"24\" fill=\"#D9D9D9\"><\/rect><\/mask><g mask=\"url(#mask0_137_1085)\"><path d=\"M5.4 20L4 18.6L15.6 7H9V5H19V15H17V8.4L5.4 20Z\" fill=\"white\"><\/path><\/g><\/svg>\t\t\t<\/span>\n\t\t\t\t\t\t\t\t\t<span class=\"elementor-button-text\">Vissza a boltba<\/span>\n\t\t\t\t\t<\/span>\n\t\t\t\t\t<\/a>\n\t\t\t\t\t\t\t\t<\/div>\n\t\t\t\t<\/div>\n\t\t\t\t<\/div>\n\t\t\t\t\t<\/div>\n\t\t\t\t<\/div>\n\t\t\t\t<\/div>\n\t\t","protected":false},"excerpt":{"rendered":"<p>Melyik modellt v\u00e1lasszuk?<\/p>\n","protected":false},"author":3,"featured_media":5530,"comment_status":"closed","ping_status":"open","sticky":false,"template":"elementor_header_footer","format":"standard","meta":{"_acf_changed":false,"footnotes":""},"categories":[159],"tags":[],"class_list":["post-5528","post","type-post","status-publish","format-standard","has-post-thumbnail","hentry","category-telefonos-osszehasonlitas"],"acf":[],"yoast_head":"<!-- This site is optimized with the Yoast SEO plugin v26.2 - https:\/\/yoast.com\/wordpress\/plugins\/seo\/ -->\n<title>iPhone 17 Pro vs 17 Pro Max - \u00f6sszehasonl\u00edt\u00e1s | SWOPiFY<\/title>\n<meta name=\"description\" content=\"\u00d6sszehasonl\u00edtjuk az iPhone 17 Pro \u00e9s az iPhone 17 Pro Max k\u00e9sz\u00fcl\u00e9keket. N\u00e9zze meg, hogyan k\u00fcl\u00f6nb\u00f6znek m\u00e9retben, akkumul\u00e1torban \u00e9s \u00e1rban, hogy megalapozott d\u00f6nt\u00e9st hozhasson.\" \/>\n<meta name=\"robots\" content=\"index, follow, max-snippet:-1, max-image-preview:large, max-video-preview:-1\" \/>\n<link rel=\"canonical\" href=\"https:\/\/swopify.com\/blog\/hu\/iphone-17-pro-vs-iphone-17-pro-max-osszehasonlitas\/\" \/>\n<meta property=\"og:locale\" content=\"hu_HU\" \/>\n<meta property=\"og:type\" content=\"article\" \/>\n<meta property=\"og:title\" content=\"iPhone 17 Pro vs 17 Pro Max - \u00f6sszehasonl\u00edt\u00e1s | SWOPiFY\" \/>\n<meta property=\"og:description\" content=\"\u00d6sszehasonl\u00edtjuk az iPhone 17 Pro \u00e9s az iPhone 17 Pro Max k\u00e9sz\u00fcl\u00e9keket. N\u00e9zze meg, hogyan k\u00fcl\u00f6nb\u00f6znek m\u00e9retben, akkumul\u00e1torban \u00e9s \u00e1rban, hogy megalapozott d\u00f6nt\u00e9st hozhasson.\" \/>\n<meta property=\"og:url\" content=\"https:\/\/swopify.com\/blog\/hu\/iphone-17-pro-vs-iphone-17-pro-max-osszehasonlitas\/\" \/>\n<meta property=\"og:site_name\" content=\"SWOPiFY\" \/>\n<meta property=\"article:publisher\" content=\"https:\/\/www.facebook.com\/swopify.polska\/\" \/>\n<meta property=\"article:published_time\" content=\"2026-03-04T08:24:15+00:00\" \/>\n<meta property=\"article:modified_time\" content=\"2026-03-06T11:34:47+00:00\" \/>\n<meta property=\"og:image\" content=\"https:\/\/swopify.com\/blog\/wp-content\/uploads\/2025\/09\/iphone-17-pro-vs-17-pro-max-porownanie.jpg\" \/>\n\t<meta property=\"og:image:width\" content=\"720\" \/>\n\t<meta property=\"og:image:height\" content=\"526\" \/>\n\t<meta property=\"og:image:type\" content=\"image\/jpeg\" \/>\n<meta name=\"author\" content=\"Bartek Zebrowski\" \/>\n<meta name=\"twitter:card\" content=\"summary_large_image\" \/>\n<meta name=\"twitter:label1\" content=\"Written by\" \/>\n\t<meta name=\"twitter:data1\" content=\"Bartek Zebrowski\" \/>\n\t<meta name=\"twitter:label2\" content=\"Est. reading time\" \/>\n\t<meta name=\"twitter:data2\" content=\"13 perc\" \/>\n<script type=\"application\/ld+json\" class=\"yoast-schema-graph\">{\"@context\":\"https:\/\/schema.org\",\"@graph\":[{\"@type\":\"Article\",\"@id\":\"https:\/\/swopify.com\/blog\/hu\/iphone-17-pro-vs-iphone-17-pro-max-osszehasonlitas\/#article\",\"isPartOf\":{\"@id\":\"https:\/\/swopify.com\/blog\/hu\/iphone-17-pro-vs-iphone-17-pro-max-osszehasonlitas\/\"},\"author\":{\"name\":\"Bartek Zebrowski\",\"@id\":\"https:\/\/swopify.com\/blog\/#\/schema\/person\/33a2572ff16452bda32b9d8ef4080d16\"},\"headline\":\"iPhone 17 Pro vs iPhone 17 Pro Max &#8211; \u00f6sszehasonl\u00edt\u00e1s\",\"datePublished\":\"2026-03-04T08:24:15+00:00\",\"dateModified\":\"2026-03-06T11:34:47+00:00\",\"mainEntityOfPage\":{\"@id\":\"https:\/\/swopify.com\/blog\/hu\/iphone-17-pro-vs-iphone-17-pro-max-osszehasonlitas\/\"},\"wordCount\":2356,\"publisher\":{\"@id\":\"https:\/\/swopify.com\/blog\/#organization\"},\"image\":{\"@id\":\"https:\/\/swopify.com\/blog\/hu\/iphone-17-pro-vs-iphone-17-pro-max-osszehasonlitas\/#primaryimage\"},\"thumbnailUrl\":\"https:\/\/swopify.com\/blog\/wp-content\/uploads\/2025\/09\/iphone-17-pro-vs-17-pro-max-porownanie.jpg\",\"articleSection\":[\"Telefonos \u00f6sszehasonl\u00edt\u00e1s\"],\"inLanguage\":\"hu\"},{\"@type\":\"WebPage\",\"@id\":\"https:\/\/swopify.com\/blog\/hu\/iphone-17-pro-vs-iphone-17-pro-max-osszehasonlitas\/\",\"url\":\"https:\/\/swopify.com\/blog\/hu\/iphone-17-pro-vs-iphone-17-pro-max-osszehasonlitas\/\",\"name\":\"iPhone 17 Pro vs 17 Pro Max - \u00f6sszehasonl\u00edt\u00e1s | SWOPiFY\",\"isPartOf\":{\"@id\":\"https:\/\/swopify.com\/blog\/#website\"},\"primaryImageOfPage\":{\"@id\":\"https:\/\/swopify.com\/blog\/hu\/iphone-17-pro-vs-iphone-17-pro-max-osszehasonlitas\/#primaryimage\"},\"image\":{\"@id\":\"https:\/\/swopify.com\/blog\/hu\/iphone-17-pro-vs-iphone-17-pro-max-osszehasonlitas\/#primaryimage\"},\"thumbnailUrl\":\"https:\/\/swopify.com\/blog\/wp-content\/uploads\/2025\/09\/iphone-17-pro-vs-17-pro-max-porownanie.jpg\",\"datePublished\":\"2026-03-04T08:24:15+00:00\",\"dateModified\":\"2026-03-06T11:34:47+00:00\",\"description\":\"\u00d6sszehasonl\u00edtjuk az iPhone 17 Pro \u00e9s az iPhone 17 Pro Max k\u00e9sz\u00fcl\u00e9keket. N\u00e9zze meg, hogyan k\u00fcl\u00f6nb\u00f6znek m\u00e9retben, akkumul\u00e1torban \u00e9s \u00e1rban, hogy megalapozott d\u00f6nt\u00e9st hozhasson.\",\"breadcrumb\":{\"@id\":\"https:\/\/swopify.com\/blog\/hu\/iphone-17-pro-vs-iphone-17-pro-max-osszehasonlitas\/#breadcrumb\"},\"inLanguage\":\"hu\",\"potentialAction\":[{\"@type\":\"ReadAction\",\"target\":[\"https:\/\/swopify.com\/blog\/hu\/iphone-17-pro-vs-iphone-17-pro-max-osszehasonlitas\/\"]}]},{\"@type\":\"ImageObject\",\"inLanguage\":\"hu\",\"@id\":\"https:\/\/swopify.com\/blog\/hu\/iphone-17-pro-vs-iphone-17-pro-max-osszehasonlitas\/#primaryimage\",\"url\":\"https:\/\/swopify.com\/blog\/wp-content\/uploads\/2025\/09\/iphone-17-pro-vs-17-pro-max-porownanie.jpg\",\"contentUrl\":\"https:\/\/swopify.com\/blog\/wp-content\/uploads\/2025\/09\/iphone-17-pro-vs-17-pro-max-porownanie.jpg\",\"width\":720,\"height\":526,\"caption\":\"iPhone 17 Pro vs 17 Pro Max \u00f6sszehasonl\u00edt\u00e1s\"},{\"@type\":\"BreadcrumbList\",\"@id\":\"https:\/\/swopify.com\/blog\/hu\/iphone-17-pro-vs-iphone-17-pro-max-osszehasonlitas\/#breadcrumb\",\"itemListElement\":[{\"@type\":\"ListItem\",\"position\":1,\"name\":\"Strona g\u0142\u00f3wna\",\"item\":\"https:\/\/swopify.com\/blog\/hu\/\"},{\"@type\":\"ListItem\",\"position\":2,\"name\":\"iPhone 17 Pro vs iPhone 17 Pro Max &#8211; \u00f6sszehasonl\u00edt\u00e1s\"}]},{\"@type\":\"WebSite\",\"@id\":\"https:\/\/swopify.com\/blog\/#website\",\"url\":\"https:\/\/swopify.com\/blog\/\",\"name\":\"SWOPiFY\",\"description\":\"Blog o elektronice refurbished\",\"publisher\":{\"@id\":\"https:\/\/swopify.com\/blog\/#organization\"},\"potentialAction\":[{\"@type\":\"SearchAction\",\"target\":{\"@type\":\"EntryPoint\",\"urlTemplate\":\"https:\/\/swopify.com\/blog\/?s={search_term_string}\"},\"query-input\":{\"@type\":\"PropertyValueSpecification\",\"valueRequired\":true,\"valueName\":\"search_term_string\"}}],\"inLanguage\":\"hu\"},{\"@type\":\"Organization\",\"@id\":\"https:\/\/swopify.com\/blog\/#organization\",\"name\":\"SWOPiFY\",\"url\":\"https:\/\/swopify.com\/blog\/\",\"logo\":{\"@type\":\"ImageObject\",\"inLanguage\":\"hu\",\"@id\":\"https:\/\/swopify.com\/blog\/#\/schema\/logo\/image\/\",\"url\":\"https:\/\/swopify.com\/blog\/wp-content\/uploads\/2025\/10\/swopify-blog-logo.png\",\"contentUrl\":\"https:\/\/swopify.com\/blog\/wp-content\/uploads\/2025\/10\/swopify-blog-logo.png\",\"width\":219,\"height\":33,\"caption\":\"SWOPiFY\"},\"image\":{\"@id\":\"https:\/\/swopify.com\/blog\/#\/schema\/logo\/image\/\"},\"sameAs\":[\"https:\/\/www.facebook.com\/swopify.polska\/\",\"https:\/\/www.instagram.com\/swopify_pl\"]},{\"@type\":\"Person\",\"@id\":\"https:\/\/swopify.com\/blog\/#\/schema\/person\/33a2572ff16452bda32b9d8ef4080d16\",\"name\":\"Bartek Zebrowski\",\"image\":{\"@type\":\"ImageObject\",\"inLanguage\":\"hu\",\"@id\":\"https:\/\/swopify.com\/blog\/#\/schema\/person\/image\/\",\"url\":\"https:\/\/secure.gravatar.com\/avatar\/1bd8afa4c1d6b4939151f7e8748c2d999db5bdeacaabc395e986297505ee7b4d?s=96&d=mm&r=g\",\"contentUrl\":\"https:\/\/secure.gravatar.com\/avatar\/1bd8afa4c1d6b4939151f7e8748c2d999db5bdeacaabc395e986297505ee7b4d?s=96&d=mm&r=g\",\"caption\":\"Bartek Zebrowski\"},\"description\":\"Jestem pasjonatem odnowionej elektroniki \u2013 pokazuj\u0119, \u017ce mo\u017cna mie\u0107 \u015bwietny sprz\u0119t bez przep\u0142acania i bez dok\u0142adania kolejnych elektro\u015bmieci. Na blogu dziel\u0119 si\u0119 wiedz\u0105 i do\u015bwiadczeniem, \u017ceby inspirowa\u0107 do sprytniejszych i bardziej \u015bwiadomych wybor\u00f3w technologicznych.\"}]}<\/script>\n<!-- \/ Yoast SEO plugin. -->","yoast_head_json":{"title":"iPhone 17 Pro vs 17 Pro Max - \u00f6sszehasonl\u00edt\u00e1s | SWOPiFY","description":"\u00d6sszehasonl\u00edtjuk az iPhone 17 Pro \u00e9s az iPhone 17 Pro Max k\u00e9sz\u00fcl\u00e9keket. N\u00e9zze meg, hogyan k\u00fcl\u00f6nb\u00f6znek m\u00e9retben, akkumul\u00e1torban \u00e9s \u00e1rban, hogy megalapozott d\u00f6nt\u00e9st hozhasson.","robots":{"index":"index","follow":"follow","max-snippet":"max-snippet:-1","max-image-preview":"max-image-preview:large","max-video-preview":"max-video-preview:-1"},"canonical":"https:\/\/swopify.com\/blog\/hu\/iphone-17-pro-vs-iphone-17-pro-max-osszehasonlitas\/","og_locale":"hu_HU","og_type":"article","og_title":"iPhone 17 Pro vs 17 Pro Max - \u00f6sszehasonl\u00edt\u00e1s | SWOPiFY","og_description":"\u00d6sszehasonl\u00edtjuk az iPhone 17 Pro \u00e9s az iPhone 17 Pro Max k\u00e9sz\u00fcl\u00e9keket. N\u00e9zze meg, hogyan k\u00fcl\u00f6nb\u00f6znek m\u00e9retben, akkumul\u00e1torban \u00e9s \u00e1rban, hogy megalapozott d\u00f6nt\u00e9st hozhasson.","og_url":"https:\/\/swopify.com\/blog\/hu\/iphone-17-pro-vs-iphone-17-pro-max-osszehasonlitas\/","og_site_name":"SWOPiFY","article_publisher":"https:\/\/www.facebook.com\/swopify.polska\/","article_published_time":"2026-03-04T08:24:15+00:00","article_modified_time":"2026-03-06T11:34:47+00:00","og_image":[{"width":720,"height":526,"url":"https:\/\/swopify.com\/blog\/wp-content\/uploads\/2025\/09\/iphone-17-pro-vs-17-pro-max-porownanie.jpg","type":"image\/jpeg"}],"author":"Bartek Zebrowski","twitter_card":"summary_large_image","twitter_misc":{"Written by":"Bartek Zebrowski","Est. reading time":"13 perc"},"schema":{"@context":"https:\/\/schema.org","@graph":[{"@type":"Article","@id":"https:\/\/swopify.com\/blog\/hu\/iphone-17-pro-vs-iphone-17-pro-max-osszehasonlitas\/#article","isPartOf":{"@id":"https:\/\/swopify.com\/blog\/hu\/iphone-17-pro-vs-iphone-17-pro-max-osszehasonlitas\/"},"author":{"name":"Bartek Zebrowski","@id":"https:\/\/swopify.com\/blog\/#\/schema\/person\/33a2572ff16452bda32b9d8ef4080d16"},"headline":"iPhone 17 Pro vs iPhone 17 Pro Max &#8211; \u00f6sszehasonl\u00edt\u00e1s","datePublished":"2026-03-04T08:24:15+00:00","dateModified":"2026-03-06T11:34:47+00:00","mainEntityOfPage":{"@id":"https:\/\/swopify.com\/blog\/hu\/iphone-17-pro-vs-iphone-17-pro-max-osszehasonlitas\/"},"wordCount":2356,"publisher":{"@id":"https:\/\/swopify.com\/blog\/#organization"},"image":{"@id":"https:\/\/swopify.com\/blog\/hu\/iphone-17-pro-vs-iphone-17-pro-max-osszehasonlitas\/#primaryimage"},"thumbnailUrl":"https:\/\/swopify.com\/blog\/wp-content\/uploads\/2025\/09\/iphone-17-pro-vs-17-pro-max-porownanie.jpg","articleSection":["Telefonos \u00f6sszehasonl\u00edt\u00e1s"],"inLanguage":"hu"},{"@type":"WebPage","@id":"https:\/\/swopify.com\/blog\/hu\/iphone-17-pro-vs-iphone-17-pro-max-osszehasonlitas\/","url":"https:\/\/swopify.com\/blog\/hu\/iphone-17-pro-vs-iphone-17-pro-max-osszehasonlitas\/","name":"iPhone 17 Pro vs 17 Pro Max - \u00f6sszehasonl\u00edt\u00e1s | SWOPiFY","isPartOf":{"@id":"https:\/\/swopify.com\/blog\/#website"},"primaryImageOfPage":{"@id":"https:\/\/swopify.com\/blog\/hu\/iphone-17-pro-vs-iphone-17-pro-max-osszehasonlitas\/#primaryimage"},"image":{"@id":"https:\/\/swopify.com\/blog\/hu\/iphone-17-pro-vs-iphone-17-pro-max-osszehasonlitas\/#primaryimage"},"thumbnailUrl":"https:\/\/swopify.com\/blog\/wp-content\/uploads\/2025\/09\/iphone-17-pro-vs-17-pro-max-porownanie.jpg","datePublished":"2026-03-04T08:24:15+00:00","dateModified":"2026-03-06T11:34:47+00:00","description":"\u00d6sszehasonl\u00edtjuk az iPhone 17 Pro \u00e9s az iPhone 17 Pro Max k\u00e9sz\u00fcl\u00e9keket. N\u00e9zze meg, hogyan k\u00fcl\u00f6nb\u00f6znek m\u00e9retben, akkumul\u00e1torban \u00e9s \u00e1rban, hogy megalapozott d\u00f6nt\u00e9st hozhasson.","breadcrumb":{"@id":"https:\/\/swopify.com\/blog\/hu\/iphone-17-pro-vs-iphone-17-pro-max-osszehasonlitas\/#breadcrumb"},"inLanguage":"hu","potentialAction":[{"@type":"ReadAction","target":["https:\/\/swopify.com\/blog\/hu\/iphone-17-pro-vs-iphone-17-pro-max-osszehasonlitas\/"]}]},{"@type":"ImageObject","inLanguage":"hu","@id":"https:\/\/swopify.com\/blog\/hu\/iphone-17-pro-vs-iphone-17-pro-max-osszehasonlitas\/#primaryimage","url":"https:\/\/swopify.com\/blog\/wp-content\/uploads\/2025\/09\/iphone-17-pro-vs-17-pro-max-porownanie.jpg","contentUrl":"https:\/\/swopify.com\/blog\/wp-content\/uploads\/2025\/09\/iphone-17-pro-vs-17-pro-max-porownanie.jpg","width":720,"height":526,"caption":"iPhone 17 Pro vs 17 Pro Max \u00f6sszehasonl\u00edt\u00e1s"},{"@type":"BreadcrumbList","@id":"https:\/\/swopify.com\/blog\/hu\/iphone-17-pro-vs-iphone-17-pro-max-osszehasonlitas\/#breadcrumb","itemListElement":[{"@type":"ListItem","position":1,"name":"Strona g\u0142\u00f3wna","item":"https:\/\/swopify.com\/blog\/hu\/"},{"@type":"ListItem","position":2,"name":"iPhone 17 Pro vs iPhone 17 Pro Max &#8211; \u00f6sszehasonl\u00edt\u00e1s"}]},{"@type":"WebSite","@id":"https:\/\/swopify.com\/blog\/#website","url":"https:\/\/swopify.com\/blog\/","name":"SWOPiFY","description":"Blog o elektronice refurbished","publisher":{"@id":"https:\/\/swopify.com\/blog\/#organization"},"potentialAction":[{"@type":"SearchAction","target":{"@type":"EntryPoint","urlTemplate":"https:\/\/swopify.com\/blog\/?s={search_term_string}"},"query-input":{"@type":"PropertyValueSpecification","valueRequired":true,"valueName":"search_term_string"}}],"inLanguage":"hu"},{"@type":"Organization","@id":"https:\/\/swopify.com\/blog\/#organization","name":"SWOPiFY","url":"https:\/\/swopify.com\/blog\/","logo":{"@type":"ImageObject","inLanguage":"hu","@id":"https:\/\/swopify.com\/blog\/#\/schema\/logo\/image\/","url":"https:\/\/swopify.com\/blog\/wp-content\/uploads\/2025\/10\/swopify-blog-logo.png","contentUrl":"https:\/\/swopify.com\/blog\/wp-content\/uploads\/2025\/10\/swopify-blog-logo.png","width":219,"height":33,"caption":"SWOPiFY"},"image":{"@id":"https:\/\/swopify.com\/blog\/#\/schema\/logo\/image\/"},"sameAs":["https:\/\/www.facebook.com\/swopify.polska\/","https:\/\/www.instagram.com\/swopify_pl"]},{"@type":"Person","@id":"https:\/\/swopify.com\/blog\/#\/schema\/person\/33a2572ff16452bda32b9d8ef4080d16","name":"Bartek Zebrowski","image":{"@type":"ImageObject","inLanguage":"hu","@id":"https:\/\/swopify.com\/blog\/#\/schema\/person\/image\/","url":"https:\/\/secure.gravatar.com\/avatar\/1bd8afa4c1d6b4939151f7e8748c2d999db5bdeacaabc395e986297505ee7b4d?s=96&d=mm&r=g","contentUrl":"https:\/\/secure.gravatar.com\/avatar\/1bd8afa4c1d6b4939151f7e8748c2d999db5bdeacaabc395e986297505ee7b4d?s=96&d=mm&r=g","caption":"Bartek Zebrowski"},"description":"Jestem pasjonatem odnowionej elektroniki \u2013 pokazuj\u0119, \u017ce mo\u017cna mie\u0107 \u015bwietny sprz\u0119t bez przep\u0142acania i bez dok\u0142adania kolejnych elektro\u015bmieci. Na blogu dziel\u0119 si\u0119 wiedz\u0105 i do\u015bwiadczeniem, \u017ceby inspirowa\u0107 do sprytniejszych i bardziej \u015bwiadomych wybor\u00f3w technologicznych."}]}},"_links":{"self":[{"href":"https:\/\/swopify.com\/blog\/hu\/wp-json\/wp\/v2\/posts\/5528","targetHints":{"allow":["GET"]}}],"collection":[{"href":"https:\/\/swopify.com\/blog\/hu\/wp-json\/wp\/v2\/posts"}],"about":[{"href":"https:\/\/swopify.com\/blog\/hu\/wp-json\/wp\/v2\/types\/post"}],"author":[{"embeddable":true,"href":"https:\/\/swopify.com\/blog\/hu\/wp-json\/wp\/v2\/users\/3"}],"replies":[{"embeddable":true,"href":"https:\/\/swopify.com\/blog\/hu\/wp-json\/wp\/v2\/comments?post=5528"}],"version-history":[{"count":4,"href":"https:\/\/swopify.com\/blog\/hu\/wp-json\/wp\/v2\/posts\/5528\/revisions"}],"predecessor-version":[{"id":5613,"href":"https:\/\/swopify.com\/blog\/hu\/wp-json\/wp\/v2\/posts\/5528\/revisions\/5613"}],"wp:featuredmedia":[{"embeddable":true,"href":"https:\/\/swopify.com\/blog\/hu\/wp-json\/wp\/v2\/media\/5530"}],"wp:attachment":[{"href":"https:\/\/swopify.com\/blog\/hu\/wp-json\/wp\/v2\/media?parent=5528"}],"wp:term":[{"taxonomy":"category","embeddable":true,"href":"https:\/\/swopify.com\/blog\/hu\/wp-json\/wp\/v2\/categories?post=5528"},{"taxonomy":"post_tag","embeddable":true,"href":"https:\/\/swopify.com\/blog\/hu\/wp-json\/wp\/v2\/tags?post=5528"}],"curies":[{"name":"wp","href":"https:\/\/api.w.org\/{rel}","templated":true}]}}