{"id":8129,"date":"2026-08-27T10:32:28","date_gmt":"2026-08-27T10:32:28","guid":{"rendered":"https:\/\/swopify.com\/blog\/az-iphone-18-pro-es-az-iphone-ultra-hivatalos-bemutatoja-2026-szeptember-9-en-lesz\/"},"modified":"2026-09-03T09:51:51","modified_gmt":"2026-09-03T09:51:51","slug":"az-iphone-18-pro-es-az-iphone-ultra-hivatalos-bemutatoja-2026-szeptember-9-en-lesz","status":"publish","type":"post","link":"https:\/\/swopify.com\/blog\/hu\/az-iphone-18-pro-es-az-iphone-ultra-hivatalos-bemutatoja-2026-szeptember-9-en-lesz\/","title":{"rendered":"Az iPhone 18 Pro \u00e9s az iPhone Ultra hivatalos bemutat\u00f3ja 2026. szeptember 9-\u00e9n lesz"},"content":{"rendered":"\t\t<div data-elementor-type=\"wp-post\" data-elementor-id=\"8129\" class=\"elementor elementor-8129 elementor-5862\" data-elementor-post-type=\"post\">\n\t\t\t\t<div class=\"elementor-element elementor-element-a068712 e-con-full latest-post-section elementor-hidden-desktop e-flex e-con e-parent\" data-id=\"a068712\" data-element_type=\"container\" data-settings=\"{&quot;background_background&quot;:&quot;classic&quot;}\">\n\t\t\t\t<div class=\"elementor-element elementor-element-96432e9 elementor-widget-tablet__width-inherit elementor-hidden-desktop elementor-widget elementor-widget-image\" data-id=\"96432e9\" data-element_type=\"widget\" data-widget_type=\"image.default\">\n\t\t\t\t\t\t\t\t\t\t\t\t\t\t\t<img fetchpriority=\"high\" decoding=\"async\" width=\"720\" height=\"526\" src=\"https:\/\/swopify.com\/blog\/wp-content\/uploads\/2026\/07\/premiera-iphone-18-pro-i-iphone-ultra.jpg\" class=\"attachment-full size-full wp-image-8132\" alt=\"az iPhone 18 Pro \u00e9s az iPhone Ultra bemutat\u00f3ja\" srcset=\"https:\/\/swopify.com\/blog\/wp-content\/uploads\/2026\/07\/premiera-iphone-18-pro-i-iphone-ultra.jpg 720w, https:\/\/swopify.com\/blog\/wp-content\/uploads\/2026\/07\/premiera-iphone-18-pro-i-iphone-ultra-300x219.jpg 300w\" sizes=\"(max-width: 720px) 100vw, 720px\" \/>\t\t\t\t\t\t\t\t\t\t\t\t\t\t\t<\/div>\n\t\t<div class=\"elementor-element elementor-element-6bb8681 e-con-full e-flex e-con e-child\" data-id=\"6bb8681\" data-element_type=\"container\">\n\t\t\t\t<div class=\"elementor-element elementor-element-1b46a36 elementor-widget elementor-widget-theme-post-title elementor-page-title elementor-widget-heading\" data-id=\"1b46a36\" data-element_type=\"widget\" data-widget_type=\"theme-post-title.default\">\n\t\t\t\t\t<h2 class=\"elementor-heading-title elementor-size-default\">Az iPhone 18 Pro \u00e9s az iPhone Ultra hivatalos bemutat\u00f3ja 2026. szeptember 9-\u00e9n lesz<\/h2>\t\t\t\t<\/div>\n\t\t\t\t<div class=\"elementor-element elementor-element-fe62531 elementor-widget elementor-widget-theme-post-excerpt\" data-id=\"fe62531\" data-element_type=\"widget\" data-widget_type=\"theme-post-excerpt.default\">\n\t\t\t\t\tMi \u00fajs\u00e1g?\t\t\t\t<\/div>\n\t\t<div class=\"elementor-element elementor-element-22aeab8 e-con-full e-flex e-con e-child\" data-id=\"22aeab8\" data-element_type=\"container\">\n\t\t<div class=\"elementor-element elementor-element-25da75f e-con-full custom-author-box e-flex e-con e-child\" data-id=\"25da75f\" data-element_type=\"container\" data-settings=\"{&quot;background_background&quot;:&quot;classic&quot;}\">\n\t\t<div class=\"elementor-element elementor-element-5354aaa e-con-full e-flex e-con e-child\" data-id=\"5354aaa\" data-element_type=\"container\">\n\t\t\t\t<div class=\"elementor-element elementor-element-d5efa74 elementor-widget elementor-widget-image\" data-id=\"d5efa74\" data-element_type=\"widget\" data-widget_type=\"image.default\">\n\t\t\t\t\t\t\t\t\t\t\t\t\t\t\t<img decoding=\"async\" src=\"https:\/\/secure.gravatar.com\/avatar\/1bd8afa4c1d6b4939151f7e8748c2d999db5bdeacaabc395e986297505ee7b4d?s=96&#038;d=mm&#038;r=g\" title=\"\" alt=\"\" loading=\"lazy\" \/>\t\t\t\t\t\t\t\t\t\t\t\t\t\t\t<\/div>\n\t\t\t\t<\/div>\n\t\t<div class=\"elementor-element elementor-element-6e94afd e-con-full e-flex e-con e-child\" data-id=\"6e94afd\" data-element_type=\"container\">\n\t\t\t\t<div class=\"elementor-element elementor-element-c0edeef elementor-widget elementor-widget-text-editor\" data-id=\"c0edeef\" data-element_type=\"widget\" data-widget_type=\"text-editor.default\">\n\t\t\t\t\t\t\t\t\tBartek Zebrowski\t\t\t\t\t\t\t\t<\/div>\n\t\t\t\t<div class=\"elementor-element elementor-element-646ebb9 elementor-widget elementor-widget-text-editor\" data-id=\"646ebb9\" data-element_type=\"widget\" data-widget_type=\"text-editor.default\">\n\t\t\t\t\t\t\t\t\tCEO &amp; Founder SWOPiFY\t\t\t\t\t\t\t\t<\/div>\n\t\t\t\t<\/div>\n\t\t\t\t<\/div>\n\t\t<div class=\"elementor-element elementor-element-cf6608d e-con-full custom-post-date-box e-flex e-con e-child\" data-id=\"cf6608d\" data-element_type=\"container\" data-settings=\"{&quot;background_background&quot;:&quot;classic&quot;}\">\n\t\t<div class=\"elementor-element elementor-element-fc7af8a e-con-full e-flex e-con e-child\" data-id=\"fc7af8a\" data-element_type=\"container\" data-settings=\"{&quot;background_background&quot;:&quot;classic&quot;}\">\n\t\t\t\t<div class=\"elementor-element elementor-element-8e22557 elementor-widget elementor-widget-image\" data-id=\"8e22557\" data-element_type=\"widget\" data-widget_type=\"image.default\">\n\t\t\t\t\t\t\t\t\t\t\t\t\t\t\t<img decoding=\"async\" width=\"24\" height=\"24\" src=\"https:\/\/swopify.com\/blog\/wp-content\/uploads\/2025\/07\/calendar_month.svg\" class=\"attachment-large size-large wp-image-5510\" alt=\"\" \/>\t\t\t\t\t\t\t\t\t\t\t\t\t\t\t<\/div>\n\t\t\t\t<\/div>\n\t\t<div class=\"elementor-element elementor-element-576c4a4 e-con-full e-flex e-con e-child\" data-id=\"576c4a4\" data-element_type=\"container\">\n\t\t\t\t<div class=\"elementor-element elementor-element-f3d4b85 elementor-widget elementor-widget-text-editor\" data-id=\"f3d4b85\" data-element_type=\"widget\" data-widget_type=\"text-editor.default\">\n\t\t\t\t\t\t\t\t\t<p>Hozz\u00e1adva:<\/p>\t\t\t\t\t\t\t\t<\/div>\n\t\t\t\t<div class=\"elementor-element elementor-element-4248fdc elementor-widget elementor-widget-text-editor\" data-id=\"4248fdc\" data-element_type=\"widget\" data-widget_type=\"text-editor.default\">\n\t\t\t\t\t\t\t\t\t27 augusztus 2026\t\t\t\t\t\t\t\t<\/div>\n\t\t\t\t<\/div>\n\t\t\t\t<\/div>\n\t\t\t\t<\/div>\n\t\t\t\t<\/div>\n\t\t\t\t<\/div>\n\t\t<div class=\"elementor-element elementor-element-734dc151 elementor-hidden-tablet elementor-hidden-mobile e-flex e-con-boxed e-con e-parent\" data-id=\"734dc151\" data-element_type=\"container\" data-settings=\"{&quot;background_background&quot;:&quot;classic&quot;}\">\n\t\t\t\t\t<div class=\"e-con-inner\">\n\t\t<div class=\"elementor-element elementor-element-652d8125 e-con-full latest-post-section e-flex e-con e-child\" data-id=\"652d8125\" data-element_type=\"container\" data-settings=\"{&quot;background_background&quot;:&quot;classic&quot;}\">\n\t\t<div class=\"elementor-element elementor-element-4977ddce e-con-full e-flex e-con e-child\" data-id=\"4977ddce\" data-element_type=\"container\">\n\t\t\t\t<div class=\"elementor-element elementor-element-4f318805 elementor-widget elementor-widget-theme-post-excerpt\" data-id=\"4f318805\" data-element_type=\"widget\" data-widget_type=\"theme-post-excerpt.default\">\n\t\t\t\t\tMi \u00fajs\u00e1g?\t\t\t\t<\/div>\n\t\t<div class=\"elementor-element elementor-element-2a9a308b e-con-full e-flex e-con e-child\" data-id=\"2a9a308b\" data-element_type=\"container\">\n\t\t<div class=\"elementor-element elementor-element-63a72ec2 e-con-full custom-author-box e-flex e-con e-child\" data-id=\"63a72ec2\" data-element_type=\"container\" data-settings=\"{&quot;background_background&quot;:&quot;classic&quot;}\">\n\t\t\t\t<div class=\"elementor-element elementor-element-520b9db elementor-widget elementor-widget-image\" data-id=\"520b9db\" data-element_type=\"widget\" data-widget_type=\"image.default\">\n\t\t\t\t\t\t\t\t\t\t\t\t\t\t\t<img decoding=\"async\" width=\"527\" height=\"661\" src=\"https:\/\/swopify.com\/blog\/wp-content\/uploads\/2025\/08\/bartek-2.png\" class=\"attachment-large size-large wp-image-5511\" alt=\"\" srcset=\"https:\/\/swopify.com\/blog\/wp-content\/uploads\/2025\/08\/bartek-2.png 527w, https:\/\/swopify.com\/blog\/wp-content\/uploads\/2025\/08\/bartek-2-239x300.png 239w\" sizes=\"(max-width: 527px) 100vw, 527px\" \/>\t\t\t\t\t\t\t\t\t\t\t\t\t\t\t<\/div>\n\t\t<div class=\"elementor-element elementor-element-45febd2e e-con-full e-flex e-con e-child\" data-id=\"45febd2e\" data-element_type=\"container\">\n\t\t\t\t<div class=\"elementor-element elementor-element-6a94c6b0 elementor-widget elementor-widget-text-editor\" data-id=\"6a94c6b0\" data-element_type=\"widget\" data-widget_type=\"text-editor.default\">\n\t\t\t\t\t\t\t\t\tBartek Zebrowski\t\t\t\t\t\t\t\t<\/div>\n\t\t\t\t<\/div>\n\t\t\t\t<\/div>\n\t\t<div class=\"elementor-element elementor-element-4dd10440 e-con-full custom-post-date-box e-flex e-con e-child\" data-id=\"4dd10440\" data-element_type=\"container\" data-settings=\"{&quot;background_background&quot;:&quot;classic&quot;}\">\n\t\t<div class=\"elementor-element elementor-element-2d72c32 e-con-full e-flex e-con e-child\" data-id=\"2d72c32\" data-element_type=\"container\" data-settings=\"{&quot;background_background&quot;:&quot;classic&quot;}\">\n\t\t\t\t<div class=\"elementor-element elementor-element-7390850b elementor-widget elementor-widget-image\" data-id=\"7390850b\" data-element_type=\"widget\" data-widget_type=\"image.default\">\n\t\t\t\t\t\t\t\t\t\t\t\t\t\t\t<img decoding=\"async\" width=\"24\" height=\"24\" src=\"https:\/\/swopify.com\/blog\/wp-content\/uploads\/2025\/07\/calendar_month.svg\" class=\"attachment-large size-large wp-image-5510\" alt=\"\" \/>\t\t\t\t\t\t\t\t\t\t\t\t\t\t\t<\/div>\n\t\t\t\t<\/div>\n\t\t<div class=\"elementor-element elementor-element-6e99fe5 e-con-full e-flex e-con e-child\" data-id=\"6e99fe5\" data-element_type=\"container\">\n\t\t\t\t<div class=\"elementor-element elementor-element-5e913b93 elementor-widget elementor-widget-text-editor\" data-id=\"5e913b93\" data-element_type=\"widget\" data-widget_type=\"text-editor.default\">\n\t\t\t\t\t\t\t\t\t<p>Hozz\u00e1adva:<\/p>\t\t\t\t\t\t\t\t<\/div>\n\t\t\t\t<div class=\"elementor-element elementor-element-6a6d6747 elementor-widget elementor-widget-text-editor\" data-id=\"6a6d6747\" data-element_type=\"widget\" data-widget_type=\"text-editor.default\">\n\t\t\t\t\t\t\t\t\t27 augusztus 2026\t\t\t\t\t\t\t\t<\/div>\n\t\t\t\t<\/div>\n\t\t\t\t<\/div>\n\t\t\t\t<\/div>\n\t\t\t\t<\/div>\n\t\t\t\t<\/div>\n\t\t\t\t\t<\/div>\n\t\t\t\t<\/div>\n\t\t<div class=\"elementor-element elementor-element-52080da e-flex e-con-boxed e-con e-parent\" data-id=\"52080da\" data-element_type=\"container\">\n\t\t\t\t\t<div class=\"e-con-inner\">\n\t\t\t\t<div class=\"elementor-element elementor-element-afb8e18 elementor-widget__width-initial elementor-widget-mobile__width-inherit elementor-widget elementor-widget-text-editor\" data-id=\"afb8e18\" data-element_type=\"widget\" data-widget_type=\"text-editor.default\">\n\t\t\t\t\t\t\t\t\tAz Apple hivatalosan bejelentette az idei \u00faj eszk\u00f6z\u00f6k bemutat\u00f3j\u00e1t. <strong><span style=\"color: #9a23fb;\">2026. szeptember 9-\u00e9n, lengyel id\u0151 szerint 19:00-kor<\/span><\/strong> a v\u00e1llalat bemutatja z\u00e1szl\u00f3shaj\u00f3 okostelefonjainak k\u00f6vetkez\u0151 gener\u00e1ci\u00f3j\u00e1t, \u00e9s minden arra utal, hogy <strong><span style=\"color: #9a23fb;\">az iPhone 18 Pro \u00e9s az iPhone 18 Pro Max mellett az Apple els\u0151 \u00f6sszecsukhat\u00f3 okostelefonj\u00e1t is l\u00e1thatjuk majd, amelyet iPhone Ultra n\u00e9ven emlegetnek.<\/span><\/strong>\n\t\t\t\t\t\t\t\t<\/div>\n\t\t\t\t<div class=\"elementor-element elementor-element-7413e1f elementor-absolute elementor-widget elementor-widget-image\" data-id=\"7413e1f\" data-element_type=\"widget\" data-settings=\"{&quot;_position&quot;:&quot;absolute&quot;}\" data-widget_type=\"image.default\">\n\t\t\t\t\t\t\t\t\t\t\t\t\t\t\t<img loading=\"lazy\" decoding=\"async\" width=\"210\" height=\"210\" src=\"https:\/\/swopify.com\/blog\/wp-content\/uploads\/2025\/07\/Vector-1.svg\" class=\"attachment-large size-large wp-image-5512\" alt=\"\" \/>\t\t\t\t\t\t\t\t\t\t\t\t\t\t\t<\/div>\n\t\t\t\t\t<\/div>\n\t\t\t\t<\/div>\n\t\t<div class=\"elementor-element elementor-element-0b30c63 e-flex e-con-boxed e-con e-parent\" data-id=\"0b30c63\" data-element_type=\"container\" id=\"spis-tresci\" data-settings=\"{&quot;background_background&quot;:&quot;classic&quot;}\">\n\t\t\t\t\t<div class=\"e-con-inner\">\n\t\t<div class=\"elementor-element elementor-element-e36fba8 e-con-full e-flex e-con e-child\" data-id=\"e36fba8\" data-element_type=\"container\">\n\t\t<div class=\"elementor-element elementor-element-893e05c e-con-full e-flex e-con e-child\" data-id=\"893e05c\" data-element_type=\"container\" data-settings=\"{&quot;background_background&quot;:&quot;classic&quot;}\">\n\t\t\t\t<div class=\"elementor-element elementor-element-b1502ff elementor-widget__width-initial elementor-widget elementor-widget-heading\" data-id=\"b1502ff\" data-element_type=\"widget\" data-widget_type=\"heading.default\">\n\t\t\t\t\t<h2 class=\"elementor-heading-title elementor-size-default\">Az iPhone 18 Pro \u00e9s az iPhone Ultra hivatalos bemutat\u00f3ja \u2013 a legfontosabb inform\u00e1ci\u00f3k\n<\/h2>\t\t\t\t<\/div>\n\t\t\t\t<div class=\"elementor-element elementor-element-b58163f elementor-widget elementor-widget-text-editor\" data-id=\"b58163f\" data-element_type=\"widget\" data-widget_type=\"text-editor.default\">\n\t\t\t\t\t\t\t\t\t<ul><li>Az iPhone 18 Pro \u00e9s az iPhone Ultra bemutat\u00f3ja 2026. szeptember 9-\u00e9n lesz.<\/li><li>A bemutat\u00f3 lengyel id\u0151 szerint 19:00-kor kezd\u0151dik. <\/li><li>Az iPhone 18 Pro \u00e9s az 18 Pro Max v\u00e1rhat\u00f3an az Apple szeptemberi konferenci\u00e1j\u00e1n ker\u00fcl bemutat\u00e1sra.<\/li><li>Az iPhone Ultra v\u00e1rhat\u00f3an az Apple els\u0151 \u00f6sszecsukhat\u00f3 okostelefonja lesz.<\/li><li>A hagyom\u00e1nyos iPhone 18 v\u00e1rhat\u00f3an csak 2027 tavasz\u00e1n jelenik meg.<\/li><li>Az esem\u00e9ny sor\u00e1n az Apple v\u00e1rhat\u00f3an bemutatja az \u00faj Apple Watch- \u00e9s AirPods-modelleket is.<\/li><li>Az idei bemutat\u00f3 v\u00e1ltoz\u00e1st jelenthet az iPhone-ok eddigi megjelen\u00e9si \u00fctemterv\u00e9ben \u2013 \u0151sszel els\u0151sorban a cs\u00facskateg\u00f3ri\u00e1s modellek jelennek meg.<\/li><\/ul>\t\t\t\t\t\t\t\t<\/div>\n\t\t\t\t<div class=\"elementor-element elementor-element-007c6df elementor-align-center elementor-widget elementor-widget-button\" data-id=\"007c6df\" data-element_type=\"widget\" data-widget_type=\"button.default\">\n\t\t\t\t\t\t\t\t\t\t<a class=\"elementor-button elementor-button-link elementor-size-sm\" href=\"https:\/\/swopify.com\/blog\/hu\/mikor-jelenik-meg-az-iphone-18-es-mit-tudunk-rola-eddig\/\">\n\t\t\t\t\t\t<span class=\"elementor-button-content-wrapper\">\n\t\t\t\t\t\t\t\t\t<span class=\"elementor-button-text\">Mikor jelenik meg az iPhone 18, \u00e9s mit tudunk r\u00f3la eddig?<\/span>\n\t\t\t\t\t<\/span>\n\t\t\t\t\t<\/a>\n\t\t\t\t\t\t\t\t<\/div>\n\t\t\t\t<div class=\"elementor-element elementor-element-7e2131b elementor-widget elementor-widget-heading\" data-id=\"7e2131b\" data-element_type=\"widget\" data-widget_type=\"heading.default\">\n\t\t\t\t\t<h2 class=\"elementor-heading-title elementor-size-default\">Mikor lesz az iPhone 18 Pro hivatalos bemutat\u00f3ja?\n<\/h2>\t\t\t\t<\/div>\n\t\t\t\t<div class=\"elementor-element elementor-element-d4699dc elementor-widget elementor-widget-text-editor\" data-id=\"d4699dc\" data-element_type=\"widget\" data-widget_type=\"text-editor.default\">\n\t\t\t\t\t\t\t\t\t<p>A bemutat\u00f3 id\u0151pontja m\u00e1r ismert. Az Apple <strong>2026. szeptember 9-\u00e9n, lengyel id\u0151 szerint 19:00-kor<\/strong> szervez egy k\u00fcl\u00f6nleges rendezv\u00e9nyt \u201eSurprise and Shine\u201d c\u00edmmel. A konferencia az Apple Parkban ker\u00fcl megrendez\u00e9sre, \u00e9s az esem\u00e9nyt online is lehet majd k\u00f6vetni.  <\/p><p>Az idei bemutat\u00f3 k\u00fcl\u00f6n\u00f6sen \u00e9rdekes lehet, mivel az Apple v\u00e1rhat\u00f3an megv\u00e1ltoztatja az eddigi iPhone-modellek piacra dob\u00e1s\u00e1nak m\u00f3dj\u00e1t. Ahelyett, hogy az eg\u00e9sz gener\u00e1ci\u00f3t egyszerre mutatn\u00e1k be, \u0151sszel els\u0151sorban a cs\u00facskateg\u00f3ri\u00e1s modellek deb\u00fct\u00e1lnak majd. <\/p><p> <\/p><p>A legfrissebb inform\u00e1ci\u00f3k szerint ezek <strong>az iPhone 18 Pro, az iPhone 18 Pro Max \u00e9s az \u00f6sszecsukhat\u00f3 iPhone Ultra<\/strong> lesznek. A hagyom\u00e1nyos iPhone 18 v\u00e1rhat\u00f3an csak 2027-ben jelenik meg. <\/p>\t\t\t\t\t\t\t\t<\/div>\n\t\t<div class=\"elementor-element elementor-element-749babb e-con-full e-flex e-con e-child\" data-id=\"749babb\" data-element_type=\"container\">\n\t\t<div class=\"elementor-element elementor-element-43b95af e-grid e-con-full e-con e-child\" data-id=\"43b95af\" data-element_type=\"container\">\n\t\t\t\t<div class=\"elementor-element elementor-element-eec8bd1 elementor-widget elementor-widget-image\" data-id=\"eec8bd1\" data-element_type=\"widget\" data-widget_type=\"image.default\">\n\t\t\t\t\t\t\t\t\t\t\t\t<figure class=\"wp-caption\">\n\t\t\t\t\t\t\t\t\t\t\t<a href=\"https:\/\/swopify.com\/pl-pl\/iphone-16-pro-max-512gb-tytan-czarny-3912\">\n\t\t\t\t\t\t\t<img decoding=\"async\" src=\"https:\/\/swopify.com\/publicTmp\/pictures\/600x\/0c7ee8\/73y2q5y1m0k0u1m7f4p8z631y8d419k1.jpg\" title=\"\" alt=\"iPhone 16 Pro Max 512GB Tytan Czarny\" loading=\"lazy\" \/>\t\t\t\t\t\t\t\t<\/a>\n\t\t\t\t\t\t\t\t\t\t\t<figcaption class=\"widget-image-caption wp-caption-text\">iPhone 16 Pro Max 512 GB tit\u00e1nium fekete<\/figcaption>\n\t\t\t\t\t\t\t\t\t\t<\/figure>\n\t\t\t\t\t\t\t\t\t<\/div>\n\t\t\t\t<div class=\"elementor-element elementor-element-8779458 elementor-widget elementor-widget-image\" data-id=\"8779458\" data-element_type=\"widget\" data-widget_type=\"image.default\">\n\t\t\t\t\t\t\t\t\t\t\t\t<figure class=\"wp-caption\">\n\t\t\t\t\t\t\t\t\t\t\t<a href=\"https:\/\/swopify.com\/pl-pl\/iphone-17-pro-max-256gb-glebinowy-blekit-8164\">\n\t\t\t\t\t\t\t<img decoding=\"async\" src=\"https:\/\/swopify.com\/publicTmp\/pictures\/300x\/66b01f\/h8w2v0g500a0f1x726f6o0h6r753u2d1.webp\" title=\"\" alt=\"iPhone 17 Pro Max 256GB G\u0142\u0119binowy B\u0142\u0119kit\" loading=\"lazy\" \/>\t\t\t\t\t\t\t\t<\/a>\n\t\t\t\t\t\t\t\t\t\t\t<figcaption class=\"widget-image-caption wp-caption-text\">iPhone 17 Pro Max 256 GB m\u00e9lyk\u00e9k<\/figcaption>\n\t\t\t\t\t\t\t\t\t\t<\/figure>\n\t\t\t\t\t\t\t\t\t<\/div>\n\t\t\t\t<div class=\"elementor-element elementor-element-fbb5866 elementor-widget elementor-widget-image\" data-id=\"fbb5866\" data-element_type=\"widget\" data-widget_type=\"image.default\">\n\t\t\t\t\t\t\t\t\t\t\t\t<figure class=\"wp-caption\">\n\t\t\t\t\t\t\t\t\t\t\t<a href=\"https:\/\/swopify.com\/pl-pl\/iphone-17-256gb-bialy-8134\">\n\t\t\t\t\t\t\t<img decoding=\"async\" src=\"https:\/\/swopify.com\/publicTmp\/pictures\/300x\/0bc37d\/g2y9z5l7v0q0i1m7r606w0e5h5v5r3j5.webp\" title=\"\" alt=\"iPhone 17 256GB Bia\u0142y\" loading=\"lazy\" \/>\t\t\t\t\t\t\t\t<\/a>\n\t\t\t\t\t\t\t\t\t\t\t<figcaption class=\"widget-image-caption wp-caption-text\">iPhone 17 256 GB feh\u00e9r<\/figcaption>\n\t\t\t\t\t\t\t\t\t\t<\/figure>\n\t\t\t\t\t\t\t\t\t<\/div>\n\t\t\t\t<\/div>\n\t\t\t\t<\/div>\n\t\t\t\t<div class=\"elementor-element elementor-element-7881737 elementor-widget elementor-widget-heading\" data-id=\"7881737\" data-element_type=\"widget\" data-widget_type=\"heading.default\">\n\t\t\t\t\t<h2 class=\"elementor-heading-title elementor-size-default\">Mit fog bemutatni az Apple a szeptember 9-i bemutat\u00f3n?\n<\/h2>\t\t\t\t<\/div>\n\t\t\t\t<div class=\"elementor-element elementor-element-87e7028 elementor-widget elementor-widget-text-editor\" data-id=\"87e7028\" data-element_type=\"widget\" data-widget_type=\"text-editor.default\">\n\t\t\t\t\t\t\t\t\t<p>B\u00e1r a figyelem nagy r\u00e9sze az \u00faj iPhone-okra ir\u00e1nyul, az Apple szeptemberi rendezv\u00e9ny\u00e9n val\u00f3sz\u00edn\u0171leg tov\u00e1bbi \u00fajdons\u00e1gok is bemutat\u00e1sra ker\u00fclnek.<\/p><p> <\/p><p><strong>Az iPhone 18 Pro, az iPhone 18 Pro Max \u00e9s az \u00f6sszecsukhat\u00f3 iPhone Ultra mellett a k\u00f6vetkez\u0151ket l\u00e1thatjuk:<\/strong><\/p><ul><li>Apple Watch Series 12,<\/li><li>Apple Watch Ultra 4,<\/li><li>az \u00faj AirPods, k\u00f6zt\u00fck val\u00f3sz\u00edn\u0171leg az AirPods Pro k\u00f6vetkez\u0151 gener\u00e1ci\u00f3ja,<\/li><li>az \u00faj k\u00e9sz\u00fcl\u00e9kekhez kapcsol\u00f3d\u00f3 kieg\u00e9sz\u00edt\u0151k.<\/li><\/ul><p> <\/p><p>Ezek k\u00f6z\u00fcl a term\u00e9kek k\u00f6z\u00fcl m\u00e9g nem mindegyiket er\u0151s\u00edtette meg hivatalosan az Apple. A lista a legfrissebb ipar\u00e1gi h\u00edrek alapj\u00e1n k\u00e9sz\u00fclt. A MacRumors t\u00f6bbek k\u00f6z\u00f6tt az Apple Watch Series 12-t, az Apple Watch Ultra 4-et \u00e9s az AirPods 5-\u00f6t emeli ki azok k\u00f6z\u00fcl a term\u00e9kek k\u00f6z\u00fcl, amelyeket az esem\u00e9nyen bemutathatnak.  <\/p><p> <\/p><p>Ez azt jelenti, hogy szeptember 9. az Apple idei napt\u00e1r\u00e1nak egyik legfontosabb napja lehet. A v\u00e1llalat nemcsak a z\u00e1szl\u00f3shaj\u00f3 iPhone-modelleket fogja meg\u00faj\u00edtani, hanem egy sz\u00e1m\u00e1ra teljesen \u00faj eszk\u00f6zkateg\u00f3ri\u00e1ba is bel\u00e9p. <\/p>\t\t\t\t\t\t\t\t<\/div>\n\t\t\t\t<div class=\"elementor-element elementor-element-ab8f692 elementor-align-center elementor-widget elementor-widget-button\" data-id=\"ab8f692\" data-element_type=\"widget\" data-widget_type=\"button.default\">\n\t\t\t\t\t\t\t\t\t\t<a class=\"elementor-button elementor-button-link elementor-size-sm\" href=\"https:\/\/swopify.com\/blog\/top-5-najlepszych-skladanych-telefonow-ranking-2026\/\">\n\t\t\t\t\t\t<span class=\"elementor-button-content-wrapper\">\n\t\t\t\t\t\t\t\t\t<span class=\"elementor-button-text\">A legjobb 5 \u00f6sszecsukhat\u00f3 telefon<\/span>\n\t\t\t\t\t<\/span>\n\t\t\t\t\t<\/a>\n\t\t\t\t\t\t\t\t<\/div>\n\t\t\t\t<div class=\"elementor-element elementor-element-8ae0a7c elementor-widget elementor-widget-heading\" data-id=\"8ae0a7c\" data-element_type=\"widget\" data-widget_type=\"heading.default\">\n\t\t\t\t\t<h2 class=\"elementor-heading-title elementor-size-default\">Milyen lesz az iPhone 18 Pro m\u0171szaki specifik\u00e1ci\u00f3ja?\n<\/h2>\t\t\t\t<\/div>\n\t\t\t\t<div class=\"elementor-element elementor-element-708cc81 elementor-widget elementor-widget-text-editor\" data-id=\"708cc81\" data-element_type=\"widget\" data-widget_type=\"text-editor.default\">\n\t\t\t\t\t\t\t\t\t<p>A jelenlegi h\u00edrek szerint az iPhone 18 Pro els\u0151sorban a processzor, a kamer\u00e1k \u00e9s a kijelz\u0151technol\u00f3gia ter\u00e9n hoz majd v\u00e1ltoz\u00e1sokat. A specifik\u00e1ci\u00f3 legfontosabb v\u00e1rhat\u00f3 elemei a k\u00f6vetkez\u0151k: <\/p><p> <\/p><ul><li>a 2 nm-es technol\u00f3gi\u00e1val gy\u00e1rtott Apple A20 Pro processzor,<\/li><li>az Apple C2 modem, amely v\u00e1rhat\u00f3an a v\u00e1llalat k\u00f6vetkez\u0151 saj\u00e1t fejleszt\u00e9s\u0171 modeme lesz,<\/li><li>f\u0151 kamera v\u00e1ltoz\u00f3 blende\u00e9rt\u00e9kkel, amely lehet\u0151v\u00e9 teszi a f\u00e9nymennyis\u00e9g jobb szab\u00e1lyoz\u00e1s\u00e1t,<\/li><li>kisebb Dynamic Island, mivel a Face ID elemeit r\u00e9szben elrejtett\u00e9k a k\u00e9perny\u0151 alatt,<\/li><li>\u00faj h\u00e1zsz\u00ednek, amelyek k\u00f6z\u00f6tt szerepel t\u00f6bbek k\u00f6z\u00f6tt a Dark Cherry \u00e1rnyalat, <\/li><li>Az iPhone 17 Pro-hoz hasonl\u00f3 kialak\u00edt\u00e1s, b\u00e1r a pontos m\u00e9retek \u00e9s az anyagok m\u00e9g nem ker\u00fcltek meger\u0151s\u00edt\u00e9sre.<\/li><\/ul><p> <\/p><p>Az \u00faj processzor v\u00e1rhat\u00f3an az egyik legfontosabb eleme lesz ennek a gener\u00e1ci\u00f3nak. <strong>Az \u00e1t\u00e1ll\u00e1s a 2 nm-es technol\u00f3gi\u00e1ra nagyobb teljes\u00edtm\u00e9nyt \u00e9s jobb energiahat\u00e9konys\u00e1got eredm\u00e9nyezhet<\/strong>, ami a gyakorlatban a telefon z\u00f6kken\u0151mentesebb m\u0171k\u00f6d\u00e9s\u00e9t \u00e9s potenci\u00e1lisan hosszabb akkumul\u00e1tor-\u00fczemid\u0151t jelenthet.<\/p>\t\t\t\t\t\t\t\t<\/div>\n\t\t<div class=\"elementor-element elementor-element-d31f4b7 e-grid e-con-full e-con e-child\" data-id=\"d31f4b7\" data-element_type=\"container\">\n\t\t\t\t<div class=\"elementor-element elementor-element-6efb9d8 elementor-widget elementor-widget-image\" data-id=\"6efb9d8\" data-element_type=\"widget\" data-widget_type=\"image.default\">\n\t\t\t\t\t\t\t\t\t\t\t\t<figure class=\"wp-caption\">\n\t\t\t\t\t\t\t\t\t\t\t<a href=\"https:\/\/swopify.com\/pl-pl\/iphone-16-pro-max-256gb-tytan-czarny-3235\">\n\t\t\t\t\t\t\t<img decoding=\"async\" src=\"https:\/\/swopify.com\/publicTmp\/pictures\/600x\/6ba30f\/f6r9k8e0q0m0l1a7g4l8w6r1f8k0q686.jpg\" title=\"\" alt=\"iPhone 16 Pro Max 256GB Tytan Czarny\" loading=\"lazy\" \/>\t\t\t\t\t\t\t\t<\/a>\n\t\t\t\t\t\t\t\t\t\t\t<figcaption class=\"widget-image-caption wp-caption-text\">iPhone 16 Pro Max 256 GB tit\u00e1nium fekete<\/figcaption>\n\t\t\t\t\t\t\t\t\t\t<\/figure>\n\t\t\t\t\t\t\t\t\t<\/div>\n\t\t\t\t<div class=\"elementor-element elementor-element-1be9e8f elementor-widget elementor-widget-image\" data-id=\"1be9e8f\" data-element_type=\"widget\" data-widget_type=\"image.default\">\n\t\t\t\t\t\t\t\t\t\t\t\t<figure class=\"wp-caption\">\n\t\t\t\t\t\t\t\t\t\t\t<a href=\"https:\/\/swopify.com\/pl-pl\/iphone-16-pro-max-256gb-tytan-bialy-3905\">\n\t\t\t\t\t\t\t<img decoding=\"async\" src=\"https:\/\/swopify.com\/publicTmp\/pictures\/600x\/c385e1\/15i9b6i0g0v0o1v7t4l8i6n1f8t0u7u6.jpg\" title=\"\" alt=\"iPhone 16 Pro Max 256GB Tytan Bia\u0142y\" loading=\"lazy\" \/>\t\t\t\t\t\t\t\t<\/a>\n\t\t\t\t\t\t\t\t\t\t\t<figcaption class=\"widget-image-caption wp-caption-text\">iPhone 16 Pro Max 256 GB tit\u00e1nium feh\u00e9r<\/figcaption>\n\t\t\t\t\t\t\t\t\t\t<\/figure>\n\t\t\t\t\t\t\t\t\t<\/div>\n\t\t\t\t<div class=\"elementor-element elementor-element-68afd87 elementor-widget elementor-widget-image\" data-id=\"68afd87\" data-element_type=\"widget\" data-widget_type=\"image.default\">\n\t\t\t\t\t\t\t\t\t\t\t\t<figure class=\"wp-caption\">\n\t\t\t\t\t\t\t\t\t\t\t<a href=\"https:\/\/swopify.com\/pl-pl\/iphone-17-pro-256gb-glebinowy-blekit-8150\">\n\t\t\t\t\t\t\t<img decoding=\"async\" src=\"https:\/\/swopify.com\/publicTmp\/pictures\/300x\/54c21b\/h1j2v7u8g0e0i1d7w6o6y0n5a92849r0.webp\" title=\"\" alt=\"iPhone 17 Pro 256GB G\u0142\u0119binowy B\u0142\u0119kit\" loading=\"lazy\" \/>\t\t\t\t\t\t\t\t<\/a>\n\t\t\t\t\t\t\t\t\t\t\t<figcaption class=\"widget-image-caption wp-caption-text\">iPhone 17 Pro 256 GB m\u00e9lyk\u00e9k<\/figcaption>\n\t\t\t\t\t\t\t\t\t\t<\/figure>\n\t\t\t\t\t\t\t\t\t<\/div>\n\t\t\t\t<\/div>\n\t\t\t\t<div class=\"elementor-element elementor-element-bb9adae elementor-widget elementor-widget-heading\" data-id=\"bb9adae\" data-element_type=\"widget\" data-widget_type=\"heading.default\">\n\t\t\t\t\t<h2 class=\"elementor-heading-title elementor-size-default\">Az iPhone 18 Pro \u00faj sz\u00ednei \u00e9s megjelen\u00e9se\n<\/h2>\t\t\t\t<\/div>\n\t\t\t\t<div class=\"elementor-element elementor-element-0e2225b elementor-widget elementor-widget-text-editor\" data-id=\"0e2225b\" data-element_type=\"widget\" data-widget_type=\"text-editor.default\">\n\t\t\t\t\t\t\t\t\t<p>A v\u00e1ltoz\u00e1sok a sz\u00ednv\u00e1laszt\u00e9kra is kiterjednek. A kisziv\u00e1rgott inform\u00e1ci\u00f3k szerint t\u00f6bbek k\u00f6z\u00f6tt megjelenik <strong>egy m\u00e9lyv\u00f6r\u00f6s \u00e1rnyalat, amelyet \u201eDark Cherry\u201d n\u00e9ven emlegetnek, valamint egy hideg k\u00e9k \u00e1rnyalat is<\/strong>. <\/p><p> <\/p><p>Arra utal\u00f3 inform\u00e1ci\u00f3k is felmer\u00fclnek, hogy az \u00faj modell m\u00e9retei annyira hasonl\u00f3ak maradhatnak az el\u0151dj\u00e9hez, hogy <strong>az el\u0151z\u0151 gener\u00e1ci\u00f3s tokokkal val\u00f3 kompatibilit\u00e1s lehets\u00e9ges legyen<\/strong><\/p>\t\t\t\t\t\t\t\t<\/div>\n\t\t\t\t<div class=\"elementor-element elementor-element-3c6501c elementor-align-center elementor-widget elementor-widget-button\" data-id=\"3c6501c\" data-element_type=\"widget\" data-widget_type=\"button.default\">\n\t\t\t\t\t\t\t\t\t\t<a class=\"elementor-button elementor-button-link elementor-size-sm\" href=\"https:\/\/swopify.com\/blog\/kiedy-najlepiej-kupic-iphone\/\">\n\t\t\t\t\t\t<span class=\"elementor-button-content-wrapper\">\n\t\t\t\t\t\t\t\t\t<span class=\"elementor-button-text\">Mikor \u00e9rdemes iPhone-t v\u00e1s\u00e1rolni?<\/span>\n\t\t\t\t\t<\/span>\n\t\t\t\t\t<\/a>\n\t\t\t\t\t\t\t\t<\/div>\n\t\t\t\t<div class=\"elementor-element elementor-element-5911d90 elementor-widget elementor-widget-heading\" data-id=\"5911d90\" data-element_type=\"widget\" data-widget_type=\"heading.default\">\n\t\t\t\t\t<h2 class=\"elementor-heading-title elementor-size-default\">Milyen m\u0171szaki jellemz\u0151kkel rendelkezhet az iPhone Ultra?\n<\/h2>\t\t\t\t<\/div>\n\t\t\t\t<div class=\"elementor-element elementor-element-38826f3 elementor-widget elementor-widget-text-editor\" data-id=\"38826f3\" data-element_type=\"widget\" data-widget_type=\"text-editor.default\">\n\t\t\t\t\t\t\t\t\t<p>Az \u00f6sszecsukhat\u00f3 iPhone Ultra v\u00e1rhat\u00f3an a legszokatlanabb eszk\u00f6z lesz az Apple idei k\u00edn\u00e1lat\u00e1ban. A jelenlegi inform\u00e1ci\u00f3k szerint a okostelefon <strong>k\u00f6nyvszer\u0171en \u00f6sszecsukhat\u00f3 kialak\u00edt\u00e1s\u00fa lesz<\/strong>, nagy bels\u0151 k\u00e9perny\u0151vel \u00e9s egy kieg\u00e9sz\u00edt\u0151 k\u00fcls\u0151 kijelz\u0151vel. <\/p><p> <\/p><p><strong>A m\u0171szaki adatokkal kapcsolatban leggyakrabban el\u0151fordul\u00f3 inform\u00e1ci\u00f3k a k\u00f6vetkez\u0151k:<\/strong><\/p><p> <\/p><ul><li>kb. 7,8 h\u00fcvelyk \u00e1tm\u00e9r\u0151j\u0171 bels\u0151 kijelz\u0151,<\/li><li>kb. 5,5 h\u00fcvelykes k\u00fcls\u0151 kijelz\u0151,<\/li><li>a \u201ebook-style\u201d kialak\u00edt\u00e1st, amely hasonl\u00f3 m\u00e1s \u00f6sszecsukhat\u00f3 okostelefonokhoz,<\/li><li>k\u00e9t h\u00e1ts\u00f3 kamera,<\/li><li>Apple A20 chip,<\/li><li>A bekapcsol\u00f3gombba integr\u00e1lt Touch ID,<\/li><li>kibontott \u00e1llapotban nagyon v\u00e9kony szerkezet,<\/li><li>olyan megold\u00e1s, amelynek c\u00e9lja az \u00f6sszecsukhat\u00f3 k\u00e9perny\u0151n l\u00e1that\u00f3 hajl\u00edt\u00e1s l\u00e1that\u00f3s\u00e1g\u00e1nak cs\u00f6kkent\u00e9se.<\/li><\/ul><p> <\/p><p>Az iPhone Ultra eset\u00e9ben k\u00fcl\u00f6n\u00f6sen sok inform\u00e1ci\u00f3 m\u00e9g nem er\u0151s\u00edtett. Az Apple m\u00e9g nem hozta nyilv\u00e1noss\u00e1gra a \u00f6sszecsukhat\u00f3 modell hivatalos m\u0171szaki adatait, ez\u00e9rt a kijelz\u0151, a kamer\u00e1k \u00e9s a be\u00e9p\u00edtett processzor param\u00e9terei a megjelen\u00e9sig m\u00e9g v\u00e1ltozhatnak. <\/p>\t\t\t\t\t\t\t\t<\/div>\n\t\t\t\t<div class=\"elementor-element elementor-element-2408663 elementor-widget elementor-widget-heading\" data-id=\"2408663\" data-element_type=\"widget\" data-widget_type=\"heading.default\">\n\t\t\t\t\t<h2 class=\"elementor-heading-title elementor-size-default\">Mennyibe ker\u00fclhet az iPhone 18 Pro \u00e9s az iPhone Ultra?<\/h2>\t\t\t\t<\/div>\n\t\t\t\t<div class=\"elementor-element elementor-element-e116fea elementor-widget elementor-widget-text-editor\" data-id=\"e116fea\" data-element_type=\"widget\" data-widget_type=\"text-editor.default\">\n\t\t\t\t\t\t\t\t\t<ul><li>iPhone 18 Pro \u2013 k\u00f6r\u00fclbel\u00fcl 6000 z\u0142<\/li><li>iPhone 18 Pro Max \u2013 k\u00f6r\u00fclbel\u00fcl 8000 z\u0142<\/li><li>iPhone Ultra \u2013 k\u00f6r\u00fclbel\u00fcl 9 000\u201311 000 zloty<\/li><li>iPhone 18 \u2013 k\u00f6r\u00fclbel\u00fcl 4000 z\u0142-t\u00f3l, b\u00e1r a bemutat\u00f3ja csak 2027 tavasz\u00e1n v\u00e1rhat\u00f3.<\/li><\/ul><p> <\/p><p>Az iPhone 18 Pro \u00e9s 18 Pro Max v\u00e1rhat\u00f3 \u00e1rai magasabbak, mint az el\u0151z\u0151 gener\u00e1ci\u00f3\u00e9. Az \u00e1rat t\u00f6bbek k\u00f6z\u00f6tt <strong>a 2 nm-es technol\u00f3gi\u00e1val gy\u00e1rtott processzor \u00e9s az Apple saj\u00e1t fejleszt\u00e9s\u0171 C2 modeme<\/strong> is befoly\u00e1solhatja. A v\u00e9gleges \u00e1rakat Lengyelorsz\u00e1gban csak a hivatalos bemutat\u00f3 ut\u00e1n fogjuk megtudni, \u00e9s azok a doll\u00e1r \u00e1rfolyam\u00e1t\u00f3l is f\u00fcggenek majd.   <\/p>\t\t\t\t\t\t\t\t<\/div>\n\t\t\t\t<div class=\"elementor-element elementor-element-98f2dbe elementor-align-center elementor-widget elementor-widget-button\" data-id=\"98f2dbe\" data-element_type=\"widget\" data-widget_type=\"button.default\">\n\t\t\t\t\t\t\t\t\t\t<a class=\"elementor-button elementor-button-link elementor-size-sm\" href=\"https:\/\/swopify.com\/blog\/iphone-14-pro-vs-17-pro-porownanie-smartfonow-apple\/\">\n\t\t\t\t\t\t<span class=\"elementor-button-content-wrapper\">\n\t\t\t\t\t\t\t\t\t<span class=\"elementor-button-text\">iPhone 14 Pro kontra 17 Pro<\/span>\n\t\t\t\t\t<\/span>\n\t\t\t\t\t<\/a>\n\t\t\t\t\t\t\t\t<\/div>\n\t\t\t\t<div class=\"elementor-element elementor-element-5784098 elementor-widget elementor-widget-heading\" data-id=\"5784098\" data-element_type=\"widget\" data-widget_type=\"heading.default\">\n\t\t\t\t\t<h2 class=\"elementor-heading-title elementor-size-default\">\u00c9s mi lesz a szok\u00e1sos iPhone 18-cal?\n<\/h2>\t\t\t\t<\/div>\n\t\t\t\t<div class=\"elementor-element elementor-element-7450a21 elementor-widget elementor-widget-text-editor\" data-id=\"7450a21\" data-element_type=\"widget\" data-widget_type=\"text-editor.default\">\n\t\t\t\t\t\t\t\t\t<p>Ez az egyik legnagyobb v\u00e1ltoz\u00e1s az Apple idei strat\u00e9gi\u00e1j\u00e1ban.<\/p><p> <\/p><p><strong>Az iPhone 18-at v\u00e1rhat\u00f3an nem fogj\u00e1k szeptemberben a Pro-modellekkel egy\u00fctt bemutatni.<\/strong>  A legfrissebb h\u00edrek szerint az alapmodellek csak 2027 tavasz\u00e1n fognak megjelenni. K\u00f6r\u00fclbel\u00fcl ugyanebben az id\u0151pontban mutathatj\u00e1k be a k\u00f6vetkez\u0151 iPhone Air-t \u00e9s az iPhone 18e-t is. <\/p><p> <\/p><p>Az Apple \u00edgy az \u0151szi bemutat\u00f3 alkalm\u00e1val jobban r\u00e1ir\u00e1ny\u00edthatja a v\u00e1s\u00e1rl\u00f3k figyelm\u00e9t a dr\u00e1g\u00e1bb modellekre. A szeptemberi esem\u00e9ny teh\u00e1t jobban a pr\u00e9mium szegmensre fog \u00f6sszpontos\u00edtani, mint a kor\u00e1bbi iPhone-bemutat\u00f3k. <\/p>\t\t\t\t\t\t\t\t<\/div>\n\t\t\t\t<div class=\"elementor-element elementor-element-34ae63d elementor-widget elementor-widget-heading\" data-id=\"34ae63d\" data-element_type=\"widget\" data-widget_type=\"heading.default\">\n\t\t\t\t\t<h2 class=\"elementor-heading-title elementor-size-default\">Mikor ker\u00fcl forgalomba az iPhone 18 Pro?\n<\/h2>\t\t\t\t<\/div>\n\t\t\t\t<div class=\"elementor-element elementor-element-a528f33 elementor-widget elementor-widget-text-editor\" data-id=\"a528f33\" data-element_type=\"widget\" data-widget_type=\"text-editor.default\">\n\t\t\t\t\t\t\t\t\t<ul><li>Az iPhone 18 Pro \u00e9s az iPhone 18 Pro Max v\u00e1rhat\u00f3an 2026 szeptember\u00e9nek v\u00e9g\u00e9n ker\u00fcl forgalomba.<\/li><li>Az \u00e9rt\u00e9kes\u00edt\u00e9s hivatalos kezd\u00e9si d\u00e1tum\u00e1t az Apple m\u00e9g nem er\u0151s\u00edtette meg.<\/li><li>Az el\u0151rendel\u00e9s a szeptember 9-i bemutat\u00f3 ut\u00e1n n\u00e9h\u00e1ny nappal megkezd\u0151dhet.<\/li><\/ul><p> <\/p><p>Ha az Apple tartja a jelenlegi bevezet\u00e9si \u00fctemtervet, az \u00faj Pro modellek m\u00e9g szeptemberben a boltokba ker\u00fclhetnek. A pontos \u00e9rt\u00e9kes\u00edt\u00e9si kezdet id\u0151pontj\u00e1t azonban a hivatalos bemutat\u00f3ig m\u00e9g v\u00e1rni kell. <\/p>\t\t\t\t\t\t\t\t<\/div>\n\t\t\t\t<div class=\"elementor-element elementor-element-addf990 elementor-align-center elementor-widget elementor-widget-button\" data-id=\"addf990\" data-element_type=\"widget\" data-widget_type=\"button.default\">\n\t\t\t\t\t\t\t\t\t\t<a class=\"elementor-button elementor-button-link elementor-size-sm\" href=\"https:\/\/swopify.com\/blog\/apple-iphone-17-pro-vs-samsung-galaxy-s25-ultra-porownanie\/\">\n\t\t\t\t\t\t<span class=\"elementor-button-content-wrapper\">\n\t\t\t\t\t\t\t\t\t<span class=\"elementor-button-text\">Apple iPhone 17 Pro vs. Samsung Galaxy S25 Ultra<\/span>\n\t\t\t\t\t<\/span>\n\t\t\t\t\t<\/a>\n\t\t\t\t\t\t\t\t<\/div>\n\t\t\t\t<div class=\"elementor-element elementor-element-9d88d5d elementor-widget elementor-widget-heading\" data-id=\"9d88d5d\" data-element_type=\"widget\" data-widget_type=\"heading.default\">\n\t\t\t\t\t<h2 class=\"elementor-heading-title elementor-size-default\">\u00c9rdemes-e v\u00e1rni az iPhone 18 Pro megjelen\u00e9s\u00e9re?\n<\/h2>\t\t\t\t<\/div>\n\t\t\t\t<div class=\"elementor-element elementor-element-2c773c9 elementor-widget elementor-widget-text-editor\" data-id=\"2c773c9\" data-element_type=\"widget\" data-widget_type=\"text-editor.default\">\n\t\t\t\t\t\t\t\t\t<p>Ha \u00faj telefon v\u00e1s\u00e1rl\u00e1s\u00e1t tervezed, <strong>mindenk\u00e9ppen \u00e9rdemes bejel\u00f6lni a napt\u00e1rban szeptember 9-\u00e9t<\/strong>. A bemutat\u00f3 ut\u00e1n megismerhetj\u00fck a hivatalos m\u0171szaki adatokat, az \u00e1rakat, valamint az \u00faj gener\u00e1ci\u00f3 \u00e9s az iPhone 17 Pro k\u00f6z\u00f6tti k\u00fcl\u00f6nbs\u00e9geket. <\/p><p> <\/p><p>Ez azonban nem jelenti azt, hogy egy r\u00e9gebbi modell v\u00e1s\u00e1rl\u00e1sa m\u00e1r nem lenne \u00e9sszer\u0171. \u00c9ppen ellenkez\u0151leg. <strong>Az \u00faj gener\u00e1ci\u00f3 megjelen\u00e9se gyakran j\u00f3 alkalom arra, hogy megn\u00e9zz\u00fck a kor\u00e1bbi modellek \u00e1rait, bele\u00e9rtve a fel\u00faj\u00edtott k\u00e9sz\u00fcl\u00e9keket is<\/strong>. <\/p><p> <\/p><p>Ha nincs sz\u00fcks\u00e9ged a leg\u00fajabb processzorra vagy a most deb\u00fct\u00e1l\u00f3 funkci\u00f3kra, akkor <a href=\"https:\/\/swopify.com\/pl-pl\/apple-iphone\">egy fel\u00faj\u00edtott iPhone<\/a><strong> <\/strong>nagyon hasonl\u00f3 \u00e9lm\u00e9nyt ny\u00fajthat j\u00f3val alacsonyabb \u00e1ron. Ez a megold\u00e1s lehet\u0151v\u00e9 teszi a kiad\u00e1sok cs\u00f6kkent\u00e9s\u00e9t, mik\u00f6zben meghosszabb\u00edtja a m\u00e1r legy\u00e1rtott eszk\u00f6z \u00e9lettartam\u00e1t. <\/p>\t\t\t\t\t\t\t\t<\/div>\n\t\t\t\t<\/div>\n\t\t<div class=\"elementor-element elementor-element-18cd69d e-con-full e-flex e-con e-child\" data-id=\"18cd69d\" data-element_type=\"container\" data-settings=\"{&quot;background_background&quot;:&quot;classic&quot;}\">\n\t\t\t\t<div class=\"elementor-element elementor-element-f50921e elementor-widget__width-initial elementor-widget elementor-widget-heading\" data-id=\"f50921e\" data-element_type=\"widget\" data-widget_type=\"heading.default\">\n\t\t\t\t\t<h2 class=\"elementor-heading-title elementor-size-default\">Gyakran ism\u00e9telt k\u00e9rd\u00e9sek<\/h2>\t\t\t\t<\/div>\n\t\t\t\t<div class=\"elementor-element elementor-element-fdbafc8 elementor-widget elementor-widget-n-accordion\" data-id=\"fdbafc8\" data-element_type=\"widget\" data-settings=\"{&quot;n_accordion_animation_duration&quot;:{&quot;unit&quot;:&quot;ms&quot;,&quot;size&quot;:500,&quot;sizes&quot;:[]},&quot;default_state&quot;:&quot;expanded&quot;,&quot;max_items_expended&quot;:&quot;one&quot;}\" data-widget_type=\"nested-accordion.default\">\n\t\t\t\t\t\t\t<div class=\"e-n-accordion\" aria-label=\"Accordion. Open links with Enter or Space, close with Escape, and navigate with Arrow Keys\">\n\t\t\t\t\t\t<details id=\"e-n-accordion-item-2660\" class=\"e-n-accordion-item\" open>\n\t\t\t\t<summary class=\"e-n-accordion-item-title\" data-accordion-index=\"1\" tabindex=\"0\" aria-expanded=\"true\" aria-controls=\"e-n-accordion-item-2660\" >\n\t\t\t\t\t<span class='e-n-accordion-item-title-header'><div class=\"e-n-accordion-item-title-text\"> Mikor lesz az iPhone 18 Pro hivatalos bemutat\u00f3ja? <\/div><\/span>\n\t\t\t\t\t\t\t<span class='e-n-accordion-item-title-icon'>\n\t\t\t<span class='e-opened' ><svg xmlns=\"http:\/\/www.w3.org\/2000\/svg\" width=\"12\" height=\"8\" viewBox=\"0 0 12 8\" fill=\"none\"><path d=\"M6 0.000391054L12 6.00039L10.6 7.40039L6 2.80039L1.4 7.40039L-1.22392e-07 6.00039L6 0.000391054Z\" fill=\"#292D33\"><\/path><\/svg><\/span>\n\t\t\t<span class='e-closed'><svg xmlns=\"http:\/\/www.w3.org\/2000\/svg\" width=\"12\" height=\"8\" viewBox=\"0 0 12 8\" fill=\"none\"><path d=\"M6 7.4L0 1.4L1.4 0L6 4.6L10.6 0L12 1.4L6 7.4Z\" fill=\"#292D33\"><\/path><\/svg><\/span>\n\t\t<\/span>\n\n\t\t\t\t\t\t<\/summary>\n\t\t\t\t<div role=\"region\" aria-labelledby=\"e-n-accordion-item-2660\" class=\"elementor-element elementor-element-c744340 e-con-full e-flex e-con e-child\" data-id=\"c744340\" data-element_type=\"container\">\n\t\t\t\t<div class=\"elementor-element elementor-element-8036a0d elementor-widget elementor-widget-text-editor\" data-id=\"8036a0d\" data-element_type=\"widget\" data-widget_type=\"text-editor.default\">\n\t\t\t\t\t\t\t\t\t<p>Az iPhone 18 Pro hivatalos bemutat\u00f3ja 2026. szeptember 9-\u00e9n, lengyel id\u0151 szerint 19:00-kor ker\u00fcl sor. Az esem\u00e9nyen az Apple v\u00e1rhat\u00f3an bemutatja az iPhone 18 Pro Max-ot \u00e9s az iPhone Ultra n\u00e9ven emlegetett \u00f6sszecsukhat\u00f3 modellt is. <\/p>\t\t\t\t\t\t\t\t<\/div>\n\t\t\t\t<\/div>\n\t\t\t\t\t<\/details>\n\t\t\t\t\t\t<details id=\"e-n-accordion-item-2661\" class=\"e-n-accordion-item\" >\n\t\t\t\t<summary class=\"e-n-accordion-item-title\" data-accordion-index=\"2\" tabindex=\"-1\" aria-expanded=\"false\" aria-controls=\"e-n-accordion-item-2661\" >\n\t\t\t\t\t<span class='e-n-accordion-item-title-header'><div class=\"e-n-accordion-item-title-text\"> Mikor jelenik meg az iPhone Ultra? <\/div><\/span>\n\t\t\t\t\t\t\t<span class='e-n-accordion-item-title-icon'>\n\t\t\t<span class='e-opened' ><svg xmlns=\"http:\/\/www.w3.org\/2000\/svg\" width=\"12\" height=\"8\" viewBox=\"0 0 12 8\" fill=\"none\"><path d=\"M6 0.000391054L12 6.00039L10.6 7.40039L6 2.80039L1.4 7.40039L-1.22392e-07 6.00039L6 0.000391054Z\" fill=\"#292D33\"><\/path><\/svg><\/span>\n\t\t\t<span class='e-closed'><svg xmlns=\"http:\/\/www.w3.org\/2000\/svg\" width=\"12\" height=\"8\" viewBox=\"0 0 12 8\" fill=\"none\"><path d=\"M6 7.4L0 1.4L1.4 0L6 4.6L10.6 0L12 1.4L6 7.4Z\" fill=\"#292D33\"><\/path><\/svg><\/span>\n\t\t<\/span>\n\n\t\t\t\t\t\t<\/summary>\n\t\t\t\t<div role=\"region\" aria-labelledby=\"e-n-accordion-item-2661\" class=\"elementor-element elementor-element-928de8b e-con-full e-flex e-con e-child\" data-id=\"928de8b\" data-element_type=\"container\">\n\t\t\t\t<div class=\"elementor-element elementor-element-f20c0b9 elementor-widget elementor-widget-text-editor\" data-id=\"f20c0b9\" data-element_type=\"widget\" data-widget_type=\"text-editor.default\">\n\t\t\t\t\t\t\t\t\t<p>Az iPhone Ultra bemutat\u00f3j\u00e1t 2026. szeptember 9-re tervezik. Ez lesz az Apple t\u00f6rt\u00e9net\u00e9nek els\u0151 \u00f6sszecsukhat\u00f3 iPhone-ja, amely egy nagy bels\u0151 k\u00e9perny\u0151vel \u00e9s egy kieg\u00e9sz\u00edt\u0151 k\u00fcls\u0151 kijelz\u0151vel lesz felszerelve. Az \u201eiPhone Ultra\u201d nevet \u00e9s a k\u00e9sz\u00fcl\u00e9k r\u00e9szletes m\u0171szaki adatait az Apple m\u00e9g nem er\u0151s\u00edtette meg hivatalosan.  <\/p>\t\t\t\t\t\t\t\t<\/div>\n\t\t\t\t<\/div>\n\t\t\t\t\t<\/details>\n\t\t\t\t\t\t<details id=\"e-n-accordion-item-2662\" class=\"e-n-accordion-item\" >\n\t\t\t\t<summary class=\"e-n-accordion-item-title\" data-accordion-index=\"3\" tabindex=\"-1\" aria-expanded=\"false\" aria-controls=\"e-n-accordion-item-2662\" >\n\t\t\t\t\t<span class='e-n-accordion-item-title-header'><div class=\"e-n-accordion-item-title-text\"> Mennyibe fog ker\u00fclni az iPhone 18 Pro Lengyelorsz\u00e1gban? <\/div><\/span>\n\t\t\t\t\t\t\t<span class='e-n-accordion-item-title-icon'>\n\t\t\t<span class='e-opened' ><svg xmlns=\"http:\/\/www.w3.org\/2000\/svg\" width=\"12\" height=\"8\" viewBox=\"0 0 12 8\" fill=\"none\"><path d=\"M6 0.000391054L12 6.00039L10.6 7.40039L6 2.80039L1.4 7.40039L-1.22392e-07 6.00039L6 0.000391054Z\" fill=\"#292D33\"><\/path><\/svg><\/span>\n\t\t\t<span class='e-closed'><svg xmlns=\"http:\/\/www.w3.org\/2000\/svg\" width=\"12\" height=\"8\" viewBox=\"0 0 12 8\" fill=\"none\"><path d=\"M6 7.4L0 1.4L1.4 0L6 4.6L10.6 0L12 1.4L6 7.4Z\" fill=\"#292D33\"><\/path><\/svg><\/span>\n\t\t<\/span>\n\n\t\t\t\t\t\t<\/summary>\n\t\t\t\t<div role=\"region\" aria-labelledby=\"e-n-accordion-item-2662\" class=\"elementor-element elementor-element-31e1bbd e-con-full e-flex e-con e-child\" data-id=\"31e1bbd\" data-element_type=\"container\">\n\t\t\t\t<div class=\"elementor-element elementor-element-d2f0c95 elementor-widget elementor-widget-text-editor\" data-id=\"d2f0c95\" data-element_type=\"widget\" data-widget_type=\"text-editor.default\">\n\t\t\t\t\t\t\t\t\t<p>Az iPhone 18 Pro v\u00e1rhat\u00f3 \u00e1ra Lengyelorsz\u00e1gban k\u00f6r\u00fclbel\u00fcl 6000 z\u0142, m\u00edg az iPhone 18 Pro Max \u00e1ra k\u00f6r\u00fclbel\u00fcl 8000 z\u0142 lehet. Ezek becs\u00fclt bevezet\u00e9si \u00e1rak \u2013 az Apple hivatalos \u00e1rlist\u00e1j\u00e1t csak a bemutat\u00f3 ut\u00e1n fogjuk megismerni. <\/p>\t\t\t\t\t\t\t\t<\/div>\n\t\t\t\t<\/div>\n\t\t\t\t\t<\/details>\n\t\t\t\t\t\t<details id=\"e-n-accordion-item-2663\" class=\"e-n-accordion-item\" >\n\t\t\t\t<summary class=\"e-n-accordion-item-title\" data-accordion-index=\"4\" tabindex=\"-1\" aria-expanded=\"false\" aria-controls=\"e-n-accordion-item-2663\" >\n\t\t\t\t\t<span class='e-n-accordion-item-title-header'><div class=\"e-n-accordion-item-title-text\"> Milyen tov\u00e1bbi Apple-k\u00e9sz\u00fcl\u00e9keket mutatnak be szeptember 9-\u00e9n? <\/div><\/span>\n\t\t\t\t\t\t\t<span class='e-n-accordion-item-title-icon'>\n\t\t\t<span class='e-opened' ><svg xmlns=\"http:\/\/www.w3.org\/2000\/svg\" width=\"12\" height=\"8\" viewBox=\"0 0 12 8\" fill=\"none\"><path d=\"M6 0.000391054L12 6.00039L10.6 7.40039L6 2.80039L1.4 7.40039L-1.22392e-07 6.00039L6 0.000391054Z\" fill=\"#292D33\"><\/path><\/svg><\/span>\n\t\t\t<span class='e-closed'><svg xmlns=\"http:\/\/www.w3.org\/2000\/svg\" width=\"12\" height=\"8\" viewBox=\"0 0 12 8\" fill=\"none\"><path d=\"M6 7.4L0 1.4L1.4 0L6 4.6L10.6 0L12 1.4L6 7.4Z\" fill=\"#292D33\"><\/path><\/svg><\/span>\n\t\t<\/span>\n\n\t\t\t\t\t\t<\/summary>\n\t\t\t\t<div role=\"region\" aria-labelledby=\"e-n-accordion-item-2663\" class=\"elementor-element elementor-element-e054d63 e-flex e-con-boxed e-con e-child\" data-id=\"e054d63\" data-element_type=\"container\">\n\t\t\t\t\t<div class=\"e-con-inner\">\n\t\t\t\t<div class=\"elementor-element elementor-element-84f073b elementor-widget elementor-widget-text-editor\" data-id=\"84f073b\" data-element_type=\"widget\" data-widget_type=\"text-editor.default\">\n\t\t\t\t\t\t\t\t\t<p>A szeptemberi rendezv\u00e9nyen az \u00faj iPhone-ok mellett v\u00e1rhat\u00f3an bemutatj\u00e1k az Apple Watch Series 12-t, az Apple Watch Ultra 4-et \u00e9s az \u00faj AirPods-okat is. A term\u00e9kek pontos list\u00e1j\u00e1t az Apple a bemutat\u00f3 sor\u00e1n fogja meger\u0151s\u00edteni. <\/p>\t\t\t\t\t\t\t\t<\/div>\n\t\t\t\t\t<\/div>\n\t\t\t\t<\/div>\n\t\t\t\t\t<\/details>\n\t\t\t\t\t<\/div>\n\t\t\t\t\t<script type=\"application\/ld+json\">{\"@context\":\"https:\\\/\\\/schema.org\",\"@type\":\"FAQPage\",\"mainEntity\":[{\"@type\":\"Question\",\"name\":\"Mikor lesz az iPhone 18 Pro hivatalos bemutat\\u00f3ja?\",\"acceptedAnswer\":{\"@type\":\"Answer\",\"text\":\"Az iPhone 18 Pro hivatalos bemutat\\u00f3ja 2026. szeptember 9-\\u00e9n, lengyel id\\u0151 szerint 19:00-kor ker\\u00fcl sor. Az esem\\u00e9nyen az Apple v\\u00e1rhat\\u00f3an bemutatja az iPhone 18 Pro Max-ot \\u00e9s az iPhone Ultra n\\u00e9ven emlegetett \\u00f6sszecsukhat\\u00f3 modellt is.\"}},{\"@type\":\"Question\",\"name\":\"Mikor jelenik meg az iPhone Ultra?\",\"acceptedAnswer\":{\"@type\":\"Answer\",\"text\":\"Az iPhone Ultra bemutat\\u00f3j\\u00e1t 2026. szeptember 9-re tervezik. Ez lesz az Apple t\\u00f6rt\\u00e9net\\u00e9nek els\\u0151 \\u00f6sszecsukhat\\u00f3 iPhone-ja, amely egy nagy bels\\u0151 k\\u00e9perny\\u0151vel \\u00e9s egy kieg\\u00e9sz\\u00edt\\u0151 k\\u00fcls\\u0151 kijelz\\u0151vel lesz felszerelve. Az \\u201eiPhone Ultra\\u201d nevet \\u00e9s a k\\u00e9sz\\u00fcl\\u00e9k r\\u00e9szletes m\\u0171szaki adatait az Apple m\\u00e9g nem er\\u0151s\\u00edtette meg hivatalosan.\"}},{\"@type\":\"Question\",\"name\":\"Mennyibe fog ker\\u00fclni az iPhone 18 Pro Lengyelorsz\\u00e1gban?\",\"acceptedAnswer\":{\"@type\":\"Answer\",\"text\":\"Az iPhone 18 Pro v\\u00e1rhat\\u00f3 \\u00e1ra Lengyelorsz\\u00e1gban k\\u00f6r\\u00fclbel\\u00fcl 6000 z\\u0142, m\\u00edg az iPhone 18 Pro Max \\u00e1ra k\\u00f6r\\u00fclbel\\u00fcl 8000 z\\u0142 lehet. Ezek becs\\u00fclt bevezet\\u00e9si \\u00e1rak \\u2013 az Apple hivatalos \\u00e1rlist\\u00e1j\\u00e1t csak a bemutat\\u00f3 ut\\u00e1n fogjuk megismerni.\"}},{\"@type\":\"Question\",\"name\":\"Milyen tov\\u00e1bbi Apple-k\\u00e9sz\\u00fcl\\u00e9keket mutatnak be szeptember 9-\\u00e9n?\",\"acceptedAnswer\":{\"@type\":\"Answer\",\"text\":\"A szeptemberi rendezv\\u00e9nyen az \\u00faj iPhone-ok mellett v\\u00e1rhat\\u00f3an bemutatj\\u00e1k az Apple Watch Series 12-t, az Apple Watch Ultra 4-et \\u00e9s az \\u00faj AirPods-okat is. A term\\u00e9kek pontos list\\u00e1j\\u00e1t az Apple a bemutat\\u00f3 sor\\u00e1n fogja meger\\u0151s\\u00edteni.\"}}]}<\/script>\n\t\t\t\t\t\t\t<\/div>\n\t\t\t\t<\/div>\n\t\t<div class=\"elementor-element elementor-element-3ced5f1 e-con-full elementor-hidden-tablet elementor-hidden-mobile e-flex e-con e-child\" data-id=\"3ced5f1\" data-element_type=\"container\" data-settings=\"{&quot;background_background&quot;:&quot;classic&quot;}\">\n\t\t<div class=\"elementor-element elementor-element-3771c2c e-con-full e-flex e-con e-child\" data-id=\"3771c2c\" data-element_type=\"container\">\n\t\t\t\t<div class=\"elementor-element elementor-element-1abce59 elementor-absolute elementor-widget elementor-widget-image\" data-id=\"1abce59\" data-element_type=\"widget\" data-settings=\"{&quot;_position&quot;:&quot;absolute&quot;}\" data-widget_type=\"image.default\">\n\t\t\t\t\t\t\t\t\t\t\t\t\t\t\t<img loading=\"lazy\" decoding=\"async\" width=\"196\" height=\"143\" src=\"https:\/\/swopify.com\/blog\/wp-content\/uploads\/2025\/07\/Vector-6.svg\" class=\"attachment-large size-large wp-image-5513\" alt=\"\" \/>\t\t\t\t\t\t\t\t\t\t\t\t\t\t\t<\/div>\n\t\t\t\t<div class=\"elementor-element elementor-element-3adc862 elementor-absolute elementor-widget elementor-widget-image\" data-id=\"3adc862\" data-element_type=\"widget\" data-settings=\"{&quot;_position&quot;:&quot;absolute&quot;}\" data-widget_type=\"image.default\">\n\t\t\t\t\t\t\t\t\t\t\t\t\t\t\t<img loading=\"lazy\" decoding=\"async\" width=\"196\" height=\"143\" src=\"https:\/\/swopify.com\/blog\/wp-content\/uploads\/2025\/07\/Vector-6.svg\" class=\"attachment-large size-large wp-image-5513\" alt=\"\" \/>\t\t\t\t\t\t\t\t\t\t\t\t\t\t\t<\/div>\n\t\t\t\t<div class=\"elementor-element elementor-element-7ffb0e8 elementor-absolute elementor-widget elementor-widget-image\" data-id=\"7ffb0e8\" data-element_type=\"widget\" data-settings=\"{&quot;_position&quot;:&quot;absolute&quot;}\" data-widget_type=\"image.default\">\n\t\t\t\t\t\t\t\t\t\t\t\t\t\t\t<img loading=\"lazy\" decoding=\"async\" width=\"53\" height=\"50\" src=\"https:\/\/swopify.com\/blog\/wp-content\/uploads\/2025\/07\/Vector-7.svg\" class=\"attachment-large size-large wp-image-5514\" alt=\"\" \/>\t\t\t\t\t\t\t\t\t\t\t\t\t\t\t<\/div>\n\t\t\t\t<div class=\"elementor-element elementor-element-f0dc3a5 elementor-widget elementor-widget-image\" data-id=\"f0dc3a5\" data-element_type=\"widget\" data-widget_type=\"image.default\">\n\t\t\t\t\t\t\t\t\t\t\t\t\t\t\t<img loading=\"lazy\" decoding=\"async\" width=\"685\" height=\"676\" src=\"https:\/\/swopify.com\/blog\/wp-content\/uploads\/2025\/08\/bartek_zdj.jpg\" class=\"attachment-large size-large wp-image-5515\" alt=\"\" srcset=\"https:\/\/swopify.com\/blog\/wp-content\/uploads\/2025\/08\/bartek_zdj.jpg 685w, https:\/\/swopify.com\/blog\/wp-content\/uploads\/2025\/08\/bartek_zdj-300x296.jpg 300w\" sizes=\"(max-width: 685px) 100vw, 685px\" \/>\t\t\t\t\t\t\t\t\t\t\t\t\t\t\t<\/div>\n\t\t\t\t<\/div>\n\t\t<div class=\"elementor-element elementor-element-c7fa709 e-con-full e-flex e-con e-child\" data-id=\"c7fa709\" data-element_type=\"container\">\n\t\t<div class=\"elementor-element elementor-element-7fd3302 e-con-full e-flex e-con e-child\" data-id=\"7fd3302\" data-element_type=\"container\">\n\t\t\t\t<div class=\"elementor-element elementor-element-9a3f2b5 elementor-widget elementor-widget-text-editor\" data-id=\"9a3f2b5\" data-element_type=\"widget\" data-widget_type=\"text-editor.default\">\n\t\t\t\t\t\t\t\t\t<p>A SZERZ\u0150R\u0150L:<\/p>\t\t\t\t\t\t\t\t<\/div>\n\t\t\t\t<div class=\"elementor-element elementor-element-e6c5546 elementor-widget elementor-widget-text-editor\" data-id=\"e6c5546\" data-element_type=\"widget\" data-widget_type=\"text-editor.default\">\n\t\t\t\t\t\t\t\t\tBartek Zebrowski\t\t\t\t\t\t\t\t<\/div>\n\t\t\t\t<div class=\"elementor-element elementor-element-d6fc869 elementor-widget elementor-widget-text-editor\" data-id=\"d6fc869\" data-element_type=\"widget\" data-widget_type=\"text-editor.default\">\n\t\t\t\t\t\t\t\t\tCEO &amp; Founder SWOPiFY\t\t\t\t\t\t\t\t<\/div>\n\t\t\t\t<div class=\"elementor-element elementor-element-0f28a07 elementor-widget elementor-widget-text-editor\" data-id=\"0f28a07\" data-element_type=\"widget\" data-widget_type=\"text-editor.default\">\n\t\t\t\t\t\t\t\t\t<p>Szenved\u00e9lyesen rajongok a fel\u00faj\u00edtott elektronik\u00e1\u00e9rt &#8211; megmutatom, hogy nagyszer\u0171 felszerel\u00e9ssel rendelkezhetsz an\u00e9lk\u00fcl, hogy t\u00falfizetn\u00e9l, \u00e9s an\u00e9lk\u00fcl, hogy m\u00e9g t\u00f6bb elektroszemetet adn\u00e1l hozz\u00e1. A blogon megosztom tud\u00e1somat \u00e9s tapasztalataimat, hogy okosabb \u00e9s t\u00e1j\u00e9kozottabb technol\u00f3giai d\u00f6nt\u00e9sekre \u00f6szt\u00f6n\u00f6zzek. <\/p>\t\t\t\t\t\t\t\t<\/div>\n\t\t\t\t<\/div>\n\t\t\t\t<\/div>\n\t\t\t\t<\/div>\n\t\t<div class=\"elementor-element elementor-element-aaf9d0f e-con-full elementor-hidden-desktop e-flex e-con e-child\" data-id=\"aaf9d0f\" data-element_type=\"container\" data-settings=\"{&quot;background_background&quot;:&quot;classic&quot;}\">\n\t\t<div class=\"elementor-element elementor-element-a92490e e-con-full e-flex e-con e-child\" data-id=\"a92490e\" data-element_type=\"container\">\n\t\t\t\t<div class=\"elementor-element elementor-element-9ccff93 elementor-absolute elementor-widget elementor-widget-image\" data-id=\"9ccff93\" data-element_type=\"widget\" data-settings=\"{&quot;_position&quot;:&quot;absolute&quot;}\" data-widget_type=\"image.default\">\n\t\t\t\t\t\t\t\t\t\t\t\t\t\t\t<img loading=\"lazy\" decoding=\"async\" width=\"196\" height=\"143\" src=\"https:\/\/swopify.com\/blog\/wp-content\/uploads\/2025\/07\/Vector-6.svg\" class=\"attachment-large size-large wp-image-5513\" alt=\"\" \/>\t\t\t\t\t\t\t\t\t\t\t\t\t\t\t<\/div>\n\t\t\t\t<div class=\"elementor-element elementor-element-4f6644f elementor-absolute elementor-widget elementor-widget-image\" data-id=\"4f6644f\" data-element_type=\"widget\" data-settings=\"{&quot;_position&quot;:&quot;absolute&quot;}\" data-widget_type=\"image.default\">\n\t\t\t\t\t\t\t\t\t\t\t\t\t\t\t<img loading=\"lazy\" decoding=\"async\" width=\"196\" height=\"143\" src=\"https:\/\/swopify.com\/blog\/wp-content\/uploads\/2025\/07\/Vector-6.svg\" class=\"attachment-large size-large wp-image-5513\" alt=\"\" \/>\t\t\t\t\t\t\t\t\t\t\t\t\t\t\t<\/div>\n\t\t\t\t<div class=\"elementor-element elementor-element-9545908 elementor-absolute elementor-widget elementor-widget-image\" data-id=\"9545908\" data-element_type=\"widget\" data-settings=\"{&quot;_position&quot;:&quot;absolute&quot;}\" data-widget_type=\"image.default\">\n\t\t\t\t\t\t\t\t\t\t\t\t\t\t\t<img loading=\"lazy\" decoding=\"async\" width=\"53\" height=\"50\" src=\"https:\/\/swopify.com\/blog\/wp-content\/uploads\/2025\/07\/Vector-7.svg\" class=\"attachment-large size-large wp-image-5514\" alt=\"\" \/>\t\t\t\t\t\t\t\t\t\t\t\t\t\t\t<\/div>\n\t\t\t\t<div class=\"elementor-element elementor-element-40a2eb3 elementor-widget elementor-widget-image\" data-id=\"40a2eb3\" data-element_type=\"widget\" data-widget_type=\"image.default\">\n\t\t\t\t\t\t\t\t\t\t\t\t\t\t\t<img decoding=\"async\" src=\"https:\/\/secure.gravatar.com\/avatar\/1bd8afa4c1d6b4939151f7e8748c2d999db5bdeacaabc395e986297505ee7b4d?s=96&#038;d=mm&#038;r=g\" title=\"\" alt=\"\" loading=\"lazy\" \/>\t\t\t\t\t\t\t\t\t\t\t\t\t\t\t<\/div>\n\t\t\t\t<\/div>\n\t\t<div class=\"elementor-element elementor-element-d8018c1 e-con-full e-flex e-con e-child\" data-id=\"d8018c1\" data-element_type=\"container\">\n\t\t<div class=\"elementor-element elementor-element-4a0487a e-con-full e-flex e-con e-child\" data-id=\"4a0487a\" data-element_type=\"container\">\n\t\t\t\t<div class=\"elementor-element elementor-element-bd13085 elementor-widget elementor-widget-text-editor\" data-id=\"bd13085\" data-element_type=\"widget\" data-widget_type=\"text-editor.default\">\n\t\t\t\t\t\t\t\t\t<p>A SZERZ\u0150R\u0150L:<\/p>\t\t\t\t\t\t\t\t<\/div>\n\t\t\t\t<div class=\"elementor-element elementor-element-a8f264b elementor-widget elementor-widget-text-editor\" data-id=\"a8f264b\" data-element_type=\"widget\" data-widget_type=\"text-editor.default\">\n\t\t\t\t\t\t\t\t\tBartek Zebrowski\t\t\t\t\t\t\t\t<\/div>\n\t\t\t\t<div class=\"elementor-element elementor-element-26e3be6 elementor-widget elementor-widget-text-editor\" data-id=\"26e3be6\" data-element_type=\"widget\" data-widget_type=\"text-editor.default\">\n\t\t\t\t\t\t\t\t\tCEO &amp; Founder SWOPiFY\t\t\t\t\t\t\t\t<\/div>\n\t\t\t\t<div class=\"elementor-element elementor-element-cd82148 elementor-widget elementor-widget-text-editor\" data-id=\"cd82148\" data-element_type=\"widget\" data-widget_type=\"text-editor.default\">\n\t\t\t\t\t\t\t\t\t<p>Szenved\u00e9lyesen rajongok a fel\u00faj\u00edtott elektronik\u00e1\u00e9rt &#8211; megmutatom, hogy nagyszer\u0171 felszerel\u00e9ssel rendelkezhetsz an\u00e9lk\u00fcl, hogy t\u00falfizetn\u00e9l, \u00e9s an\u00e9lk\u00fcl, hogy m\u00e9g t\u00f6bb elektroszemetet adn\u00e1l hozz\u00e1. A blogon megosztom tud\u00e1somat \u00e9s tapasztalataimat, hogy okosabb \u00e9s t\u00e1j\u00e9kozottabb technol\u00f3giai d\u00f6nt\u00e9sekre \u00f6szt\u00f6n\u00f6zzek. <\/p>\t\t\t\t\t\t\t\t<\/div>\n\t\t\t\t<\/div>\n\t\t\t\t<\/div>\n\t\t\t\t<\/div>\n\t\t\t\t<\/div>\n\t\t<div class=\"elementor-element elementor-element-50dccb7 e-con-full e-flex e-con e-child\" data-id=\"50dccb7\" data-element_type=\"container\" data-settings=\"{&quot;sticky&quot;:&quot;top&quot;,&quot;sticky_offset&quot;:150,&quot;sticky_parent&quot;:&quot;yes&quot;,&quot;sticky_on&quot;:[&quot;desktop&quot;],&quot;sticky_effects_offset&quot;:0,&quot;sticky_anchor_link_offset&quot;:0}\">\n\t\t<div class=\"elementor-element elementor-element-225abc7 e-con-full e-flex e-con e-child\" data-id=\"225abc7\" data-element_type=\"container\" data-settings=\"{&quot;background_background&quot;:&quot;classic&quot;}\">\n\t\t\t\t<div class=\"elementor-element elementor-element-fd93494 elementor-absolute elementor-widget elementor-widget-image\" data-id=\"fd93494\" data-element_type=\"widget\" data-settings=\"{&quot;_position&quot;:&quot;absolute&quot;}\" data-widget_type=\"image.default\">\n\t\t\t\t\t\t\t\t\t\t\t\t\t\t\t<img loading=\"lazy\" decoding=\"async\" width=\"257\" height=\"226\" src=\"https:\/\/swopify.com\/blog\/wp-content\/uploads\/2025\/07\/Vector-2.svg\" class=\"attachment-large size-large wp-image-5517\" alt=\"\" \/>\t\t\t\t\t\t\t\t\t\t\t\t\t\t\t<\/div>\n\t\t\t\t<div class=\"elementor-element elementor-element-8b1898e elementor-absolute elementor-widget elementor-widget-image\" data-id=\"8b1898e\" data-element_type=\"widget\" data-settings=\"{&quot;_position&quot;:&quot;absolute&quot;}\" data-widget_type=\"image.default\">\n\t\t\t\t\t\t\t\t\t\t\t\t\t\t\t<img loading=\"lazy\" decoding=\"async\" width=\"258\" height=\"195\" src=\"https:\/\/swopify.com\/blog\/wp-content\/uploads\/2025\/07\/Vector-3.svg\" class=\"attachment-large size-large wp-image-5518\" alt=\"\" \/>\t\t\t\t\t\t\t\t\t\t\t\t\t\t\t<\/div>\n\t\t\t\t<div class=\"elementor-element elementor-element-92ef408 custom-table-of-content elementor-widget elementor-widget-table-of-contents\" data-id=\"92ef408\" data-element_type=\"widget\" data-settings=\"{&quot;headings_by_tags&quot;:[&quot;h2&quot;],&quot;exclude_headings_by_selector&quot;:&quot;.latest-post-section&quot;,&quot;marker_view&quot;:&quot;bullets&quot;,&quot;icon&quot;:{&quot;value&quot;:&quot;&quot;,&quot;library&quot;:&quot;&quot;},&quot;no_headings_message&quot;:&quot;No headings were found on this page.&quot;,&quot;hierarchical_view&quot;:&quot;yes&quot;,&quot;min_height&quot;:{&quot;unit&quot;:&quot;px&quot;,&quot;size&quot;:&quot;&quot;,&quot;sizes&quot;:[]},&quot;min_height_tablet&quot;:{&quot;unit&quot;:&quot;px&quot;,&quot;size&quot;:&quot;&quot;,&quot;sizes&quot;:[]},&quot;min_height_mobile&quot;:{&quot;unit&quot;:&quot;px&quot;,&quot;size&quot;:&quot;&quot;,&quot;sizes&quot;:[]}}\" data-widget_type=\"table-of-contents.default\">\n\t\t\t\t\t\t\t\t\t<div class=\"elementor-toc__header\">\n\t\t\t\t\t\t<div class=\"elementor-toc__header-title\">\n\t\t\t\tTartalomjegyz\u00e9k:\t\t\t<\/div>\n\t\t\t\t\t\t\t\t<\/div>\n\t\t\t\t<div id=\"elementor-toc__92ef408\" class=\"elementor-toc__body\">\n\t\t\t<div class=\"elementor-toc__spinner-container\">\n\t\t\t\t<svg class=\"elementor-toc__spinner eicon-animation-spin e-font-icon-svg e-eicon-loading\" aria-hidden=\"true\" viewBox=\"0 0 1000 1000\" xmlns=\"http:\/\/www.w3.org\/2000\/svg\"><path d=\"M500 975V858C696 858 858 696 858 500S696 142 500 142 142 304 142 500H25C25 237 238 25 500 25S975 237 975 500 763 975 500 975Z\"><\/path><\/svg>\t\t\t<\/div>\n\t\t<\/div>\n\t\t\t\t\t\t<\/div>\n\t\t\t\t<\/div>\n\t\t\t\t<div class=\"elementor-element elementor-element-b48d790 button-with-arrow-right elementor-align-right elementor-hidden-tablet elementor-hidden-mobile elementor-widget elementor-widget-button\" data-id=\"b48d790\" data-element_type=\"widget\" data-widget_type=\"button.default\">\n\t\t\t\t\t\t\t\t\t\t<a class=\"elementor-button elementor-button-link elementor-size-sm\" href=\"#\">\n\t\t\t\t\t\t<span class=\"elementor-button-content-wrapper\">\n\t\t\t\t\t\t<span class=\"elementor-button-icon\">\n\t\t\t\t<svg xmlns=\"http:\/\/www.w3.org\/2000\/svg\" width=\"24\" height=\"24\" viewBox=\"0 0 24 24\" fill=\"none\"><mask id=\"mask0_137_1085\" style=\"mask-type:alpha\" maskUnits=\"userSpaceOnUse\" x=\"0\" y=\"0\" width=\"24\" height=\"24\"><rect width=\"24\" height=\"24\" fill=\"#D9D9D9\"><\/rect><\/mask><g mask=\"url(#mask0_137_1085)\"><path d=\"M5.4 20L4 18.6L15.6 7H9V5H19V15H17V8.4L5.4 20Z\" fill=\"white\"><\/path><\/g><\/svg>\t\t\t<\/span>\n\t\t\t\t\t\t\t\t\t<span class=\"elementor-button-text\">Vissza az \u00e1ruh\u00e1zba<\/span>\n\t\t\t\t\t<\/span>\n\t\t\t\t\t<\/a>\n\t\t\t\t\t\t\t\t<\/div>\n\t\t\t\t<\/div>\n\t\t\t\t\t<\/div>\n\t\t\t\t<\/div>\n\t\t<div class=\"elementor-element elementor-element-b1e8d29 e-flex e-con-boxed e-con e-parent\" data-id=\"b1e8d29\" data-element_type=\"container\" data-settings=\"{&quot;background_background&quot;:&quot;classic&quot;}\">\n\t\t\t\t\t<div class=\"e-con-inner\">\n\t\t<div class=\"elementor-element elementor-element-cf40465 e-con-full elementor-hidden-desktop e-flex e-con e-child\" data-id=\"cf40465\" data-element_type=\"container\">\n\t\t<div class=\"elementor-element elementor-element-ea337e9 e-con-full e-flex e-con e-child\" data-id=\"ea337e9\" data-element_type=\"container\" data-settings=\"{&quot;background_background&quot;:&quot;classic&quot;,&quot;sticky&quot;:&quot;bottom&quot;,&quot;sticky_on&quot;:[&quot;tablet&quot;,&quot;mobile&quot;],&quot;sticky_offset_tablet&quot;:10,&quot;animation_tablet&quot;:&quot;none&quot;,&quot;sticky_offset&quot;:0,&quot;sticky_effects_offset&quot;:0,&quot;sticky_anchor_link_offset&quot;:0}\">\n\t\t\t\t<div class=\"elementor-element elementor-element-23c35b8 button-with-arrow-left elementor-align-right elementor-mobile-align-justify elementor-widget-mobile__width-auto elementor-widget elementor-widget-button\" data-id=\"23c35b8\" data-element_type=\"widget\" data-widget_type=\"button.default\">\n\t\t\t\t\t\t\t\t\t\t<a class=\"elementor-button elementor-button-link elementor-size-sm\" href=\"#spis-tresci\">\n\t\t\t\t\t\t<span class=\"elementor-button-content-wrapper\">\n\t\t\t\t\t\t<span class=\"elementor-button-icon\">\n\t\t\t\t<svg xmlns=\"http:\/\/www.w3.org\/2000\/svg\" width=\"24\" height=\"24\" viewBox=\"0 0 24 24\" fill=\"none\"><rect width=\"24\" height=\"24\" rx=\"12\" fill=\"#9A23FB\"><\/rect><path d=\"M7 15H17\" stroke=\"white\" stroke-width=\"2\" stroke-linecap=\"round\"><\/path><path d=\"M7 12H17\" stroke=\"white\" stroke-width=\"2\" stroke-linecap=\"round\"><\/path><path d=\"M7 9H17\" stroke=\"white\" stroke-width=\"2\" stroke-linecap=\"round\"><\/path><\/svg>\t\t\t<\/span>\n\t\t\t\t\t\t\t\t\t<span class=\"elementor-button-text\">Tartalomjegyz\u00e9k<\/span>\n\t\t\t\t\t<\/span>\n\t\t\t\t\t<\/a>\n\t\t\t\t\t\t\t\t<\/div>\n\t\t\t\t<div class=\"elementor-element elementor-element-99dfb18 button-with-arrow-right elementor-align-right elementor-widget-mobile__width-auto elementor-widget elementor-widget-button\" data-id=\"99dfb18\" data-element_type=\"widget\" data-widget_type=\"button.default\">\n\t\t\t\t\t\t\t\t\t\t<a class=\"elementor-button elementor-button-link elementor-size-sm\" href=\"#\">\n\t\t\t\t\t\t<span class=\"elementor-button-content-wrapper\">\n\t\t\t\t\t\t<span class=\"elementor-button-icon\">\n\t\t\t\t<svg xmlns=\"http:\/\/www.w3.org\/2000\/svg\" width=\"24\" height=\"24\" viewBox=\"0 0 24 24\" fill=\"none\"><mask id=\"mask0_137_1085\" style=\"mask-type:alpha\" maskUnits=\"userSpaceOnUse\" x=\"0\" y=\"0\" width=\"24\" height=\"24\"><rect width=\"24\" height=\"24\" fill=\"#D9D9D9\"><\/rect><\/mask><g mask=\"url(#mask0_137_1085)\"><path d=\"M5.4 20L4 18.6L15.6 7H9V5H19V15H17V8.4L5.4 20Z\" fill=\"white\"><\/path><\/g><\/svg>\t\t\t<\/span>\n\t\t\t\t\t\t\t\t\t<span class=\"elementor-button-text\">Vissza az \u00e1ruh\u00e1zba<\/span>\n\t\t\t\t\t<\/span>\n\t\t\t\t\t<\/a>\n\t\t\t\t\t\t\t\t<\/div>\n\t\t\t\t<\/div>\n\t\t\t\t<\/div>\n\t\t\t\t\t<\/div>\n\t\t\t\t<\/div>\n\t\t<div class=\"elementor-element elementor-element-677958b e-grid e-con-boxed e-con e-parent\" data-id=\"677958b\" data-element_type=\"container\">\n\t\t\t\t\t<div class=\"e-con-inner\">\n\t\t\t\t\t<\/div>\n\t\t\t\t<\/div>\n\t\t\t\t<\/div>\n\t\t","protected":false},"excerpt":{"rendered":"<p>Mi \u00fajs\u00e1g?<\/p>\n","protected":false},"author":3,"featured_media":8132,"comment_status":"closed","ping_status":"open","sticky":false,"template":"elementor_header_footer","format":"standard","meta":{"_acf_changed":false,"footnotes":""},"categories":[160],"tags":[],"class_list":["post-8129","post","type-post","status-publish","format-standard","has-post-thumbnail","hentry","category-hirek"],"acf":[],"yoast_head":"<!-- This site is optimized with the Yoast SEO plugin v26.2 - https:\/\/yoast.com\/wordpress\/plugins\/seo\/ -->\n<title>Az iPhone 18 Pro \u00e9s az iPhone Ultra hivatalos bemutat\u00f3ja a 2026. szeptember 9-i konferenci\u00e1n | SWOPiFY<\/title>\n<meta name=\"description\" content=\"Az iPhone 18 Pro \u00e9s az iPhone Ultra bemutat\u00f3ja 2026. szeptember 9-\u00e9n lesz. N\u00e9zd meg az \u00e1rakat, a m\u0171szaki adatokat \u00e9s az Apple t\u00f6bbi \u00fajdons\u00e1g\u00e1t!\" \/>\n<meta name=\"robots\" content=\"index, follow, max-snippet:-1, max-image-preview:large, max-video-preview:-1\" \/>\n<link rel=\"canonical\" href=\"https:\/\/swopify.com\/blog\/hu\/az-iphone-18-pro-es-az-iphone-ultra-hivatalos-bemutatoja-2026-szeptember-9-en-lesz\/\" \/>\n<meta property=\"og:locale\" content=\"hu_HU\" \/>\n<meta property=\"og:type\" content=\"article\" \/>\n<meta property=\"og:title\" content=\"Az iPhone 18 Pro \u00e9s az iPhone Ultra hivatalos bemutat\u00f3ja a 2026. szeptember 9-i konferenci\u00e1n | SWOPiFY\" \/>\n<meta property=\"og:description\" content=\"Az iPhone 18 Pro \u00e9s az iPhone Ultra bemutat\u00f3ja 2026. szeptember 9-\u00e9n lesz. N\u00e9zd meg az \u00e1rakat, a m\u0171szaki adatokat \u00e9s az Apple t\u00f6bbi \u00fajdons\u00e1g\u00e1t!\" \/>\n<meta property=\"og:url\" content=\"https:\/\/swopify.com\/blog\/hu\/az-iphone-18-pro-es-az-iphone-ultra-hivatalos-bemutatoja-2026-szeptember-9-en-lesz\/\" \/>\n<meta property=\"og:site_name\" content=\"SWOPiFY\" \/>\n<meta property=\"article:publisher\" content=\"https:\/\/www.facebook.com\/swopify.polska\/\" \/>\n<meta property=\"article:published_time\" content=\"2026-08-27T10:32:28+00:00\" \/>\n<meta property=\"article:modified_time\" content=\"2026-09-03T09:51:51+00:00\" \/>\n<meta property=\"og:image\" content=\"https:\/\/swopify.com\/blog\/wp-content\/uploads\/2026\/07\/premiera-iphone-18-pro-i-iphone-ultra.jpg\" \/>\n\t<meta property=\"og:image:width\" content=\"720\" \/>\n\t<meta property=\"og:image:height\" content=\"526\" \/>\n\t<meta property=\"og:image:type\" content=\"image\/jpeg\" \/>\n<meta name=\"author\" content=\"Bartek Zebrowski\" \/>\n<meta name=\"twitter:card\" content=\"summary_large_image\" \/>\n<meta name=\"twitter:label1\" content=\"Written by\" \/>\n\t<meta name=\"twitter:data1\" content=\"Bartek Zebrowski\" \/>\n\t<meta name=\"twitter:label2\" content=\"Est. reading time\" \/>\n\t<meta name=\"twitter:data2\" content=\"11 perc\" \/>\n<script type=\"application\/ld+json\" class=\"yoast-schema-graph\">{\"@context\":\"https:\/\/schema.org\",\"@graph\":[{\"@type\":\"Article\",\"@id\":\"https:\/\/swopify.com\/blog\/hu\/az-iphone-18-pro-es-az-iphone-ultra-hivatalos-bemutatoja-2026-szeptember-9-en-lesz\/#article\",\"isPartOf\":{\"@id\":\"https:\/\/swopify.com\/blog\/hu\/az-iphone-18-pro-es-az-iphone-ultra-hivatalos-bemutatoja-2026-szeptember-9-en-lesz\/\"},\"author\":{\"name\":\"Bartek Zebrowski\",\"@id\":\"https:\/\/swopify.com\/blog\/#\/schema\/person\/33a2572ff16452bda32b9d8ef4080d16\"},\"headline\":\"Az iPhone 18 Pro \u00e9s az iPhone Ultra hivatalos bemutat\u00f3ja 2026. szeptember 9-\u00e9n lesz\",\"datePublished\":\"2026-08-27T10:32:28+00:00\",\"dateModified\":\"2026-09-03T09:51:51+00:00\",\"mainEntityOfPage\":{\"@id\":\"https:\/\/swopify.com\/blog\/hu\/az-iphone-18-pro-es-az-iphone-ultra-hivatalos-bemutatoja-2026-szeptember-9-en-lesz\/\"},\"wordCount\":2193,\"publisher\":{\"@id\":\"https:\/\/swopify.com\/blog\/#organization\"},\"image\":{\"@id\":\"https:\/\/swopify.com\/blog\/hu\/az-iphone-18-pro-es-az-iphone-ultra-hivatalos-bemutatoja-2026-szeptember-9-en-lesz\/#primaryimage\"},\"thumbnailUrl\":\"https:\/\/swopify.com\/blog\/wp-content\/uploads\/2026\/07\/premiera-iphone-18-pro-i-iphone-ultra.jpg\",\"articleSection\":[\"H\u00edrek\"],\"inLanguage\":\"hu\"},{\"@type\":\"WebPage\",\"@id\":\"https:\/\/swopify.com\/blog\/hu\/az-iphone-18-pro-es-az-iphone-ultra-hivatalos-bemutatoja-2026-szeptember-9-en-lesz\/\",\"url\":\"https:\/\/swopify.com\/blog\/hu\/az-iphone-18-pro-es-az-iphone-ultra-hivatalos-bemutatoja-2026-szeptember-9-en-lesz\/\",\"name\":\"Az iPhone 18 Pro \u00e9s az iPhone Ultra hivatalos bemutat\u00f3ja a 2026. szeptember 9-i konferenci\u00e1n | SWOPiFY\",\"isPartOf\":{\"@id\":\"https:\/\/swopify.com\/blog\/#website\"},\"primaryImageOfPage\":{\"@id\":\"https:\/\/swopify.com\/blog\/hu\/az-iphone-18-pro-es-az-iphone-ultra-hivatalos-bemutatoja-2026-szeptember-9-en-lesz\/#primaryimage\"},\"image\":{\"@id\":\"https:\/\/swopify.com\/blog\/hu\/az-iphone-18-pro-es-az-iphone-ultra-hivatalos-bemutatoja-2026-szeptember-9-en-lesz\/#primaryimage\"},\"thumbnailUrl\":\"https:\/\/swopify.com\/blog\/wp-content\/uploads\/2026\/07\/premiera-iphone-18-pro-i-iphone-ultra.jpg\",\"datePublished\":\"2026-08-27T10:32:28+00:00\",\"dateModified\":\"2026-09-03T09:51:51+00:00\",\"description\":\"Az iPhone 18 Pro \u00e9s az iPhone Ultra bemutat\u00f3ja 2026. szeptember 9-\u00e9n lesz. N\u00e9zd meg az \u00e1rakat, a m\u0171szaki adatokat \u00e9s az Apple t\u00f6bbi \u00fajdons\u00e1g\u00e1t!\",\"breadcrumb\":{\"@id\":\"https:\/\/swopify.com\/blog\/hu\/az-iphone-18-pro-es-az-iphone-ultra-hivatalos-bemutatoja-2026-szeptember-9-en-lesz\/#breadcrumb\"},\"inLanguage\":\"hu\",\"potentialAction\":[{\"@type\":\"ReadAction\",\"target\":[\"https:\/\/swopify.com\/blog\/hu\/az-iphone-18-pro-es-az-iphone-ultra-hivatalos-bemutatoja-2026-szeptember-9-en-lesz\/\"]}]},{\"@type\":\"ImageObject\",\"inLanguage\":\"hu\",\"@id\":\"https:\/\/swopify.com\/blog\/hu\/az-iphone-18-pro-es-az-iphone-ultra-hivatalos-bemutatoja-2026-szeptember-9-en-lesz\/#primaryimage\",\"url\":\"https:\/\/swopify.com\/blog\/wp-content\/uploads\/2026\/07\/premiera-iphone-18-pro-i-iphone-ultra.jpg\",\"contentUrl\":\"https:\/\/swopify.com\/blog\/wp-content\/uploads\/2026\/07\/premiera-iphone-18-pro-i-iphone-ultra.jpg\",\"width\":720,\"height\":526,\"caption\":\"az iPhone 18 Pro \u00e9s az iPhone Ultra bemutat\u00f3ja\"},{\"@type\":\"BreadcrumbList\",\"@id\":\"https:\/\/swopify.com\/blog\/hu\/az-iphone-18-pro-es-az-iphone-ultra-hivatalos-bemutatoja-2026-szeptember-9-en-lesz\/#breadcrumb\",\"itemListElement\":[{\"@type\":\"ListItem\",\"position\":1,\"name\":\"Strona g\u0142\u00f3wna\",\"item\":\"https:\/\/swopify.com\/blog\/hu\/\"},{\"@type\":\"ListItem\",\"position\":2,\"name\":\"Az iPhone 18 Pro \u00e9s az iPhone Ultra hivatalos bemutat\u00f3ja 2026. szeptember 9-\u00e9n lesz\"}]},{\"@type\":\"WebSite\",\"@id\":\"https:\/\/swopify.com\/blog\/#website\",\"url\":\"https:\/\/swopify.com\/blog\/\",\"name\":\"SWOPiFY\",\"description\":\"Blog o elektronice refurbished\",\"publisher\":{\"@id\":\"https:\/\/swopify.com\/blog\/#organization\"},\"potentialAction\":[{\"@type\":\"SearchAction\",\"target\":{\"@type\":\"EntryPoint\",\"urlTemplate\":\"https:\/\/swopify.com\/blog\/?s={search_term_string}\"},\"query-input\":{\"@type\":\"PropertyValueSpecification\",\"valueRequired\":true,\"valueName\":\"search_term_string\"}}],\"inLanguage\":\"hu\"},{\"@type\":\"Organization\",\"@id\":\"https:\/\/swopify.com\/blog\/#organization\",\"name\":\"SWOPiFY\",\"url\":\"https:\/\/swopify.com\/blog\/\",\"logo\":{\"@type\":\"ImageObject\",\"inLanguage\":\"hu\",\"@id\":\"https:\/\/swopify.com\/blog\/#\/schema\/logo\/image\/\",\"url\":\"https:\/\/swopify.com\/blog\/wp-content\/uploads\/2025\/10\/swopify-blog-logo.png\",\"contentUrl\":\"https:\/\/swopify.com\/blog\/wp-content\/uploads\/2025\/10\/swopify-blog-logo.png\",\"width\":219,\"height\":33,\"caption\":\"SWOPiFY\"},\"image\":{\"@id\":\"https:\/\/swopify.com\/blog\/#\/schema\/logo\/image\/\"},\"sameAs\":[\"https:\/\/www.facebook.com\/swopify.polska\/\",\"https:\/\/www.instagram.com\/swopify_pl\"]},{\"@type\":\"Person\",\"@id\":\"https:\/\/swopify.com\/blog\/#\/schema\/person\/33a2572ff16452bda32b9d8ef4080d16\",\"name\":\"Bartek Zebrowski\",\"image\":{\"@type\":\"ImageObject\",\"inLanguage\":\"hu\",\"@id\":\"https:\/\/swopify.com\/blog\/#\/schema\/person\/image\/\",\"url\":\"https:\/\/secure.gravatar.com\/avatar\/1bd8afa4c1d6b4939151f7e8748c2d999db5bdeacaabc395e986297505ee7b4d?s=96&d=mm&r=g\",\"contentUrl\":\"https:\/\/secure.gravatar.com\/avatar\/1bd8afa4c1d6b4939151f7e8748c2d999db5bdeacaabc395e986297505ee7b4d?s=96&d=mm&r=g\",\"caption\":\"Bartek Zebrowski\"},\"description\":\"Jestem pasjonatem odnowionej elektroniki \u2013 pokazuj\u0119, \u017ce mo\u017cna mie\u0107 \u015bwietny sprz\u0119t bez przep\u0142acania i bez dok\u0142adania kolejnych elektro\u015bmieci. Na blogu dziel\u0119 si\u0119 wiedz\u0105 i do\u015bwiadczeniem, \u017ceby inspirowa\u0107 do sprytniejszych i bardziej \u015bwiadomych wybor\u00f3w technologicznych.\"}]}<\/script>\n<!-- \/ Yoast SEO plugin. -->","yoast_head_json":{"title":"Az iPhone 18 Pro \u00e9s az iPhone Ultra hivatalos bemutat\u00f3ja a 2026. szeptember 9-i konferenci\u00e1n | SWOPiFY","description":"Az iPhone 18 Pro \u00e9s az iPhone Ultra bemutat\u00f3ja 2026. szeptember 9-\u00e9n lesz. N\u00e9zd meg az \u00e1rakat, a m\u0171szaki adatokat \u00e9s az Apple t\u00f6bbi \u00fajdons\u00e1g\u00e1t!","robots":{"index":"index","follow":"follow","max-snippet":"max-snippet:-1","max-image-preview":"max-image-preview:large","max-video-preview":"max-video-preview:-1"},"canonical":"https:\/\/swopify.com\/blog\/hu\/az-iphone-18-pro-es-az-iphone-ultra-hivatalos-bemutatoja-2026-szeptember-9-en-lesz\/","og_locale":"hu_HU","og_type":"article","og_title":"Az iPhone 18 Pro \u00e9s az iPhone Ultra hivatalos bemutat\u00f3ja a 2026. szeptember 9-i konferenci\u00e1n | SWOPiFY","og_description":"Az iPhone 18 Pro \u00e9s az iPhone Ultra bemutat\u00f3ja 2026. szeptember 9-\u00e9n lesz. N\u00e9zd meg az \u00e1rakat, a m\u0171szaki adatokat \u00e9s az Apple t\u00f6bbi \u00fajdons\u00e1g\u00e1t!","og_url":"https:\/\/swopify.com\/blog\/hu\/az-iphone-18-pro-es-az-iphone-ultra-hivatalos-bemutatoja-2026-szeptember-9-en-lesz\/","og_site_name":"SWOPiFY","article_publisher":"https:\/\/www.facebook.com\/swopify.polska\/","article_published_time":"2026-08-27T10:32:28+00:00","article_modified_time":"2026-09-03T09:51:51+00:00","og_image":[{"width":720,"height":526,"url":"https:\/\/swopify.com\/blog\/wp-content\/uploads\/2026\/07\/premiera-iphone-18-pro-i-iphone-ultra.jpg","type":"image\/jpeg"}],"author":"Bartek Zebrowski","twitter_card":"summary_large_image","twitter_misc":{"Written by":"Bartek Zebrowski","Est. reading time":"11 perc"},"schema":{"@context":"https:\/\/schema.org","@graph":[{"@type":"Article","@id":"https:\/\/swopify.com\/blog\/hu\/az-iphone-18-pro-es-az-iphone-ultra-hivatalos-bemutatoja-2026-szeptember-9-en-lesz\/#article","isPartOf":{"@id":"https:\/\/swopify.com\/blog\/hu\/az-iphone-18-pro-es-az-iphone-ultra-hivatalos-bemutatoja-2026-szeptember-9-en-lesz\/"},"author":{"name":"Bartek Zebrowski","@id":"https:\/\/swopify.com\/blog\/#\/schema\/person\/33a2572ff16452bda32b9d8ef4080d16"},"headline":"Az iPhone 18 Pro \u00e9s az iPhone Ultra hivatalos bemutat\u00f3ja 2026. szeptember 9-\u00e9n lesz","datePublished":"2026-08-27T10:32:28+00:00","dateModified":"2026-09-03T09:51:51+00:00","mainEntityOfPage":{"@id":"https:\/\/swopify.com\/blog\/hu\/az-iphone-18-pro-es-az-iphone-ultra-hivatalos-bemutatoja-2026-szeptember-9-en-lesz\/"},"wordCount":2193,"publisher":{"@id":"https:\/\/swopify.com\/blog\/#organization"},"image":{"@id":"https:\/\/swopify.com\/blog\/hu\/az-iphone-18-pro-es-az-iphone-ultra-hivatalos-bemutatoja-2026-szeptember-9-en-lesz\/#primaryimage"},"thumbnailUrl":"https:\/\/swopify.com\/blog\/wp-content\/uploads\/2026\/07\/premiera-iphone-18-pro-i-iphone-ultra.jpg","articleSection":["H\u00edrek"],"inLanguage":"hu"},{"@type":"WebPage","@id":"https:\/\/swopify.com\/blog\/hu\/az-iphone-18-pro-es-az-iphone-ultra-hivatalos-bemutatoja-2026-szeptember-9-en-lesz\/","url":"https:\/\/swopify.com\/blog\/hu\/az-iphone-18-pro-es-az-iphone-ultra-hivatalos-bemutatoja-2026-szeptember-9-en-lesz\/","name":"Az iPhone 18 Pro \u00e9s az iPhone Ultra hivatalos bemutat\u00f3ja a 2026. szeptember 9-i konferenci\u00e1n | SWOPiFY","isPartOf":{"@id":"https:\/\/swopify.com\/blog\/#website"},"primaryImageOfPage":{"@id":"https:\/\/swopify.com\/blog\/hu\/az-iphone-18-pro-es-az-iphone-ultra-hivatalos-bemutatoja-2026-szeptember-9-en-lesz\/#primaryimage"},"image":{"@id":"https:\/\/swopify.com\/blog\/hu\/az-iphone-18-pro-es-az-iphone-ultra-hivatalos-bemutatoja-2026-szeptember-9-en-lesz\/#primaryimage"},"thumbnailUrl":"https:\/\/swopify.com\/blog\/wp-content\/uploads\/2026\/07\/premiera-iphone-18-pro-i-iphone-ultra.jpg","datePublished":"2026-08-27T10:32:28+00:00","dateModified":"2026-09-03T09:51:51+00:00","description":"Az iPhone 18 Pro \u00e9s az iPhone Ultra bemutat\u00f3ja 2026. szeptember 9-\u00e9n lesz. N\u00e9zd meg az \u00e1rakat, a m\u0171szaki adatokat \u00e9s az Apple t\u00f6bbi \u00fajdons\u00e1g\u00e1t!","breadcrumb":{"@id":"https:\/\/swopify.com\/blog\/hu\/az-iphone-18-pro-es-az-iphone-ultra-hivatalos-bemutatoja-2026-szeptember-9-en-lesz\/#breadcrumb"},"inLanguage":"hu","potentialAction":[{"@type":"ReadAction","target":["https:\/\/swopify.com\/blog\/hu\/az-iphone-18-pro-es-az-iphone-ultra-hivatalos-bemutatoja-2026-szeptember-9-en-lesz\/"]}]},{"@type":"ImageObject","inLanguage":"hu","@id":"https:\/\/swopify.com\/blog\/hu\/az-iphone-18-pro-es-az-iphone-ultra-hivatalos-bemutatoja-2026-szeptember-9-en-lesz\/#primaryimage","url":"https:\/\/swopify.com\/blog\/wp-content\/uploads\/2026\/07\/premiera-iphone-18-pro-i-iphone-ultra.jpg","contentUrl":"https:\/\/swopify.com\/blog\/wp-content\/uploads\/2026\/07\/premiera-iphone-18-pro-i-iphone-ultra.jpg","width":720,"height":526,"caption":"az iPhone 18 Pro \u00e9s az iPhone Ultra bemutat\u00f3ja"},{"@type":"BreadcrumbList","@id":"https:\/\/swopify.com\/blog\/hu\/az-iphone-18-pro-es-az-iphone-ultra-hivatalos-bemutatoja-2026-szeptember-9-en-lesz\/#breadcrumb","itemListElement":[{"@type":"ListItem","position":1,"name":"Strona g\u0142\u00f3wna","item":"https:\/\/swopify.com\/blog\/hu\/"},{"@type":"ListItem","position":2,"name":"Az iPhone 18 Pro \u00e9s az iPhone Ultra hivatalos bemutat\u00f3ja 2026. szeptember 9-\u00e9n lesz"}]},{"@type":"WebSite","@id":"https:\/\/swopify.com\/blog\/#website","url":"https:\/\/swopify.com\/blog\/","name":"SWOPiFY","description":"Blog o elektronice refurbished","publisher":{"@id":"https:\/\/swopify.com\/blog\/#organization"},"potentialAction":[{"@type":"SearchAction","target":{"@type":"EntryPoint","urlTemplate":"https:\/\/swopify.com\/blog\/?s={search_term_string}"},"query-input":{"@type":"PropertyValueSpecification","valueRequired":true,"valueName":"search_term_string"}}],"inLanguage":"hu"},{"@type":"Organization","@id":"https:\/\/swopify.com\/blog\/#organization","name":"SWOPiFY","url":"https:\/\/swopify.com\/blog\/","logo":{"@type":"ImageObject","inLanguage":"hu","@id":"https:\/\/swopify.com\/blog\/#\/schema\/logo\/image\/","url":"https:\/\/swopify.com\/blog\/wp-content\/uploads\/2025\/10\/swopify-blog-logo.png","contentUrl":"https:\/\/swopify.com\/blog\/wp-content\/uploads\/2025\/10\/swopify-blog-logo.png","width":219,"height":33,"caption":"SWOPiFY"},"image":{"@id":"https:\/\/swopify.com\/blog\/#\/schema\/logo\/image\/"},"sameAs":["https:\/\/www.facebook.com\/swopify.polska\/","https:\/\/www.instagram.com\/swopify_pl"]},{"@type":"Person","@id":"https:\/\/swopify.com\/blog\/#\/schema\/person\/33a2572ff16452bda32b9d8ef4080d16","name":"Bartek Zebrowski","image":{"@type":"ImageObject","inLanguage":"hu","@id":"https:\/\/swopify.com\/blog\/#\/schema\/person\/image\/","url":"https:\/\/secure.gravatar.com\/avatar\/1bd8afa4c1d6b4939151f7e8748c2d999db5bdeacaabc395e986297505ee7b4d?s=96&d=mm&r=g","contentUrl":"https:\/\/secure.gravatar.com\/avatar\/1bd8afa4c1d6b4939151f7e8748c2d999db5bdeacaabc395e986297505ee7b4d?s=96&d=mm&r=g","caption":"Bartek Zebrowski"},"description":"Jestem pasjonatem odnowionej elektroniki \u2013 pokazuj\u0119, \u017ce mo\u017cna mie\u0107 \u015bwietny sprz\u0119t bez przep\u0142acania i bez dok\u0142adania kolejnych elektro\u015bmieci. Na blogu dziel\u0119 si\u0119 wiedz\u0105 i do\u015bwiadczeniem, \u017ceby inspirowa\u0107 do sprytniejszych i bardziej \u015bwiadomych wybor\u00f3w technologicznych."}]}},"_links":{"self":[{"href":"https:\/\/swopify.com\/blog\/hu\/wp-json\/wp\/v2\/posts\/8129","targetHints":{"allow":["GET"]}}],"collection":[{"href":"https:\/\/swopify.com\/blog\/hu\/wp-json\/wp\/v2\/posts"}],"about":[{"href":"https:\/\/swopify.com\/blog\/hu\/wp-json\/wp\/v2\/types\/post"}],"author":[{"embeddable":true,"href":"https:\/\/swopify.com\/blog\/hu\/wp-json\/wp\/v2\/users\/3"}],"replies":[{"embeddable":true,"href":"https:\/\/swopify.com\/blog\/hu\/wp-json\/wp\/v2\/comments?post=8129"}],"version-history":[{"count":1,"href":"https:\/\/swopify.com\/blog\/hu\/wp-json\/wp\/v2\/posts\/8129\/revisions"}],"predecessor-version":[{"id":8134,"href":"https:\/\/swopify.com\/blog\/hu\/wp-json\/wp\/v2\/posts\/8129\/revisions\/8134"}],"wp:featuredmedia":[{"embeddable":true,"href":"https:\/\/swopify.com\/blog\/hu\/wp-json\/wp\/v2\/media\/8132"}],"wp:attachment":[{"href":"https:\/\/swopify.com\/blog\/hu\/wp-json\/wp\/v2\/media?parent=8129"}],"wp:term":[{"taxonomy":"category","embeddable":true,"href":"https:\/\/swopify.com\/blog\/hu\/wp-json\/wp\/v2\/categories?post=8129"},{"taxonomy":"post_tag","embeddable":true,"href":"https:\/\/swopify.com\/blog\/hu\/wp-json\/wp\/v2\/tags?post=8129"}],"curies":[{"name":"wp","href":"https:\/\/api.w.org\/{rel}","templated":true}]}}