{"id":6536,"date":"2026-04-27T15:34:37","date_gmt":"2026-04-27T15:34:37","guid":{"rendered":"https:\/\/swopify.com\/blog\/ipad-pro-of-ipad-air-welke-apple-tablet-moet-jij-kiezen\/"},"modified":"2026-04-30T06:07:27","modified_gmt":"2026-04-30T06:07:27","slug":"ipad-pro-of-ipad-air-welke-apple-tablet-moet-jij-kiezen","status":"publish","type":"post","link":"https:\/\/swopify.com\/blog\/nl\/ipad-pro-of-ipad-air-welke-apple-tablet-moet-jij-kiezen\/","title":{"rendered":"iPad Pro of iPad Air? Welke Apple tablet moet jij kiezen?"},"content":{"rendered":"\t\t<div data-elementor-type=\"wp-post\" data-elementor-id=\"6536\" class=\"elementor elementor-6536 elementor-6452\" data-elementor-post-type=\"post\">\n\t\t\t\t<div class=\"elementor-element elementor-element-a068712 e-con-full latest-post-section elementor-hidden-desktop e-flex e-con e-parent\" data-id=\"a068712\" data-element_type=\"container\" data-settings=\"{&quot;background_background&quot;:&quot;classic&quot;}\">\n\t\t\t\t<div class=\"elementor-element elementor-element-96432e9 elementor-widget-tablet__width-inherit elementor-hidden-desktop elementor-widget elementor-widget-image\" data-id=\"96432e9\" data-element_type=\"widget\" data-widget_type=\"image.default\">\n\t\t\t\t\t\t\t\t\t\t\t\t\t\t\t<img fetchpriority=\"high\" decoding=\"async\" width=\"720\" height=\"526\" src=\"https:\/\/swopify.com\/blog\/wp-content\/uploads\/2026\/04\/ipad-pro-vs-ipad-air.jpg\" class=\"attachment-full size-full wp-image-6537\" alt=\"ipad pro vs ipad air\" srcset=\"https:\/\/swopify.com\/blog\/wp-content\/uploads\/2026\/04\/ipad-pro-vs-ipad-air.jpg 720w, https:\/\/swopify.com\/blog\/wp-content\/uploads\/2026\/04\/ipad-pro-vs-ipad-air-300x219.jpg 300w\" sizes=\"(max-width: 720px) 100vw, 720px\" \/>\t\t\t\t\t\t\t\t\t\t\t\t\t\t\t<\/div>\n\t\t<div class=\"elementor-element elementor-element-6bb8681 e-con-full e-flex e-con e-child\" data-id=\"6bb8681\" data-element_type=\"container\">\n\t\t\t\t<div class=\"elementor-element elementor-element-1b46a36 elementor-widget elementor-widget-theme-post-title elementor-page-title elementor-widget-heading\" data-id=\"1b46a36\" data-element_type=\"widget\" data-widget_type=\"theme-post-title.default\">\n\t\t\t\t\t<h2 class=\"elementor-heading-title elementor-size-default\">iPad Pro of iPad Air? Welke Apple tablet moet jij kiezen?<\/h2>\t\t\t\t<\/div>\n\t\t\t\t<div class=\"elementor-element elementor-element-fe62531 elementor-widget elementor-widget-theme-post-excerpt\" data-id=\"fe62531\" data-element_type=\"widget\" data-widget_type=\"theme-post-excerpt.default\">\n\t\t\t\t\tWelk model moet ik kiezen?\t\t\t\t<\/div>\n\t\t<div class=\"elementor-element elementor-element-22aeab8 e-con-full e-flex e-con e-child\" data-id=\"22aeab8\" data-element_type=\"container\">\n\t\t<div class=\"elementor-element elementor-element-25da75f e-con-full custom-author-box e-flex e-con e-child\" data-id=\"25da75f\" data-element_type=\"container\" data-settings=\"{&quot;background_background&quot;:&quot;classic&quot;}\">\n\t\t<div class=\"elementor-element elementor-element-5354aaa e-con-full e-flex e-con e-child\" data-id=\"5354aaa\" data-element_type=\"container\">\n\t\t\t\t<div class=\"elementor-element elementor-element-d5efa74 elementor-widget elementor-widget-image\" data-id=\"d5efa74\" data-element_type=\"widget\" data-widget_type=\"image.default\">\n\t\t\t\t\t\t\t\t\t\t\t\t\t\t\t<img decoding=\"async\" src=\"https:\/\/secure.gravatar.com\/avatar\/1bd8afa4c1d6b4939151f7e8748c2d999db5bdeacaabc395e986297505ee7b4d?s=96&#038;d=mm&#038;r=g\" title=\"\" alt=\"\" loading=\"lazy\" \/>\t\t\t\t\t\t\t\t\t\t\t\t\t\t\t<\/div>\n\t\t\t\t<\/div>\n\t\t<div class=\"elementor-element elementor-element-6e94afd e-con-full e-flex e-con e-child\" data-id=\"6e94afd\" data-element_type=\"container\">\n\t\t\t\t<div class=\"elementor-element elementor-element-c0edeef elementor-widget elementor-widget-text-editor\" data-id=\"c0edeef\" data-element_type=\"widget\" data-widget_type=\"text-editor.default\">\n\t\t\t\t\t\t\t\t\tBartek Zebrowski\t\t\t\t\t\t\t\t<\/div>\n\t\t\t\t<\/div>\n\t\t\t\t<\/div>\n\t\t<div class=\"elementor-element elementor-element-cf6608d e-con-full custom-post-date-box e-flex e-con e-child\" data-id=\"cf6608d\" data-element_type=\"container\" data-settings=\"{&quot;background_background&quot;:&quot;classic&quot;}\">\n\t\t<div class=\"elementor-element elementor-element-fc7af8a e-con-full e-flex e-con e-child\" data-id=\"fc7af8a\" data-element_type=\"container\" data-settings=\"{&quot;background_background&quot;:&quot;classic&quot;}\">\n\t\t\t\t<div class=\"elementor-element elementor-element-8e22557 elementor-widget elementor-widget-image\" data-id=\"8e22557\" data-element_type=\"widget\" data-widget_type=\"image.default\">\n\t\t\t\t\t\t\t\t\t\t\t\t\t\t\t<img decoding=\"async\" width=\"24\" height=\"24\" src=\"https:\/\/swopify.com\/blog\/wp-content\/uploads\/2025\/07\/calendar_month.svg\" class=\"attachment-large size-large wp-image-4774\" alt=\"\" \/>\t\t\t\t\t\t\t\t\t\t\t\t\t\t\t<\/div>\n\t\t\t\t<\/div>\n\t\t<div class=\"elementor-element elementor-element-576c4a4 e-con-full e-flex e-con e-child\" data-id=\"576c4a4\" data-element_type=\"container\">\n\t\t\t\t<div class=\"elementor-element elementor-element-f3d4b85 elementor-widget elementor-widget-text-editor\" data-id=\"f3d4b85\" data-element_type=\"widget\" data-widget_type=\"text-editor.default\">\n\t\t\t\t\t\t\t\t\t<p>Toegevoegd:<\/p>\t\t\t\t\t\t\t\t<\/div>\n\t\t\t\t<div class=\"elementor-element elementor-element-4248fdc elementor-widget elementor-widget-text-editor\" data-id=\"4248fdc\" data-element_type=\"widget\" data-widget_type=\"text-editor.default\">\n\t\t\t\t\t\t\t\t\t27 april 2026\t\t\t\t\t\t\t\t<\/div>\n\t\t\t\t<\/div>\n\t\t\t\t<\/div>\n\t\t\t\t<\/div>\n\t\t\t\t<\/div>\n\t\t\t\t<\/div>\n\t\t<div class=\"elementor-element elementor-element-734dc151 elementor-hidden-tablet elementor-hidden-mobile e-flex e-con-boxed e-con e-parent\" data-id=\"734dc151\" data-element_type=\"container\" data-settings=\"{&quot;background_background&quot;:&quot;classic&quot;}\">\n\t\t\t\t\t<div class=\"e-con-inner\">\n\t\t<div class=\"elementor-element elementor-element-652d8125 e-con-full latest-post-section e-flex e-con e-child\" data-id=\"652d8125\" data-element_type=\"container\" data-settings=\"{&quot;background_background&quot;:&quot;classic&quot;}\">\n\t\t<div class=\"elementor-element elementor-element-4977ddce e-con-full e-flex e-con e-child\" data-id=\"4977ddce\" data-element_type=\"container\">\n\t\t\t\t<div class=\"elementor-element elementor-element-4f318805 elementor-widget elementor-widget-theme-post-excerpt\" data-id=\"4f318805\" data-element_type=\"widget\" data-widget_type=\"theme-post-excerpt.default\">\n\t\t\t\t\tWelk model moet ik kiezen?\t\t\t\t<\/div>\n\t\t<div class=\"elementor-element elementor-element-2a9a308b e-con-full e-flex e-con e-child\" data-id=\"2a9a308b\" data-element_type=\"container\">\n\t\t<div class=\"elementor-element elementor-element-63a72ec2 e-con-full custom-author-box e-flex e-con e-child\" data-id=\"63a72ec2\" data-element_type=\"container\" data-settings=\"{&quot;background_background&quot;:&quot;classic&quot;}\">\n\t\t\t\t<div class=\"elementor-element elementor-element-520b9db elementor-widget elementor-widget-image\" data-id=\"520b9db\" data-element_type=\"widget\" data-widget_type=\"image.default\">\n\t\t\t\t\t\t\t\t\t\t\t\t\t\t\t<img decoding=\"async\" width=\"527\" height=\"661\" src=\"https:\/\/swopify.com\/blog\/wp-content\/uploads\/2025\/08\/bartek-2.png\" class=\"attachment-large size-large wp-image-4775\" alt=\"\" srcset=\"https:\/\/swopify.com\/blog\/wp-content\/uploads\/2025\/08\/bartek-2.png 527w, https:\/\/swopify.com\/blog\/wp-content\/uploads\/2025\/08\/bartek-2-239x300.png 239w\" sizes=\"(max-width: 527px) 100vw, 527px\" \/>\t\t\t\t\t\t\t\t\t\t\t\t\t\t\t<\/div>\n\t\t<div class=\"elementor-element elementor-element-45febd2e e-con-full e-flex e-con e-child\" data-id=\"45febd2e\" data-element_type=\"container\">\n\t\t\t\t<div class=\"elementor-element elementor-element-6a94c6b0 elementor-widget elementor-widget-text-editor\" data-id=\"6a94c6b0\" data-element_type=\"widget\" data-widget_type=\"text-editor.default\">\n\t\t\t\t\t\t\t\t\tBartek Zebrowski\t\t\t\t\t\t\t\t<\/div>\n\t\t\t\t<\/div>\n\t\t\t\t<\/div>\n\t\t<div class=\"elementor-element elementor-element-4dd10440 e-con-full custom-post-date-box e-flex e-con e-child\" data-id=\"4dd10440\" data-element_type=\"container\" data-settings=\"{&quot;background_background&quot;:&quot;classic&quot;}\">\n\t\t<div class=\"elementor-element elementor-element-2d72c32 e-con-full e-flex e-con e-child\" data-id=\"2d72c32\" data-element_type=\"container\" data-settings=\"{&quot;background_background&quot;:&quot;classic&quot;}\">\n\t\t\t\t<div class=\"elementor-element elementor-element-7390850b elementor-widget elementor-widget-image\" data-id=\"7390850b\" data-element_type=\"widget\" data-widget_type=\"image.default\">\n\t\t\t\t\t\t\t\t\t\t\t\t\t\t\t<img decoding=\"async\" width=\"24\" height=\"24\" src=\"https:\/\/swopify.com\/blog\/wp-content\/uploads\/2025\/07\/calendar_month.svg\" class=\"attachment-large size-large wp-image-4774\" alt=\"\" \/>\t\t\t\t\t\t\t\t\t\t\t\t\t\t\t<\/div>\n\t\t\t\t<\/div>\n\t\t<div class=\"elementor-element elementor-element-6e99fe5 e-con-full e-flex e-con e-child\" data-id=\"6e99fe5\" data-element_type=\"container\">\n\t\t\t\t<div class=\"elementor-element elementor-element-5e913b93 elementor-widget elementor-widget-text-editor\" data-id=\"5e913b93\" data-element_type=\"widget\" data-widget_type=\"text-editor.default\">\n\t\t\t\t\t\t\t\t\t<p>Toegevoegd:<\/p>\t\t\t\t\t\t\t\t<\/div>\n\t\t\t\t<div class=\"elementor-element elementor-element-6a6d6747 elementor-widget elementor-widget-text-editor\" data-id=\"6a6d6747\" data-element_type=\"widget\" data-widget_type=\"text-editor.default\">\n\t\t\t\t\t\t\t\t\t27 april 2026\t\t\t\t\t\t\t\t<\/div>\n\t\t\t\t<\/div>\n\t\t\t\t<\/div>\n\t\t\t\t<\/div>\n\t\t\t\t<\/div>\n\t\t\t\t<\/div>\n\t\t\t\t\t<\/div>\n\t\t\t\t<\/div>\n\t\t<div class=\"elementor-element elementor-element-52080da e-flex e-con-boxed e-con e-parent\" data-id=\"52080da\" data-element_type=\"container\">\n\t\t\t\t\t<div class=\"e-con-inner\">\n\t\t\t\t<div class=\"elementor-element elementor-element-afb8e18 elementor-widget__width-initial elementor-widget-mobile__width-inherit elementor-widget elementor-widget-text-editor\" data-id=\"afb8e18\" data-element_type=\"widget\" data-widget_type=\"text-editor.default\">\n\t\t\t\t\t\t\t\t\tiPad Air of iPad Pro? <strong><span style=\"color: #9a23fb;\">Het is een van de meest voorkomende dilemma&#8217;s voor degenen die zich willen aansluiten bij het Apple ecosysteem en een tablet willen kopen voor de komende jaren.<\/span><\/strong>. Beide modellen zien er ongeveer hetzelfde uit, ondersteunen Apple Pencil en bieden hoge prestaties, maar in de praktijk zijn ze gemaakt voor net iets andere gebruikers. De ene zal beter werken voor studies en dagelijks gebruik, de andere zal zijn volledige potentieel tonen voor creatief werk en veeleisende taken.    <strong><span style=\"color: #9a23fb;\">Laten we eens kijken waarin de iPad Air verschilt van de Pro en welk model het kopen waard is.<\/span><\/strong>\t\t\t\t\t\t\t\t<\/div>\n\t\t\t\t<div class=\"elementor-element elementor-element-7413e1f elementor-absolute elementor-widget elementor-widget-image\" data-id=\"7413e1f\" data-element_type=\"widget\" data-settings=\"{&quot;_position&quot;:&quot;absolute&quot;}\" data-widget_type=\"image.default\">\n\t\t\t\t\t\t\t\t\t\t\t\t\t\t\t<img loading=\"lazy\" decoding=\"async\" width=\"210\" height=\"210\" src=\"https:\/\/swopify.com\/blog\/wp-content\/uploads\/2025\/07\/Vector-1.svg\" class=\"attachment-large size-large wp-image-4776\" alt=\"\" \/>\t\t\t\t\t\t\t\t\t\t\t\t\t\t\t<\/div>\n\t\t\t\t\t<\/div>\n\t\t\t\t<\/div>\n\t\t<div class=\"elementor-element elementor-element-0b30c63 e-flex e-con-boxed e-con e-parent\" data-id=\"0b30c63\" data-element_type=\"container\" id=\"spis-tresci\" data-settings=\"{&quot;background_background&quot;:&quot;classic&quot;}\">\n\t\t\t\t\t<div class=\"e-con-inner\">\n\t\t<div class=\"elementor-element elementor-element-e36fba8 e-con-full e-flex e-con e-child\" data-id=\"e36fba8\" data-element_type=\"container\">\n\t\t<div class=\"elementor-element elementor-element-893e05c e-con-full e-flex e-con e-child\" data-id=\"893e05c\" data-element_type=\"container\" data-settings=\"{&quot;background_background&quot;:&quot;classic&quot;}\">\n\t\t\t\t<div class=\"elementor-element elementor-element-8dfa69c elementor-widget__width-initial elementor-widget elementor-widget-heading\" data-id=\"8dfa69c\" data-element_type=\"widget\" data-widget_type=\"heading.default\">\n\t\t\t\t\t<h2 class=\"elementor-heading-title elementor-size-default\">Wat is het verschil tussen de iPad Air en de iPad Pro?<\/h2>\t\t\t\t<\/div>\n\t\t\t\t<div class=\"elementor-element elementor-element-eda451f elementor-widget elementor-widget-text-editor\" data-id=\"eda451f\" data-element_type=\"widget\" data-widget_type=\"text-editor.default\">\n\t\t\t\t\t\t\t\t\t<p>Voordat we ingaan op een gedetailleerde vergelijking, willen we eerst de belangrijkste verschillen tussen <a href=\"https:\/\/swopify.com\/pl-pl\/ipad-seria-air\">de iPad Air-serie<\/a> en <a href=\"https:\/\/swopify.com\/pl-pl\/ipad-seria-pro\">de iPad Pro-serie<\/a> bekijken.<\/p>\t\t\t\t\t\t\t\t<\/div>\n\t\t\t\t<div class=\"elementor-element elementor-element-f9d9d72 elementor-widget elementor-widget-text-editor\" data-id=\"f9d9d72\" data-element_type=\"widget\" data-widget_type=\"text-editor.default\">\n\t\t\t\t\t\t\t\t\t<table><caption>iPad Air vs iPad Pro-vergelijking<\/caption>\n<thead>\n<tr>\n<th>Kenmerken<\/th>\n<th>iPad Air (M2 \/ M3)<\/th>\n<th>iPad Pro (M2 \/ M4)<\/th>\n<\/tr>\n<\/thead>\n<tbody>\n<tr>\n<td>Voor wie<\/td>\n<td>Studenten, werk, dagelijks gebruik<\/td>\n<td>Professionals, creatieven, veeleisende gebruikers<\/td>\n<\/tr>\n<tr>\n<td>Maten<\/td>\n<td>11&#8243;, 13&#8243;<\/td>\n<td>11&#8243;, 12.9&#8243;, 13&#8243;<\/td>\n<\/tr>\n<tr>\n<td>Scherm<\/td>\n<td>Vloeibaar Retina LCD, 60 Hz<\/td>\n<td>ProMotion 120 Hz, mini-LED \/ OLED<\/td>\n<\/tr>\n<tr>\n<td>Processor<\/td>\n<td><strong>M2:<\/strong> 8-core CPU \/ 10-core GPU | <strong>M3:<\/strong> 8-core CPU \/ 9-core GPU<\/td>\n<td><strong>M2:<\/strong> 8-core CPU \/ 10-core GPU | <strong>M4:<\/strong> 9\/10-core CPU \/ 10-core GPU<\/td>\n<\/tr>\n<tr>\n<td>RAM<\/td>\n<td>8 GB<\/td>\n<td>8 GB \/ 16 GB<\/td>\n<\/tr>\n<tr>\n<td>Gezicht ID<\/td>\n<td>Nee<\/td>\n<td>Ja<\/td>\n<\/tr>\n<tr>\n<td>Touch ID<\/td>\n<td>Ja<\/td>\n<td>Nee<\/td>\n<\/tr>\n<tr>\n<td>Luidsprekers<\/td>\n<td>Stereo<\/td>\n<td>4 luidsprekers<\/td>\n<\/tr>\n<tr>\n<td>Apple pen<\/td>\n<td>Ja<\/td>\n<td>Ja<\/td>\n<\/tr>\n<tr>\n<td>Batterij<\/td>\n<td>tot 10 uur<\/td>\n<td>tot 10 uur<\/td>\n<\/tr>\n<\/tbody>\n<\/table>\t\t\t\t\t\t\t\t<\/div>\n\t\t<div class=\"elementor-element elementor-element-4294595 e-grid e-con-full e-con e-child\" data-id=\"4294595\" data-element_type=\"container\">\n\t\t\t\t<div class=\"elementor-element elementor-element-2ffd07c elementor-widget elementor-widget-image\" data-id=\"2ffd07c\" data-element_type=\"widget\" data-widget_type=\"image.default\">\n\t\t\t\t\t\t\t\t\t\t\t\t<figure class=\"wp-caption\">\n\t\t\t\t\t\t\t\t\t\t\t<a href=\"https:\/\/swopify.com\/pl-pl\/ipad-pro-4-8128gb-wifi-11quot-2022-gwiezdna-szarosc-3967\">\n\t\t\t\t\t\t\t<img decoding=\"async\" src=\"https:\/\/swopify.com\/publicTmp\/pictures\/300x\/3b6441\/c6w279g9n0q0s1v7d590z0y8y400y6n8.webp\" title=\"\" alt=\"iPad Pro 4 8\/128GB WiFi 11&quot; (2022) Gwiezdna Szaro\u015b\u0107\" loading=\"lazy\" \/>\t\t\t\t\t\t\t\t<\/a>\n\t\t\t\t\t\t\t\t\t\t\t<figcaption class=\"widget-image-caption wp-caption-text\">iPad Pro 4 8\/128 GB WiFi 11\" (2022) Stergrijs<\/figcaption>\n\t\t\t\t\t\t\t\t\t\t<\/figure>\n\t\t\t\t\t\t\t\t\t<\/div>\n\t\t\t\t<\/div>\n\t\t\t\t<div class=\"elementor-element elementor-element-4c28981 elementor-widget elementor-widget-heading\" data-id=\"4c28981\" data-element_type=\"widget\" data-widget_type=\"heading.default\">\n\t\t\t\t\t<h2 class=\"elementor-heading-title elementor-size-default\">Ontwerp en afmetingen van de iPad Air en Pro - welk model is handiger?<\/h2>\t\t\t\t<\/div>\n\t\t\t\t<div class=\"elementor-element elementor-element-1c040e4 elementor-widget elementor-widget-text-editor\" data-id=\"1c040e4\" data-element_type=\"widget\" data-widget_type=\"text-editor.default\">\n\t\t\t\t\t\t\t\t\t<table><thead><tr><th>Kenmerken<\/th><th>iPad Air<\/th><th>iPad Pro<\/th><\/tr><\/thead><tbody><tr><td>Maten<\/td><td><strong>M2:<\/strong> 11&#8243;, 13&#8243; | <strong>M3:<\/strong> 11&#8243;, 13&#8243;<\/td><td><strong>M2:<\/strong> 11&#8243;, 12,9&#8243; | <strong>M4:<\/strong> 11&#8243;, 13&#8243;<\/td><\/tr><tr><td>Dikte<\/td><td><strong>M2\/M3:<\/strong> 6,1 mm<\/td><td><strong>M2:<\/strong> 6,4 \/ 6,9 mm | <strong>M4:<\/strong> 5,3 \/ 5,1 mm<\/td><\/tr><tr><td>Gewicht<\/td><td><strong>M2\/M3:<\/strong> vanaf 462 g<\/td><td><strong>M2:<\/strong> vanaf 466 g | <strong>M4:<\/strong> vanaf 444 g<\/td><\/tr><tr><td>Biometrie<\/td><td>Touch ID<\/td><td>Gezicht ID<\/td><\/tr><\/tbody><\/table><p>Beide series zijn slank en zeer goed gemaakt, maar <strong>de iPad Pro M4 is momenteel het dunste product van Apple<\/strong>. In het dagelijks gebruik voel je ook het voordeel van Face ID &#8211; vooral als je aan een bureau of met een toetsenbord werkt. <\/p><p> <\/p><p><strong>De Air blijft erg handig en draagbaar<\/strong>, vooral voor studenten en mensen die vaak een tablet in hun tas hebben.<\/p>\t\t\t\t\t\t\t\t<\/div>\n\t\t\t\t<div class=\"elementor-element elementor-element-39a64bb elementor-align-center elementor-widget elementor-widget-button\" data-id=\"39a64bb\" data-element_type=\"widget\" data-widget_type=\"button.default\">\n\t\t\t\t\t\t\t\t\t\t<a class=\"elementor-button elementor-button-link elementor-size-sm\" href=\"https:\/\/swopify.com\/blog\/ipad-pro-m4-vs-ipad-pro-m2-porownanie-tabletow-apple\/\">\n\t\t\t\t\t\t<span class=\"elementor-button-content-wrapper\">\n\t\t\t\t\t\t\t\t\t<span class=\"elementor-button-text\">iPad Pro M4 vs iPad Pro M2<\/span>\n\t\t\t\t\t<\/span>\n\t\t\t\t\t<\/a>\n\t\t\t\t\t\t\t\t<\/div>\n\t\t\t\t<div class=\"elementor-element elementor-element-ff00ea5 elementor-widget elementor-widget-heading\" data-id=\"ff00ea5\" data-element_type=\"widget\" data-widget_type=\"heading.default\">\n\t\t\t\t\t<h2 class=\"elementor-heading-title elementor-size-default\">Beeldscherm - het grootste voordeel van iPad Pro<\/h2>\t\t\t\t<\/div>\n\t\t\t\t<div class=\"elementor-element elementor-element-5d99fc2 elementor-widget elementor-widget-text-editor\" data-id=\"5d99fc2\" data-element_type=\"widget\" data-widget_type=\"text-editor.default\">\n\t\t\t\t\t\t\t\t\t<table><thead><tr><th>Kenmerken<\/th><th>iPad Air<\/th><th>iPad Pro<\/th><\/tr><\/thead><tbody><tr><td>Type paneel<\/td><td><strong>M2\/M3:<\/strong> Liquid Retina LCD<\/td><td><strong>M2:<\/strong> Liquid Retina \/ mini-LED (12,9&#8243;) | <strong>M4:<\/strong> OLED<\/td><\/tr><tr><td>Vernieuwingsfrequentie<\/td><td>60 Hz<\/td><td>120 Hz ProMotion<\/td><\/tr><tr><td>SDR-helderheid<\/td><td><strong>M2\/M3:<\/strong> 500 nits<\/td><td><strong>M2:<\/strong> 600 nits | <strong>M4:<\/strong> 1000 nits<\/td><\/tr><tr><td>Contrast<\/td><td>LCD-standaard<\/td><td>Aanzienlijk hoger<\/td><\/tr><tr><td>Echte toon<\/td><td>Ja<\/td><td>Ja<\/td><\/tr><\/tbody><\/table><p>Het is vooral het scherm dat de keuze bepaalt. <strong>Met de Air krijg je een zeer goed LCD-scherm<\/strong>, voldoende voor studeren, films en internet.<\/p><p> <\/p><p><strong>De Pro biedt 120Hz, wat zorgt voor soepeler scrollen<\/strong>, betere animaties en natuurlijker werken met de Apple Pencil. Op M4-modellen zorgt het OLED-scherm ook voor diepere zwarttinten en een hoger contrast. <\/p>\t\t\t\t\t\t\t\t<\/div>\n\t\t\t\t<div class=\"elementor-element elementor-element-c692c67 elementor-widget elementor-widget-heading\" data-id=\"c692c67\" data-element_type=\"widget\" data-widget_type=\"heading.default\">\n\t\t\t\t\t<h2 class=\"elementor-heading-title elementor-size-default\">Processor en prestaties - M2, M3 of M4?<\/h2>\t\t\t\t<\/div>\n\t\t\t\t<div class=\"elementor-element elementor-element-8befbbe elementor-widget elementor-widget-text-editor\" data-id=\"8befbbe\" data-element_type=\"widget\" data-widget_type=\"text-editor.default\">\n\t\t\t\t\t\t\t\t\t<table><thead><tr><th>Kenmerken<\/th><th>iPad Air<\/th><th>iPad Pro<\/th><\/tr><\/thead><tbody><tr><td>Chip<\/td><td><strong>M2 \/ M3<\/strong><\/td><td><strong>M2 \/ M4<\/strong><\/td><\/tr><tr><td>CPU<\/td><td><strong>M2:<\/strong> 8-core | <strong>M3:<\/strong> 8-core<\/td><td><strong>M2:<\/strong> 8-core | <strong>M4:<\/strong> 9 of 10-core<\/td><\/tr><tr><td>GPU<\/td><td><strong>M2:<\/strong> 10-kern | <strong>M3:<\/strong> 9-kern<\/td><td><strong>M2:<\/strong> 10-kern | <strong>M4:<\/strong> 10-kern<\/td><\/tr><tr><td>Ray Tracing<\/td><td><strong>M3:<\/strong> Ja<\/td><td><strong>M4:<\/strong> Ja<\/td><\/tr><tr><td>Neurale motor<\/td><td>Nieuwer op de M3<\/td><td>Krachtigste op de M4<\/td><\/tr><\/tbody><\/table><p><strong>Zelfs de M2 is nog steeds een zeer snelle chip<\/strong> die rustig multitasking, gamen en kantoorwerk aankan.<\/p><p> <\/p><p>De M3 biedt een betere energie-effici\u00ebntie en modernere graphics. De M4 is al van professioneel niveau &#8211; speciaal voor videobewerking, creatief werk en geavanceerde toepassingen. <\/p>\t\t\t\t\t\t\t\t<\/div>\n\t\t<div class=\"elementor-element elementor-element-89ba2a2 e-con-full e-flex e-con e-child\" data-id=\"89ba2a2\" data-element_type=\"container\">\n\t\t<div class=\"elementor-element elementor-element-01d0990 e-grid e-con-full e-con e-child\" data-id=\"01d0990\" data-element_type=\"container\">\n\t\t\t\t<div class=\"elementor-element elementor-element-01618f4 elementor-widget elementor-widget-image\" data-id=\"01618f4\" data-element_type=\"widget\" data-widget_type=\"image.default\">\n\t\t\t\t\t\t\t\t\t\t\t\t<figure class=\"wp-caption\">\n\t\t\t\t\t\t\t\t\t\t\t<a href=\"https:\/\/swopify.com\/pl-pl\/ipad-air-5-64gb-wifi-109quot-2022-rozowy-3720\">\n\t\t\t\t\t\t\t<img decoding=\"async\" src=\"https:\/\/swopify.com\/publicTmp\/pictures\/300x\/1a2d7c\/x5n4h0r8r0f0j1g7n5n0v0e7b3c3u9k6.webp\" title=\"\" alt=\"iPad Air 5 64GB WiFi 10.9&quot; (2022) R\u00f3\u017cowy\" loading=\"lazy\" \/>\t\t\t\t\t\t\t\t<\/a>\n\t\t\t\t\t\t\t\t\t\t\t<figcaption class=\"widget-image-caption wp-caption-text\">iPad Air 5 64 GB WiFi 10,9\" (2022) Roze<\/figcaption>\n\t\t\t\t\t\t\t\t\t\t<\/figure>\n\t\t\t\t\t\t\t\t\t<\/div>\n\t\t\t\t<div class=\"elementor-element elementor-element-1fd061c elementor-widget elementor-widget-image\" data-id=\"1fd061c\" data-element_type=\"widget\" data-widget_type=\"image.default\">\n\t\t\t\t\t\t\t\t\t\t\t\t<figure class=\"wp-caption\">\n\t\t\t\t\t\t\t\t\t\t\t<a href=\"https:\/\/swopify.com\/pl-pl\/ipad-pro-3-8128gb-wifi-11quot-2021-gwiezdna-szarosc-3948\">\n\t\t\t\t\t\t\t<img decoding=\"async\" src=\"https:\/\/swopify.com\/publicTmp\/pictures\/300x\/ac13c5\/m6d7n72780w0m1b7l52060r8i3h6b9p3.webp\" title=\"\" alt=\"iPad Pro 3 8\/128GB WiFi 11&quot; (2021) Gwiezdna Szaro\u015b\u0107\" loading=\"lazy\" \/>\t\t\t\t\t\t\t\t<\/a>\n\t\t\t\t\t\t\t\t\t\t\t<figcaption class=\"widget-image-caption wp-caption-text\">iPad Pro 3 8\/128 GB WiFi 11\" (2021) Stergrijs<\/figcaption>\n\t\t\t\t\t\t\t\t\t\t<\/figure>\n\t\t\t\t\t\t\t\t\t<\/div>\n\t\t\t\t<\/div>\n\t\t\t\t<\/div>\n\t\t\t\t<div class=\"elementor-element elementor-element-64807d8 elementor-widget elementor-widget-heading\" data-id=\"64807d8\" data-element_type=\"widget\" data-widget_type=\"heading.default\">\n\t\t\t\t\t<h2 class=\"elementor-heading-title elementor-size-default\">iPad Air vs iPad Pro - RAM en intern geheugen  <\/h2>\t\t\t\t<\/div>\n\t\t\t\t<div class=\"elementor-element elementor-element-9086849 elementor-widget elementor-widget-text-editor\" data-id=\"9086849\" data-element_type=\"widget\" data-widget_type=\"text-editor.default\">\n\t\t\t\t\t\t\t\t\t<table><thead><tr><th>Kenmerken<\/th><th>iPad Air<\/th><th>iPad Pro<\/th><\/tr><\/thead><tbody><tr><td>RAM<\/td><td><strong>M2\/M3:<\/strong> 8 GB<\/td><td><strong>M2:<\/strong> 8 \/ 16 GB | <strong>M4:<\/strong> 8 \/ 16 GB<\/td><\/tr><tr><td>Opstartbare opslag<\/td><td>128 GB<\/td><td>128 GB \/ 256 GB<\/td><\/tr><tr><td>Maximaal geheugen<\/td><td>1 TB<\/td><td>2 TB<\/td><\/tr><\/tbody><\/table><p>Voor dagelijks gebruik <strong>is de 8 GB RAM van de Air ruim voldoende<\/strong>.<\/p><p> <\/p><p>Als je echter met grote bestanden werkt, video&#8217;s bewerkt of meerdere apps tegelijk gebruikt, zijn de <strong>Pro-modellen met 16 GB RAM een betere keuze<\/strong>.<\/p>\t\t\t\t\t\t\t\t<\/div>\n\t\t\t\t<div class=\"elementor-element elementor-element-cc0e084 elementor-align-center elementor-widget elementor-widget-button\" data-id=\"cc0e084\" data-element_type=\"widget\" data-widget_type=\"button.default\">\n\t\t\t\t\t\t\t\t\t\t<a class=\"elementor-button elementor-button-link elementor-size-sm\" href=\"https:\/\/swopify.com\/blog\/ipad-czy-ipad-air-ktory-tablet-apple-wybrac\/\">\n\t\t\t\t\t\t<span class=\"elementor-button-content-wrapper\">\n\t\t\t\t\t\t\t\t\t<span class=\"elementor-button-text\">iPad of iPad Air?<\/span>\n\t\t\t\t\t<\/span>\n\t\t\t\t\t<\/a>\n\t\t\t\t\t\t\t\t<\/div>\n\t\t\t\t<div class=\"elementor-element elementor-element-8d07e1a elementor-widget elementor-widget-heading\" data-id=\"8d07e1a\" data-element_type=\"widget\" data-widget_type=\"heading.default\">\n\t\t\t\t\t<h2 class=\"elementor-heading-title elementor-size-default\">Camera's en videobellen op iPad Air en Pro<\/h2>\t\t\t\t<\/div>\n\t\t\t\t<div class=\"elementor-element elementor-element-3627ff5 elementor-widget elementor-widget-text-editor\" data-id=\"3627ff5\" data-element_type=\"widget\" data-widget_type=\"text-editor.default\">\n\t\t\t\t\t\t\t\t\t<table><thead><tr><th>Kenmerken<\/th><th>iPad Air<\/th><th>iPad Pro<\/th><\/tr><\/thead><tbody><tr><td>Camera achterzijde<\/td><td>12 MP<\/td><td>12 MP<\/td><\/tr><tr><td>Camera voorzijde<\/td><td>12 MP middenscherm<\/td><td>12 MP middenscherm<\/td><\/tr><tr><td>LiDAR<\/td><td>Geen<\/td><td><strong>M2:<\/strong> Ja<\/td><\/tr><tr><td>3D scannen<\/td><td>Nee<\/td><td>Ja<\/td><\/tr><\/tbody><\/table><p>Voor online gesprekken presteren beide modellen erg goed. <strong>De 12 MP camera aan de voorkant met Center Stage houdt je automatisch in beeld tijdens videoconferenties<\/strong>.<\/p><p> <\/p><p>Pro biedt extra mogelijkheden voor ontwikkelaars en professionals &#8211; bijvoorbeeld een LiDAR-scanner in oudere generaties.<\/p>\t\t\t\t\t\t\t\t<\/div>\n\t\t\t\t<div class=\"elementor-element elementor-element-05495ce elementor-widget elementor-widget-heading\" data-id=\"05495ce\" data-element_type=\"widget\" data-widget_type=\"heading.default\">\n\t\t\t\t\t<h2 class=\"elementor-heading-title elementor-size-default\">Batterij en opladen - gaat de iPad Pro langer mee dan de Air?<\/h2>\t\t\t\t<\/div>\n\t\t\t\t<div class=\"elementor-element elementor-element-f046f9e elementor-widget elementor-widget-text-editor\" data-id=\"f046f9e\" data-element_type=\"widget\" data-widget_type=\"text-editor.default\">\n\t\t\t\t\t\t\t\t\t<table><thead><tr><th>Kenmerken<\/th><th>iPad Air<\/th><th>iPad Pro<\/th><\/tr><\/thead><tbody><tr><td>Werktijd Wi-Fi<\/td><td>tot 10 uur<\/td><td>tot 10 uur<\/td><\/tr><tr><td>Opladen<\/td><td>USB-C<\/td><td>USB-C \/ Thunderbolt (op geselecteerde Pro-modellen)<\/td><\/tr><tr><td>Mobiel werken<\/td><td>Ja<\/td><td>Ja<\/td><\/tr><\/tbody><\/table><p>Qua batterij presteren beide modellen vergelijkbaar. <strong>Een dag werken, studeren of reizen moet geen probleem zijn<\/strong>.<\/p><p> <\/p><p>De Pro Series geeft je een voorsprong met snellere poorten en betere interoperabiliteit met externe accessoires.<\/p>\t\t\t\t\t\t\t\t<\/div>\n\t\t\t\t<div class=\"elementor-element elementor-element-30f545d elementor-align-center elementor-widget elementor-widget-button\" data-id=\"30f545d\" data-element_type=\"widget\" data-widget_type=\"button.default\">\n\t\t\t\t\t\t\t\t\t\t<a class=\"elementor-button elementor-button-link elementor-size-sm\" href=\"https:\/\/swopify.com\/blog\/ipad-9-czy-10-generacji-ktory-tablet-apple-wybrac\/\">\n\t\t\t\t\t\t<span class=\"elementor-button-content-wrapper\">\n\t\t\t\t\t\t\t\t\t<span class=\"elementor-button-text\">iPad van de 9e of 10e generatie?  <\/span>\n\t\t\t\t\t<\/span>\n\t\t\t\t\t<\/a>\n\t\t\t\t\t\t\t\t<\/div>\n\t\t\t\t<div class=\"elementor-element elementor-element-e111a73 elementor-widget elementor-widget-heading\" data-id=\"e111a73\" data-element_type=\"widget\" data-widget_type=\"heading.default\">\n\t\t\t\t\t<h2 class=\"elementor-heading-title elementor-size-default\">Apple Pencil en toetsenborden<\/h2>\t\t\t\t<\/div>\n\t\t\t\t<div class=\"elementor-element elementor-element-99db6a3 elementor-widget elementor-widget-text-editor\" data-id=\"99db6a3\" data-element_type=\"widget\" data-widget_type=\"text-editor.default\">\n\t\t\t\t\t\t\t\t\t<table><thead><tr><th>Kenmerken<\/th><th>iPad Air<\/th><th>iPad Pro<\/th><\/tr><\/thead><tbody><tr><td>Apple pen<\/td><td>Ja<\/td><td>Ja<\/td><\/tr><tr><td>Magisch toetsenbord<\/td><td>Ja<\/td><td>Ja<\/td><\/tr><tr><td>Tekenen<\/td><td>Zeer goed<\/td><td>Beste<\/td><\/tr><tr><td>Schrijven<\/td><td>Zeer goed<\/td><td>Zeer goed<\/td><\/tr><\/tbody><\/table><p>Als je aantekeningen maakt, studeert of onderweg werkt, zijn beide modellen een zeer goede keuze.<\/p><p> <\/p><p>Voor professioneel tekenen geeft de <strong>Pro met een 120Hz scherm een natuurlijker gevoel<\/strong> en minder vertraging.<\/p>\t\t\t\t\t\t\t\t<\/div>\n\t\t<div class=\"elementor-element elementor-element-d0c2a7d e-grid e-con-full e-con e-child\" data-id=\"d0c2a7d\" data-element_type=\"container\">\n\t\t\t\t<div class=\"elementor-element elementor-element-131d876 elementor-widget elementor-widget-image\" data-id=\"131d876\" data-element_type=\"widget\" data-widget_type=\"image.default\">\n\t\t\t\t\t\t\t\t\t\t\t\t<figure class=\"wp-caption\">\n\t\t\t\t\t\t\t\t\t\t\t<a href=\"https:\/\/swopify.com\/pl-pl\/ipad-air-5-64gb-wifi-109quot-2022-ksiezycowa-poswiata-3721\">\n\t\t\t\t\t\t\t<img decoding=\"async\" src=\"https:\/\/swopify.com\/publicTmp\/pictures\/300x\/2d457e\/n5p4t630h070w1l715t0d0n7m3s4f1a6.webp\" title=\"\" alt=\"iPad Air 5 64GB WiFi 10.9&quot; (2022) Ksi\u0119\u017cycowa Po\u015bwiata\" loading=\"lazy\" \/>\t\t\t\t\t\t\t\t<\/a>\n\t\t\t\t\t\t\t\t\t\t\t<figcaption class=\"widget-image-caption wp-caption-text\">iPad Air 5 64 GB WiFi 10,9\" (2022) Maanlicht<\/figcaption>\n\t\t\t\t\t\t\t\t\t\t<\/figure>\n\t\t\t\t\t\t\t\t\t<\/div>\n\t\t\t\t<div class=\"elementor-element elementor-element-2c63431 elementor-widget elementor-widget-image\" data-id=\"2c63431\" data-element_type=\"widget\" data-widget_type=\"image.default\">\n\t\t\t\t\t\t\t\t\t\t\t\t<figure class=\"wp-caption\">\n\t\t\t\t\t\t\t\t\t\t\t<a href=\"https:\/\/swopify.com\/pl-pl\/ipad-air-5-64gb-wifi-109quot-2022-gwiezdna-szarosc-3722\">\n\t\t\t\t\t\t\t<img decoding=\"async\" src=\"https:\/\/swopify.com\/publicTmp\/pictures\/300x\/0e1f18\/n2d5s9q0g050o1s7w5o0c0b7a3f493r6.webp\" title=\"\" alt=\"iPad Air 5 64GB WiFi 10.9&quot; (2022) Gwiezdna Szaro\u015b\u0107\" loading=\"lazy\" \/>\t\t\t\t\t\t\t\t<\/a>\n\t\t\t\t\t\t\t\t\t\t\t<figcaption class=\"widget-image-caption wp-caption-text\">iPad Air 5 64 GB WiFi 10,9\" (2022) Stergrijs<\/figcaption>\n\t\t\t\t\t\t\t\t\t\t<\/figure>\n\t\t\t\t\t\t\t\t\t<\/div>\n\t\t\t\t<\/div>\n\t\t\t\t<div class=\"elementor-element elementor-element-d1120a1 elementor-widget elementor-widget-heading\" data-id=\"d1120a1\" data-element_type=\"widget\" data-widget_type=\"heading.default\">\n\t\t\t\t\t<h2 class=\"elementor-heading-title elementor-size-default\">Welke moet ik kiezen - iPad Pro of iPad Air?\n<\/h2>\t\t\t\t<\/div>\n\t\t\t\t<div class=\"elementor-element elementor-element-d90f265 elementor-widget elementor-widget-text-editor\" data-id=\"d90f265\" data-element_type=\"widget\" data-widget_type=\"text-editor.default\">\n\t\t\t\t\t\t\t\t\t<p><strong>Kies de Air serie als:<\/strong><\/p><ul><li>op zoek naar de beste prijs-kwaliteitverhouding<\/li><li>je studeert of werkt op kantoor<\/li><li>je maakt aantekeningen<\/li><li>je kijkt films en gebruikt internet<\/li><li>je hebt geen 120Hz nodig<\/li><\/ul><p> <\/p><p><strong>Kies de Pro Series als:<\/strong><\/p><ul><li>je werkt creatief<\/li><li>je bewerkt video<\/li><li>je tekent professioneel<\/li><li>je wilt het beste scherm van Apple<\/li><li>je je tablet elke dag vele uren gebruikt<\/li><\/ul>\t\t\t\t\t\t\t\t<\/div>\n\t\t\t\t<div class=\"elementor-element elementor-element-ac501c5 elementor-widget elementor-widget-heading\" data-id=\"ac501c5\" data-element_type=\"widget\" data-widget_type=\"heading.default\">\n\t\t\t\t\t<h2 class=\"elementor-heading-title elementor-size-default\">Koop goedkoper en slimmer - waarom zou je inzetten op een refurbished iPad?<\/h2>\t\t\t\t<\/div>\n\t\t\t\t<div class=\"elementor-element elementor-element-22fcedf elementor-widget elementor-widget-text-editor\" data-id=\"22fcedf\" data-element_type=\"widget\" data-widget_type=\"text-editor.default\">\n\t\t\t\t\t\t\t\t\t<p>Een nieuwe Apple tablet kopen is een behoorlijke uitgave, daarom kiezen steeds meer mensen voor <a href=\"https:\/\/swopify.com\/pl-pl\/tablety-apple\">refurbished iPads<\/a>. Het is een verstandige optie voor wie wil genieten van de kwaliteit van Apple, maar niet de volle prijs wil betalen voor een apparaat dat zo uit de doos komt. In de praktijk betekent dit dat je voor het budget van een nieuwe iPad Air vaak een krachtiger Pro-model kunt kopen, zoals de <a href=\"https:\/\/swopify.com\/pl-pl\/ipad-pro-2022-seria-m2\">iPad Pro M2<\/a> met een beter scherm, Face ID of meer geheugen.  <\/p><p> <\/p><p><strong>Als je bij SWOPiFY koopt, krijg je niet alleen een lagere prijs, maar ook gemoedsrust na de aankoop<\/strong>. Dit is vooral belangrijk bij hoogwaardige elektronica. <\/p><p> <\/p><p><strong>Voordelen van kopen bij SWOPiFY:<\/strong><\/p><ul><li>apparaten na professionele technische inspectie<\/li><li>garantie en ondersteuning na aankoop<\/li><li>duidelijke visuele en technische productconditie<\/li><li>aantrekkelijkere prijs dan nieuwe apparatuur<\/li><li>veilige aankoop bij een geverifieerde verkoper<\/li><li>een ecologische keuze in lijn met het concept van minder afval<\/li><\/ul><p> <\/p><p>Als je waar voor je geld wilt, is een refurbished iPad van SWOPiFY vaak een verstandigere keuze dan een nieuw, goedkoper model. <strong>Dit betekent dat je betere hardware kunt kopen, minder hoeft te betalen en jarenlang plezier hebt van je apparaat<\/strong>.<\/p>\t\t\t\t\t\t\t\t<\/div>\n\t\t<div class=\"elementor-element elementor-element-75b87af e-con-full e-flex e-con e-child\" data-id=\"75b87af\" data-element_type=\"container\">\n\t\t<div class=\"elementor-element elementor-element-a85155f e-grid e-con-full e-con e-child\" data-id=\"a85155f\" data-element_type=\"container\">\n\t\t\t\t<div class=\"elementor-element elementor-element-06f7cfb elementor-widget elementor-widget-image\" data-id=\"06f7cfb\" data-element_type=\"widget\" data-widget_type=\"image.default\">\n\t\t\t\t\t\t\t\t\t\t\t\t<figure class=\"wp-caption\">\n\t\t\t\t\t\t\t\t\t\t\t<a href=\"https:\/\/swopify.com\/pl-pl\/ipad-air-5-256gb-wifi-109quot-2022-gwiezdna-szarosc-3727\">\n\t\t\t\t\t\t\t<img decoding=\"async\" src=\"https:\/\/swopify.com\/publicTmp\/pictures\/300x\/3d8195\/z5m7l619v0w031x7q5h0w0n7o3l5n2z4.webp\" title=\"\" alt=\"iPad Air 5 256GB WiFi 10.9&quot; (2022) Gwiezdna Szaro\u015b\u0107\" loading=\"lazy\" \/>\t\t\t\t\t\t\t\t<\/a>\n\t\t\t\t\t\t\t\t\t\t\t<figcaption class=\"widget-image-caption wp-caption-text\">iPad Air 5 256 GB WiFi 10,9\" (2022) Stergrijs<\/figcaption>\n\t\t\t\t\t\t\t\t\t\t<\/figure>\n\t\t\t\t\t\t\t\t\t<\/div>\n\t\t\t\t<div class=\"elementor-element elementor-element-7569122 elementor-widget elementor-widget-image\" data-id=\"7569122\" data-element_type=\"widget\" data-widget_type=\"image.default\">\n\t\t\t\t\t\t\t\t\t\t\t\t<figure class=\"wp-caption\">\n\t\t\t\t\t\t\t\t\t\t\t<a href=\"https:\/\/swopify.com\/pl-pl\/ipad-air-5-256gb-wifi-109quot-2022-fioletowy-3724\">\n\t\t\t\t\t\t\t<img decoding=\"async\" src=\"https:\/\/swopify.com\/publicTmp\/pictures\/300x\/72e698\/p8z447k4m080o1d7c5x0x0l79334y5h9.webp\" title=\"\" alt=\"iPad Air 5 256GB WiFi 10.9&quot; (2022) Fioletowy\" loading=\"lazy\" \/>\t\t\t\t\t\t\t\t<\/a>\n\t\t\t\t\t\t\t\t\t\t\t<figcaption class=\"widget-image-caption wp-caption-text\">iPad Air 5 256 GB WiFi 10,9\" (2022) Paars<\/figcaption>\n\t\t\t\t\t\t\t\t\t\t<\/figure>\n\t\t\t\t\t\t\t\t\t<\/div>\n\t\t\t\t<\/div>\n\t\t\t\t<\/div>\n\t\t\t\t<\/div>\n\t\t<div class=\"elementor-element elementor-element-18cd69d e-con-full e-flex e-con e-child\" data-id=\"18cd69d\" data-element_type=\"container\" data-settings=\"{&quot;background_background&quot;:&quot;classic&quot;}\">\n\t\t\t\t<div class=\"elementor-element elementor-element-f50921e elementor-widget__width-initial elementor-widget elementor-widget-heading\" data-id=\"f50921e\" data-element_type=\"widget\" data-widget_type=\"heading.default\">\n\t\t\t\t\t<h2 class=\"elementor-heading-title elementor-size-default\">Veelgestelde vragen<\/h2>\t\t\t\t<\/div>\n\t\t\t\t<div class=\"elementor-element elementor-element-fe1af02 elementor-widget elementor-widget-n-accordion\" data-id=\"fe1af02\" data-element_type=\"widget\" data-settings=\"{&quot;n_accordion_animation_duration&quot;:{&quot;unit&quot;:&quot;ms&quot;,&quot;size&quot;:500,&quot;sizes&quot;:[]},&quot;default_state&quot;:&quot;expanded&quot;,&quot;max_items_expended&quot;:&quot;one&quot;}\" data-widget_type=\"nested-accordion.default\">\n\t\t\t\t\t\t\t<div class=\"e-n-accordion\" aria-label=\"Accordion. Open links with Enter or Space, close with Escape, and navigate with Arrow Keys\">\n\t\t\t\t\t\t<details id=\"e-n-accordion-item-2660\" class=\"e-n-accordion-item\" open>\n\t\t\t\t<summary class=\"e-n-accordion-item-title\" data-accordion-index=\"1\" tabindex=\"0\" aria-expanded=\"true\" aria-controls=\"e-n-accordion-item-2660\" >\n\t\t\t\t\t<span class='e-n-accordion-item-title-header'><div class=\"e-n-accordion-item-title-text\"> Is de iPad Air genoeg voor studies? <\/div><\/span>\n\t\t\t\t\t\t\t<span class='e-n-accordion-item-title-icon'>\n\t\t\t<span class='e-opened' ><svg xmlns=\"http:\/\/www.w3.org\/2000\/svg\" width=\"12\" height=\"8\" viewBox=\"0 0 12 8\" fill=\"none\"><path d=\"M6 0.000391054L12 6.00039L10.6 7.40039L6 2.80039L1.4 7.40039L-1.22392e-07 6.00039L6 0.000391054Z\" fill=\"#292D33\"><\/path><\/svg><\/span>\n\t\t\t<span class='e-closed'><svg xmlns=\"http:\/\/www.w3.org\/2000\/svg\" width=\"12\" height=\"8\" viewBox=\"0 0 12 8\" fill=\"none\"><path d=\"M6 7.4L0 1.4L1.4 0L6 4.6L10.6 0L12 1.4L6 7.4Z\" fill=\"#292D33\"><\/path><\/svg><\/span>\n\t\t<\/span>\n\n\t\t\t\t\t\t<\/summary>\n\t\t\t\t<div role=\"region\" aria-labelledby=\"e-n-accordion-item-2660\" class=\"elementor-element elementor-element-b87f5c7 e-con-full e-flex e-con e-child\" data-id=\"b87f5c7\" data-element_type=\"container\">\n\t\t\t\t<div class=\"elementor-element elementor-element-51be02f elementor-widget elementor-widget-text-editor\" data-id=\"51be02f\" data-element_type=\"widget\" data-widget_type=\"text-editor.default\">\n\t\t\t\t\t\t\t\t\t<p>Ja. Notities, PDF&#8217;s, Teams, Zoom, onderzoek en documenten werken probleemloos. <\/p>\t\t\t\t\t\t\t\t<\/div>\n\t\t\t\t<\/div>\n\t\t\t\t\t<\/details>\n\t\t\t\t\t\t<details id=\"e-n-accordion-item-2661\" class=\"e-n-accordion-item\" >\n\t\t\t\t<summary class=\"e-n-accordion-item-title\" data-accordion-index=\"2\" tabindex=\"-1\" aria-expanded=\"false\" aria-controls=\"e-n-accordion-item-2661\" >\n\t\t\t\t\t<span class='e-n-accordion-item-title-header'><div class=\"e-n-accordion-item-title-text\"> Is het het waard om extra te betalen voor een iPad Pro? <\/div><\/span>\n\t\t\t\t\t\t\t<span class='e-n-accordion-item-title-icon'>\n\t\t\t<span class='e-opened' ><svg xmlns=\"http:\/\/www.w3.org\/2000\/svg\" width=\"12\" height=\"8\" viewBox=\"0 0 12 8\" fill=\"none\"><path d=\"M6 0.000391054L12 6.00039L10.6 7.40039L6 2.80039L1.4 7.40039L-1.22392e-07 6.00039L6 0.000391054Z\" fill=\"#292D33\"><\/path><\/svg><\/span>\n\t\t\t<span class='e-closed'><svg xmlns=\"http:\/\/www.w3.org\/2000\/svg\" width=\"12\" height=\"8\" viewBox=\"0 0 12 8\" fill=\"none\"><path d=\"M6 7.4L0 1.4L1.4 0L6 4.6L10.6 0L12 1.4L6 7.4Z\" fill=\"#292D33\"><\/path><\/svg><\/span>\n\t\t<\/span>\n\n\t\t\t\t\t\t<\/summary>\n\t\t\t\t<div role=\"region\" aria-labelledby=\"e-n-accordion-item-2661\" class=\"elementor-element elementor-element-78c7be3 e-con-full e-flex e-con e-child\" data-id=\"78c7be3\" data-element_type=\"container\">\n\t\t\t\t<div class=\"elementor-element elementor-element-eaddd67 elementor-widget elementor-widget-text-editor\" data-id=\"eaddd67\" data-element_type=\"widget\" data-widget_type=\"text-editor.default\">\n\t\t\t\t\t\t\t\t\t<p>Ja, als je een 120Hz-scherm, Face ID en topprestaties wilt.<\/p>\t\t\t\t\t\t\t\t<\/div>\n\t\t\t\t<\/div>\n\t\t\t\t\t<\/details>\n\t\t\t\t\t\t<details id=\"e-n-accordion-item-2662\" class=\"e-n-accordion-item\" >\n\t\t\t\t<summary class=\"e-n-accordion-item-title\" data-accordion-index=\"3\" tabindex=\"-1\" aria-expanded=\"false\" aria-controls=\"e-n-accordion-item-2662\" >\n\t\t\t\t\t<span class='e-n-accordion-item-title-header'><div class=\"e-n-accordion-item-title-text\"> Wat is het grootste verschil tussen de iPad Air en de Pro? <\/div><\/span>\n\t\t\t\t\t\t\t<span class='e-n-accordion-item-title-icon'>\n\t\t\t<span class='e-opened' ><svg xmlns=\"http:\/\/www.w3.org\/2000\/svg\" width=\"12\" height=\"8\" viewBox=\"0 0 12 8\" fill=\"none\"><path d=\"M6 0.000391054L12 6.00039L10.6 7.40039L6 2.80039L1.4 7.40039L-1.22392e-07 6.00039L6 0.000391054Z\" fill=\"#292D33\"><\/path><\/svg><\/span>\n\t\t\t<span class='e-closed'><svg xmlns=\"http:\/\/www.w3.org\/2000\/svg\" width=\"12\" height=\"8\" viewBox=\"0 0 12 8\" fill=\"none\"><path d=\"M6 7.4L0 1.4L1.4 0L6 4.6L10.6 0L12 1.4L6 7.4Z\" fill=\"#292D33\"><\/path><\/svg><\/span>\n\t\t<\/span>\n\n\t\t\t\t\t\t<\/summary>\n\t\t\t\t<div role=\"region\" aria-labelledby=\"e-n-accordion-item-2662\" class=\"elementor-element elementor-element-bc80998 e-flex e-con-boxed e-con e-child\" data-id=\"bc80998\" data-element_type=\"container\">\n\t\t\t\t\t<div class=\"e-con-inner\">\n\t\t\t\t<div class=\"elementor-element elementor-element-c33a885 elementor-widget elementor-widget-text-editor\" data-id=\"c33a885\" data-element_type=\"widget\" data-widget_type=\"text-editor.default\">\n\t\t\t\t\t\t\t\t\t<p>De grootste verschillen zijn het scherm, de luidsprekers, Face ID en de professionele mogelijkheden.<\/p>\t\t\t\t\t\t\t\t<\/div>\n\t\t\t\t\t<\/div>\n\t\t\t\t<\/div>\n\t\t\t\t\t<\/details>\n\t\t\t\t\t\t<details id=\"e-n-accordion-item-2663\" class=\"e-n-accordion-item\" >\n\t\t\t\t<summary class=\"e-n-accordion-item-title\" data-accordion-index=\"4\" tabindex=\"-1\" aria-expanded=\"false\" aria-controls=\"e-n-accordion-item-2663\" >\n\t\t\t\t\t<span class='e-n-accordion-item-title-header'><div class=\"e-n-accordion-item-title-text\"> Heeft een refurbished iPad Pro zin? <\/div><\/span>\n\t\t\t\t\t\t\t<span class='e-n-accordion-item-title-icon'>\n\t\t\t<span class='e-opened' ><svg xmlns=\"http:\/\/www.w3.org\/2000\/svg\" width=\"12\" height=\"8\" viewBox=\"0 0 12 8\" fill=\"none\"><path d=\"M6 0.000391054L12 6.00039L10.6 7.40039L6 2.80039L1.4 7.40039L-1.22392e-07 6.00039L6 0.000391054Z\" fill=\"#292D33\"><\/path><\/svg><\/span>\n\t\t\t<span class='e-closed'><svg xmlns=\"http:\/\/www.w3.org\/2000\/svg\" width=\"12\" height=\"8\" viewBox=\"0 0 12 8\" fill=\"none\"><path d=\"M6 7.4L0 1.4L1.4 0L6 4.6L10.6 0L12 1.4L6 7.4Z\" fill=\"#292D33\"><\/path><\/svg><\/span>\n\t\t<\/span>\n\n\t\t\t\t\t\t<\/summary>\n\t\t\t\t<div role=\"region\" aria-labelledby=\"e-n-accordion-item-2663\" class=\"elementor-element elementor-element-c7b7a98 e-con-full e-flex e-con e-child\" data-id=\"c7b7a98\" data-element_type=\"container\">\n\t\t\t\t<div class=\"elementor-element elementor-element-7f3160e elementor-widget elementor-widget-text-editor\" data-id=\"7f3160e\" data-element_type=\"widget\" data-widget_type=\"text-editor.default\">\n\t\t\t\t\t\t\t\t\t<p data-start=\"5861\" data-end=\"6046\">Ja, vooral als je een eersteklas model wilt voor een budget dat in de buurt komt van de nieuwe iPad Air.<\/p>\t\t\t\t\t\t\t\t<\/div>\n\t\t\t\t<\/div>\n\t\t\t\t\t<\/details>\n\t\t\t\t\t<\/div>\n\t\t\t\t\t<script type=\"application\/ld+json\">{\"@context\":\"https:\\\/\\\/schema.org\",\"@type\":\"FAQPage\",\"mainEntity\":[{\"@type\":\"Question\",\"name\":\"Is de iPad Air genoeg voor studies?\",\"acceptedAnswer\":{\"@type\":\"Answer\",\"text\":\"Ja. Notities, PDF&#8217;s, Teams, Zoom, onderzoek en documenten werken probleemloos.\"}},{\"@type\":\"Question\",\"name\":\"Is het het waard om extra te betalen voor een iPad Pro?\",\"acceptedAnswer\":{\"@type\":\"Answer\",\"text\":\"Ja, als je een 120Hz-scherm, Face ID en topprestaties wilt.\"}},{\"@type\":\"Question\",\"name\":\"Wat is het grootste verschil tussen de iPad Air en de Pro?\",\"acceptedAnswer\":{\"@type\":\"Answer\",\"text\":\"De grootste verschillen zijn het scherm, de luidsprekers, Face ID en de professionele mogelijkheden.\"}},{\"@type\":\"Question\",\"name\":\"Heeft een refurbished iPad Pro zin?\",\"acceptedAnswer\":{\"@type\":\"Answer\",\"text\":\"Ja, vooral als je een eersteklas model wilt voor een budget dat in de buurt komt van de nieuwe iPad Air.\"}}]}<\/script>\n\t\t\t\t\t\t\t<\/div>\n\t\t\t\t<\/div>\n\t\t<div class=\"elementor-element elementor-element-3ced5f1 e-con-full elementor-hidden-tablet elementor-hidden-mobile e-flex e-con e-child\" data-id=\"3ced5f1\" data-element_type=\"container\" data-settings=\"{&quot;background_background&quot;:&quot;classic&quot;}\">\n\t\t<div class=\"elementor-element elementor-element-3771c2c e-con-full e-flex e-con e-child\" data-id=\"3771c2c\" data-element_type=\"container\">\n\t\t\t\t<div class=\"elementor-element elementor-element-1abce59 elementor-absolute elementor-widget elementor-widget-image\" data-id=\"1abce59\" data-element_type=\"widget\" data-settings=\"{&quot;_position&quot;:&quot;absolute&quot;}\" data-widget_type=\"image.default\">\n\t\t\t\t\t\t\t\t\t\t\t\t\t\t\t<img loading=\"lazy\" decoding=\"async\" width=\"196\" height=\"143\" src=\"https:\/\/swopify.com\/blog\/wp-content\/uploads\/2025\/07\/Vector-6.svg\" class=\"attachment-large size-large wp-image-4777\" alt=\"\" \/>\t\t\t\t\t\t\t\t\t\t\t\t\t\t\t<\/div>\n\t\t\t\t<div class=\"elementor-element elementor-element-3adc862 elementor-absolute elementor-widget elementor-widget-image\" data-id=\"3adc862\" data-element_type=\"widget\" data-settings=\"{&quot;_position&quot;:&quot;absolute&quot;}\" data-widget_type=\"image.default\">\n\t\t\t\t\t\t\t\t\t\t\t\t\t\t\t<img loading=\"lazy\" decoding=\"async\" width=\"196\" height=\"143\" src=\"https:\/\/swopify.com\/blog\/wp-content\/uploads\/2025\/07\/Vector-6.svg\" class=\"attachment-large size-large wp-image-4777\" alt=\"\" \/>\t\t\t\t\t\t\t\t\t\t\t\t\t\t\t<\/div>\n\t\t\t\t<div class=\"elementor-element elementor-element-7ffb0e8 elementor-absolute elementor-widget elementor-widget-image\" data-id=\"7ffb0e8\" data-element_type=\"widget\" data-settings=\"{&quot;_position&quot;:&quot;absolute&quot;}\" data-widget_type=\"image.default\">\n\t\t\t\t\t\t\t\t\t\t\t\t\t\t\t<img loading=\"lazy\" decoding=\"async\" width=\"53\" height=\"50\" src=\"https:\/\/swopify.com\/blog\/wp-content\/uploads\/2025\/07\/Vector-7.svg\" class=\"attachment-large size-large wp-image-4778\" alt=\"\" \/>\t\t\t\t\t\t\t\t\t\t\t\t\t\t\t<\/div>\n\t\t\t\t<div class=\"elementor-element elementor-element-f0dc3a5 elementor-widget elementor-widget-image\" data-id=\"f0dc3a5\" data-element_type=\"widget\" data-widget_type=\"image.default\">\n\t\t\t\t\t\t\t\t\t\t\t\t\t\t\t<img loading=\"lazy\" decoding=\"async\" width=\"685\" height=\"676\" src=\"https:\/\/swopify.com\/blog\/wp-content\/uploads\/2025\/08\/bartek_zdj.jpg\" class=\"attachment-large size-large wp-image-4779\" alt=\"\" srcset=\"https:\/\/swopify.com\/blog\/wp-content\/uploads\/2025\/08\/bartek_zdj.jpg 685w, https:\/\/swopify.com\/blog\/wp-content\/uploads\/2025\/08\/bartek_zdj-300x296.jpg 300w\" sizes=\"(max-width: 685px) 100vw, 685px\" \/>\t\t\t\t\t\t\t\t\t\t\t\t\t\t\t<\/div>\n\t\t\t\t<\/div>\n\t\t<div class=\"elementor-element elementor-element-c7fa709 e-con-full e-flex e-con e-child\" data-id=\"c7fa709\" data-element_type=\"container\">\n\t\t<div class=\"elementor-element elementor-element-7fd3302 e-con-full e-flex e-con e-child\" data-id=\"7fd3302\" data-element_type=\"container\">\n\t\t\t\t<div class=\"elementor-element elementor-element-9a3f2b5 elementor-widget elementor-widget-text-editor\" data-id=\"9a3f2b5\" data-element_type=\"widget\" data-widget_type=\"text-editor.default\">\n\t\t\t\t\t\t\t\t\t<p>OVER DE AUTEUR:<\/p>\t\t\t\t\t\t\t\t<\/div>\n\t\t\t\t<div class=\"elementor-element elementor-element-e6c5546 elementor-widget elementor-widget-text-editor\" data-id=\"e6c5546\" data-element_type=\"widget\" data-widget_type=\"text-editor.default\">\n\t\t\t\t\t\t\t\t\tBartek Zebrowski\t\t\t\t\t\t\t\t<\/div>\n\t\t\t\t<div class=\"elementor-element elementor-element-0f28a07 elementor-widget elementor-widget-text-editor\" data-id=\"0f28a07\" data-element_type=\"widget\" data-widget_type=\"text-editor.default\">\n\t\t\t\t\t\t\t\t\t<p>Ik ben gepassioneerd door refurbished elektronica &#8211; ik laat zien dat je geweldige apparatuur kunt hebben zonder te veel te betalen en zonder nog meer elektronica-rommel toe te voegen. Op mijn blog deel ik mijn kennis en ervaring om te inspireren tot slimmere en beter ge\u00efnformeerde technologiekeuzes. <\/p>\t\t\t\t\t\t\t\t<\/div>\n\t\t\t\t<\/div>\n\t\t\t\t<\/div>\n\t\t\t\t<\/div>\n\t\t<div class=\"elementor-element elementor-element-aaf9d0f e-con-full elementor-hidden-desktop e-flex e-con e-child\" data-id=\"aaf9d0f\" data-element_type=\"container\" data-settings=\"{&quot;background_background&quot;:&quot;classic&quot;}\">\n\t\t<div class=\"elementor-element elementor-element-a92490e e-con-full e-flex e-con e-child\" data-id=\"a92490e\" data-element_type=\"container\">\n\t\t\t\t<div class=\"elementor-element elementor-element-9ccff93 elementor-absolute elementor-widget elementor-widget-image\" data-id=\"9ccff93\" data-element_type=\"widget\" data-settings=\"{&quot;_position&quot;:&quot;absolute&quot;}\" data-widget_type=\"image.default\">\n\t\t\t\t\t\t\t\t\t\t\t\t\t\t\t<img loading=\"lazy\" decoding=\"async\" width=\"196\" height=\"143\" src=\"https:\/\/swopify.com\/blog\/wp-content\/uploads\/2025\/07\/Vector-6.svg\" class=\"attachment-large size-large wp-image-4777\" alt=\"\" \/>\t\t\t\t\t\t\t\t\t\t\t\t\t\t\t<\/div>\n\t\t\t\t<div class=\"elementor-element elementor-element-4f6644f elementor-absolute elementor-widget elementor-widget-image\" data-id=\"4f6644f\" data-element_type=\"widget\" data-settings=\"{&quot;_position&quot;:&quot;absolute&quot;}\" data-widget_type=\"image.default\">\n\t\t\t\t\t\t\t\t\t\t\t\t\t\t\t<img loading=\"lazy\" decoding=\"async\" width=\"196\" height=\"143\" src=\"https:\/\/swopify.com\/blog\/wp-content\/uploads\/2025\/07\/Vector-6.svg\" class=\"attachment-large size-large wp-image-4777\" alt=\"\" \/>\t\t\t\t\t\t\t\t\t\t\t\t\t\t\t<\/div>\n\t\t\t\t<div class=\"elementor-element elementor-element-9545908 elementor-absolute elementor-widget elementor-widget-image\" data-id=\"9545908\" data-element_type=\"widget\" data-settings=\"{&quot;_position&quot;:&quot;absolute&quot;}\" data-widget_type=\"image.default\">\n\t\t\t\t\t\t\t\t\t\t\t\t\t\t\t<img loading=\"lazy\" decoding=\"async\" width=\"53\" height=\"50\" src=\"https:\/\/swopify.com\/blog\/wp-content\/uploads\/2025\/07\/Vector-7.svg\" class=\"attachment-large size-large wp-image-4778\" alt=\"\" \/>\t\t\t\t\t\t\t\t\t\t\t\t\t\t\t<\/div>\n\t\t\t\t<div class=\"elementor-element elementor-element-40a2eb3 elementor-widget elementor-widget-image\" data-id=\"40a2eb3\" data-element_type=\"widget\" data-widget_type=\"image.default\">\n\t\t\t\t\t\t\t\t\t\t\t\t\t\t\t<img decoding=\"async\" src=\"https:\/\/secure.gravatar.com\/avatar\/1bd8afa4c1d6b4939151f7e8748c2d999db5bdeacaabc395e986297505ee7b4d?s=96&#038;d=mm&#038;r=g\" title=\"\" alt=\"\" loading=\"lazy\" \/>\t\t\t\t\t\t\t\t\t\t\t\t\t\t\t<\/div>\n\t\t\t\t<\/div>\n\t\t<div class=\"elementor-element elementor-element-d8018c1 e-con-full e-flex e-con e-child\" data-id=\"d8018c1\" data-element_type=\"container\">\n\t\t<div class=\"elementor-element elementor-element-4a0487a e-con-full e-flex e-con e-child\" data-id=\"4a0487a\" data-element_type=\"container\">\n\t\t\t\t<div class=\"elementor-element elementor-element-bd13085 elementor-widget elementor-widget-text-editor\" data-id=\"bd13085\" data-element_type=\"widget\" data-widget_type=\"text-editor.default\">\n\t\t\t\t\t\t\t\t\t<p>OVER DE AUTEUR:<\/p>\t\t\t\t\t\t\t\t<\/div>\n\t\t\t\t<div class=\"elementor-element elementor-element-a8f264b elementor-widget elementor-widget-text-editor\" data-id=\"a8f264b\" data-element_type=\"widget\" data-widget_type=\"text-editor.default\">\n\t\t\t\t\t\t\t\t\tBartek Zebrowski\t\t\t\t\t\t\t\t<\/div>\n\t\t\t\t<div class=\"elementor-element elementor-element-cd82148 elementor-widget elementor-widget-text-editor\" data-id=\"cd82148\" data-element_type=\"widget\" data-widget_type=\"text-editor.default\">\n\t\t\t\t\t\t\t\t\t<p>Ik ben gepassioneerd door refurbished elektronica &#8211; ik laat zien dat je geweldige apparatuur kunt hebben zonder te veel te betalen en zonder nog meer elektronica-rommel toe te voegen. Op mijn blog deel ik mijn kennis en ervaring om te inspireren tot slimmere en beter ge\u00efnformeerde technologiekeuzes. <\/p>\t\t\t\t\t\t\t\t<\/div>\n\t\t\t\t<\/div>\n\t\t\t\t<\/div>\n\t\t\t\t<\/div>\n\t\t\t\t<\/div>\n\t\t<div class=\"elementor-element elementor-element-50dccb7 e-con-full e-flex e-con e-child\" data-id=\"50dccb7\" data-element_type=\"container\" data-settings=\"{&quot;sticky&quot;:&quot;top&quot;,&quot;sticky_offset&quot;:150,&quot;sticky_parent&quot;:&quot;yes&quot;,&quot;sticky_on&quot;:[&quot;desktop&quot;],&quot;sticky_effects_offset&quot;:0,&quot;sticky_anchor_link_offset&quot;:0}\">\n\t\t<div class=\"elementor-element elementor-element-225abc7 e-con-full e-flex e-con e-child\" data-id=\"225abc7\" data-element_type=\"container\" data-settings=\"{&quot;background_background&quot;:&quot;classic&quot;}\">\n\t\t\t\t<div class=\"elementor-element elementor-element-fd93494 elementor-absolute elementor-widget elementor-widget-image\" data-id=\"fd93494\" data-element_type=\"widget\" data-settings=\"{&quot;_position&quot;:&quot;absolute&quot;}\" data-widget_type=\"image.default\">\n\t\t\t\t\t\t\t\t\t\t\t\t\t\t\t<img loading=\"lazy\" decoding=\"async\" width=\"257\" height=\"226\" src=\"https:\/\/swopify.com\/blog\/wp-content\/uploads\/2025\/07\/Vector-2.svg\" class=\"attachment-large size-large wp-image-4781\" alt=\"\" \/>\t\t\t\t\t\t\t\t\t\t\t\t\t\t\t<\/div>\n\t\t\t\t<div class=\"elementor-element elementor-element-8b1898e elementor-absolute elementor-widget elementor-widget-image\" data-id=\"8b1898e\" data-element_type=\"widget\" data-settings=\"{&quot;_position&quot;:&quot;absolute&quot;}\" data-widget_type=\"image.default\">\n\t\t\t\t\t\t\t\t\t\t\t\t\t\t\t<img loading=\"lazy\" decoding=\"async\" width=\"258\" height=\"195\" src=\"https:\/\/swopify.com\/blog\/wp-content\/uploads\/2025\/07\/Vector-3.svg\" class=\"attachment-large size-large wp-image-4782\" alt=\"\" \/>\t\t\t\t\t\t\t\t\t\t\t\t\t\t\t<\/div>\n\t\t\t\t<div class=\"elementor-element elementor-element-92ef408 custom-table-of-content elementor-widget elementor-widget-table-of-contents\" data-id=\"92ef408\" data-element_type=\"widget\" data-settings=\"{&quot;headings_by_tags&quot;:[&quot;h2&quot;],&quot;exclude_headings_by_selector&quot;:&quot;.latest-post-section&quot;,&quot;marker_view&quot;:&quot;bullets&quot;,&quot;icon&quot;:{&quot;value&quot;:&quot;&quot;,&quot;library&quot;:&quot;&quot;},&quot;no_headings_message&quot;:&quot;No headings were found on this page.&quot;,&quot;hierarchical_view&quot;:&quot;yes&quot;,&quot;min_height&quot;:{&quot;unit&quot;:&quot;px&quot;,&quot;size&quot;:&quot;&quot;,&quot;sizes&quot;:[]},&quot;min_height_tablet&quot;:{&quot;unit&quot;:&quot;px&quot;,&quot;size&quot;:&quot;&quot;,&quot;sizes&quot;:[]},&quot;min_height_mobile&quot;:{&quot;unit&quot;:&quot;px&quot;,&quot;size&quot;:&quot;&quot;,&quot;sizes&quot;:[]}}\" data-widget_type=\"table-of-contents.default\">\n\t\t\t\t\t\t\t\t\t<div class=\"elementor-toc__header\">\n\t\t\t\t\t\t<div class=\"elementor-toc__header-title\">\n\t\t\t\tInhoudsopgave:\t\t\t<\/div>\n\t\t\t\t\t\t\t\t<\/div>\n\t\t\t\t<div id=\"elementor-toc__92ef408\" class=\"elementor-toc__body\">\n\t\t\t<div class=\"elementor-toc__spinner-container\">\n\t\t\t\t<svg class=\"elementor-toc__spinner eicon-animation-spin e-font-icon-svg e-eicon-loading\" aria-hidden=\"true\" viewBox=\"0 0 1000 1000\" xmlns=\"http:\/\/www.w3.org\/2000\/svg\"><path d=\"M500 975V858C696 858 858 696 858 500S696 142 500 142 142 304 142 500H25C25 237 238 25 500 25S975 237 975 500 763 975 500 975Z\"><\/path><\/svg>\t\t\t<\/div>\n\t\t<\/div>\n\t\t\t\t\t\t<\/div>\n\t\t\t\t<\/div>\n\t\t\t\t<div class=\"elementor-element elementor-element-b48d790 button-with-arrow-right elementor-align-right elementor-hidden-tablet elementor-hidden-mobile elementor-widget elementor-widget-button\" data-id=\"b48d790\" data-element_type=\"widget\" data-widget_type=\"button.default\">\n\t\t\t\t\t\t\t\t\t\t<a class=\"elementor-button elementor-button-link elementor-size-sm\" href=\"#\">\n\t\t\t\t\t\t<span class=\"elementor-button-content-wrapper\">\n\t\t\t\t\t\t<span class=\"elementor-button-icon\">\n\t\t\t\t<svg xmlns=\"http:\/\/www.w3.org\/2000\/svg\" width=\"24\" height=\"24\" viewBox=\"0 0 24 24\" fill=\"none\"><mask id=\"mask0_137_1085\" style=\"mask-type:alpha\" maskUnits=\"userSpaceOnUse\" x=\"0\" y=\"0\" width=\"24\" height=\"24\"><rect width=\"24\" height=\"24\" fill=\"#D9D9D9\"><\/rect><\/mask><g mask=\"url(#mask0_137_1085)\"><path d=\"M5.4 20L4 18.6L15.6 7H9V5H19V15H17V8.4L5.4 20Z\" fill=\"white\"><\/path><\/g><\/svg>\t\t\t<\/span>\n\t\t\t\t\t\t\t\t\t<span class=\"elementor-button-text\">Terug naar de winkel<\/span>\n\t\t\t\t\t<\/span>\n\t\t\t\t\t<\/a>\n\t\t\t\t\t\t\t\t<\/div>\n\t\t\t\t<\/div>\n\t\t\t\t\t<\/div>\n\t\t\t\t<\/div>\n\t\t<div class=\"elementor-element elementor-element-b1e8d29 e-flex e-con-boxed e-con e-parent\" data-id=\"b1e8d29\" data-element_type=\"container\" data-settings=\"{&quot;background_background&quot;:&quot;classic&quot;}\">\n\t\t\t\t\t<div class=\"e-con-inner\">\n\t\t<div class=\"elementor-element elementor-element-cf40465 e-con-full elementor-hidden-desktop e-flex e-con e-child\" data-id=\"cf40465\" data-element_type=\"container\">\n\t\t<div class=\"elementor-element elementor-element-ea337e9 e-con-full e-flex e-con e-child\" data-id=\"ea337e9\" data-element_type=\"container\" data-settings=\"{&quot;background_background&quot;:&quot;classic&quot;,&quot;sticky&quot;:&quot;bottom&quot;,&quot;sticky_on&quot;:[&quot;tablet&quot;,&quot;mobile&quot;],&quot;sticky_offset_tablet&quot;:10,&quot;animation_tablet&quot;:&quot;none&quot;,&quot;sticky_offset&quot;:0,&quot;sticky_effects_offset&quot;:0,&quot;sticky_anchor_link_offset&quot;:0}\">\n\t\t\t\t<div class=\"elementor-element elementor-element-23c35b8 button-with-arrow-left elementor-align-right elementor-mobile-align-justify elementor-widget-mobile__width-auto elementor-widget elementor-widget-button\" data-id=\"23c35b8\" data-element_type=\"widget\" data-widget_type=\"button.default\">\n\t\t\t\t\t\t\t\t\t\t<a class=\"elementor-button elementor-button-link elementor-size-sm\" href=\"#spis-tresci\">\n\t\t\t\t\t\t<span class=\"elementor-button-content-wrapper\">\n\t\t\t\t\t\t<span class=\"elementor-button-icon\">\n\t\t\t\t<svg xmlns=\"http:\/\/www.w3.org\/2000\/svg\" width=\"24\" height=\"24\" viewBox=\"0 0 24 24\" fill=\"none\"><rect width=\"24\" height=\"24\" rx=\"12\" fill=\"#9A23FB\"><\/rect><path d=\"M7 15H17\" stroke=\"white\" stroke-width=\"2\" stroke-linecap=\"round\"><\/path><path d=\"M7 12H17\" stroke=\"white\" stroke-width=\"2\" stroke-linecap=\"round\"><\/path><path d=\"M7 9H17\" stroke=\"white\" stroke-width=\"2\" stroke-linecap=\"round\"><\/path><\/svg>\t\t\t<\/span>\n\t\t\t\t\t\t\t\t\t<span class=\"elementor-button-text\">Inhoudsopgave<\/span>\n\t\t\t\t\t<\/span>\n\t\t\t\t\t<\/a>\n\t\t\t\t\t\t\t\t<\/div>\n\t\t\t\t<div class=\"elementor-element elementor-element-99dfb18 button-with-arrow-right elementor-align-right elementor-widget-mobile__width-auto elementor-widget elementor-widget-button\" data-id=\"99dfb18\" data-element_type=\"widget\" data-widget_type=\"button.default\">\n\t\t\t\t\t\t\t\t\t\t<a class=\"elementor-button elementor-button-link elementor-size-sm\" href=\"#\">\n\t\t\t\t\t\t<span class=\"elementor-button-content-wrapper\">\n\t\t\t\t\t\t<span class=\"elementor-button-icon\">\n\t\t\t\t<svg xmlns=\"http:\/\/www.w3.org\/2000\/svg\" width=\"24\" height=\"24\" viewBox=\"0 0 24 24\" fill=\"none\"><mask id=\"mask0_137_1085\" style=\"mask-type:alpha\" maskUnits=\"userSpaceOnUse\" x=\"0\" y=\"0\" width=\"24\" height=\"24\"><rect width=\"24\" height=\"24\" fill=\"#D9D9D9\"><\/rect><\/mask><g mask=\"url(#mask0_137_1085)\"><path d=\"M5.4 20L4 18.6L15.6 7H9V5H19V15H17V8.4L5.4 20Z\" fill=\"white\"><\/path><\/g><\/svg>\t\t\t<\/span>\n\t\t\t\t\t\t\t\t\t<span class=\"elementor-button-text\">Terug naar de winkel<\/span>\n\t\t\t\t\t<\/span>\n\t\t\t\t\t<\/a>\n\t\t\t\t\t\t\t\t<\/div>\n\t\t\t\t<\/div>\n\t\t\t\t<\/div>\n\t\t\t\t\t<\/div>\n\t\t\t\t<\/div>\n\t\t\t\t<\/div>\n\t\t","protected":false},"excerpt":{"rendered":"<p>Welk model moet ik kiezen?<\/p>\n","protected":false},"author":3,"featured_media":6537,"comment_status":"closed","ping_status":"open","sticky":false,"template":"elementor_header_footer","format":"standard","meta":{"_acf_changed":false,"footnotes":""},"categories":[132],"tags":[],"class_list":["post-6536","post","type-post","status-publish","format-standard","has-post-thumbnail","hentry","category-tabletvergelijkingen"],"acf":[],"yoast_head":"<!-- This site is optimized with the Yoast SEO plugin v26.2 - https:\/\/yoast.com\/wordpress\/plugins\/seo\/ -->\n<title>iPad Pro of iPad Air? Welke Apple tablet moet ik kiezen?<\/title>\n<meta name=\"description\" content=\"iPad Air of iPad Pro? De ene verleidt met de prijs, de andere met de functies. Ontdek welke Apple tablet echt de moeite waard is om te kopen en bekijk de refurbished optie.\" \/>\n<meta name=\"robots\" content=\"index, follow, max-snippet:-1, max-image-preview:large, max-video-preview:-1\" \/>\n<link rel=\"canonical\" href=\"https:\/\/swopify.com\/blog\/nl\/ipad-pro-of-ipad-air-welke-apple-tablet-moet-jij-kiezen\/\" \/>\n<meta property=\"og:locale\" content=\"nl_NL\" \/>\n<meta property=\"og:type\" content=\"article\" \/>\n<meta property=\"og:title\" content=\"iPad Pro of iPad Air? Welke Apple tablet moet ik kiezen?\" \/>\n<meta property=\"og:description\" content=\"iPad Air of iPad Pro? De ene verleidt met de prijs, de andere met de functies. Ontdek welke Apple tablet echt de moeite waard is om te kopen en bekijk de refurbished optie.\" \/>\n<meta property=\"og:url\" content=\"https:\/\/swopify.com\/blog\/nl\/ipad-pro-of-ipad-air-welke-apple-tablet-moet-jij-kiezen\/\" \/>\n<meta property=\"og:site_name\" content=\"SWOPiFY\" \/>\n<meta property=\"article:publisher\" content=\"https:\/\/www.facebook.com\/swopify.polska\/\" \/>\n<meta property=\"article:published_time\" content=\"2026-04-27T15:34:37+00:00\" \/>\n<meta property=\"article:modified_time\" content=\"2026-04-30T06:07:27+00:00\" \/>\n<meta property=\"og:image\" content=\"https:\/\/swopify.com\/blog\/wp-content\/uploads\/2026\/04\/ipad-pro-vs-ipad-air.jpg\" \/>\n\t<meta property=\"og:image:width\" content=\"720\" \/>\n\t<meta property=\"og:image:height\" content=\"526\" \/>\n\t<meta property=\"og:image:type\" content=\"image\/jpeg\" \/>\n<meta name=\"author\" content=\"Bartek Zebrowski\" \/>\n<meta name=\"twitter:card\" content=\"summary_large_image\" \/>\n<meta name=\"twitter:label1\" content=\"Written by\" \/>\n\t<meta name=\"twitter:data1\" content=\"Bartek Zebrowski\" \/>\n\t<meta name=\"twitter:label2\" content=\"Est. reading time\" \/>\n\t<meta name=\"twitter:data2\" content=\"6 minuten\" \/>\n<script type=\"application\/ld+json\" class=\"yoast-schema-graph\">{\"@context\":\"https:\/\/schema.org\",\"@graph\":[{\"@type\":\"Article\",\"@id\":\"https:\/\/swopify.com\/blog\/nl\/ipad-pro-of-ipad-air-welke-apple-tablet-moet-jij-kiezen\/#article\",\"isPartOf\":{\"@id\":\"https:\/\/swopify.com\/blog\/nl\/ipad-pro-of-ipad-air-welke-apple-tablet-moet-jij-kiezen\/\"},\"author\":{\"name\":\"Bartek Zebrowski\",\"@id\":\"https:\/\/swopify.com\/blog\/#\/schema\/person\/33a2572ff16452bda32b9d8ef4080d16\"},\"headline\":\"iPad Pro of iPad Air? Welke Apple tablet moet jij kiezen?\",\"datePublished\":\"2026-04-27T15:34:37+00:00\",\"dateModified\":\"2026-04-30T06:07:27+00:00\",\"mainEntityOfPage\":{\"@id\":\"https:\/\/swopify.com\/blog\/nl\/ipad-pro-of-ipad-air-welke-apple-tablet-moet-jij-kiezen\/\"},\"wordCount\":1389,\"publisher\":{\"@id\":\"https:\/\/swopify.com\/blog\/#organization\"},\"image\":{\"@id\":\"https:\/\/swopify.com\/blog\/nl\/ipad-pro-of-ipad-air-welke-apple-tablet-moet-jij-kiezen\/#primaryimage\"},\"thumbnailUrl\":\"https:\/\/swopify.com\/blog\/wp-content\/uploads\/2026\/04\/ipad-pro-vs-ipad-air.jpg\",\"articleSection\":[\"Tabletvergelijkingen\"],\"inLanguage\":\"nl-NL\"},{\"@type\":\"WebPage\",\"@id\":\"https:\/\/swopify.com\/blog\/nl\/ipad-pro-of-ipad-air-welke-apple-tablet-moet-jij-kiezen\/\",\"url\":\"https:\/\/swopify.com\/blog\/nl\/ipad-pro-of-ipad-air-welke-apple-tablet-moet-jij-kiezen\/\",\"name\":\"iPad Pro of iPad Air? Welke Apple tablet moet ik kiezen?\",\"isPartOf\":{\"@id\":\"https:\/\/swopify.com\/blog\/#website\"},\"primaryImageOfPage\":{\"@id\":\"https:\/\/swopify.com\/blog\/nl\/ipad-pro-of-ipad-air-welke-apple-tablet-moet-jij-kiezen\/#primaryimage\"},\"image\":{\"@id\":\"https:\/\/swopify.com\/blog\/nl\/ipad-pro-of-ipad-air-welke-apple-tablet-moet-jij-kiezen\/#primaryimage\"},\"thumbnailUrl\":\"https:\/\/swopify.com\/blog\/wp-content\/uploads\/2026\/04\/ipad-pro-vs-ipad-air.jpg\",\"datePublished\":\"2026-04-27T15:34:37+00:00\",\"dateModified\":\"2026-04-30T06:07:27+00:00\",\"description\":\"iPad Air of iPad Pro? De ene verleidt met de prijs, de andere met de functies. Ontdek welke Apple tablet echt de moeite waard is om te kopen en bekijk de refurbished optie.\",\"breadcrumb\":{\"@id\":\"https:\/\/swopify.com\/blog\/nl\/ipad-pro-of-ipad-air-welke-apple-tablet-moet-jij-kiezen\/#breadcrumb\"},\"inLanguage\":\"nl-NL\",\"potentialAction\":[{\"@type\":\"ReadAction\",\"target\":[\"https:\/\/swopify.com\/blog\/nl\/ipad-pro-of-ipad-air-welke-apple-tablet-moet-jij-kiezen\/\"]}]},{\"@type\":\"ImageObject\",\"inLanguage\":\"nl-NL\",\"@id\":\"https:\/\/swopify.com\/blog\/nl\/ipad-pro-of-ipad-air-welke-apple-tablet-moet-jij-kiezen\/#primaryimage\",\"url\":\"https:\/\/swopify.com\/blog\/wp-content\/uploads\/2026\/04\/ipad-pro-vs-ipad-air.jpg\",\"contentUrl\":\"https:\/\/swopify.com\/blog\/wp-content\/uploads\/2026\/04\/ipad-pro-vs-ipad-air.jpg\",\"width\":720,\"height\":526,\"caption\":\"ipad pro vs ipad air\"},{\"@type\":\"BreadcrumbList\",\"@id\":\"https:\/\/swopify.com\/blog\/nl\/ipad-pro-of-ipad-air-welke-apple-tablet-moet-jij-kiezen\/#breadcrumb\",\"itemListElement\":[{\"@type\":\"ListItem\",\"position\":1,\"name\":\"Strona g\u0142\u00f3wna\",\"item\":\"https:\/\/swopify.com\/blog\/fr\/\"},{\"@type\":\"ListItem\",\"position\":2,\"name\":\"iPad Pro of iPad Air? Welke Apple tablet moet jij kiezen?\"}]},{\"@type\":\"WebSite\",\"@id\":\"https:\/\/swopify.com\/blog\/#website\",\"url\":\"https:\/\/swopify.com\/blog\/\",\"name\":\"SWOPiFY\",\"description\":\"Blog o elektronice refurbished\",\"publisher\":{\"@id\":\"https:\/\/swopify.com\/blog\/#organization\"},\"potentialAction\":[{\"@type\":\"SearchAction\",\"target\":{\"@type\":\"EntryPoint\",\"urlTemplate\":\"https:\/\/swopify.com\/blog\/?s={search_term_string}\"},\"query-input\":{\"@type\":\"PropertyValueSpecification\",\"valueRequired\":true,\"valueName\":\"search_term_string\"}}],\"inLanguage\":\"nl-NL\"},{\"@type\":\"Organization\",\"@id\":\"https:\/\/swopify.com\/blog\/#organization\",\"name\":\"SWOPiFY\",\"url\":\"https:\/\/swopify.com\/blog\/\",\"logo\":{\"@type\":\"ImageObject\",\"inLanguage\":\"nl-NL\",\"@id\":\"https:\/\/swopify.com\/blog\/#\/schema\/logo\/image\/\",\"url\":\"https:\/\/swopify.com\/blog\/wp-content\/uploads\/2025\/10\/swopify-blog-logo.png\",\"contentUrl\":\"https:\/\/swopify.com\/blog\/wp-content\/uploads\/2025\/10\/swopify-blog-logo.png\",\"width\":219,\"height\":33,\"caption\":\"SWOPiFY\"},\"image\":{\"@id\":\"https:\/\/swopify.com\/blog\/#\/schema\/logo\/image\/\"},\"sameAs\":[\"https:\/\/www.facebook.com\/swopify.polska\/\",\"https:\/\/www.instagram.com\/swopify_pl\"]},{\"@type\":\"Person\",\"@id\":\"https:\/\/swopify.com\/blog\/#\/schema\/person\/33a2572ff16452bda32b9d8ef4080d16\",\"name\":\"Bartek Zebrowski\",\"image\":{\"@type\":\"ImageObject\",\"inLanguage\":\"nl-NL\",\"@id\":\"https:\/\/swopify.com\/blog\/#\/schema\/person\/image\/\",\"url\":\"https:\/\/secure.gravatar.com\/avatar\/1bd8afa4c1d6b4939151f7e8748c2d999db5bdeacaabc395e986297505ee7b4d?s=96&d=mm&r=g\",\"contentUrl\":\"https:\/\/secure.gravatar.com\/avatar\/1bd8afa4c1d6b4939151f7e8748c2d999db5bdeacaabc395e986297505ee7b4d?s=96&d=mm&r=g\",\"caption\":\"Bartek Zebrowski\"},\"description\":\"Jestem pasjonatem odnowionej elektroniki \u2013 pokazuj\u0119, \u017ce mo\u017cna mie\u0107 \u015bwietny sprz\u0119t bez przep\u0142acania i bez dok\u0142adania kolejnych elektro\u015bmieci. Na blogu dziel\u0119 si\u0119 wiedz\u0105 i do\u015bwiadczeniem, \u017ceby inspirowa\u0107 do sprytniejszych i bardziej \u015bwiadomych wybor\u00f3w technologicznych.\"}]}<\/script>\n<!-- \/ Yoast SEO plugin. -->","yoast_head_json":{"title":"iPad Pro of iPad Air? Welke Apple tablet moet ik kiezen?","description":"iPad Air of iPad Pro? De ene verleidt met de prijs, de andere met de functies. Ontdek welke Apple tablet echt de moeite waard is om te kopen en bekijk de refurbished optie.","robots":{"index":"index","follow":"follow","max-snippet":"max-snippet:-1","max-image-preview":"max-image-preview:large","max-video-preview":"max-video-preview:-1"},"canonical":"https:\/\/swopify.com\/blog\/nl\/ipad-pro-of-ipad-air-welke-apple-tablet-moet-jij-kiezen\/","og_locale":"nl_NL","og_type":"article","og_title":"iPad Pro of iPad Air? Welke Apple tablet moet ik kiezen?","og_description":"iPad Air of iPad Pro? De ene verleidt met de prijs, de andere met de functies. Ontdek welke Apple tablet echt de moeite waard is om te kopen en bekijk de refurbished optie.","og_url":"https:\/\/swopify.com\/blog\/nl\/ipad-pro-of-ipad-air-welke-apple-tablet-moet-jij-kiezen\/","og_site_name":"SWOPiFY","article_publisher":"https:\/\/www.facebook.com\/swopify.polska\/","article_published_time":"2026-04-27T15:34:37+00:00","article_modified_time":"2026-04-30T06:07:27+00:00","og_image":[{"width":720,"height":526,"url":"https:\/\/swopify.com\/blog\/wp-content\/uploads\/2026\/04\/ipad-pro-vs-ipad-air.jpg","type":"image\/jpeg"}],"author":"Bartek Zebrowski","twitter_card":"summary_large_image","twitter_misc":{"Written by":"Bartek Zebrowski","Est. reading time":"6 minuten"},"schema":{"@context":"https:\/\/schema.org","@graph":[{"@type":"Article","@id":"https:\/\/swopify.com\/blog\/nl\/ipad-pro-of-ipad-air-welke-apple-tablet-moet-jij-kiezen\/#article","isPartOf":{"@id":"https:\/\/swopify.com\/blog\/nl\/ipad-pro-of-ipad-air-welke-apple-tablet-moet-jij-kiezen\/"},"author":{"name":"Bartek Zebrowski","@id":"https:\/\/swopify.com\/blog\/#\/schema\/person\/33a2572ff16452bda32b9d8ef4080d16"},"headline":"iPad Pro of iPad Air? Welke Apple tablet moet jij kiezen?","datePublished":"2026-04-27T15:34:37+00:00","dateModified":"2026-04-30T06:07:27+00:00","mainEntityOfPage":{"@id":"https:\/\/swopify.com\/blog\/nl\/ipad-pro-of-ipad-air-welke-apple-tablet-moet-jij-kiezen\/"},"wordCount":1389,"publisher":{"@id":"https:\/\/swopify.com\/blog\/#organization"},"image":{"@id":"https:\/\/swopify.com\/blog\/nl\/ipad-pro-of-ipad-air-welke-apple-tablet-moet-jij-kiezen\/#primaryimage"},"thumbnailUrl":"https:\/\/swopify.com\/blog\/wp-content\/uploads\/2026\/04\/ipad-pro-vs-ipad-air.jpg","articleSection":["Tabletvergelijkingen"],"inLanguage":"nl-NL"},{"@type":"WebPage","@id":"https:\/\/swopify.com\/blog\/nl\/ipad-pro-of-ipad-air-welke-apple-tablet-moet-jij-kiezen\/","url":"https:\/\/swopify.com\/blog\/nl\/ipad-pro-of-ipad-air-welke-apple-tablet-moet-jij-kiezen\/","name":"iPad Pro of iPad Air? Welke Apple tablet moet ik kiezen?","isPartOf":{"@id":"https:\/\/swopify.com\/blog\/#website"},"primaryImageOfPage":{"@id":"https:\/\/swopify.com\/blog\/nl\/ipad-pro-of-ipad-air-welke-apple-tablet-moet-jij-kiezen\/#primaryimage"},"image":{"@id":"https:\/\/swopify.com\/blog\/nl\/ipad-pro-of-ipad-air-welke-apple-tablet-moet-jij-kiezen\/#primaryimage"},"thumbnailUrl":"https:\/\/swopify.com\/blog\/wp-content\/uploads\/2026\/04\/ipad-pro-vs-ipad-air.jpg","datePublished":"2026-04-27T15:34:37+00:00","dateModified":"2026-04-30T06:07:27+00:00","description":"iPad Air of iPad Pro? De ene verleidt met de prijs, de andere met de functies. Ontdek welke Apple tablet echt de moeite waard is om te kopen en bekijk de refurbished optie.","breadcrumb":{"@id":"https:\/\/swopify.com\/blog\/nl\/ipad-pro-of-ipad-air-welke-apple-tablet-moet-jij-kiezen\/#breadcrumb"},"inLanguage":"nl-NL","potentialAction":[{"@type":"ReadAction","target":["https:\/\/swopify.com\/blog\/nl\/ipad-pro-of-ipad-air-welke-apple-tablet-moet-jij-kiezen\/"]}]},{"@type":"ImageObject","inLanguage":"nl-NL","@id":"https:\/\/swopify.com\/blog\/nl\/ipad-pro-of-ipad-air-welke-apple-tablet-moet-jij-kiezen\/#primaryimage","url":"https:\/\/swopify.com\/blog\/wp-content\/uploads\/2026\/04\/ipad-pro-vs-ipad-air.jpg","contentUrl":"https:\/\/swopify.com\/blog\/wp-content\/uploads\/2026\/04\/ipad-pro-vs-ipad-air.jpg","width":720,"height":526,"caption":"ipad pro vs ipad air"},{"@type":"BreadcrumbList","@id":"https:\/\/swopify.com\/blog\/nl\/ipad-pro-of-ipad-air-welke-apple-tablet-moet-jij-kiezen\/#breadcrumb","itemListElement":[{"@type":"ListItem","position":1,"name":"Strona g\u0142\u00f3wna","item":"https:\/\/swopify.com\/blog\/fr\/"},{"@type":"ListItem","position":2,"name":"iPad Pro of iPad Air? Welke Apple tablet moet jij kiezen?"}]},{"@type":"WebSite","@id":"https:\/\/swopify.com\/blog\/#website","url":"https:\/\/swopify.com\/blog\/","name":"SWOPiFY","description":"Blog o elektronice refurbished","publisher":{"@id":"https:\/\/swopify.com\/blog\/#organization"},"potentialAction":[{"@type":"SearchAction","target":{"@type":"EntryPoint","urlTemplate":"https:\/\/swopify.com\/blog\/?s={search_term_string}"},"query-input":{"@type":"PropertyValueSpecification","valueRequired":true,"valueName":"search_term_string"}}],"inLanguage":"nl-NL"},{"@type":"Organization","@id":"https:\/\/swopify.com\/blog\/#organization","name":"SWOPiFY","url":"https:\/\/swopify.com\/blog\/","logo":{"@type":"ImageObject","inLanguage":"nl-NL","@id":"https:\/\/swopify.com\/blog\/#\/schema\/logo\/image\/","url":"https:\/\/swopify.com\/blog\/wp-content\/uploads\/2025\/10\/swopify-blog-logo.png","contentUrl":"https:\/\/swopify.com\/blog\/wp-content\/uploads\/2025\/10\/swopify-blog-logo.png","width":219,"height":33,"caption":"SWOPiFY"},"image":{"@id":"https:\/\/swopify.com\/blog\/#\/schema\/logo\/image\/"},"sameAs":["https:\/\/www.facebook.com\/swopify.polska\/","https:\/\/www.instagram.com\/swopify_pl"]},{"@type":"Person","@id":"https:\/\/swopify.com\/blog\/#\/schema\/person\/33a2572ff16452bda32b9d8ef4080d16","name":"Bartek Zebrowski","image":{"@type":"ImageObject","inLanguage":"nl-NL","@id":"https:\/\/swopify.com\/blog\/#\/schema\/person\/image\/","url":"https:\/\/secure.gravatar.com\/avatar\/1bd8afa4c1d6b4939151f7e8748c2d999db5bdeacaabc395e986297505ee7b4d?s=96&d=mm&r=g","contentUrl":"https:\/\/secure.gravatar.com\/avatar\/1bd8afa4c1d6b4939151f7e8748c2d999db5bdeacaabc395e986297505ee7b4d?s=96&d=mm&r=g","caption":"Bartek Zebrowski"},"description":"Jestem pasjonatem odnowionej elektroniki \u2013 pokazuj\u0119, \u017ce mo\u017cna mie\u0107 \u015bwietny sprz\u0119t bez przep\u0142acania i bez dok\u0142adania kolejnych elektro\u015bmieci. Na blogu dziel\u0119 si\u0119 wiedz\u0105 i do\u015bwiadczeniem, \u017ceby inspirowa\u0107 do sprytniejszych i bardziej \u015bwiadomych wybor\u00f3w technologicznych."}]}},"_links":{"self":[{"href":"https:\/\/swopify.com\/blog\/nl\/wp-json\/wp\/v2\/posts\/6536","targetHints":{"allow":["GET"]}}],"collection":[{"href":"https:\/\/swopify.com\/blog\/nl\/wp-json\/wp\/v2\/posts"}],"about":[{"href":"https:\/\/swopify.com\/blog\/nl\/wp-json\/wp\/v2\/types\/post"}],"author":[{"embeddable":true,"href":"https:\/\/swopify.com\/blog\/nl\/wp-json\/wp\/v2\/users\/3"}],"replies":[{"embeddable":true,"href":"https:\/\/swopify.com\/blog\/nl\/wp-json\/wp\/v2\/comments?post=6536"}],"version-history":[{"count":1,"href":"https:\/\/swopify.com\/blog\/nl\/wp-json\/wp\/v2\/posts\/6536\/revisions"}],"predecessor-version":[{"id":6540,"href":"https:\/\/swopify.com\/blog\/nl\/wp-json\/wp\/v2\/posts\/6536\/revisions\/6540"}],"wp:featuredmedia":[{"embeddable":true,"href":"https:\/\/swopify.com\/blog\/nl\/wp-json\/wp\/v2\/media\/6537"}],"wp:attachment":[{"href":"https:\/\/swopify.com\/blog\/nl\/wp-json\/wp\/v2\/media?parent=6536"}],"wp:term":[{"taxonomy":"category","embeddable":true,"href":"https:\/\/swopify.com\/blog\/nl\/wp-json\/wp\/v2\/categories?post=6536"},{"taxonomy":"post_tag","embeddable":true,"href":"https:\/\/swopify.com\/blog\/nl\/wp-json\/wp\/v2\/tags?post=6536"}],"curies":[{"name":"wp","href":"https:\/\/api.w.org\/{rel}","templated":true}]}}