{"id":8067,"date":"2026-09-02T18:13:38","date_gmt":"2026-09-02T18:13:38","guid":{"rendered":"https:\/\/swopify.com\/blog\/?p=8067"},"modified":"2026-09-02T18:13:38","modified_gmt":"2026-09-02T18:13:38","slug":"nowe-mac-mini-i-mac-studio-czy-warto-inwestowac-w-najnowszy-sprzet-od-apple","status":"publish","type":"post","link":"https:\/\/swopify.com\/blog\/nowe-mac-mini-i-mac-studio-czy-warto-inwestowac-w-najnowszy-sprzet-od-apple\/","title":{"rendered":"Nowe Mac Mini i Mac Studio &#8211; czy warto inwestowa\u0107 w najnowszy sprz\u0119t od Apple"},"content":{"rendered":"\t\t<div data-elementor-type=\"wp-post\" data-elementor-id=\"8067\" class=\"elementor elementor-8067\" data-elementor-post-type=\"post\">\n\t\t\t\t<div class=\"elementor-element elementor-element-a068712 e-con-full latest-post-section elementor-hidden-desktop e-flex e-con e-parent\" data-id=\"a068712\" data-element_type=\"container\" data-settings=\"{&quot;background_background&quot;:&quot;classic&quot;}\">\n\t\t\t\t<div class=\"elementor-element elementor-element-96432e9 elementor-widget-tablet__width-inherit elementor-hidden-desktop elementor-widget elementor-widget-image\" data-id=\"96432e9\" data-element_type=\"widget\" data-widget_type=\"image.default\">\n\t\t\t\t\t\t\t\t\t\t\t\t\t\t\t<img fetchpriority=\"high\" decoding=\"async\" width=\"720\" height=\"526\" src=\"https:\/\/swopify.com\/blog\/wp-content\/uploads\/2026\/09\/nowy-mac-mini-i-mac-studio.jpg\" class=\"attachment-full size-full wp-image-8072\" alt=\"nowy mac mini i mac studio\" srcset=\"https:\/\/swopify.com\/blog\/wp-content\/uploads\/2026\/09\/nowy-mac-mini-i-mac-studio.jpg 720w, https:\/\/swopify.com\/blog\/wp-content\/uploads\/2026\/09\/nowy-mac-mini-i-mac-studio-300x219.jpg 300w\" sizes=\"(max-width: 720px) 100vw, 720px\" \/>\t\t\t\t\t\t\t\t\t\t\t\t\t\t\t<\/div>\n\t\t<div class=\"elementor-element elementor-element-6bb8681 e-con-full e-flex e-con e-child\" data-id=\"6bb8681\" data-element_type=\"container\">\n\t\t\t\t<div class=\"elementor-element elementor-element-1b46a36 elementor-widget elementor-widget-theme-post-title elementor-page-title elementor-widget-heading\" data-id=\"1b46a36\" data-element_type=\"widget\" data-widget_type=\"theme-post-title.default\">\n\t\t\t\t\t<h2 class=\"elementor-heading-title elementor-size-default\">Nowe Mac Mini i Mac Studio &#8211; czy warto inwestowa\u0107 w najnowszy sprz\u0119t od Apple<\/h2>\t\t\t\t<\/div>\n\t\t\t\t<div class=\"elementor-element elementor-element-fe62531 elementor-widget elementor-widget-theme-post-excerpt\" data-id=\"fe62531\" data-element_type=\"widget\" data-widget_type=\"theme-post-excerpt.default\">\n\t\t\t\t\tRozwiewamy Twoje w\u0105tpliwo\u015bci!\t\t\t\t<\/div>\n\t\t<div class=\"elementor-element elementor-element-22aeab8 e-con-full e-flex e-con e-child\" data-id=\"22aeab8\" data-element_type=\"container\">\n\t\t<div class=\"elementor-element elementor-element-25da75f e-con-full custom-author-box e-flex e-con e-child\" data-id=\"25da75f\" data-element_type=\"container\" data-settings=\"{&quot;background_background&quot;:&quot;classic&quot;}\">\n\t\t<div class=\"elementor-element elementor-element-5354aaa e-con-full e-flex e-con e-child\" data-id=\"5354aaa\" data-element_type=\"container\">\n\t\t\t\t<div class=\"elementor-element elementor-element-d5efa74 elementor-widget elementor-widget-image\" data-id=\"d5efa74\" data-element_type=\"widget\" data-widget_type=\"image.default\">\n\t\t\t\t\t\t\t\t\t\t\t\t\t\t\t<img decoding=\"async\" src=\"https:\/\/secure.gravatar.com\/avatar\/1bd8afa4c1d6b4939151f7e8748c2d999db5bdeacaabc395e986297505ee7b4d?s=96&#038;d=mm&#038;r=g\" title=\"\" alt=\"\" loading=\"lazy\" \/>\t\t\t\t\t\t\t\t\t\t\t\t\t\t\t<\/div>\n\t\t\t\t<\/div>\n\t\t<div class=\"elementor-element elementor-element-6e94afd e-con-full e-flex e-con e-child\" data-id=\"6e94afd\" data-element_type=\"container\">\n\t\t\t\t<div class=\"elementor-element elementor-element-c0edeef elementor-widget elementor-widget-text-editor\" data-id=\"c0edeef\" data-element_type=\"widget\" data-widget_type=\"text-editor.default\">\n\t\t\t\t\t\t\t\t\tBartek Zebrowski\t\t\t\t\t\t\t\t<\/div>\n\t\t\t\t<div class=\"elementor-element elementor-element-646ebb9 elementor-widget elementor-widget-text-editor\" data-id=\"646ebb9\" data-element_type=\"widget\" data-widget_type=\"text-editor.default\">\n\t\t\t\t\t\t\t\t\tCEO &amp; Founder SWOPiFY\t\t\t\t\t\t\t\t<\/div>\n\t\t\t\t<\/div>\n\t\t\t\t<\/div>\n\t\t<div class=\"elementor-element elementor-element-cf6608d e-con-full custom-post-date-box e-flex e-con e-child\" data-id=\"cf6608d\" data-element_type=\"container\" data-settings=\"{&quot;background_background&quot;:&quot;classic&quot;}\">\n\t\t<div class=\"elementor-element elementor-element-fc7af8a e-con-full e-flex e-con e-child\" data-id=\"fc7af8a\" data-element_type=\"container\" data-settings=\"{&quot;background_background&quot;:&quot;classic&quot;}\">\n\t\t\t\t<div class=\"elementor-element elementor-element-8e22557 elementor-widget elementor-widget-image\" data-id=\"8e22557\" data-element_type=\"widget\" data-widget_type=\"image.default\">\n\t\t\t\t\t\t\t\t\t\t\t\t\t\t\t<img decoding=\"async\" width=\"24\" height=\"24\" src=\"https:\/\/swopify.com\/blog\/wp-content\/uploads\/2025\/07\/calendar_month.svg\" class=\"attachment-large size-large wp-image-161\" alt=\"\" \/>\t\t\t\t\t\t\t\t\t\t\t\t\t\t\t<\/div>\n\t\t\t\t<\/div>\n\t\t<div class=\"elementor-element elementor-element-576c4a4 e-con-full e-flex e-con e-child\" data-id=\"576c4a4\" data-element_type=\"container\">\n\t\t\t\t<div class=\"elementor-element elementor-element-f3d4b85 elementor-widget elementor-widget-text-editor\" data-id=\"f3d4b85\" data-element_type=\"widget\" data-widget_type=\"text-editor.default\">\n\t\t\t\t\t\t\t\t\t<p>Dodano:<\/p>\t\t\t\t\t\t\t\t<\/div>\n\t\t\t\t<div class=\"elementor-element elementor-element-4248fdc elementor-widget elementor-widget-text-editor\" data-id=\"4248fdc\" data-element_type=\"widget\" data-widget_type=\"text-editor.default\">\n\t\t\t\t\t\t\t\t\t2 wrze\u015bnia 2026\t\t\t\t\t\t\t\t<\/div>\n\t\t\t\t<\/div>\n\t\t\t\t<\/div>\n\t\t\t\t<\/div>\n\t\t\t\t<\/div>\n\t\t\t\t<\/div>\n\t\t<div class=\"elementor-element elementor-element-734dc151 elementor-hidden-tablet elementor-hidden-mobile e-flex e-con-boxed e-con e-parent\" data-id=\"734dc151\" data-element_type=\"container\" data-settings=\"{&quot;background_background&quot;:&quot;classic&quot;}\">\n\t\t\t\t\t<div class=\"e-con-inner\">\n\t\t<div class=\"elementor-element elementor-element-652d8125 e-con-full latest-post-section e-flex e-con e-child\" data-id=\"652d8125\" data-element_type=\"container\" data-settings=\"{&quot;background_background&quot;:&quot;classic&quot;}\">\n\t\t<div class=\"elementor-element elementor-element-4977ddce e-con-full e-flex e-con e-child\" data-id=\"4977ddce\" data-element_type=\"container\">\n\t\t\t\t<div class=\"elementor-element elementor-element-4f318805 elementor-widget elementor-widget-theme-post-excerpt\" data-id=\"4f318805\" data-element_type=\"widget\" data-widget_type=\"theme-post-excerpt.default\">\n\t\t\t\t\tRozwiewamy Twoje w\u0105tpliwo\u015bci!\t\t\t\t<\/div>\n\t\t<div class=\"elementor-element elementor-element-2a9a308b e-con-full e-flex e-con e-child\" data-id=\"2a9a308b\" data-element_type=\"container\">\n\t\t<div class=\"elementor-element elementor-element-63a72ec2 e-con-full custom-author-box e-flex e-con e-child\" data-id=\"63a72ec2\" data-element_type=\"container\" data-settings=\"{&quot;background_background&quot;:&quot;classic&quot;}\">\n\t\t\t\t<div class=\"elementor-element elementor-element-520b9db elementor-widget elementor-widget-image\" data-id=\"520b9db\" data-element_type=\"widget\" data-widget_type=\"image.default\">\n\t\t\t\t\t\t\t\t\t\t\t\t\t\t\t<img decoding=\"async\" width=\"527\" height=\"661\" src=\"https:\/\/swopify.com\/blog\/wp-content\/uploads\/2025\/08\/bartek-2.png\" class=\"attachment-large size-large wp-image-1636\" alt=\"\" srcset=\"https:\/\/swopify.com\/blog\/wp-content\/uploads\/2025\/08\/bartek-2.png 527w, https:\/\/swopify.com\/blog\/wp-content\/uploads\/2025\/08\/bartek-2-239x300.png 239w\" sizes=\"(max-width: 527px) 100vw, 527px\" \/>\t\t\t\t\t\t\t\t\t\t\t\t\t\t\t<\/div>\n\t\t<div class=\"elementor-element elementor-element-45febd2e e-con-full e-flex e-con e-child\" data-id=\"45febd2e\" data-element_type=\"container\">\n\t\t\t\t<div class=\"elementor-element elementor-element-6a94c6b0 elementor-widget elementor-widget-text-editor\" data-id=\"6a94c6b0\" data-element_type=\"widget\" data-widget_type=\"text-editor.default\">\n\t\t\t\t\t\t\t\t\tBartek Zebrowski\t\t\t\t\t\t\t\t<\/div>\n\t\t\t\t<\/div>\n\t\t\t\t<\/div>\n\t\t<div class=\"elementor-element elementor-element-4dd10440 e-con-full custom-post-date-box e-flex e-con e-child\" data-id=\"4dd10440\" data-element_type=\"container\" data-settings=\"{&quot;background_background&quot;:&quot;classic&quot;}\">\n\t\t<div class=\"elementor-element elementor-element-2d72c32 e-con-full e-flex e-con e-child\" data-id=\"2d72c32\" data-element_type=\"container\" data-settings=\"{&quot;background_background&quot;:&quot;classic&quot;}\">\n\t\t\t\t<div class=\"elementor-element elementor-element-7390850b elementor-widget elementor-widget-image\" data-id=\"7390850b\" data-element_type=\"widget\" data-widget_type=\"image.default\">\n\t\t\t\t\t\t\t\t\t\t\t\t\t\t\t<img decoding=\"async\" width=\"24\" height=\"24\" src=\"https:\/\/swopify.com\/blog\/wp-content\/uploads\/2025\/07\/calendar_month.svg\" class=\"attachment-large size-large wp-image-161\" alt=\"\" \/>\t\t\t\t\t\t\t\t\t\t\t\t\t\t\t<\/div>\n\t\t\t\t<\/div>\n\t\t<div class=\"elementor-element elementor-element-6e99fe5 e-con-full e-flex e-con e-child\" data-id=\"6e99fe5\" data-element_type=\"container\">\n\t\t\t\t<div class=\"elementor-element elementor-element-5e913b93 elementor-widget elementor-widget-text-editor\" data-id=\"5e913b93\" data-element_type=\"widget\" data-widget_type=\"text-editor.default\">\n\t\t\t\t\t\t\t\t\t<p>Dodano:<\/p>\t\t\t\t\t\t\t\t<\/div>\n\t\t\t\t<div class=\"elementor-element elementor-element-6a6d6747 elementor-widget elementor-widget-text-editor\" data-id=\"6a6d6747\" data-element_type=\"widget\" data-widget_type=\"text-editor.default\">\n\t\t\t\t\t\t\t\t\t2 wrze\u015bnia 2026\t\t\t\t\t\t\t\t<\/div>\n\t\t\t\t<\/div>\n\t\t\t\t<\/div>\n\t\t\t\t<\/div>\n\t\t\t\t<\/div>\n\t\t\t\t<\/div>\n\t\t\t\t\t<\/div>\n\t\t\t\t<\/div>\n\t\t<div class=\"elementor-element elementor-element-52080da e-flex e-con-boxed e-con e-parent\" data-id=\"52080da\" data-element_type=\"container\">\n\t\t\t\t\t<div class=\"e-con-inner\">\n\t\t\t\t<div class=\"elementor-element elementor-element-afb8e18 elementor-widget__width-initial elementor-widget-mobile__width-inherit elementor-widget elementor-widget-text-editor\" data-id=\"afb8e18\" data-element_type=\"widget\" data-widget_type=\"text-editor.default\">\n\t\t\t\t\t\t\t\t\t<strong><span style=\"color: #9a23fb;\">Nowe Mac mini i Mac Studio kusz\u0105 najnowszymi uk\u0142adami Apple i obietnic\u0105 jeszcze wi\u0119kszej wydajno\u015bci, ale czy rzeczywi\u015bcie warto si\u0119ga\u0107 po najnowsz\u0105 generacj\u0119? <\/span><\/strong>W przypadku tych komputer\u00f3w odpowied\u017a zale\u017cy przede wszystkim od tego, do czego zamierzasz ich u\u017cywa\u0107. Sprawdzamy, co oferuj\u0105 nowe modele, dla kogo ich mo\u017cliwo\u015bci b\u0119d\u0105 realn\u0105 korzy\u015bci\u0105 i kiedy zakup poprzedniej generacji lub odnowionego Maca mo\u017ce by\u0107 po prostu rozs\u0105dniejszym wyborem.\t\t\t\t\t\t\t\t<\/div>\n\t\t\t\t<div class=\"elementor-element elementor-element-7413e1f elementor-absolute elementor-widget elementor-widget-image\" data-id=\"7413e1f\" data-element_type=\"widget\" data-settings=\"{&quot;_position&quot;:&quot;absolute&quot;}\" data-widget_type=\"image.default\">\n\t\t\t\t\t\t\t\t\t\t\t\t\t\t\t<img loading=\"lazy\" decoding=\"async\" width=\"210\" height=\"210\" src=\"https:\/\/swopify.com\/blog\/wp-content\/uploads\/2025\/07\/Vector-1.svg\" class=\"attachment-large size-large wp-image-558\" alt=\"\" \/>\t\t\t\t\t\t\t\t\t\t\t\t\t\t\t<\/div>\n\t\t\t\t\t<\/div>\n\t\t\t\t<\/div>\n\t\t<div class=\"elementor-element elementor-element-0b30c63 e-flex e-con-boxed e-con e-parent\" data-id=\"0b30c63\" data-element_type=\"container\" id=\"spis-tresci\" data-settings=\"{&quot;background_background&quot;:&quot;classic&quot;}\">\n\t\t\t\t\t<div class=\"e-con-inner\">\n\t\t<div class=\"elementor-element elementor-element-e36fba8 e-con-full e-flex e-con e-child\" data-id=\"e36fba8\" data-element_type=\"container\">\n\t\t<div class=\"elementor-element elementor-element-893e05c e-con-full e-flex e-con e-child\" data-id=\"893e05c\" data-element_type=\"container\" data-settings=\"{&quot;background_background&quot;:&quot;classic&quot;}\">\n\t\t\t\t<div class=\"elementor-element elementor-element-8dfa69c elementor-widget__width-initial elementor-widget elementor-widget-heading\" data-id=\"8dfa69c\" data-element_type=\"widget\" data-widget_type=\"heading.default\">\n\t\t\t\t\t<h2 class=\"elementor-heading-title elementor-size-default\">Czy warto kupi\u0107 nowego Maca mini lub Maca Studio - najwa\u017cniejsze informacje\n<\/h2>\t\t\t\t<\/div>\n\t\t\t\t<div class=\"elementor-element elementor-element-5b6fc7e elementor-widget elementor-widget-text-editor\" data-id=\"5b6fc7e\" data-element_type=\"widget\" data-widget_type=\"text-editor.default\">\n\t\t\t\t\t\t\t\t\t<ul><li>Nowy Mac mini\u00a0to kompaktowy komputer przeznaczony przede wszystkim do codziennej pracy, nauki, programowania i mniej wymagaj\u0105cych zada\u0144 kreatywnych.<\/li><li>Mac mini z M5 Pro\u00a0oferuje wi\u0119kszy zapas mocy dla os\u00f3b pracuj\u0105cych z bardziej wymagaj\u0105cymi aplikacjami, grafik\u0105 czy monta\u017cem wideo.<\/li><li>Mac Studio z M5 Max\u00a0jest skierowany do profesjonalnych zastosowa\u0144, w kt\u00f3rych liczy si\u0119 wysoka wydajno\u015b\u0107 procesora i grafiki przy pracy z wymagaj\u0105cymi projektami.<\/li><li>Mac Studio z M5 Ultra\u00a0to propozycja dla najbardziej wymagaj\u0105cych u\u017cytkownik\u00f3w, kt\u00f3rzy potrzebuj\u0105 du\u017cej mocy obliczeniowej i ogromnej ilo\u015bci pami\u0119ci.<\/li><li>Najnowszy model nie zawsze oznacza najlepszy wyb\u00f3r\u00a0\u2013 przed zakupem warto sprawdzi\u0107, czy dodatkowa wydajno\u015b\u0107 rzeczywi\u015bcie b\u0119dzie potrzebna w codziennej pracy.<\/li><\/ul>\t\t\t\t\t\t\t\t<\/div>\n\t\t<div class=\"elementor-element elementor-element-55b97f4 e-grid e-con-full e-con e-child\" data-id=\"55b97f4\" data-element_type=\"container\">\n\t\t\t\t<div class=\"elementor-element elementor-element-7c581f6 elementor-widget elementor-widget-image\" data-id=\"7c581f6\" data-element_type=\"widget\" data-widget_type=\"image.default\">\n\t\t\t\t\t\t\t\t\t\t\t\t<figure class=\"wp-caption\">\n\t\t\t\t\t\t\t\t\t\t\t<a href=\"https:\/\/swopify.com\/pl-pl\/macbook-pro-16-2023-apple-m3-max-16-rdzeniowy-cpu-i-40-rdzeniowy-gpu-48-gb-ram-ssd-2-tb-srebrny-6564\">\n\t\t\t\t\t\t\t<img decoding=\"async\" src=\"https:\/\/swopify.com\/publicTmp\/pictures\/300x\/2812a6\/w2b9s2q5e060w1y7l5q5q5y9j5z5n3e8.webp\" title=\"\" alt=\"MacBook Pro 16\u2033 (2023) \u2013 Apple M3 Max 16-rdzeniowy CPU i 40-rdzeniowy GPU \u2013 48 GB RAM \u2013 SSD 2 TB \u2013 Srebrny\" loading=\"lazy\" \/>\t\t\t\t\t\t\t\t<\/a>\n\t\t\t\t\t\t\t\t\t\t\t<figcaption class=\"widget-image-caption wp-caption-text\">MacBook Pro 16\u2033 (2023) \u2013 Apple M3 Max 16-rdzeniowy CPU i 40-rdzeniowy GPU \u2013 48 GB RAM \u2013 SSD 2 TB \u2013 Srebrny<\/figcaption>\n\t\t\t\t\t\t\t\t\t\t<\/figure>\n\t\t\t\t\t\t\t\t\t<\/div>\n\t\t\t\t<div class=\"elementor-element elementor-element-7c9d2d7 elementor-widget elementor-widget-image\" data-id=\"7c9d2d7\" data-element_type=\"widget\" data-widget_type=\"image.default\">\n\t\t\t\t\t\t\t\t\t\t\t\t<figure class=\"wp-caption\">\n\t\t\t\t\t\t\t\t\t\t\t<a href=\"https:\/\/swopify.com\/pl-pl\/macbook-pro-16-2023-apple-m3-pro-12-rdzeniowy-cpu-i-18-rdzeniowy-gpu-36-gb-ram-ssd-512-gb-gwiezdna-czern-6553\">\n\t\t\t\t\t\t\t<img decoding=\"async\" src=\"https:\/\/swopify.com\/publicTmp\/pictures\/300x\/2ddaff\/a8k963y6n0d0b1q7p5r5v5q9s7g5l4u1.webp\" title=\"\" alt=\"MacBook Pro 16\u2033 (2023) \u2013 Apple M3 Pro 12-rdzeniowy CPU i 18-rdzeniowy GPU \u2013 36 GB RAM \u2013 SSD 512 GB \u2013 Gwiezdna Czer\u0144\" loading=\"lazy\" \/>\t\t\t\t\t\t\t\t<\/a>\n\t\t\t\t\t\t\t\t\t\t\t<figcaption class=\"widget-image-caption wp-caption-text\">MacBook Pro 16\u2033 (2023) \u2013 Apple M3 Pro 12-rdzeniowy CPU i 18-rdzeniowy GPU \u2013 36 GB RAM \u2013 SSD 512 GB \u2013 Gwiezdna Czer\u0144<\/figcaption>\n\t\t\t\t\t\t\t\t\t\t<\/figure>\n\t\t\t\t\t\t\t\t\t<\/div>\n\t\t\t\t<\/div>\n\t\t\t\t<div class=\"elementor-element elementor-element-4185a15 elementor-widget elementor-widget-heading\" data-id=\"4185a15\" data-element_type=\"widget\" data-widget_type=\"heading.default\">\n\t\t\t\t\t<h2 class=\"elementor-heading-title elementor-size-default\">Co nowego oferuje Mac mini M6?\n<\/h2>\t\t\t\t<\/div>\n\t\t\t\t<div class=\"elementor-element elementor-element-eb1a27f elementor-widget elementor-widget-text-editor\" data-id=\"eb1a27f\" data-element_type=\"widget\" data-widget_type=\"text-editor.default\">\n\t\t\t\t\t\t\t\t\t<p><strong>Nowy Mac mini M6 jest skierowany przede wszystkim do os\u00f3b, kt\u00f3re chc\u0105 mie\u0107 wydajny komputer stacjonarny zajmuj\u0105cy niewiele miejsca<\/strong>. Apple deklaruje nawet 40% wy\u017csz\u0105 wydajno\u015b\u0107 CPU, dwukrotnie szybsz\u0105 grafik\u0119 i pami\u0119\u0107 masow\u0105 oraz nawet czterokrotnie wy\u017csz\u0105 wydajno\u015b\u0107 w zadaniach AI w por\u00f3wnaniu z poprzedni\u0105 generacj\u0105 z M4.<\/p><p>\u00a0<\/p><p><strong>M6 ma 12-rdzeniowe CPU i 12-rdzeniowe GPU, a podstawowa konfiguracja otrzymuje 16 GB zunifikowanej pami\u0119ci RAM z mo\u017cliwo\u015bci\u0105 rozszerzenia do 32 GB<\/strong>. Komputer obs\u0142uguje r\u00f3wnie\u017c Wi-Fi 7, Bluetooth 6 oraz Ethernet 2,5 Gb\/s, z opcj\u0105 10 Gb\/s.<\/p><p>\u00a0<\/p><p>Cena startowa nowego Maca mini M6 w Polsce wynosi 4499 z\u0142, natomiast wersja z M5 Pro zaczyna si\u0119 od 8499 z\u0142. Sprzeda\u017c rozpocznie si\u0119 22 wrze\u015bnia.<\/p>\t\t\t\t\t\t\t\t<\/div>\n\t\t\t\t<div class=\"elementor-element elementor-element-7573d19 elementor-widget elementor-widget-heading\" data-id=\"7573d19\" data-element_type=\"widget\" data-widget_type=\"heading.default\">\n\t\t\t\t\t<h3 class=\"elementor-heading-title elementor-size-default\">Czy Mac mini M6 wystarczy do codziennej pracy?\n<\/h3>\t\t\t\t<\/div>\n\t\t\t\t<div class=\"elementor-element elementor-element-276e30d elementor-widget elementor-widget-text-editor\" data-id=\"276e30d\" data-element_type=\"widget\" data-widget_type=\"text-editor.default\">\n\t\t\t\t\t\t\t\t\t<p>Dla wi\u0119kszo\u015bci u\u017cytkownik\u00f3w \u2013 <strong>prawdopodobnie z du\u017cym zapasem<\/strong>. Praca biurowa, nauka, programowanie, obr\u00f3bka zdj\u0119\u0107, monta\u017c kr\u00f3tszych materia\u0142\u00f3w czy korzystanie z aplikacji wykorzystuj\u0105cych AI nie wymagaj\u0105 od razu profesjonalnej stacji roboczej.<\/p><p>\u00a0<\/p><p>Mac mini ma jeszcze jedn\u0105 zalet\u0119:\u00a0<strong>nie p\u0142acisz za ekran, klawiatur\u0119 ani mysz<\/strong>, wi\u0119c je\u015bli masz ju\u017c odpowiednie akcesoria, mo\u017cesz stworzy\u0107 w\u0142asne stanowisko pracy bez kupowania ca\u0142ego zestawu od pocz\u0105tku.<\/p>\t\t\t\t\t\t\t\t<\/div>\n\t\t\t\t<div class=\"elementor-element elementor-element-18136c8 elementor-align-center elementor-widget elementor-widget-button\" data-id=\"18136c8\" data-element_type=\"widget\" data-widget_type=\"button.default\">\n\t\t\t\t\t\t\t\t\t\t<a class=\"elementor-button elementor-button-link elementor-size-sm\" href=\"https:\/\/swopify.com\/blog\/apple-zaprezentowalo-czipy-m6-i-m5-ultra\/\">\n\t\t\t\t\t\t<span class=\"elementor-button-content-wrapper\">\n\t\t\t\t\t\t\t\t\t<span class=\"elementor-button-text\">Apple zaprezentowa\u0142o czipy M6 i M5 Ultra<\/span>\n\t\t\t\t\t<\/span>\n\t\t\t\t\t<\/a>\n\t\t\t\t\t\t\t\t<\/div>\n\t\t\t\t<div class=\"elementor-element elementor-element-2bc8814 elementor-widget elementor-widget-heading\" data-id=\"2bc8814\" data-element_type=\"widget\" data-widget_type=\"heading.default\">\n\t\t\t\t\t<h2 class=\"elementor-heading-title elementor-size-default\">A czym w\u0142a\u015bciwie r\u00f3\u017cni si\u0119 Mac Studio?\n<\/h2>\t\t\t\t<\/div>\n\t\t\t\t<div class=\"elementor-element elementor-element-a4d5470 elementor-widget elementor-widget-text-editor\" data-id=\"a4d5470\" data-element_type=\"widget\" data-widget_type=\"text-editor.default\">\n\t\t\t\t\t\t\t\t\t<p>Mac Studio powsta\u0142 z my\u015bl\u0105 o u\u017cytkownikach, kt\u00f3rzy naprawd\u0119 potrzebuj\u0105 du\u017cej mocy obliczeniowej. Najnowsza generacja korzysta z czip\u00f3w M5 Max i M5 Ultra, oferuj\u0105c mi\u0119dzy innymi nawet 512 GB zunifikowanej pami\u0119ci RAM oraz rozbudowany zestaw port\u00f3w.<\/p><p>\u00a0<\/p><p>Apple podaje, \u017ce\u00a0<strong>nowy Mac Studio zapewnia do 4,3 razy wy\u017csz\u0105 wydajno\u015b\u0107 w zadaniach AI, do 1,8 razy szybsz\u0105 grafik\u0119, do 2 razy szybsz\u0105 pami\u0119\u0107 masow\u0105 i do 1,3 razy wy\u017csz\u0105 wydajno\u015b\u0107 CPU wzgl\u0119dem poprzedniej generacji<\/strong>. To jednak nie oznacza, \u017ce ka\u017cdy u\u017cytkownik zauwa\u017cy tak\u0105 r\u00f3\u017cnic\u0119.<\/p><p>\u00a0<\/p><p>Ceny pokazuj\u0105, dla kogo przeznaczono ten komputer. Mac Studio M5 Max startuje w Polsce od 12 499 z\u0142, a wariant M5 Ultra od 27 999 z\u0142. Model z 512 GB zunifikowanej pami\u0119ci RAM ma pojawi\u0107 si\u0119 pod koniec pa\u017adziernika.<\/p>\t\t\t\t\t\t\t\t<\/div>\n\t\t\t\t<div class=\"elementor-element elementor-element-fdde33c elementor-widget elementor-widget-heading\" data-id=\"fdde33c\" data-element_type=\"widget\" data-widget_type=\"heading.default\">\n\t\t\t\t\t<h2 class=\"elementor-heading-title elementor-size-default\">Mac mini czy Mac Studio \u2013 kt\u00f3ry model wybra\u0107?\n<\/h2>\t\t\t\t<\/div>\n\t\t\t\t<div class=\"elementor-element elementor-element-835afbb elementor-widget elementor-widget-text-editor\" data-id=\"835afbb\" data-element_type=\"widget\" data-widget_type=\"text-editor.default\">\n\t\t\t\t\t\t\t\t\t<p>Mac mini i Mac Studio s\u0105 przeznaczone dla zupe\u0142nie r\u00f3\u017cnych u\u017cytkownik\u00f3w. Sam fakt, \u017ce Mac Studio oferuje wi\u0119cej mocy, nie oznacza jeszcze, \u017ce b\u0119dzie lepszym wyborem. Przy zakupie warto przede wszystkim zastanowi\u0107 si\u0119,\u00a0<strong>jakie zadania wykonujesz na komputerze i jak du\u017cej wydajno\u015bci naprawd\u0119 potrzebujesz<\/strong>.<\/p>\t\t\t\t\t\t\t\t<\/div>\n\t\t\t\t<div class=\"elementor-element elementor-element-d94bfd9 elementor-widget elementor-widget-heading\" data-id=\"d94bfd9\" data-element_type=\"widget\" data-widget_type=\"heading.default\">\n\t\t\t\t\t<h3 class=\"elementor-heading-title elementor-size-default\">Mac mini \u2013 kompaktowy komputer do codziennej pracy\n<\/h3>\t\t\t\t<\/div>\n\t\t\t\t<div class=\"elementor-element elementor-element-8fa75a8 elementor-widget elementor-widget-text-editor\" data-id=\"8fa75a8\" data-element_type=\"widget\" data-widget_type=\"text-editor.default\">\n\t\t\t\t\t\t\t\t\t<p>Mac mini sprawdzi si\u0119 tam, gdzie liczy si\u0119 dobra wydajno\u015b\u0107 bez potrzeby si\u0119gania po profesjonaln\u0105 stacj\u0119 robocz\u0105. Nowy model z czipem M6 ma 12-rdzeniowe CPU i 12-rdzeniowe GPU, a podstawowa konfiguracja oferuje 16 GB zunifikowanej pami\u0119ci.<\/p><p>\u00a0<\/p><p>Taki zestaw wystarczy do wi\u0119kszo\u015bci typowych zada\u0144: pracy z dokumentami, przegl\u0105dania internetu, nauki, programowania czy edycji zdj\u0119\u0107. Mac mini poradzi sobie r\u00f3wnie\u017c z monta\u017cem wideo, szczeg\u00f3lnie je\u015bli nie pracujesz regularnie z bardzo wymagaj\u0105cymi projektami.<\/p><p>\u00a0<\/p><p><strong>Mac mini ma najwi\u0119cej sensu, je\u015bli komputer ma by\u0107 przede wszystkim narz\u0119dziem do codziennej pracy, nauki lub rozwijania w\u0142asnych projekt\u00f3w.<\/strong><\/p>\t\t\t\t\t\t\t\t<\/div>\n\t\t\t\t<div class=\"elementor-element elementor-element-dcd933c elementor-widget elementor-widget-heading\" data-id=\"dcd933c\" data-element_type=\"widget\" data-widget_type=\"heading.default\">\n\t\t\t\t\t<h3 class=\"elementor-heading-title elementor-size-default\">Mac mini M5 Pro \u2013 kiedy potrzebujesz wi\u0119kszego zapasu mocy?\n<\/h3>\t\t\t\t<\/div>\n\t\t\t\t<div class=\"elementor-element elementor-element-e669af5 elementor-widget elementor-widget-text-editor\" data-id=\"e669af5\" data-element_type=\"widget\" data-widget_type=\"text-editor.default\">\n\t\t\t\t\t\t\t\t\t<p>Wersja z M5 Pro jest propozycj\u0105 dla os\u00f3b, kt\u00f3re robi\u0105 na komputerze wi\u0119cej ni\u017c standardowa praca biurowa. Wi\u0119ksza moc obliczeniowa przydaje si\u0119 mi\u0119dzy innymi podczas monta\u017cu wideo, kompilowania wi\u0119kszych projekt\u00f3w, pracy z grafik\u0105 czy korzystania z wymagaj\u0105cych aplikacji.<\/p><p>\u00a0<\/p><p>To r\u00f3wnie\u017c ciekawa opcja dla programist\u00f3w, kt\u00f3rzy pracuj\u0105 jednocze\u015bnie z wieloma narz\u0119dziami i potrzebuj\u0105 wi\u0119kszej ilo\u015bci pami\u0119ci oraz wydajniejszego uk\u0142adu graficznego.<\/p><p>\u00a0<\/p><p>Je\u017celi Mac mini M6 jest dla Ciebie wystarczaj\u0105cy pod wzgl\u0119dem wydajno\u015bci, dop\u0142ata do M5 Pro nie b\u0119dzie konieczna.\u00a0<strong>M5 Pro ma sens wtedy, gdy konkretne zadania rzeczywi\u015bcie wykorzystuj\u0105 dodatkow\u0105 moc.<\/strong><\/p>\t\t\t\t\t\t\t\t<\/div>\n\t\t\t\t<div class=\"elementor-element elementor-element-4cbb438 elementor-align-center elementor-widget elementor-widget-button\" data-id=\"4cbb438\" data-element_type=\"widget\" data-widget_type=\"button.default\">\n\t\t\t\t\t\t\t\t\t\t<a class=\"elementor-button elementor-button-link elementor-size-sm\" href=\"https:\/\/swopify.com\/blog\/macbook-do-programowania-jaki-bedzie-najlepszy\/\">\n\t\t\t\t\t\t<span class=\"elementor-button-content-wrapper\">\n\t\t\t\t\t\t\t\t\t<span class=\"elementor-button-text\">Jaki MacBook do programowania<\/span>\n\t\t\t\t\t<\/span>\n\t\t\t\t\t<\/a>\n\t\t\t\t\t\t\t\t<\/div>\n\t\t\t\t<div class=\"elementor-element elementor-element-2568f1b elementor-widget elementor-widget-heading\" data-id=\"2568f1b\" data-element_type=\"widget\" data-widget_type=\"heading.default\">\n\t\t\t\t\t<h3 class=\"elementor-heading-title elementor-size-default\">Mac Studio M5 Max \u2013 sprz\u0119t do wymagaj\u0105cych zada\u0144\n<\/h3>\t\t\t\t<\/div>\n\t\t\t\t<div class=\"elementor-element elementor-element-873e308 elementor-widget elementor-widget-text-editor\" data-id=\"873e308\" data-element_type=\"widget\" data-widget_type=\"text-editor.default\">\n\t\t\t\t\t\t\t\t\t<p>Mac Studio zaczyna mie\u0107 sens, gdy komputer przestaje by\u0107 po prostu narz\u0119dziem do codziennej pracy, a staje si\u0119 podstawowym stanowiskiem do profesjonalnych projekt\u00f3w.<\/p><p>\u00a0<\/p><p>M5 Max zosta\u0142 przygotowany z my\u015bl\u0105 o zadaniach, kt\u00f3re potrafi\u0105 d\u0142ugo i intensywnie obci\u0105\u017ca\u0107 procesor oraz uk\u0142ad graficzny.\u00a0<strong>Mowa przede wszystkim o profesjonalnym monta\u017cu wideo, grafice 3D, renderowaniu, pracy z du\u017cymi projektami oraz zaawansowanych zadaniach wykorzystuj\u0105cych AI<\/strong>.<\/p><p>\u00a0<\/p><p>W takim przypadku liczy si\u0119 nie tylko sama wydajno\u015b\u0107, ale te\u017c mo\u017cliwo\u015b\u0107 skonfigurowania komputera z du\u017c\u0105 ilo\u015bci\u0105 zunifikowanej pami\u0119ci. Mac Studio M5 Max jest wi\u0119c propozycj\u0105 przede wszystkim dla os\u00f3b, kt\u00f3re wiedz\u0105, po co potrzebuj\u0105 takiej mocy.<\/p>\t\t\t\t\t\t\t\t<\/div>\n\t\t\t\t<div class=\"elementor-element elementor-element-7266e69 elementor-widget elementor-widget-heading\" data-id=\"7266e69\" data-element_type=\"widget\" data-widget_type=\"heading.default\">\n\t\t\t\t\t<h3 class=\"elementor-heading-title elementor-size-default\">Mac Studio M5 Ultra \u2013 kiedy naprawd\u0119 potrzebujesz maksimum?\n<\/h3>\t\t\t\t<\/div>\n\t\t\t\t<div class=\"elementor-element elementor-element-22597cb elementor-widget elementor-widget-text-editor\" data-id=\"22597cb\" data-element_type=\"widget\" data-widget_type=\"text-editor.default\">\n\t\t\t\t\t\t\t\t\t<p><strong>M5 Ultra znajduje si\u0119 na szczycie oferty i jest skierowany do u\u017cytkownik\u00f3w pracuj\u0105cych z najbardziej wymagaj\u0105cymi projektami<\/strong>. Du\u017ca liczba rdzeni oraz mo\u017cliwo\u015b\u0107 zastosowania nawet 512 GB zunifikowanej pami\u0119ci sprawiaj\u0105, \u017ce komputer mo\u017ce obs\u0142ugiwa\u0107 zadania, dla kt\u00f3rych standardowe konfiguracje Maca mini czy Mac Studio M5 Max b\u0119d\u0105 niewystarczaj\u0105ce.<\/p><p>\u00a0<\/p><p>Taka konfiguracja mo\u017ce znale\u017a\u0107 zastosowanie <strong>przy zaawansowanym renderowaniu, produkcji wideo, du\u017cych projektach 3D czy pracy z wymagaj\u0105cymi modelami AI uruchamianymi lokalnie<\/strong>.<\/p><p>\u00a0<\/p><p>Dla wi\u0119kszo\u015bci u\u017cytkownik\u00f3w b\u0119dzie to jednak sprz\u0119t na wyrost.\u00a0<strong>Je\u017celi nie potrafisz wskaza\u0107 konkretnego zadania, kt\u00f3re wymaga mo\u017cliwo\u015bci M5 Ultra, prawdopodobnie nie potrzebujesz tego modelu.<\/strong><\/p>\t\t\t\t\t\t\t\t<\/div>\n\t\t\t\t<div class=\"elementor-element elementor-element-eaff993 elementor-widget elementor-widget-heading\" data-id=\"eaff993\" data-element_type=\"widget\" data-widget_type=\"heading.default\">\n\t\t\t\t\t<h2 class=\"elementor-heading-title elementor-size-default\">Czy warto kupi\u0107 najnowszego Maca tylko dlatego, \u017ce jest nowy?\n<\/h2>\t\t\t\t<\/div>\n\t\t\t\t<div class=\"elementor-element elementor-element-377801b elementor-widget elementor-widget-text-editor\" data-id=\"377801b\" data-element_type=\"widget\" data-widget_type=\"text-editor.default\">\n\t\t\t\t\t\t\t\t\t<p>Nie.\u00a0<strong>Nowo\u015b\u0107 sama w sobie nie jest dobrym powodem do wydania kilku lub kilkunastu tysi\u0119cy z\u0142otych.<\/strong><\/p><p>Je\u017celi obecny komputer dzia\u0142a szybko i nie ogranicza Ci\u0119 podczas wykonywania codziennych zada\u0144, r\u00f3\u017cnica mi\u0119dzy generacjami mo\u017ce by\u0107 trudna do uzasadnienia finansowo. Szczeg\u00f3lnie \u017ce wraz z premier\u0105 nowych modeli starsze komputery mog\u0105 sta\u0107 si\u0119 ciekawsz\u0105 opcj\u0105 zakupow\u0105.<\/p><p>\u00a0<\/p><p>Warto te\u017c pami\u0119ta\u0107, \u017ce Apple rozwija swoje uk\u0142ady bardzo szybko. Kupowanie najmocniejszej konfiguracji \u201ena zapas\u201d cz\u0119sto oznacza p\u0142acenie za wydajno\u015b\u0107, kt\u00f3rej przez lata mo\u017cesz nie wykorzysta\u0107.<\/p>\t\t\t\t\t\t\t\t<\/div>\n\t\t<div class=\"elementor-element elementor-element-b2f0fd1 e-grid e-con-full e-con e-child\" data-id=\"b2f0fd1\" data-element_type=\"container\">\n\t\t\t\t<div class=\"elementor-element elementor-element-1b3379f elementor-widget elementor-widget-image\" data-id=\"1b3379f\" data-element_type=\"widget\" data-widget_type=\"image.default\">\n\t\t\t\t\t\t\t\t\t\t\t\t<figure class=\"wp-caption\">\n\t\t\t\t\t\t\t\t\t\t\t<a href=\"https:\/\/swopify.com\/pl-pl\/macbook-pro-14-2024-apple-m4-pro-12-rdzeniowy-cpu-i-16-rdzeniowy-gpu-48-gb-ram-ssd-512-gb-gwiezdna-czern-6753\">\n\t\t\t\t\t\t\t<img decoding=\"async\" src=\"https:\/\/swopify.com\/publicTmp\/pictures\/300x\/d71faf\/y3j208z3k040z1r7d5p5t5o9a8k3t0l6.webp\" title=\"\" alt=\"MacBook Pro 14\u2033 (2024) \u2013 Apple M4 Pro 12-rdzeniowy CPU i 16-rdzeniowy GPU \u2013 48 GB RAM \u2013 SSD 512 GB \u2013 Gwiezdna Czer\u0144\" loading=\"lazy\" \/>\t\t\t\t\t\t\t\t<\/a>\n\t\t\t\t\t\t\t\t\t\t\t<figcaption class=\"widget-image-caption wp-caption-text\">MacBook Pro 14\u2033 (2024) \u2013 Apple M4 Pro 12-rdzeniowy CPU i 16-rdzeniowy GPU \u2013 48 GB RAM \u2013 SSD 512 GB \u2013 Gwiezdna Czer\u0144<\/figcaption>\n\t\t\t\t\t\t\t\t\t\t<\/figure>\n\t\t\t\t\t\t\t\t\t<\/div>\n\t\t\t\t<div class=\"elementor-element elementor-element-6370c06 elementor-widget elementor-widget-image\" data-id=\"6370c06\" data-element_type=\"widget\" data-widget_type=\"image.default\">\n\t\t\t\t\t\t\t\t\t\t\t\t<figure class=\"wp-caption\">\n\t\t\t\t\t\t\t\t\t\t\t<a href=\"https:\/\/swopify.com\/pl-pl\/macbook-air-2024-13-apple-m3-8-rdzeniowy-cpu-i-10-rdzeniowy-gpu-16gb-ram-ssd-512gb-ksiezycowa-poswiata-5592\">\n\t\t\t\t\t\t\t<img decoding=\"async\" src=\"https:\/\/swopify.com\/publicTmp\/pictures\/300x\/6cfd7b\/h568p743j0k091v7l5p5u5p2n2z3w3w2.webp\" title=\"\" alt=\"MacBook Air (2024) 13\u2033 \u2013 Apple M3 8-rdzeniowy CPU i 10-rdzeniowy GPU \u2013 16GB RAM \u2013 SSD 512GB \u2013 Ksi\u0119\u017cycowa Po\u015bwiata\" loading=\"lazy\" \/>\t\t\t\t\t\t\t\t<\/a>\n\t\t\t\t\t\t\t\t\t\t\t<figcaption class=\"widget-image-caption wp-caption-text\">MacBook Air (2024) 13\u2033 \u2013 Apple M3 8-rdzeniowy CPU i 10-rdzeniowy GPU \u2013 16GB RAM \u2013 SSD 512GB \u2013 Ksi\u0119\u017cycowa Po\u015bwiata<\/figcaption>\n\t\t\t\t\t\t\t\t\t\t<\/figure>\n\t\t\t\t\t\t\t\t\t<\/div>\n\t\t\t\t<\/div>\n\t\t\t\t<div class=\"elementor-element elementor-element-83ed991 elementor-widget elementor-widget-heading\" data-id=\"83ed991\" data-element_type=\"widget\" data-widget_type=\"heading.default\">\n\t\t\t\t\t<h2 class=\"elementor-heading-title elementor-size-default\">Kiedy nowy Mac mini lub Mac Studio rzeczywi\u015bcie si\u0119 op\u0142aca?\n<\/h2>\t\t\t\t<\/div>\n\t\t\t\t<div class=\"elementor-element elementor-element-a6f2205 elementor-widget elementor-widget-text-editor\" data-id=\"a6f2205\" data-element_type=\"widget\" data-widget_type=\"text-editor.default\">\n\t\t\t\t\t\t\t\t\t<p><strong>Zakup najnowszego modelu ma wi\u0119cej sensu, gdy:<\/strong><\/p><ul><li>Tw\u00f3j obecny komputer wyra\u017anie spowalnia prac\u0119.<\/li><li>Regularnie montujesz wideo, renderujesz grafik\u0119 lub pracujesz z du\u017cymi projektami.<\/li><li>Potrzebujesz uruchamia\u0107 modele AI lokalnie.<\/li><li>Komputer jest narz\u0119dziem pracy i kr\u00f3tszy czas wykonywania zada\u0144 przek\u0142ada si\u0119 na wi\u0119ksz\u0105 produktywno\u015b\u0107.<\/li><li>Planujesz korzysta\u0107 z urz\u0105dzenia przez kilka kolejnych lat i zale\u017cy Ci na mo\u017cliwie d\u0142ugim okresie aktualizacji.<\/li><\/ul><p>\u00a0<\/p><p>W pozosta\u0142ych przypadkach warto por\u00f3wna\u0107 nie tylko nowe urz\u0105dzenie z poprzednikiem, ale r\u00f3wnie\u017c\u00a0sprz\u0119t odnowiony. To w\u0142a\u015bnie tutaj mo\u017cna znale\u017a\u0107 interesuj\u0105cy <strong>kompromis mi\u0119dzy cen\u0105, wydajno\u015bci\u0105 i \u017cywotno\u015bci\u0105 urz\u0105dzenia<\/strong>.<\/p>\t\t\t\t\t\t\t\t<\/div>\n\t\t\t\t<div class=\"elementor-element elementor-element-a9a6ada elementor-align-center elementor-widget elementor-widget-button\" data-id=\"a9a6ada\" data-element_type=\"widget\" data-widget_type=\"button.default\">\n\t\t\t\t\t\t\t\t\t\t<a class=\"elementor-button elementor-button-link elementor-size-sm\" href=\"https:\/\/swopify.com\/blog\/jaki-macbook-do-pracy-biurowej-rekomendowane-modele-na-2026-rok\/\">\n\t\t\t\t\t\t<span class=\"elementor-button-content-wrapper\">\n\t\t\t\t\t\t\t\t\t<span class=\"elementor-button-text\">Jaki MacBook do pracy biurowej<\/span>\n\t\t\t\t\t<\/span>\n\t\t\t\t\t<\/a>\n\t\t\t\t\t\t\t\t<\/div>\n\t\t\t\t<div class=\"elementor-element elementor-element-b402b1e elementor-widget elementor-widget-heading\" data-id=\"b402b1e\" data-element_type=\"widget\" data-widget_type=\"heading.default\">\n\t\t\t\t\t<h2 class=\"elementor-heading-title elementor-size-default\">Czy odnowiony sprz\u0119t Apple mo\u017ce by\u0107 lepszym zakupem?\n<\/h2>\t\t\t\t<\/div>\n\t\t\t\t<div class=\"elementor-element elementor-element-d68b10c elementor-widget elementor-widget-text-editor\" data-id=\"d68b10c\" data-element_type=\"widget\" data-widget_type=\"text-editor.default\">\n\t\t\t\t\t\t\t\t\t<p>Je\u015bli zale\u017cy Ci na komputerze Apple, ale cena nowego modelu przekracza Tw\u00f3j bud\u017cet,\u00a0<strong>odnowiony sprz\u0119t nie powinien by\u0107 automatycznie traktowany jako gorsza opcja<\/strong>. Znacznie wa\u017cniejsze jest to, kto przeprowadzi\u0142 proces odnowienia, jakie testy wykonano, w jakim stanie znajduje si\u0119 urz\u0105dzenie i jakie otrzymujesz warunki zakupu.<\/p><p>\u00a0<\/p><p>Dotyczy to nie tylko komputer\u00f3w stacjonarnych.\u00a0<strong><a href=\"https:\/\/swopify.com\/pl-pl\/apple-macbook\">Odnowione MacBooki<\/a>\u00a0mog\u0105 by\u0107 interesuj\u0105c\u0105 alternatyw\u0105 dla os\u00f3b, kt\u00f3re potrzebuj\u0105 mobilnego komputera Apple, ale nie chc\u0105 p\u0142aci\u0107 pe\u0142nej ceny za najnowsz\u0105 generacj\u0119<\/strong>.<\/p><p>\u00a0<\/p><p>Je\u015bli komputer ma s\u0142u\u017cy\u0107 do naprawd\u0119 wymagaj\u0105cych zada\u0144, takich jak monta\u017c wideo, obr\u00f3bka grafiki czy praca z du\u017cymi projektami, warto zwr\u00f3ci\u0107 uwag\u0119 na\u00a0<a href=\"https:\/\/swopify.com\/pl-pl\/macbook-pro\">MacBooki Pro<\/a>\u00a0z wydajnymi procesorami. Je\u015bli natomiast zale\u017cy Ci przede wszystkim na mobilno\u015bci i sprawnym komputerze do codziennej pracy, nauki czy przegl\u0105dania internetu,\u00a0<a href=\"https:\/\/swopify.com\/pl-pl\/macbook-air\">MacBook Air<\/a> r\u00f3wnie\u017c oferuje du\u017co mocy, a przy tym pozostaje lekki i wygodny w przenoszeniu.<\/p><p>\u00a0<\/p><p>Warto wi\u0119c przed zakupem odpowiedzie\u0107 sobie na jedno pytanie:\u00a0<strong>czy potrzebuj\u0119 najnowszego Maca, czy po prostu potrzebuj\u0119 dobrego Maca?<\/strong>\u00a0W wielu przypadkach ta druga odpowied\u017a pozwala wyda\u0107 mniej, nie rezygnuj\u0105c z jako\u015bci.<\/p>\t\t\t\t\t\t\t\t<\/div>\n\t\t<div class=\"elementor-element elementor-element-d8dbf2b e-grid e-con-full e-con e-child\" data-id=\"d8dbf2b\" data-element_type=\"container\">\n\t\t\t\t<div class=\"elementor-element elementor-element-18c46b1 elementor-widget elementor-widget-image\" data-id=\"18c46b1\" data-element_type=\"widget\" data-widget_type=\"image.default\">\n\t\t\t\t\t\t\t\t\t\t\t\t<figure class=\"wp-caption\">\n\t\t\t\t\t\t\t\t\t\t\t<a href=\"https:\/\/swopify.com\/pl-pl\/macbook-pro-14-2023-apple-m3-pro-11-rdzeniowy-cpu-i-14-rdzeniowy-gpu-18-gb-ram-ssd-512-gb-gwiezdna-czern-6461\">\n\t\t\t\t\t\t\t<img decoding=\"async\" src=\"https:\/\/swopify.com\/publicTmp\/pictures\/300x\/96e11f\/i9o0m1n760v0m1g715j5q5l9m8m044f7.webp\" title=\"\" alt=\"MacBook Pro 14\u2033 (2023) \u2013 Apple M3 Pro 11-rdzeniowy CPU i 14-rdzeniowy GPU \u2013 18 GB RAM \u2013 SSD 512 GB \u2013 Gwiezdna Czer\u0144\" loading=\"lazy\" \/>\t\t\t\t\t\t\t\t<\/a>\n\t\t\t\t\t\t\t\t\t\t\t<figcaption class=\"widget-image-caption wp-caption-text\">MacBook Pro 14\u2033 (2023) \u2013 Apple M3 Pro 11-rdzeniowy CPU i 14-rdzeniowy GPU \u2013 18 GB RAM \u2013 SSD 512 GB \u2013 Gwiezdna Czer\u0144<\/figcaption>\n\t\t\t\t\t\t\t\t\t\t<\/figure>\n\t\t\t\t\t\t\t\t\t<\/div>\n\t\t\t\t<div class=\"elementor-element elementor-element-8055aea elementor-widget elementor-widget-image\" data-id=\"8055aea\" data-element_type=\"widget\" data-widget_type=\"image.default\">\n\t\t\t\t\t\t\t\t\t\t\t\t<figure class=\"wp-caption\">\n\t\t\t\t\t\t\t\t\t\t\t<a href=\"https:\/\/swopify.com\/pl-pl\/macbook-air-2022-13-apple-m2-8-rdzeniowy-cpu-i-10-rdzeniowy-gpu-16gb-ram-ssd-512gb-polnoc-5274\">\n\t\t\t\t\t\t\t<img decoding=\"async\" src=\"https:\/\/swopify.com\/publicTmp\/pictures\/300x\/32599c\/s2q6h8d3w0z0g1h7k52515l104z9b2q8.webp\" title=\"\" alt=\"MacBook Air (2022) 13\u2033 \u2013 Apple M2 8-rdzeniowy CPU i 10-rdzeniowy GPU \u2013 16GB RAM \u2013 SSD 512GB \u2013 P\u00f3\u0142noc\" loading=\"lazy\" \/>\t\t\t\t\t\t\t\t<\/a>\n\t\t\t\t\t\t\t\t\t\t\t<figcaption class=\"widget-image-caption wp-caption-text\">MacBook Air (2022) 13\u2033 \u2013 Apple M2 8-rdzeniowy CPU i 10-rdzeniowy GPU \u2013 16GB RAM \u2013 SSD 512GB \u2013 P\u00f3\u0142noc<\/figcaption>\n\t\t\t\t\t\t\t\t\t\t<\/figure>\n\t\t\t\t\t\t\t\t\t<\/div>\n\t\t\t\t<\/div>\n\t\t\t\t<div class=\"elementor-element elementor-element-cc68140 elementor-widget elementor-widget-heading\" data-id=\"cc68140\" data-element_type=\"widget\" data-widget_type=\"heading.default\">\n\t\t\t\t\t<h2 class=\"elementor-heading-title elementor-size-default\">Czy warto kupi\u0107 nowe Mac mini i Mac Studio?\n<\/h2>\t\t\t\t<\/div>\n\t\t\t\t<div class=\"elementor-element elementor-element-be8e127 elementor-widget elementor-widget-text-editor\" data-id=\"be8e127\" data-element_type=\"widget\" data-widget_type=\"text-editor.default\">\n\t\t\t\t\t\t\t\t\t<p>Je\u017celi obecny komputer nadal bez problemu radzi sobie z Twoimi zadaniami, sama premiera nowej generacji nie musi by\u0107 powodem do wymiany sprz\u0119tu.\u00a0<strong>Najwa\u017cniejsze jest dopasowanie komputera do w\u0142asnych potrzeb \u2013\u00a0<\/strong>Mac mini sprawdzi si\u0119 jako kompaktowe rozwi\u0105zanie do codziennej pracy, Mac Studio ma sens przy wymagaj\u0105cych zadaniach, a je\u015bli zale\u017cy Ci na mobilno\u015bci, mo\u017cesz wybiera\u0107 mi\u0119dzy lekkim MacBookiem Air a bardziej wydajnym MacBookiem Pro<strong>.<\/strong>\u00a0Dzi\u0119ki temu nie musisz p\u0142aci\u0107 za moc, kt\u00f3rej nie b\u0119dziesz wykorzystywa\u0107.<\/p><p>\u00a0<\/p>\t\t\t\t\t\t\t\t<\/div>\n\t\t\t\t<\/div>\n\t\t<div class=\"elementor-element elementor-element-18cd69d e-con-full e-flex e-con e-child\" data-id=\"18cd69d\" data-element_type=\"container\" data-settings=\"{&quot;background_background&quot;:&quot;classic&quot;}\">\n\t\t\t\t<div class=\"elementor-element elementor-element-f50921e elementor-widget__width-initial elementor-widget elementor-widget-heading\" data-id=\"f50921e\" data-element_type=\"widget\" data-widget_type=\"heading.default\">\n\t\t\t\t\t<h2 class=\"elementor-heading-title elementor-size-default\">Najcz\u0119\u015bciej zadawane pytania<\/h2>\t\t\t\t<\/div>\n\t\t\t\t<div class=\"elementor-element elementor-element-fdbafc8 elementor-widget elementor-widget-n-accordion\" data-id=\"fdbafc8\" data-element_type=\"widget\" data-settings=\"{&quot;n_accordion_animation_duration&quot;:{&quot;unit&quot;:&quot;ms&quot;,&quot;size&quot;:500,&quot;sizes&quot;:[]},&quot;default_state&quot;:&quot;expanded&quot;,&quot;max_items_expended&quot;:&quot;one&quot;}\" data-widget_type=\"nested-accordion.default\">\n\t\t\t\t\t\t\t<div class=\"e-n-accordion\" aria-label=\"Accordion. Open links with Enter or Space, close with Escape, and navigate with Arrow Keys\">\n\t\t\t\t\t\t<details id=\"e-n-accordion-item-2660\" class=\"e-n-accordion-item\" open>\n\t\t\t\t<summary class=\"e-n-accordion-item-title\" data-accordion-index=\"1\" tabindex=\"0\" aria-expanded=\"true\" aria-controls=\"e-n-accordion-item-2660\" >\n\t\t\t\t\t<span class='e-n-accordion-item-title-header'><div class=\"e-n-accordion-item-title-text\"> Czy nowy Mac mini M6 nadaje si\u0119 do pracy i nauki? <\/div><\/span>\n\t\t\t\t\t\t\t<span class='e-n-accordion-item-title-icon'>\n\t\t\t<span class='e-opened' ><svg xmlns=\"http:\/\/www.w3.org\/2000\/svg\" width=\"12\" height=\"8\" viewBox=\"0 0 12 8\" fill=\"none\"><path d=\"M6 0.000391054L12 6.00039L10.6 7.40039L6 2.80039L1.4 7.40039L-1.22392e-07 6.00039L6 0.000391054Z\" fill=\"#292D33\"><\/path><\/svg><\/span>\n\t\t\t<span class='e-closed'><svg xmlns=\"http:\/\/www.w3.org\/2000\/svg\" width=\"12\" height=\"8\" viewBox=\"0 0 12 8\" fill=\"none\"><path d=\"M6 7.4L0 1.4L1.4 0L6 4.6L10.6 0L12 1.4L6 7.4Z\" fill=\"#292D33\"><\/path><\/svg><\/span>\n\t\t<\/span>\n\n\t\t\t\t\t\t<\/summary>\n\t\t\t\t<div role=\"region\" aria-labelledby=\"e-n-accordion-item-2660\" class=\"elementor-element elementor-element-c744340 e-con-full e-flex e-con e-child\" data-id=\"c744340\" data-element_type=\"container\">\n\t\t\t\t<div class=\"elementor-element elementor-element-8036a0d elementor-widget elementor-widget-text-editor\" data-id=\"8036a0d\" data-element_type=\"widget\" data-widget_type=\"text-editor.default\">\n\t\t\t\t\t\t\t\t\t<p>Tak. Mac mini M6 zosta\u0142 zaprojektowany mi\u0119dzy innymi z my\u015bl\u0105 o produktywno\u015bci, pracy z aplikacjami oraz zadaniach wykorzystuj\u0105cych AI. Podstawowa konfiguracja oferuje 16 GB zunifikowanej pami\u0119ci RAM.<\/p>\t\t\t\t\t\t\t\t<\/div>\n\t\t\t\t<\/div>\n\t\t\t\t\t<\/details>\n\t\t\t\t\t\t<details id=\"e-n-accordion-item-2661\" class=\"e-n-accordion-item\" >\n\t\t\t\t<summary class=\"e-n-accordion-item-title\" data-accordion-index=\"2\" tabindex=\"-1\" aria-expanded=\"false\" aria-controls=\"e-n-accordion-item-2661\" >\n\t\t\t\t\t<span class='e-n-accordion-item-title-header'><div class=\"e-n-accordion-item-title-text\"> Ile kosztuje nowy Mac mini w Polsce? <\/div><\/span>\n\t\t\t\t\t\t\t<span class='e-n-accordion-item-title-icon'>\n\t\t\t<span class='e-opened' ><svg xmlns=\"http:\/\/www.w3.org\/2000\/svg\" width=\"12\" height=\"8\" viewBox=\"0 0 12 8\" fill=\"none\"><path d=\"M6 0.000391054L12 6.00039L10.6 7.40039L6 2.80039L1.4 7.40039L-1.22392e-07 6.00039L6 0.000391054Z\" fill=\"#292D33\"><\/path><\/svg><\/span>\n\t\t\t<span class='e-closed'><svg xmlns=\"http:\/\/www.w3.org\/2000\/svg\" width=\"12\" height=\"8\" viewBox=\"0 0 12 8\" fill=\"none\"><path d=\"M6 7.4L0 1.4L1.4 0L6 4.6L10.6 0L12 1.4L6 7.4Z\" fill=\"#292D33\"><\/path><\/svg><\/span>\n\t\t<\/span>\n\n\t\t\t\t\t\t<\/summary>\n\t\t\t\t<div role=\"region\" aria-labelledby=\"e-n-accordion-item-2661\" class=\"elementor-element elementor-element-928de8b e-con-full e-flex e-con e-child\" data-id=\"928de8b\" data-element_type=\"container\">\n\t\t\t\t<div class=\"elementor-element elementor-element-f20c0b9 elementor-widget elementor-widget-text-editor\" data-id=\"f20c0b9\" data-element_type=\"widget\" data-widget_type=\"text-editor.default\">\n\t\t\t\t\t\t\t\t\t<p>Mac mini z czipem M6 kosztuje od 4499 z\u0142, a wersja z M5 Pro od 8499 z\u0142. Sprzeda\u017c nowych modeli ma rozpocz\u0105\u0107 si\u0119 22 wrze\u015bnia 2026 roku.<\/p>\t\t\t\t\t\t\t\t<\/div>\n\t\t\t\t<\/div>\n\t\t\t\t\t<\/details>\n\t\t\t\t\t\t<details id=\"e-n-accordion-item-2662\" class=\"e-n-accordion-item\" >\n\t\t\t\t<summary class=\"e-n-accordion-item-title\" data-accordion-index=\"3\" tabindex=\"-1\" aria-expanded=\"false\" aria-controls=\"e-n-accordion-item-2662\" >\n\t\t\t\t\t<span class='e-n-accordion-item-title-header'><div class=\"e-n-accordion-item-title-text\"> Kiedy warto wybra\u0107 Mac Studio zamiast Mac mini? <\/div><\/span>\n\t\t\t\t\t\t\t<span class='e-n-accordion-item-title-icon'>\n\t\t\t<span class='e-opened' ><svg xmlns=\"http:\/\/www.w3.org\/2000\/svg\" width=\"12\" height=\"8\" viewBox=\"0 0 12 8\" fill=\"none\"><path d=\"M6 0.000391054L12 6.00039L10.6 7.40039L6 2.80039L1.4 7.40039L-1.22392e-07 6.00039L6 0.000391054Z\" fill=\"#292D33\"><\/path><\/svg><\/span>\n\t\t\t<span class='e-closed'><svg xmlns=\"http:\/\/www.w3.org\/2000\/svg\" width=\"12\" height=\"8\" viewBox=\"0 0 12 8\" fill=\"none\"><path d=\"M6 7.4L0 1.4L1.4 0L6 4.6L10.6 0L12 1.4L6 7.4Z\" fill=\"#292D33\"><\/path><\/svg><\/span>\n\t\t<\/span>\n\n\t\t\t\t\t\t<\/summary>\n\t\t\t\t<div role=\"region\" aria-labelledby=\"e-n-accordion-item-2662\" class=\"elementor-element elementor-element-31e1bbd e-con-full e-flex e-con e-child\" data-id=\"31e1bbd\" data-element_type=\"container\">\n\t\t\t\t<div class=\"elementor-element elementor-element-d2f0c95 elementor-widget elementor-widget-text-editor\" data-id=\"d2f0c95\" data-element_type=\"widget\" data-widget_type=\"text-editor.default\">\n\t\t\t\t\t\t\t\t\t<p>Mac Studio ma sens przede wszystkim wtedy, gdy komputer b\u0119dzie wykorzystywany do wymagaj\u0105cych zada\u0144, takich jak profesjonalny monta\u017c wideo, rendering 3D, praca z du\u017cymi projektami czy zaawansowane zadania AI. Je\u015bli korzystasz z komputera g\u0142\u00f3wnie do codziennej pracy, mo\u017cliwo\u015bci Mac Studio mog\u0105 by\u0107 po prostu niewykorzystane.<\/p>\t\t\t\t\t\t\t\t<\/div>\n\t\t\t\t<\/div>\n\t\t\t\t\t<\/details>\n\t\t\t\t\t\t<details id=\"e-n-accordion-item-2663\" class=\"e-n-accordion-item\" >\n\t\t\t\t<summary class=\"e-n-accordion-item-title\" data-accordion-index=\"4\" tabindex=\"-1\" aria-expanded=\"false\" aria-controls=\"e-n-accordion-item-2663\" >\n\t\t\t\t\t<span class='e-n-accordion-item-title-header'><div class=\"e-n-accordion-item-title-text\"> Czy warto kupi\u0107 najnowszy model Maca? <\/div><\/span>\n\t\t\t\t\t\t\t<span class='e-n-accordion-item-title-icon'>\n\t\t\t<span class='e-opened' ><svg xmlns=\"http:\/\/www.w3.org\/2000\/svg\" width=\"12\" height=\"8\" viewBox=\"0 0 12 8\" fill=\"none\"><path d=\"M6 0.000391054L12 6.00039L10.6 7.40039L6 2.80039L1.4 7.40039L-1.22392e-07 6.00039L6 0.000391054Z\" fill=\"#292D33\"><\/path><\/svg><\/span>\n\t\t\t<span class='e-closed'><svg xmlns=\"http:\/\/www.w3.org\/2000\/svg\" width=\"12\" height=\"8\" viewBox=\"0 0 12 8\" fill=\"none\"><path d=\"M6 7.4L0 1.4L1.4 0L6 4.6L10.6 0L12 1.4L6 7.4Z\" fill=\"#292D33\"><\/path><\/svg><\/span>\n\t\t<\/span>\n\n\t\t\t\t\t\t<\/summary>\n\t\t\t\t<div role=\"region\" aria-labelledby=\"e-n-accordion-item-2663\" class=\"elementor-element elementor-element-21879f0 e-con-full e-flex e-con e-child\" data-id=\"21879f0\" data-element_type=\"container\">\n\t\t\t\t<div class=\"elementor-element elementor-element-f7385f1 elementor-widget elementor-widget-text-editor\" data-id=\"f7385f1\" data-element_type=\"widget\" data-widget_type=\"text-editor.default\">\n\t\t\t\t\t\t\t\t\t<p>Nie zawsze. Je\u015bli obecny komputer nadal sprawnie wykonuje wszystkie potrzebne zadania, sama premiera nowej generacji nie musi uzasadnia\u0107 wymiany. Przed zakupem warto zastanowi\u0107 si\u0119, czy dodatkowa wydajno\u015b\u0107 nowego modelu faktycznie prze\u0142o\u017cy si\u0119 na szybsz\u0105 i wygodniejsz\u0105 prac\u0119.<\/p>\t\t\t\t\t\t\t\t<\/div>\n\t\t\t\t<\/div>\n\t\t\t\t\t<\/details>\n\t\t\t\t\t<\/div>\n\t\t\t\t\t<script type=\"application\/ld+json\">{\"@context\":\"https:\\\/\\\/schema.org\",\"@type\":\"FAQPage\",\"mainEntity\":[{\"@type\":\"Question\",\"name\":\"Czy nowy Mac mini M6 nadaje si\\u0119 do pracy i nauki?\",\"acceptedAnswer\":{\"@type\":\"Answer\",\"text\":\"Tak. Mac mini M6 zosta\\u0142 zaprojektowany mi\\u0119dzy innymi z my\\u015bl\\u0105 o produktywno\\u015bci, pracy z aplikacjami oraz zadaniach wykorzystuj\\u0105cych AI. Podstawowa konfiguracja oferuje 16 GB zunifikowanej pami\\u0119ci RAM.\"}},{\"@type\":\"Question\",\"name\":\"Ile kosztuje nowy Mac mini w Polsce?\",\"acceptedAnswer\":{\"@type\":\"Answer\",\"text\":\"Mac mini z czipem M6 kosztuje od 4499 z\\u0142, a wersja z M5 Pro od 8499 z\\u0142. Sprzeda\\u017c nowych modeli ma rozpocz\\u0105\\u0107 si\\u0119 22 wrze\\u015bnia 2026 roku.\"}},{\"@type\":\"Question\",\"name\":\"Kiedy warto wybra\\u0107 Mac Studio zamiast Mac mini?\",\"acceptedAnswer\":{\"@type\":\"Answer\",\"text\":\"Mac Studio ma sens przede wszystkim wtedy, gdy komputer b\\u0119dzie wykorzystywany do wymagaj\\u0105cych zada\\u0144, takich jak profesjonalny monta\\u017c wideo, rendering 3D, praca z du\\u017cymi projektami czy zaawansowane zadania AI. Je\\u015bli korzystasz z komputera g\\u0142\\u00f3wnie do codziennej pracy, mo\\u017cliwo\\u015bci Mac Studio mog\\u0105 by\\u0107 po prostu niewykorzystane.\"}},{\"@type\":\"Question\",\"name\":\"Czy warto kupi\\u0107 najnowszy model Maca?\",\"acceptedAnswer\":{\"@type\":\"Answer\",\"text\":\"Nie zawsze. Je\\u015bli obecny komputer nadal sprawnie wykonuje wszystkie potrzebne zadania, sama premiera nowej generacji nie musi uzasadnia\\u0107 wymiany. Przed zakupem warto zastanowi\\u0107 si\\u0119, czy dodatkowa wydajno\\u015b\\u0107 nowego modelu faktycznie prze\\u0142o\\u017cy si\\u0119 na szybsz\\u0105 i wygodniejsz\\u0105 prac\\u0119.\"}}]}<\/script>\n\t\t\t\t\t\t\t<\/div>\n\t\t\t\t<\/div>\n\t\t<div class=\"elementor-element elementor-element-3ced5f1 e-con-full elementor-hidden-tablet elementor-hidden-mobile e-flex e-con e-child\" data-id=\"3ced5f1\" data-element_type=\"container\" data-settings=\"{&quot;background_background&quot;:&quot;classic&quot;}\">\n\t\t<div class=\"elementor-element elementor-element-3771c2c e-con-full e-flex e-con e-child\" data-id=\"3771c2c\" data-element_type=\"container\">\n\t\t\t\t<div class=\"elementor-element elementor-element-1abce59 elementor-absolute elementor-widget elementor-widget-image\" data-id=\"1abce59\" data-element_type=\"widget\" data-settings=\"{&quot;_position&quot;:&quot;absolute&quot;}\" data-widget_type=\"image.default\">\n\t\t\t\t\t\t\t\t\t\t\t\t\t\t\t<img loading=\"lazy\" decoding=\"async\" width=\"196\" height=\"143\" src=\"https:\/\/swopify.com\/blog\/wp-content\/uploads\/2025\/07\/Vector-6.svg\" class=\"attachment-large size-large wp-image-623\" alt=\"\" \/>\t\t\t\t\t\t\t\t\t\t\t\t\t\t\t<\/div>\n\t\t\t\t<div class=\"elementor-element elementor-element-3adc862 elementor-absolute elementor-widget elementor-widget-image\" data-id=\"3adc862\" data-element_type=\"widget\" data-settings=\"{&quot;_position&quot;:&quot;absolute&quot;}\" data-widget_type=\"image.default\">\n\t\t\t\t\t\t\t\t\t\t\t\t\t\t\t<img loading=\"lazy\" decoding=\"async\" width=\"196\" height=\"143\" src=\"https:\/\/swopify.com\/blog\/wp-content\/uploads\/2025\/07\/Vector-6.svg\" class=\"attachment-large size-large wp-image-623\" alt=\"\" \/>\t\t\t\t\t\t\t\t\t\t\t\t\t\t\t<\/div>\n\t\t\t\t<div class=\"elementor-element elementor-element-7ffb0e8 elementor-absolute elementor-widget elementor-widget-image\" data-id=\"7ffb0e8\" data-element_type=\"widget\" data-settings=\"{&quot;_position&quot;:&quot;absolute&quot;}\" data-widget_type=\"image.default\">\n\t\t\t\t\t\t\t\t\t\t\t\t\t\t\t<img loading=\"lazy\" decoding=\"async\" width=\"53\" height=\"50\" src=\"https:\/\/swopify.com\/blog\/wp-content\/uploads\/2025\/07\/Vector-7.svg\" class=\"attachment-large size-large wp-image-624\" alt=\"\" \/>\t\t\t\t\t\t\t\t\t\t\t\t\t\t\t<\/div>\n\t\t\t\t<div class=\"elementor-element elementor-element-f0dc3a5 elementor-widget elementor-widget-image\" data-id=\"f0dc3a5\" data-element_type=\"widget\" data-widget_type=\"image.default\">\n\t\t\t\t\t\t\t\t\t\t\t\t\t\t\t<img loading=\"lazy\" decoding=\"async\" width=\"685\" height=\"676\" src=\"https:\/\/swopify.com\/blog\/wp-content\/uploads\/2025\/08\/bartek_zdj.jpg\" class=\"attachment-large size-large wp-image-1652\" alt=\"\" srcset=\"https:\/\/swopify.com\/blog\/wp-content\/uploads\/2025\/08\/bartek_zdj.jpg 685w, https:\/\/swopify.com\/blog\/wp-content\/uploads\/2025\/08\/bartek_zdj-300x296.jpg 300w\" sizes=\"(max-width: 685px) 100vw, 685px\" \/>\t\t\t\t\t\t\t\t\t\t\t\t\t\t\t<\/div>\n\t\t\t\t<\/div>\n\t\t<div class=\"elementor-element elementor-element-c7fa709 e-con-full e-flex e-con e-child\" data-id=\"c7fa709\" data-element_type=\"container\">\n\t\t<div class=\"elementor-element elementor-element-7fd3302 e-con-full e-flex e-con e-child\" data-id=\"7fd3302\" data-element_type=\"container\">\n\t\t\t\t<div class=\"elementor-element elementor-element-9a3f2b5 elementor-widget elementor-widget-text-editor\" data-id=\"9a3f2b5\" data-element_type=\"widget\" data-widget_type=\"text-editor.default\">\n\t\t\t\t\t\t\t\t\t<p>O AUTORZE:<\/p>\t\t\t\t\t\t\t\t<\/div>\n\t\t\t\t<div class=\"elementor-element elementor-element-e6c5546 elementor-widget elementor-widget-text-editor\" data-id=\"e6c5546\" data-element_type=\"widget\" data-widget_type=\"text-editor.default\">\n\t\t\t\t\t\t\t\t\tBartek Zebrowski\t\t\t\t\t\t\t\t<\/div>\n\t\t\t\t<div class=\"elementor-element elementor-element-d6fc869 elementor-widget elementor-widget-text-editor\" data-id=\"d6fc869\" data-element_type=\"widget\" data-widget_type=\"text-editor.default\">\n\t\t\t\t\t\t\t\t\tCEO &amp; Founder SWOPiFY\t\t\t\t\t\t\t\t<\/div>\n\t\t\t\t<div class=\"elementor-element elementor-element-0f28a07 elementor-widget elementor-widget-text-editor\" data-id=\"0f28a07\" data-element_type=\"widget\" data-widget_type=\"text-editor.default\">\n\t\t\t\t\t\t\t\t\t<p>Jestem pasjonatem odnowionej elektroniki \u2013 pokazuj\u0119, \u017ce mo\u017cna mie\u0107 \u015bwietny sprz\u0119t bez przep\u0142acania i bez dok\u0142adania kolejnych elektro\u015bmieci. Na blogu dziel\u0119 si\u0119 wiedz\u0105 i do\u015bwiadczeniem, \u017ceby inspirowa\u0107 do sprytniejszych i bardziej \u015bwiadomych wybor\u00f3w technologicznych.<\/p>\t\t\t\t\t\t\t\t<\/div>\n\t\t\t\t<\/div>\n\t\t\t\t<\/div>\n\t\t\t\t<\/div>\n\t\t<div class=\"elementor-element elementor-element-aaf9d0f e-con-full elementor-hidden-desktop e-flex e-con e-child\" data-id=\"aaf9d0f\" data-element_type=\"container\" data-settings=\"{&quot;background_background&quot;:&quot;classic&quot;}\">\n\t\t<div class=\"elementor-element elementor-element-a92490e e-con-full e-flex e-con e-child\" data-id=\"a92490e\" data-element_type=\"container\">\n\t\t\t\t<div class=\"elementor-element elementor-element-9ccff93 elementor-absolute elementor-widget elementor-widget-image\" data-id=\"9ccff93\" data-element_type=\"widget\" data-settings=\"{&quot;_position&quot;:&quot;absolute&quot;}\" data-widget_type=\"image.default\">\n\t\t\t\t\t\t\t\t\t\t\t\t\t\t\t<img loading=\"lazy\" decoding=\"async\" width=\"196\" height=\"143\" src=\"https:\/\/swopify.com\/blog\/wp-content\/uploads\/2025\/07\/Vector-6.svg\" class=\"attachment-large size-large wp-image-623\" alt=\"\" \/>\t\t\t\t\t\t\t\t\t\t\t\t\t\t\t<\/div>\n\t\t\t\t<div class=\"elementor-element elementor-element-4f6644f elementor-absolute elementor-widget elementor-widget-image\" data-id=\"4f6644f\" data-element_type=\"widget\" data-settings=\"{&quot;_position&quot;:&quot;absolute&quot;}\" data-widget_type=\"image.default\">\n\t\t\t\t\t\t\t\t\t\t\t\t\t\t\t<img loading=\"lazy\" decoding=\"async\" width=\"196\" height=\"143\" src=\"https:\/\/swopify.com\/blog\/wp-content\/uploads\/2025\/07\/Vector-6.svg\" class=\"attachment-large size-large wp-image-623\" alt=\"\" \/>\t\t\t\t\t\t\t\t\t\t\t\t\t\t\t<\/div>\n\t\t\t\t<div class=\"elementor-element elementor-element-9545908 elementor-absolute elementor-widget elementor-widget-image\" data-id=\"9545908\" data-element_type=\"widget\" data-settings=\"{&quot;_position&quot;:&quot;absolute&quot;}\" data-widget_type=\"image.default\">\n\t\t\t\t\t\t\t\t\t\t\t\t\t\t\t<img loading=\"lazy\" decoding=\"async\" width=\"53\" height=\"50\" src=\"https:\/\/swopify.com\/blog\/wp-content\/uploads\/2025\/07\/Vector-7.svg\" class=\"attachment-large size-large wp-image-624\" alt=\"\" \/>\t\t\t\t\t\t\t\t\t\t\t\t\t\t\t<\/div>\n\t\t\t\t<div class=\"elementor-element elementor-element-40a2eb3 elementor-widget elementor-widget-image\" data-id=\"40a2eb3\" data-element_type=\"widget\" data-widget_type=\"image.default\">\n\t\t\t\t\t\t\t\t\t\t\t\t\t\t\t<img decoding=\"async\" src=\"https:\/\/secure.gravatar.com\/avatar\/1bd8afa4c1d6b4939151f7e8748c2d999db5bdeacaabc395e986297505ee7b4d?s=96&#038;d=mm&#038;r=g\" title=\"\" alt=\"\" loading=\"lazy\" \/>\t\t\t\t\t\t\t\t\t\t\t\t\t\t\t<\/div>\n\t\t\t\t<\/div>\n\t\t<div class=\"elementor-element elementor-element-d8018c1 e-con-full e-flex e-con e-child\" data-id=\"d8018c1\" data-element_type=\"container\">\n\t\t<div class=\"elementor-element elementor-element-4a0487a e-con-full e-flex e-con e-child\" data-id=\"4a0487a\" data-element_type=\"container\">\n\t\t\t\t<div class=\"elementor-element elementor-element-bd13085 elementor-widget elementor-widget-text-editor\" data-id=\"bd13085\" data-element_type=\"widget\" data-widget_type=\"text-editor.default\">\n\t\t\t\t\t\t\t\t\t<p>O AUTORZE:<\/p>\t\t\t\t\t\t\t\t<\/div>\n\t\t\t\t<div class=\"elementor-element elementor-element-a8f264b elementor-widget elementor-widget-text-editor\" data-id=\"a8f264b\" data-element_type=\"widget\" data-widget_type=\"text-editor.default\">\n\t\t\t\t\t\t\t\t\tBartek Zebrowski\t\t\t\t\t\t\t\t<\/div>\n\t\t\t\t<div class=\"elementor-element elementor-element-26e3be6 elementor-widget elementor-widget-text-editor\" data-id=\"26e3be6\" data-element_type=\"widget\" data-widget_type=\"text-editor.default\">\n\t\t\t\t\t\t\t\t\tCEO &amp; Founder SWOPiFY\t\t\t\t\t\t\t\t<\/div>\n\t\t\t\t<div class=\"elementor-element elementor-element-cd82148 elementor-widget elementor-widget-text-editor\" data-id=\"cd82148\" data-element_type=\"widget\" data-widget_type=\"text-editor.default\">\n\t\t\t\t\t\t\t\t\t<p>Jestem pasjonatem odnowionej elektroniki \u2013 pokazuj\u0119, \u017ce mo\u017cna mie\u0107 \u015bwietny sprz\u0119t bez przep\u0142acania i bez dok\u0142adania kolejnych elektro\u015bmieci. Na blogu dziel\u0119 si\u0119 wiedz\u0105 i do\u015bwiadczeniem, \u017ceby inspirowa\u0107 do sprytniejszych i bardziej \u015bwiadomych wybor\u00f3w technologicznych.<\/p>\t\t\t\t\t\t\t\t<\/div>\n\t\t\t\t<\/div>\n\t\t\t\t<\/div>\n\t\t\t\t<\/div>\n\t\t\t\t<\/div>\n\t\t<div class=\"elementor-element elementor-element-50dccb7 e-con-full e-flex e-con e-child\" data-id=\"50dccb7\" data-element_type=\"container\" data-settings=\"{&quot;sticky&quot;:&quot;top&quot;,&quot;sticky_offset&quot;:150,&quot;sticky_parent&quot;:&quot;yes&quot;,&quot;sticky_on&quot;:[&quot;desktop&quot;],&quot;sticky_effects_offset&quot;:0,&quot;sticky_anchor_link_offset&quot;:0}\">\n\t\t<div class=\"elementor-element elementor-element-225abc7 e-con-full e-flex e-con e-child\" data-id=\"225abc7\" data-element_type=\"container\" data-settings=\"{&quot;background_background&quot;:&quot;classic&quot;}\">\n\t\t\t\t<div class=\"elementor-element elementor-element-fd93494 elementor-absolute elementor-widget elementor-widget-image\" data-id=\"fd93494\" data-element_type=\"widget\" data-settings=\"{&quot;_position&quot;:&quot;absolute&quot;}\" data-widget_type=\"image.default\">\n\t\t\t\t\t\t\t\t\t\t\t\t\t\t\t<img loading=\"lazy\" decoding=\"async\" width=\"257\" height=\"226\" src=\"https:\/\/swopify.com\/blog\/wp-content\/uploads\/2025\/07\/Vector-2.svg\" class=\"attachment-large size-large wp-image-586\" alt=\"\" \/>\t\t\t\t\t\t\t\t\t\t\t\t\t\t\t<\/div>\n\t\t\t\t<div class=\"elementor-element elementor-element-8b1898e elementor-absolute elementor-widget elementor-widget-image\" data-id=\"8b1898e\" data-element_type=\"widget\" data-settings=\"{&quot;_position&quot;:&quot;absolute&quot;}\" data-widget_type=\"image.default\">\n\t\t\t\t\t\t\t\t\t\t\t\t\t\t\t<img loading=\"lazy\" decoding=\"async\" width=\"258\" height=\"195\" src=\"https:\/\/swopify.com\/blog\/wp-content\/uploads\/2025\/07\/Vector-3.svg\" class=\"attachment-large size-large wp-image-587\" alt=\"\" \/>\t\t\t\t\t\t\t\t\t\t\t\t\t\t\t<\/div>\n\t\t\t\t<div class=\"elementor-element elementor-element-92ef408 custom-table-of-content elementor-widget elementor-widget-table-of-contents\" data-id=\"92ef408\" data-element_type=\"widget\" data-settings=\"{&quot;headings_by_tags&quot;:[&quot;h2&quot;],&quot;exclude_headings_by_selector&quot;:&quot;.latest-post-section&quot;,&quot;marker_view&quot;:&quot;bullets&quot;,&quot;icon&quot;:{&quot;value&quot;:&quot;&quot;,&quot;library&quot;:&quot;&quot;},&quot;no_headings_message&quot;:&quot;No headings were found on this page.&quot;,&quot;hierarchical_view&quot;:&quot;yes&quot;,&quot;min_height&quot;:{&quot;unit&quot;:&quot;px&quot;,&quot;size&quot;:&quot;&quot;,&quot;sizes&quot;:[]},&quot;min_height_tablet&quot;:{&quot;unit&quot;:&quot;px&quot;,&quot;size&quot;:&quot;&quot;,&quot;sizes&quot;:[]},&quot;min_height_mobile&quot;:{&quot;unit&quot;:&quot;px&quot;,&quot;size&quot;:&quot;&quot;,&quot;sizes&quot;:[]}}\" data-widget_type=\"table-of-contents.default\">\n\t\t\t\t\t\t\t\t\t<div class=\"elementor-toc__header\">\n\t\t\t\t\t\t<div class=\"elementor-toc__header-title\">\n\t\t\t\tSpis tre\u015bci:\t\t\t<\/div>\n\t\t\t\t\t\t\t\t<\/div>\n\t\t\t\t<div id=\"elementor-toc__92ef408\" class=\"elementor-toc__body\">\n\t\t\t<div class=\"elementor-toc__spinner-container\">\n\t\t\t\t<svg class=\"elementor-toc__spinner eicon-animation-spin e-font-icon-svg e-eicon-loading\" aria-hidden=\"true\" viewBox=\"0 0 1000 1000\" xmlns=\"http:\/\/www.w3.org\/2000\/svg\"><path d=\"M500 975V858C696 858 858 696 858 500S696 142 500 142 142 304 142 500H25C25 237 238 25 500 25S975 237 975 500 763 975 500 975Z\"><\/path><\/svg>\t\t\t<\/div>\n\t\t<\/div>\n\t\t\t\t\t\t<\/div>\n\t\t\t\t<\/div>\n\t\t\t\t<div class=\"elementor-element elementor-element-b48d790 button-with-arrow-right elementor-align-right elementor-hidden-tablet elementor-hidden-mobile elementor-widget elementor-widget-button\" data-id=\"b48d790\" data-element_type=\"widget\" data-widget_type=\"button.default\">\n\t\t\t\t\t\t\t\t\t\t<a class=\"elementor-button elementor-button-link elementor-size-sm\" href=\"#\">\n\t\t\t\t\t\t<span class=\"elementor-button-content-wrapper\">\n\t\t\t\t\t\t<span class=\"elementor-button-icon\">\n\t\t\t\t<svg xmlns=\"http:\/\/www.w3.org\/2000\/svg\" width=\"24\" height=\"24\" viewBox=\"0 0 24 24\" fill=\"none\"><mask id=\"mask0_137_1085\" style=\"mask-type:alpha\" maskUnits=\"userSpaceOnUse\" x=\"0\" y=\"0\" width=\"24\" height=\"24\"><rect width=\"24\" height=\"24\" fill=\"#D9D9D9\"><\/rect><\/mask><g mask=\"url(#mask0_137_1085)\"><path d=\"M5.4 20L4 18.6L15.6 7H9V5H19V15H17V8.4L5.4 20Z\" fill=\"white\"><\/path><\/g><\/svg>\t\t\t<\/span>\n\t\t\t\t\t\t\t\t\t<span class=\"elementor-button-text\">Powr\u00f3t do sklepu<\/span>\n\t\t\t\t\t<\/span>\n\t\t\t\t\t<\/a>\n\t\t\t\t\t\t\t\t<\/div>\n\t\t\t\t<\/div>\n\t\t\t\t\t<\/div>\n\t\t\t\t<\/div>\n\t\t<div class=\"elementor-element elementor-element-b1e8d29 e-flex e-con-boxed e-con e-parent\" data-id=\"b1e8d29\" data-element_type=\"container\" data-settings=\"{&quot;background_background&quot;:&quot;classic&quot;}\">\n\t\t\t\t\t<div class=\"e-con-inner\">\n\t\t<div class=\"elementor-element elementor-element-cf40465 e-con-full elementor-hidden-desktop e-flex e-con e-child\" data-id=\"cf40465\" data-element_type=\"container\">\n\t\t<div class=\"elementor-element elementor-element-ea337e9 e-con-full e-flex e-con e-child\" data-id=\"ea337e9\" data-element_type=\"container\" data-settings=\"{&quot;background_background&quot;:&quot;classic&quot;,&quot;sticky&quot;:&quot;bottom&quot;,&quot;sticky_on&quot;:[&quot;tablet&quot;,&quot;mobile&quot;],&quot;sticky_offset_tablet&quot;:10,&quot;animation_tablet&quot;:&quot;none&quot;,&quot;sticky_offset&quot;:0,&quot;sticky_effects_offset&quot;:0,&quot;sticky_anchor_link_offset&quot;:0}\">\n\t\t\t\t<div class=\"elementor-element elementor-element-23c35b8 button-with-arrow-left elementor-align-right elementor-mobile-align-justify elementor-widget-mobile__width-auto elementor-widget elementor-widget-button\" data-id=\"23c35b8\" data-element_type=\"widget\" data-widget_type=\"button.default\">\n\t\t\t\t\t\t\t\t\t\t<a class=\"elementor-button elementor-button-link elementor-size-sm\" href=\"#spis-tresci\">\n\t\t\t\t\t\t<span class=\"elementor-button-content-wrapper\">\n\t\t\t\t\t\t<span class=\"elementor-button-icon\">\n\t\t\t\t<svg xmlns=\"http:\/\/www.w3.org\/2000\/svg\" width=\"24\" height=\"24\" viewBox=\"0 0 24 24\" fill=\"none\"><rect width=\"24\" height=\"24\" rx=\"12\" fill=\"#9A23FB\"><\/rect><path d=\"M7 15H17\" stroke=\"white\" stroke-width=\"2\" stroke-linecap=\"round\"><\/path><path d=\"M7 12H17\" stroke=\"white\" stroke-width=\"2\" stroke-linecap=\"round\"><\/path><path d=\"M7 9H17\" stroke=\"white\" stroke-width=\"2\" stroke-linecap=\"round\"><\/path><\/svg>\t\t\t<\/span>\n\t\t\t\t\t\t\t\t\t<span class=\"elementor-button-text\">Spis tre\u015bci<\/span>\n\t\t\t\t\t<\/span>\n\t\t\t\t\t<\/a>\n\t\t\t\t\t\t\t\t<\/div>\n\t\t\t\t<div class=\"elementor-element elementor-element-99dfb18 button-with-arrow-right elementor-align-right elementor-widget-mobile__width-auto elementor-widget elementor-widget-button\" data-id=\"99dfb18\" data-element_type=\"widget\" data-widget_type=\"button.default\">\n\t\t\t\t\t\t\t\t\t\t<a class=\"elementor-button elementor-button-link elementor-size-sm\" href=\"#\">\n\t\t\t\t\t\t<span class=\"elementor-button-content-wrapper\">\n\t\t\t\t\t\t<span class=\"elementor-button-icon\">\n\t\t\t\t<svg xmlns=\"http:\/\/www.w3.org\/2000\/svg\" width=\"24\" height=\"24\" viewBox=\"0 0 24 24\" fill=\"none\"><mask id=\"mask0_137_1085\" style=\"mask-type:alpha\" maskUnits=\"userSpaceOnUse\" x=\"0\" y=\"0\" width=\"24\" height=\"24\"><rect width=\"24\" height=\"24\" fill=\"#D9D9D9\"><\/rect><\/mask><g mask=\"url(#mask0_137_1085)\"><path d=\"M5.4 20L4 18.6L15.6 7H9V5H19V15H17V8.4L5.4 20Z\" fill=\"white\"><\/path><\/g><\/svg>\t\t\t<\/span>\n\t\t\t\t\t\t\t\t\t<span class=\"elementor-button-text\">Powr\u00f3t do sklepu<\/span>\n\t\t\t\t\t<\/span>\n\t\t\t\t\t<\/a>\n\t\t\t\t\t\t\t\t<\/div>\n\t\t\t\t<\/div>\n\t\t\t\t<\/div>\n\t\t\t\t\t<\/div>\n\t\t\t\t<\/div>\n\t\t\t\t<\/div>\n\t\t","protected":false},"excerpt":{"rendered":"<p>Rozwiewamy Twoje w\u0105tpliwo\u015bci!<\/p>\n","protected":false},"author":3,"featured_media":8072,"comment_status":"closed","ping_status":"open","sticky":false,"template":"elementor_header_footer","format":"standard","meta":{"_acf_changed":false,"footnotes":""},"categories":[12],"tags":[],"class_list":["post-8067","post","type-post","status-publish","format-standard","has-post-thumbnail","hentry","category-porady-zakupowe"],"acf":[],"yoast_head":"<!-- This site is optimized with the Yoast SEO plugin v26.2 - https:\/\/yoast.com\/wordpress\/plugins\/seo\/ -->\n<title>Nowe Mac Mini i Mac Studio - czy warto kupi\u0107 najnowszy sprz\u0119t od Apple? | SWOPiFY<\/title>\n<meta name=\"description\" content=\"Sprawd\u017a, czy warto kupi\u0107 nowe Mac mini i Mac Studio. Por\u00f3wnujemy mo\u017cliwo\u015bci najnowszych komputer\u00f3w Apple i podpowiadamy, kt\u00f3ry model wybra\u0107.\" \/>\n<meta name=\"robots\" content=\"index, follow, max-snippet:-1, max-image-preview:large, max-video-preview:-1\" \/>\n<link rel=\"canonical\" href=\"https:\/\/swopify.com\/blog\/nowe-mac-mini-i-mac-studio-czy-warto-inwestowac-w-najnowszy-sprzet-od-apple\/\" \/>\n<meta property=\"og:locale\" content=\"pl_PL\" \/>\n<meta property=\"og:type\" content=\"article\" \/>\n<meta property=\"og:title\" content=\"Nowe Mac Mini i Mac Studio - czy warto kupi\u0107 najnowszy sprz\u0119t od Apple? | SWOPiFY\" \/>\n<meta property=\"og:description\" content=\"Sprawd\u017a, czy warto kupi\u0107 nowe Mac mini i Mac Studio. Por\u00f3wnujemy mo\u017cliwo\u015bci najnowszych komputer\u00f3w Apple i podpowiadamy, kt\u00f3ry model wybra\u0107.\" \/>\n<meta property=\"og:url\" content=\"https:\/\/swopify.com\/blog\/nowe-mac-mini-i-mac-studio-czy-warto-inwestowac-w-najnowszy-sprzet-od-apple\/\" \/>\n<meta property=\"og:site_name\" content=\"SWOPiFY\" \/>\n<meta property=\"article:publisher\" content=\"https:\/\/www.facebook.com\/swopify.polska\/\" \/>\n<meta property=\"article:published_time\" content=\"2026-09-02T18:13:38+00:00\" \/>\n<meta property=\"og:image\" content=\"https:\/\/swopify.com\/blog\/wp-content\/uploads\/2026\/09\/nowy-mac-mini-i-mac-studio.jpg\" \/>\n\t<meta property=\"og:image:width\" content=\"720\" \/>\n\t<meta property=\"og:image:height\" content=\"526\" \/>\n\t<meta property=\"og:image:type\" content=\"image\/jpeg\" \/>\n<meta name=\"author\" content=\"Bartek Zebrowski\" \/>\n<meta name=\"twitter:card\" content=\"summary_large_image\" \/>\n<meta name=\"twitter:label1\" content=\"Napisane przez\" \/>\n\t<meta name=\"twitter:data1\" content=\"Bartek Zebrowski\" \/>\n\t<meta name=\"twitter:label2\" content=\"Szacowany czas czytania\" \/>\n\t<meta name=\"twitter:data2\" content=\"16 minut\" \/>\n<script type=\"application\/ld+json\" class=\"yoast-schema-graph\">{\"@context\":\"https:\/\/schema.org\",\"@graph\":[{\"@type\":\"Article\",\"@id\":\"https:\/\/swopify.com\/blog\/nowe-mac-mini-i-mac-studio-czy-warto-inwestowac-w-najnowszy-sprzet-od-apple\/#article\",\"isPartOf\":{\"@id\":\"https:\/\/swopify.com\/blog\/nowe-mac-mini-i-mac-studio-czy-warto-inwestowac-w-najnowszy-sprzet-od-apple\/\"},\"author\":{\"name\":\"Bartek Zebrowski\",\"@id\":\"https:\/\/swopify.com\/blog\/#\/schema\/person\/33a2572ff16452bda32b9d8ef4080d16\"},\"headline\":\"Nowe Mac Mini i Mac Studio &#8211; czy warto inwestowa\u0107 w najnowszy sprz\u0119t od Apple\",\"datePublished\":\"2026-09-02T18:13:38+00:00\",\"mainEntityOfPage\":{\"@id\":\"https:\/\/swopify.com\/blog\/nowe-mac-mini-i-mac-studio-czy-warto-inwestowac-w-najnowszy-sprzet-od-apple\/\"},\"wordCount\":2185,\"publisher\":{\"@id\":\"https:\/\/swopify.com\/blog\/#organization\"},\"image\":{\"@id\":\"https:\/\/swopify.com\/blog\/nowe-mac-mini-i-mac-studio-czy-warto-inwestowac-w-najnowszy-sprzet-od-apple\/#primaryimage\"},\"thumbnailUrl\":\"https:\/\/swopify.com\/blog\/wp-content\/uploads\/2026\/09\/nowy-mac-mini-i-mac-studio.jpg\",\"articleSection\":[\"Porady zakupowe\"],\"inLanguage\":\"pl-PL\"},{\"@type\":\"WebPage\",\"@id\":\"https:\/\/swopify.com\/blog\/nowe-mac-mini-i-mac-studio-czy-warto-inwestowac-w-najnowszy-sprzet-od-apple\/\",\"url\":\"https:\/\/swopify.com\/blog\/nowe-mac-mini-i-mac-studio-czy-warto-inwestowac-w-najnowszy-sprzet-od-apple\/\",\"name\":\"Nowe Mac Mini i Mac Studio - czy warto kupi\u0107 najnowszy sprz\u0119t od Apple? | SWOPiFY\",\"isPartOf\":{\"@id\":\"https:\/\/swopify.com\/blog\/#website\"},\"primaryImageOfPage\":{\"@id\":\"https:\/\/swopify.com\/blog\/nowe-mac-mini-i-mac-studio-czy-warto-inwestowac-w-najnowszy-sprzet-od-apple\/#primaryimage\"},\"image\":{\"@id\":\"https:\/\/swopify.com\/blog\/nowe-mac-mini-i-mac-studio-czy-warto-inwestowac-w-najnowszy-sprzet-od-apple\/#primaryimage\"},\"thumbnailUrl\":\"https:\/\/swopify.com\/blog\/wp-content\/uploads\/2026\/09\/nowy-mac-mini-i-mac-studio.jpg\",\"datePublished\":\"2026-09-02T18:13:38+00:00\",\"description\":\"Sprawd\u017a, czy warto kupi\u0107 nowe Mac mini i Mac Studio. Por\u00f3wnujemy mo\u017cliwo\u015bci najnowszych komputer\u00f3w Apple i podpowiadamy, kt\u00f3ry model wybra\u0107.\",\"breadcrumb\":{\"@id\":\"https:\/\/swopify.com\/blog\/nowe-mac-mini-i-mac-studio-czy-warto-inwestowac-w-najnowszy-sprzet-od-apple\/#breadcrumb\"},\"inLanguage\":\"pl-PL\",\"potentialAction\":[{\"@type\":\"ReadAction\",\"target\":[\"https:\/\/swopify.com\/blog\/nowe-mac-mini-i-mac-studio-czy-warto-inwestowac-w-najnowszy-sprzet-od-apple\/\"]}]},{\"@type\":\"ImageObject\",\"inLanguage\":\"pl-PL\",\"@id\":\"https:\/\/swopify.com\/blog\/nowe-mac-mini-i-mac-studio-czy-warto-inwestowac-w-najnowszy-sprzet-od-apple\/#primaryimage\",\"url\":\"https:\/\/swopify.com\/blog\/wp-content\/uploads\/2026\/09\/nowy-mac-mini-i-mac-studio.jpg\",\"contentUrl\":\"https:\/\/swopify.com\/blog\/wp-content\/uploads\/2026\/09\/nowy-mac-mini-i-mac-studio.jpg\",\"width\":720,\"height\":526,\"caption\":\"nowy mac mini i mac studio\"},{\"@type\":\"BreadcrumbList\",\"@id\":\"https:\/\/swopify.com\/blog\/nowe-mac-mini-i-mac-studio-czy-warto-inwestowac-w-najnowszy-sprzet-od-apple\/#breadcrumb\",\"itemListElement\":[{\"@type\":\"ListItem\",\"position\":1,\"name\":\"Strona g\u0142\u00f3wna\",\"item\":\"https:\/\/swopify.com\/blog\/\"},{\"@type\":\"ListItem\",\"position\":2,\"name\":\"Nowe Mac Mini i Mac Studio &#8211; czy warto inwestowa\u0107 w najnowszy sprz\u0119t od Apple\"}]},{\"@type\":\"WebSite\",\"@id\":\"https:\/\/swopify.com\/blog\/#website\",\"url\":\"https:\/\/swopify.com\/blog\/\",\"name\":\"SWOPiFY\",\"description\":\"Blog o elektronice refurbished\",\"publisher\":{\"@id\":\"https:\/\/swopify.com\/blog\/#organization\"},\"potentialAction\":[{\"@type\":\"SearchAction\",\"target\":{\"@type\":\"EntryPoint\",\"urlTemplate\":\"https:\/\/swopify.com\/blog\/?s={search_term_string}\"},\"query-input\":{\"@type\":\"PropertyValueSpecification\",\"valueRequired\":true,\"valueName\":\"search_term_string\"}}],\"inLanguage\":\"pl-PL\"},{\"@type\":\"Organization\",\"@id\":\"https:\/\/swopify.com\/blog\/#organization\",\"name\":\"SWOPiFY\",\"url\":\"https:\/\/swopify.com\/blog\/\",\"logo\":{\"@type\":\"ImageObject\",\"inLanguage\":\"pl-PL\",\"@id\":\"https:\/\/swopify.com\/blog\/#\/schema\/logo\/image\/\",\"url\":\"https:\/\/swopify.com\/blog\/wp-content\/uploads\/2025\/10\/swopify-blog-logo.png\",\"contentUrl\":\"https:\/\/swopify.com\/blog\/wp-content\/uploads\/2025\/10\/swopify-blog-logo.png\",\"width\":219,\"height\":33,\"caption\":\"SWOPiFY\"},\"image\":{\"@id\":\"https:\/\/swopify.com\/blog\/#\/schema\/logo\/image\/\"},\"sameAs\":[\"https:\/\/www.facebook.com\/swopify.polska\/\",\"https:\/\/www.instagram.com\/swopify_pl\"]},{\"@type\":\"Person\",\"@id\":\"https:\/\/swopify.com\/blog\/#\/schema\/person\/33a2572ff16452bda32b9d8ef4080d16\",\"name\":\"Bartek Zebrowski\",\"image\":{\"@type\":\"ImageObject\",\"inLanguage\":\"pl-PL\",\"@id\":\"https:\/\/swopify.com\/blog\/#\/schema\/person\/image\/\",\"url\":\"https:\/\/secure.gravatar.com\/avatar\/1bd8afa4c1d6b4939151f7e8748c2d999db5bdeacaabc395e986297505ee7b4d?s=96&d=mm&r=g\",\"contentUrl\":\"https:\/\/secure.gravatar.com\/avatar\/1bd8afa4c1d6b4939151f7e8748c2d999db5bdeacaabc395e986297505ee7b4d?s=96&d=mm&r=g\",\"caption\":\"Bartek Zebrowski\"},\"description\":\"Jestem pasjonatem odnowionej elektroniki \u2013 pokazuj\u0119, \u017ce mo\u017cna mie\u0107 \u015bwietny sprz\u0119t bez przep\u0142acania i bez dok\u0142adania kolejnych elektro\u015bmieci. Na blogu dziel\u0119 si\u0119 wiedz\u0105 i do\u015bwiadczeniem, \u017ceby inspirowa\u0107 do sprytniejszych i bardziej \u015bwiadomych wybor\u00f3w technologicznych.\"}]}<\/script>\n<!-- \/ Yoast SEO plugin. -->","yoast_head_json":{"title":"Nowe Mac Mini i Mac Studio - czy warto kupi\u0107 najnowszy sprz\u0119t od Apple? | SWOPiFY","description":"Sprawd\u017a, czy warto kupi\u0107 nowe Mac mini i Mac Studio. Por\u00f3wnujemy mo\u017cliwo\u015bci najnowszych komputer\u00f3w Apple i podpowiadamy, kt\u00f3ry model wybra\u0107.","robots":{"index":"index","follow":"follow","max-snippet":"max-snippet:-1","max-image-preview":"max-image-preview:large","max-video-preview":"max-video-preview:-1"},"canonical":"https:\/\/swopify.com\/blog\/nowe-mac-mini-i-mac-studio-czy-warto-inwestowac-w-najnowszy-sprzet-od-apple\/","og_locale":"pl_PL","og_type":"article","og_title":"Nowe Mac Mini i Mac Studio - czy warto kupi\u0107 najnowszy sprz\u0119t od Apple? | SWOPiFY","og_description":"Sprawd\u017a, czy warto kupi\u0107 nowe Mac mini i Mac Studio. Por\u00f3wnujemy mo\u017cliwo\u015bci najnowszych komputer\u00f3w Apple i podpowiadamy, kt\u00f3ry model wybra\u0107.","og_url":"https:\/\/swopify.com\/blog\/nowe-mac-mini-i-mac-studio-czy-warto-inwestowac-w-najnowszy-sprzet-od-apple\/","og_site_name":"SWOPiFY","article_publisher":"https:\/\/www.facebook.com\/swopify.polska\/","article_published_time":"2026-09-02T18:13:38+00:00","og_image":[{"width":720,"height":526,"url":"https:\/\/swopify.com\/blog\/wp-content\/uploads\/2026\/09\/nowy-mac-mini-i-mac-studio.jpg","type":"image\/jpeg"}],"author":"Bartek Zebrowski","twitter_card":"summary_large_image","twitter_misc":{"Napisane przez":"Bartek Zebrowski","Szacowany czas czytania":"16 minut"},"schema":{"@context":"https:\/\/schema.org","@graph":[{"@type":"Article","@id":"https:\/\/swopify.com\/blog\/nowe-mac-mini-i-mac-studio-czy-warto-inwestowac-w-najnowszy-sprzet-od-apple\/#article","isPartOf":{"@id":"https:\/\/swopify.com\/blog\/nowe-mac-mini-i-mac-studio-czy-warto-inwestowac-w-najnowszy-sprzet-od-apple\/"},"author":{"name":"Bartek Zebrowski","@id":"https:\/\/swopify.com\/blog\/#\/schema\/person\/33a2572ff16452bda32b9d8ef4080d16"},"headline":"Nowe Mac Mini i Mac Studio &#8211; czy warto inwestowa\u0107 w najnowszy sprz\u0119t od Apple","datePublished":"2026-09-02T18:13:38+00:00","mainEntityOfPage":{"@id":"https:\/\/swopify.com\/blog\/nowe-mac-mini-i-mac-studio-czy-warto-inwestowac-w-najnowszy-sprzet-od-apple\/"},"wordCount":2185,"publisher":{"@id":"https:\/\/swopify.com\/blog\/#organization"},"image":{"@id":"https:\/\/swopify.com\/blog\/nowe-mac-mini-i-mac-studio-czy-warto-inwestowac-w-najnowszy-sprzet-od-apple\/#primaryimage"},"thumbnailUrl":"https:\/\/swopify.com\/blog\/wp-content\/uploads\/2026\/09\/nowy-mac-mini-i-mac-studio.jpg","articleSection":["Porady zakupowe"],"inLanguage":"pl-PL"},{"@type":"WebPage","@id":"https:\/\/swopify.com\/blog\/nowe-mac-mini-i-mac-studio-czy-warto-inwestowac-w-najnowszy-sprzet-od-apple\/","url":"https:\/\/swopify.com\/blog\/nowe-mac-mini-i-mac-studio-czy-warto-inwestowac-w-najnowszy-sprzet-od-apple\/","name":"Nowe Mac Mini i Mac Studio - czy warto kupi\u0107 najnowszy sprz\u0119t od Apple? | SWOPiFY","isPartOf":{"@id":"https:\/\/swopify.com\/blog\/#website"},"primaryImageOfPage":{"@id":"https:\/\/swopify.com\/blog\/nowe-mac-mini-i-mac-studio-czy-warto-inwestowac-w-najnowszy-sprzet-od-apple\/#primaryimage"},"image":{"@id":"https:\/\/swopify.com\/blog\/nowe-mac-mini-i-mac-studio-czy-warto-inwestowac-w-najnowszy-sprzet-od-apple\/#primaryimage"},"thumbnailUrl":"https:\/\/swopify.com\/blog\/wp-content\/uploads\/2026\/09\/nowy-mac-mini-i-mac-studio.jpg","datePublished":"2026-09-02T18:13:38+00:00","description":"Sprawd\u017a, czy warto kupi\u0107 nowe Mac mini i Mac Studio. Por\u00f3wnujemy mo\u017cliwo\u015bci najnowszych komputer\u00f3w Apple i podpowiadamy, kt\u00f3ry model wybra\u0107.","breadcrumb":{"@id":"https:\/\/swopify.com\/blog\/nowe-mac-mini-i-mac-studio-czy-warto-inwestowac-w-najnowszy-sprzet-od-apple\/#breadcrumb"},"inLanguage":"pl-PL","potentialAction":[{"@type":"ReadAction","target":["https:\/\/swopify.com\/blog\/nowe-mac-mini-i-mac-studio-czy-warto-inwestowac-w-najnowszy-sprzet-od-apple\/"]}]},{"@type":"ImageObject","inLanguage":"pl-PL","@id":"https:\/\/swopify.com\/blog\/nowe-mac-mini-i-mac-studio-czy-warto-inwestowac-w-najnowszy-sprzet-od-apple\/#primaryimage","url":"https:\/\/swopify.com\/blog\/wp-content\/uploads\/2026\/09\/nowy-mac-mini-i-mac-studio.jpg","contentUrl":"https:\/\/swopify.com\/blog\/wp-content\/uploads\/2026\/09\/nowy-mac-mini-i-mac-studio.jpg","width":720,"height":526,"caption":"nowy mac mini i mac studio"},{"@type":"BreadcrumbList","@id":"https:\/\/swopify.com\/blog\/nowe-mac-mini-i-mac-studio-czy-warto-inwestowac-w-najnowszy-sprzet-od-apple\/#breadcrumb","itemListElement":[{"@type":"ListItem","position":1,"name":"Strona g\u0142\u00f3wna","item":"https:\/\/swopify.com\/blog\/"},{"@type":"ListItem","position":2,"name":"Nowe Mac Mini i Mac Studio &#8211; czy warto inwestowa\u0107 w najnowszy sprz\u0119t od Apple"}]},{"@type":"WebSite","@id":"https:\/\/swopify.com\/blog\/#website","url":"https:\/\/swopify.com\/blog\/","name":"SWOPiFY","description":"Blog o elektronice refurbished","publisher":{"@id":"https:\/\/swopify.com\/blog\/#organization"},"potentialAction":[{"@type":"SearchAction","target":{"@type":"EntryPoint","urlTemplate":"https:\/\/swopify.com\/blog\/?s={search_term_string}"},"query-input":{"@type":"PropertyValueSpecification","valueRequired":true,"valueName":"search_term_string"}}],"inLanguage":"pl-PL"},{"@type":"Organization","@id":"https:\/\/swopify.com\/blog\/#organization","name":"SWOPiFY","url":"https:\/\/swopify.com\/blog\/","logo":{"@type":"ImageObject","inLanguage":"pl-PL","@id":"https:\/\/swopify.com\/blog\/#\/schema\/logo\/image\/","url":"https:\/\/swopify.com\/blog\/wp-content\/uploads\/2025\/10\/swopify-blog-logo.png","contentUrl":"https:\/\/swopify.com\/blog\/wp-content\/uploads\/2025\/10\/swopify-blog-logo.png","width":219,"height":33,"caption":"SWOPiFY"},"image":{"@id":"https:\/\/swopify.com\/blog\/#\/schema\/logo\/image\/"},"sameAs":["https:\/\/www.facebook.com\/swopify.polska\/","https:\/\/www.instagram.com\/swopify_pl"]},{"@type":"Person","@id":"https:\/\/swopify.com\/blog\/#\/schema\/person\/33a2572ff16452bda32b9d8ef4080d16","name":"Bartek Zebrowski","image":{"@type":"ImageObject","inLanguage":"pl-PL","@id":"https:\/\/swopify.com\/blog\/#\/schema\/person\/image\/","url":"https:\/\/secure.gravatar.com\/avatar\/1bd8afa4c1d6b4939151f7e8748c2d999db5bdeacaabc395e986297505ee7b4d?s=96&d=mm&r=g","contentUrl":"https:\/\/secure.gravatar.com\/avatar\/1bd8afa4c1d6b4939151f7e8748c2d999db5bdeacaabc395e986297505ee7b4d?s=96&d=mm&r=g","caption":"Bartek Zebrowski"},"description":"Jestem pasjonatem odnowionej elektroniki \u2013 pokazuj\u0119, \u017ce mo\u017cna mie\u0107 \u015bwietny sprz\u0119t bez przep\u0142acania i bez dok\u0142adania kolejnych elektro\u015bmieci. Na blogu dziel\u0119 si\u0119 wiedz\u0105 i do\u015bwiadczeniem, \u017ceby inspirowa\u0107 do sprytniejszych i bardziej \u015bwiadomych wybor\u00f3w technologicznych."}]}},"_links":{"self":[{"href":"https:\/\/swopify.com\/blog\/wp-json\/wp\/v2\/posts\/8067","targetHints":{"allow":["GET"]}}],"collection":[{"href":"https:\/\/swopify.com\/blog\/wp-json\/wp\/v2\/posts"}],"about":[{"href":"https:\/\/swopify.com\/blog\/wp-json\/wp\/v2\/types\/post"}],"author":[{"embeddable":true,"href":"https:\/\/swopify.com\/blog\/wp-json\/wp\/v2\/users\/3"}],"replies":[{"embeddable":true,"href":"https:\/\/swopify.com\/blog\/wp-json\/wp\/v2\/comments?post=8067"}],"version-history":[{"count":5,"href":"https:\/\/swopify.com\/blog\/wp-json\/wp\/v2\/posts\/8067\/revisions"}],"predecessor-version":[{"id":8074,"href":"https:\/\/swopify.com\/blog\/wp-json\/wp\/v2\/posts\/8067\/revisions\/8074"}],"wp:featuredmedia":[{"embeddable":true,"href":"https:\/\/swopify.com\/blog\/wp-json\/wp\/v2\/media\/8072"}],"wp:attachment":[{"href":"https:\/\/swopify.com\/blog\/wp-json\/wp\/v2\/media?parent=8067"}],"wp:term":[{"taxonomy":"category","embeddable":true,"href":"https:\/\/swopify.com\/blog\/wp-json\/wp\/v2\/categories?post=8067"},{"taxonomy":"post_tag","embeddable":true,"href":"https:\/\/swopify.com\/blog\/wp-json\/wp\/v2\/tags?post=8067"}],"curies":[{"name":"wp","href":"https:\/\/api.w.org\/{rel}","templated":true}]}}